{"id":958,"date":"2018-11-13T14:08:52","date_gmt":"2018-11-13T13:08:52","guid":{"rendered":"https:\/\/www.medinamediaevents.com\/?p=958"},"modified":"2018-12-28T14:13:33","modified_gmt":"2018-12-28T13:13:33","slug":"cellnex-presenta-las-primeras-soluciones-de-conectividad-multioperador-preparadas-para-el-5g","status":"publish","type":"post","link":"https:\/\/www.medinamediaevents.com\/es\/cellnex-presenta-las-primeras-soluciones-de-conectividad-multioperador-preparadas-para-el-5g\/","title":{"rendered":"CELLNEX PRESENTA LAS PRIMERAS SOLUCIONES DE CONECTIVIDAD MULTIOPERADOR PREPARADAS PARA EL 5G"},"content":{"rendered":"<ul>\n<li>\n<h2>Est\u00e1 presente en 5G FORUM, primer punto de encuentro dinamizador de tecnolog\u00eda y servicios sobre la quinta generaci\u00f3n de telefon\u00eda m\u00f3vil<\/h2>\n<\/li>\n<li>\n<h2>Cellnex es referente en diversos proyectos europeos para el desarrollo de la tecnolog\u00eda 5G<\/h2>\n<\/li>\n<li>\n<h2>El 5G es\u00a0 clave para el desarrollo del Internet de las Cosas (IoT), el veh\u00edculo aut\u00f3nomo, la industria 4.0, e-health y las\u00a0<em>smart cities<\/em><\/h2>\n<\/li>\n<\/ul>\n<p><strong>Cellnex participa los pr\u00f3ximos d\u00edas 25 y 26 de abril en el 5G FORUM<\/strong>, el primer encuentro multidisciplinar en torno a la tecnolog\u00eda 5G que se celebra en Espa\u00f1a. Durante dos jornadas completas que tendr\u00e1n lugar en el\u00a0<strong><em>Polo de Contenidos Digitales<\/em>\u00a0de M\u00e1laga<\/strong>, el evento pondr\u00e1 \u00e9nfasis en las diferentes aplicaciones del 5G y mostrar\u00e1 una visi\u00f3n panor\u00e1mica de los avances de esta tecnolog\u00eda.<\/p>\n<p>Las compa\u00f1\u00edas l\u00edderes en su desarrollo e implantaci\u00f3n podr\u00e1n intercambiar conocimientos en este \u00e1mbito, compartir experiencias y presentar, tambi\u00e9n con demostraciones en tiempo real, sus \u00faltimos avances.<\/p>\n<p><strong>\u00d3scar Pallarols<\/strong>,\u00a0<strong>Director Comercial Global de Cellnex Telecom<\/strong>, participar\u00e1 en una sesi\u00f3n que ofrecer\u00e1 la visi\u00f3n de un operador neutro de infraestructuras de telecomunicaciones en el desarrollo de redes 5G multioperador.<\/p>\n<p><img loading=\"lazy\" decoding=\"async\" class=\"aligncenter wp-image-961 size-large\" src=\"https:\/\/www.medinamediaevents.com\/web\/wp-content\/uploads\/2018\/12\/MONTAJE-OSCAR-PALLAROLS-1-1024x512.jpg\" alt=\"\" width=\"1024\" height=\"512\" srcset=\"https:\/\/www.medinamediaevents.com\/web\/wp-content\/uploads\/2018\/12\/MONTAJE-OSCAR-PALLAROLS-1-1024x512.jpg 1024w, https:\/\/www.medinamediaevents.com\/web\/wp-content\/uploads\/2018\/12\/MONTAJE-OSCAR-PALLAROLS-1-300x150.jpg 300w, https:\/\/www.medinamediaevents.com\/web\/wp-content\/uploads\/2018\/12\/MONTAJE-OSCAR-PALLAROLS-1-768x384.jpg 768w, https:\/\/www.medinamediaevents.com\/web\/wp-content\/uploads\/2018\/12\/MONTAJE-OSCAR-PALLAROLS-1.jpg 1187w\" sizes=\"auto, (max-width: 1024px) 100vw, 1024px\" \/><\/p>\n<p>El ecosistema de comunicaciones m\u00f3viles actual vivir\u00e1 una\u00a0<strong>revoluci\u00f3n sin precedentes con la llegada del 5G<\/strong>, proporcionando una conectividad de mejor calidad, m\u00e1s r\u00e1pida y capaz de gestionar vol\u00famenes de datos nunca antes vistos. Para ello ser\u00e1 necesaria una mayor densificaci\u00f3n de las redes, una mayor capilaridad de \u00e9stas y una latencia m\u00ednima. El actual nivel consumo por usuario quedar\u00e1 multiplicado por entre 4 y 5 veces en 2020, siendo el contenido multimedia el principal motor de este aumento de tr\u00e1fico.<\/p>\n<p><strong>Cellnex Telecom<\/strong>, el\u00a0<strong>principal operador europeo de infraestructuras de telecomunicaciones inal\u00e1mbricas<\/strong>, lidera el despliegue de las redes preparadas para 5G gracias a su amplia presencia en Europa, con m\u00e1s de 27.000 emplazamientos \u2013incluidos\u00a0<em>small cells<\/em>\u00a0y Sistemas Distribuidos de Antena (DAS)\u2013 en seis pa\u00edses europeos: Espa\u00f1a, Italia, Holanda, Francia, Reino Unido y Suiza.<\/p>\n<p>La compa\u00f1\u00eda ofrece<strong>\u00a0soluciones multioperador de conectividad m\u00f3vil para responder a la actual demanda de cobertura en espacios con gran concentraci\u00f3n de usuarios<\/strong>, como estadios de f\u00fatbol, centros comerciales o centros urbanos, entre otros. Entre los ejemplos de este tipo de espacios,<strong>\u00a0Cellnex\u00a0<\/strong>ha equipado por ejemplo el Estadio Wanda Metropolitano en Madrid y los estadios de f\u00fatbol de San Siro de Mil\u00e1n y la Juventus de Tur\u00edn, los metros de Mil\u00e1n, G\u00e9nova y Brescia, el aeropuerto de Mil\u00e1n-Malpensa, los t\u00faneles de alta velocidad y\u00a0 el centro hist\u00f3rico de Mil\u00e1n.<\/p>\n<p><img loading=\"lazy\" decoding=\"async\" class=\"aligncenter wp-image-963 size-full\" src=\"https:\/\/www.medinamediaevents.com\/web\/wp-content\/uploads\/2018\/12\/WANDA-METROPLITANO_WP.jpg\" alt=\"\" width=\"700\" height=\"356\" srcset=\"https:\/\/www.medinamediaevents.com\/web\/wp-content\/uploads\/2018\/12\/WANDA-METROPLITANO_WP.jpg 700w, https:\/\/www.medinamediaevents.com\/web\/wp-content\/uploads\/2018\/12\/WANDA-METROPLITANO_WP-300x153.jpg 300w\" sizes=\"auto, (max-width: 700px) 100vw, 700px\" \/><\/p>\n<p>Los DAS y las<em>\u00a0small cells\u00a0<\/em>permiten ya una conectividad de banda ancha m\u00f3vil de calidad y ofrecen respuesta en entornos donde hasta ahora se produc\u00eda saturaci\u00f3n en el servicio debido a la elevada demanda.<\/p>\n<p>Las redes desplegadas por\u00a0<strong>Cellnex Telecom<\/strong>\u00a0garantizan que todos los operadores m\u00f3viles puedan ofrecer sus servicios de conectividad en banda ancha en \u00f3ptimas condiciones de cobertura y son clave para el desarrollo del\u00a0<strong>Internet de las Cosas<\/strong>\u00a0(IoT, por sus siglas en ingl\u00e9s), el\u00a0<strong>veh\u00edculo aut\u00f3nomo<\/strong>, aplicaciones en el\u00a0<strong>sector salud<\/strong>, la\u00a0<strong>industria 4.0<\/strong>\u00a0y las\u00a0<strong><em>smart cities<\/em><\/strong>. Adem\u00e1s,\u00a0 es escalable y, por ello, est\u00e1 preparada para responder a una demanda mayor de tr\u00e1fico de datos en el futuro.<\/p>\n<p><img loading=\"lazy\" decoding=\"async\" class=\"aligncenter wp-image-965 size-full\" src=\"https:\/\/www.medinamediaevents.com\/web\/wp-content\/uploads\/2018\/12\/CELLNEX-EN-EUROPA.jpg\" alt=\"\" width=\"640\" height=\"402\" srcset=\"https:\/\/www.medinamediaevents.com\/web\/wp-content\/uploads\/2018\/12\/CELLNEX-EN-EUROPA.jpg 640w, https:\/\/www.medinamediaevents.com\/web\/wp-content\/uploads\/2018\/12\/CELLNEX-EN-EUROPA-300x188.jpg 300w\" sizes=\"auto, (max-width: 640px) 100vw, 640px\" \/><\/p>\n<p><strong>Cellnex<\/strong>\u00a0trabaja en el desarrollo de varios proyectos europeos que preparan el despliegue de redes y servicios 5G:<\/p>\n<ul>\n<li><strong>5G-City<\/strong>: proyecto financiado por la Comisi\u00f3n Europea dentro del programa Horizon 2020 que tiene como objetivo evaluar las tecnolog\u00edas 5G a trav\u00e9s de proyectos piloto muy espec\u00edficos en las ciudades europeas de Barcelona, Bristol y Lucca. La idea es validar diferentes casos de uso proporcionados por un operador neutro.<\/li>\n<\/ul>\n<ul>\n<li><strong>Veo5G<\/strong>: proyecto coordinado por Cellnex y financiado por CDTI, que tiene como objetivo proporcionar las bases a un operador neutral en base a proporcionar infraestructura 5G a terceros.<\/li>\n<\/ul>\n<ul>\n<li><strong>5GON<\/strong>: proyecto financiado por la Generalitat de Catalunya con el\u00a0 objetivo es desarrollar una soluci\u00f3n 5G multioperador para validar servicios en el \u00e1mbito de Operador Neutro.<\/li>\n<\/ul>\n<ul>\n<li><strong>RESISTO:\u00a0<\/strong>proyecto europeo H2020 que tiene por objetivo la protecci\u00f3n de infraestructuras cr\u00edticas de telecomunicaciones desde el punto de vista de la prevenci\u00f3n, detecci\u00f3n, mitigaci\u00f3n y respuesta.<\/li>\n<\/ul>\n<ul>\n<li><strong>V2XArch:\u00a0<\/strong>proyecto financiado por el Ministerio de Energ\u00eda, Turismo y Agenda Digital para el dise\u00f1o de una plataforma completa de veh\u00edculo aut\u00f3nomo conectado, que incluye un trial de validaci\u00f3n en campo.<\/li>\n<\/ul>\n<ul>\n<li><strong>FLEXNET:\u00a0<\/strong>proyecto europeo\u00a0 Celtic-Plus y coordinado por Cellnex y financiado por CDTI, orientado al \u00e1mbito de la vigilancia y emergencias.<\/li>\n<\/ul>\n<ul>\n<li><strong>LEAN:\u00a0<\/strong>proyecto europeo Celtic-Plus y financiado por el Ministerio de Energ\u00eda, Turismo y Agenda Digital que tiene como prop\u00f3sito el uso de tecnolog\u00edas 5G para ofrecer acceso a Internet de banda ancha en \u00e1reas rurales de pa\u00edses emergentes.<\/li>\n<\/ul>\n<hr \/>\n<p><strong>Acerca de Cellnex Telecom<\/strong><\/p>\n<p>Cellnex Telecom es el principal operador neutro europeo de servicios e infraestructuras de telecomunicaciones,\u00a0 con una cartera de m\u00e1s de 27.000 emplazamientos, incluyendo previsiones de despliegue hasta 2023 . La compa\u00f1\u00eda est\u00e1 presente y opera en 6 pa\u00edses: Espa\u00f1a, Italia, Francia, Holanda, Reino Unido y Suiza.<\/p>\n<p>El negocio de Cellnex se estructura en cuatro grandes \u00e1reas: servicios para infraestructuras de telecomunicaciones, redes de difusi\u00f3n audiovisual, servicios de redes de seguridad y emergencia, y soluciones para la gesti\u00f3n inteligente de infraestructuras y servicios urbanos (IoT y smart cities).<\/p>\n<p>Cellnex cotiza en el mercado continuo de la Bolsa espa\u00f1ola y forma parte de los selectivos IBEX35 y EuroStoxx 600.<\/p>\n<p>Asimismo, forma parte de los \u00edndices de sostenibilidad FTSE4GOOD y CDP (Carbon Disclosure Project) y est\u00e1 incluida en el \u00edndice Standard Ethics.<\/p>\n","protected":false},"excerpt":{"rendered":"<ul>\n<li>\n<h2>Est\u00e1 presente en 5G FORUM, primer punto de encuentro dinamizador de tecnolog\u00eda y servicios sobre la quinta generaci\u00f3n de telefon\u00eda m\u00f3vil<\/h2>\n<\/li>\n<li>\n<h2>Cellnex es referente en diversos proyectos europeos para el desarrollo de la tecnolog\u00eda 5G<\/h2>\n<\/li>\n<li>\n<h2>El 5G es\u00a0 clave para el desarrollo del Internet de las Cosas (IoT), el veh\u00edculo aut\u00f3nomo, la industria 4.0, e-health y las\u00a0<em>smart cities<\/em><\/h2>\n<\/li>\n<\/ul>\n<p><strong>Cellnex participa los pr\u00f3ximos d\u00edas 25 y 26 de abril en el 5G FORUM<\/strong>, el primer encuentro multidisciplinar en torno a la tecnolog\u00eda 5G que se celebra en Espa\u00f1a. Durante dos jornadas completas que tendr\u00e1n lugar en el\u00a0<strong><em>Polo de Contenidos Digitales<\/em>\u00a0de M\u00e1laga<\/strong>, el evento pondr\u00e1 \u00e9nfasis en las diferentes aplicaciones del 5G y mostrar\u00e1 una visi\u00f3n panor\u00e1mica de los avances de esta tecnolog\u00eda.<\/p>\n<p>Las compa\u00f1\u00edas l\u00edderes en su desarrollo e implantaci\u00f3n podr\u00e1n intercambiar conocimientos en este \u00e1mbito, compartir experiencias y presentar, tambi\u00e9n con demostraciones en tiempo real, sus \u00faltimos avances.<\/p>\n<p><strong>\u00d3scar Pallarols<\/strong>,\u00a0<strong>Director Comercial Global de Cellnex Telecom<\/strong>, participar\u00e1 en una sesi\u00f3n que ofrecer\u00e1 la visi\u00f3n de un operador neutro de infraestructuras de telecomunicaciones en el desarrollo de redes 5G multioperador.<\/p>\n<p><img loading=\"lazy\" decoding=\"async\" class=\"aligncenter wp-image-961 size-large\" src=\"https:\/\/www.medinamediaevents.com\/web\/wp-content\/uploads\/2018\/12\/MONTAJE-OSCAR-PALLAROLS-1-1024x512.jpg\" alt=\"\" width=\"1024\" height=\"512\" srcset=\"https:\/\/www.medinamediaevents.com\/web\/wp-content\/uploads\/2018\/12\/MONTAJE-OSCAR-PALLAROLS-1-1024x512.jpg 1024w, https:\/\/www.medinamediaevents.com\/web\/wp-content\/uploads\/2018\/12\/MONTAJE-OSCAR-PALLAROLS-1-300x150.jpg 300w, https:\/\/www.medinamediaevents.com\/web\/wp-content\/uploads\/2018\/12\/MONTAJE-OSCAR-PALLAROLS-1-768x384.jpg 768w, https:\/\/www.medinamediaevents.com\/web\/wp-content\/uploads\/2018\/12\/MONTAJE-OSCAR-PALLAROLS-1.jpg 1187w\" sizes=\"auto, (max-width: 1024px) 100vw, 1024px\" \/><\/p>\n<p>El ecosistema de comunicaciones m\u00f3viles actual vivir\u00e1 una\u00a0<strong>revoluci\u00f3n sin precedentes con la llegada del 5G<\/strong>, proporcionando una conectividad de mejor calidad, m\u00e1s r\u00e1pida y capaz de gestionar vol\u00famenes de datos nunca antes vistos. Para ello ser\u00e1 necesaria una mayor densificaci\u00f3n de las redes, una mayor capilaridad de \u00e9stas y una latencia m\u00ednima. El actual nivel consumo por usuario quedar\u00e1 multiplicado por entre 4 y 5 veces en 2020, siendo el contenido multimedia el principal motor de este aumento de tr\u00e1fico.<\/p>\n<p><strong>Cellnex Telecom<\/strong>, el\u00a0<strong>principal operador europeo de infraestructuras de telecomunicaciones inal\u00e1mbricas<\/strong>, lidera el despliegue de las redes preparadas para 5G gracias a su amplia presencia en Europa, con m\u00e1s de 27.000 emplazamientos \u2013incluidos\u00a0<em>small cells<\/em>\u00a0y Sistemas Distribuidos de Antena (DAS)\u2013 en seis pa\u00edses europeos: Espa\u00f1a, Italia, Holanda, Francia, Reino Unido y Suiza.<\/p>\n<p>La compa\u00f1\u00eda ofrece<strong>\u00a0soluciones multioperador de conectividad m\u00f3vil para responder a la actual demanda de cobertura en espacios con gran concentraci\u00f3n de usuarios<\/strong>, como estadios de f\u00fatbol, centros comerciales o centros urbanos, entre otros. Entre los ejemplos de este tipo de espacios,<strong>\u00a0Cellnex\u00a0<\/strong>ha equipado por ejemplo el Estadio Wanda Metropolitano en Madrid y los estadios de f\u00fatbol de San Siro de Mil\u00e1n y la Juventus de Tur\u00edn, los metros de Mil\u00e1n, G\u00e9nova y Brescia, el aeropuerto de Mil\u00e1n-Malpensa, los t\u00faneles de alta velocidad y\u00a0 el centro hist\u00f3rico de Mil\u00e1n.<\/p>\n<p><img loading=\"lazy\" decoding=\"async\" class=\"aligncenter wp-image-963 size-full\" src=\"https:\/\/www.medinamediaevents.com\/web\/wp-content\/uploads\/2018\/12\/WANDA-METROPLITANO_WP.jpg\" alt=\"\" width=\"700\" height=\"356\" srcset=\"https:\/\/www.medinamediaevents.com\/web\/wp-content\/uploads\/2018\/12\/WANDA-METROPLITANO_WP.jpg 700w, https:\/\/www.medinamediaevents.com\/web\/wp-content\/uploads\/2018\/12\/WANDA-METROPLITANO_WP-300x153.jpg 300w\" sizes=\"auto, (max-width: 700px) 100vw, 700px\" \/><\/p>\n<p>Los DAS y las<em>\u00a0small cells\u00a0<\/em>permiten ya una conectividad de banda ancha m\u00f3vil de calidad y ofrecen respuesta en entornos donde hasta ahora se produc\u00eda saturaci\u00f3n en el servicio debido a la elevada demanda.<\/p>\n<p>Las redes desplegadas por\u00a0<strong>Cellnex Telecom<\/strong>\u00a0garantizan que todos los operadores m\u00f3viles puedan ofrecer sus servicios de conectividad en banda ancha en \u00f3ptimas condiciones de cobertura y son clave para el desarrollo del\u00a0<strong>Internet de las Cosas<\/strong>\u00a0(IoT, por sus siglas en ingl\u00e9s), el\u00a0<strong>veh\u00edculo aut\u00f3nomo<\/strong>, aplicaciones en el\u00a0<strong>sector salud<\/strong>, la\u00a0<strong>industria 4.0<\/strong>\u00a0y las\u00a0<strong><em>smart cities<\/em><\/strong>. Adem\u00e1s,\u00a0 es escalable y, por ello, est\u00e1 preparada para responder a una demanda mayor de tr\u00e1fico de datos en el futuro.<\/p>\n<p><img loading=\"lazy\" decoding=\"async\" class=\"aligncenter wp-image-965 size-full\" src=\"https:\/\/www.medinamediaevents.com\/web\/wp-content\/uploads\/2018\/12\/CELLNEX-EN-EUROPA.jpg\" alt=\"\" width=\"640\" height=\"402\" srcset=\"https:\/\/www.medinamediaevents.com\/web\/wp-content\/uploads\/2018\/12\/CELLNEX-EN-EUROPA.jpg 640w, https:\/\/www.medinamediaevents.com\/web\/wp-content\/uploads\/2018\/12\/CELLNEX-EN-EUROPA-300x188.jpg 300w\" sizes=\"auto, (max-width: 640px) 100vw, 640px\" \/><\/p>\n<p><strong>Cellnex<\/strong>\u00a0trabaja en el desarrollo de varios proyectos europeos que preparan el despliegue de redes y servicios 5G:<\/p>\n<ul>\n<li><strong>5G-City<\/strong>: proyecto financiado por la Comisi\u00f3n Europea dentro del programa Horizon 2020 que tiene como objetivo evaluar las tecnolog\u00edas 5G a trav\u00e9s de proyectos piloto muy espec\u00edficos en las ciudades europeas de Barcelona, Bristol y Lucca. La idea es validar diferentes casos de uso proporcionados por un operador neutro.<\/li>\n<\/ul>\n<ul>\n<li><strong>Veo5G<\/strong>: proyecto coordinado por Cellnex y financiado por CDTI, que tiene como objetivo proporcionar las bases a un operador neutral en base a proporcionar infraestructura 5G a terceros.<\/li>\n<\/ul>\n<ul>\n<li><strong>5GON<\/strong>: proyecto financiado por la Generalitat de Catalunya con el\u00a0 objetivo es desarrollar una soluci\u00f3n 5G multioperador para validar servicios en el \u00e1mbito de Operador Neutro.<\/li>\n<\/ul>\n<ul>\n<li><strong>RESISTO:\u00a0<\/strong>proyecto europeo H2020 que tiene por objetivo la protecci\u00f3n de infraestructuras cr\u00edticas de telecomunicaciones desde el punto de vista de la prevenci\u00f3n, detecci\u00f3n, mitigaci\u00f3n y respuesta.<\/li>\n<\/ul>\n<ul>\n<li><strong>V2XArch:\u00a0<\/strong>proyecto financiado por el Ministerio de Energ\u00eda, Turismo y Agenda Digital para el dise\u00f1o de una plataforma completa de veh\u00edculo aut\u00f3nomo conectado, que incluye un trial de validaci\u00f3n en campo.<\/li>\n<\/ul>\n<ul>\n<li><strong>FLEXNET:\u00a0<\/strong>proyecto europeo\u00a0 Celtic-Plus y coordinado por Cellnex y financiado por CDTI, orientado al \u00e1mbito de la vigilancia y emergencias.<\/li>\n<\/ul>\n<ul>\n<li><strong>LEAN:\u00a0<\/strong>proyecto europeo Celtic-Plus y financiado por el Ministerio de Energ\u00eda, Turismo y Agenda Digital que tiene como prop\u00f3sito el uso de tecnolog\u00edas 5G para ofrecer acceso a Internet de banda ancha en \u00e1reas rurales de pa\u00edses emergentes.<\/li>\n<\/ul>\n<hr \/>\n<p><strong>Acerca de Cellnex Telecom<\/strong><\/p>\n<p>Cellnex Telecom es el principal operador neutro europeo de servicios e infraestructuras de telecomunicaciones,\u00a0 con una cartera de m\u00e1s de 27.000 emplazamientos, incluyendo previsiones de despliegue hasta 2023 . La compa\u00f1\u00eda est\u00e1 presente y opera en 6 pa\u00edses: Espa\u00f1a, Italia, Francia, Holanda, Reino Unido y Suiza.<\/p>\n<p>El negocio de Cellnex se estructura en cuatro grandes \u00e1reas: servicios para infraestructuras de telecomunicaciones, redes de difusi\u00f3n audiovisual, servicios de redes de seguridad y emergencia, y soluciones para la gesti\u00f3n inteligente de infraestructuras y servicios urbanos (IoT y smart cities).<\/p>\n<p>Cellnex cotiza en el mercado continuo de la Bolsa espa\u00f1ola y forma parte de los selectivos IBEX35 y EuroStoxx 600.<\/p>\n<p>Asimismo, forma parte de los \u00edndices de sostenibilidad FTSE4GOOD y CDP (Carbon Disclosure Project) y est\u00e1 incluida en el \u00edndice Standard Ethics.<\/p>\n","protected":false},"author":2,"featured_media":959,"comment_status":"open","ping_status":"closed","sticky":false,"template":"","format":"standard","meta":{"_acf_changed":false,"footnotes":""},"categories":[14],"tags":[],"class_list":["post-958","post","type-post","status-publish","format-standard","has-post-thumbnail","hentry","category-noticias-5g-forum"],"acf":[],"yoast_head":"<!-- This site is optimized with the Yoast SEO plugin v27.5 - https:\/\/yoast.com\/product\/yoast-seo-wordpress\/ -->\n<title>CELLNEX PRESENTA LAS PRIMERAS SOLUCIONES DE CONECTIVIDAD MULTIOPERADOR PREPARADAS PARA EL 5G - Medina Media EVENTS<\/title>\n<meta name=\"robots\" content=\"index, follow, max-snippet:-1, max-image-preview:large, max-video-preview:-1\" \/>\n<link rel=\"canonical\" href=\"https:\/\/www.medinamediaevents.com\/es\/cellnex-presenta-las-primeras-soluciones-de-conectividad-multioperador-preparadas-para-el-5g\/\" \/>\n<meta property=\"og:locale\" content=\"es_ES\" \/>\n<meta property=\"og:type\" content=\"article\" \/>\n<meta property=\"og:title\" content=\"CELLNEX PRESENTA LAS PRIMERAS SOLUCIONES DE CONECTIVIDAD MULTIOPERADOR PREPARADAS PARA EL 5G - Medina Media EVENTS\" \/>\n<meta property=\"og:description\" content=\"Est\u00e1 presente en 5G FORUM, primer punto de encuentro dinamizador de tecnolog\u00eda y servicios sobre la quinta generaci\u00f3n de telefon\u00eda m\u00f3vil    Cellnex es referente en diversos proyectos europeos para el desarrollo de la tecnolog\u00eda 5G    El 5G es\u00a0 clave para el desarrollo del Internet de las Cosas (IoT), el veh\u00edculo aut\u00f3nomo, la industria 4.0, e-health y las\u00a0smart cities   Cellnex participa los pr\u00f3ximos d\u00edas 25 y 26 de abril en el 5G FORUM, el primer encuentro multidisciplinar en torno a la tecnolog\u00eda 5G que se celebra en Espa\u00f1a. Durante dos jornadas completas que tendr\u00e1n lugar en el\u00a0Polo de Contenidos Digitales\u00a0de M\u00e1laga, el evento pondr\u00e1 \u00e9nfasis en las diferentes aplicaciones del 5G y mostrar\u00e1 una visi\u00f3n panor\u00e1mica de los avances de esta tecnolog\u00eda.  Las compa\u00f1\u00edas l\u00edderes en su desarrollo e implantaci\u00f3n podr\u00e1n intercambiar conocimientos en este \u00e1mbito, compartir experiencias y presentar, tambi\u00e9n con demostraciones en tiempo real, sus \u00faltimos avances.  \u00d3scar Pallarols,\u00a0Director Comercial Global de Cellnex Telecom, participar\u00e1 en una sesi\u00f3n que ofrecer\u00e1 la visi\u00f3n de un operador neutro de infraestructuras de telecomunicaciones en el desarrollo de redes 5G multioperador.    El ecosistema de comunicaciones m\u00f3viles actual vivir\u00e1 una\u00a0revoluci\u00f3n sin precedentes con la llegada del 5G, proporcionando una conectividad de mejor calidad, m\u00e1s r\u00e1pida y capaz de gestionar vol\u00famenes de datos nunca antes vistos. Para ello ser\u00e1 necesaria una mayor densificaci\u00f3n de las redes, una mayor capilaridad de \u00e9stas y una latencia m\u00ednima. El actual nivel consumo por usuario quedar\u00e1 multiplicado por entre 4 y 5 veces en 2020, siendo el contenido multimedia el principal motor de este aumento de tr\u00e1fico.  Cellnex Telecom, el\u00a0principal operador europeo de infraestructuras de telecomunicaciones inal\u00e1mbricas, lidera el despliegue de las redes preparadas para 5G gracias a su amplia presencia en Europa, con m\u00e1s de 27.000 emplazamientos \u2013incluidos\u00a0small cells\u00a0y Sistemas Distribuidos de Antena (DAS)\u2013 en seis pa\u00edses europeos: Espa\u00f1a, Italia, Holanda, Francia, Reino Unido y Suiza.  La compa\u00f1\u00eda ofrece\u00a0soluciones multioperador de conectividad m\u00f3vil para responder a la actual demanda de cobertura en espacios con gran concentraci\u00f3n de usuarios, como estadios de f\u00fatbol, centros comerciales o centros urbanos, entre otros. Entre los ejemplos de este tipo de espacios,\u00a0Cellnex\u00a0ha equipado por ejemplo el Estadio Wanda Metropolitano en Madrid y los estadios de f\u00fatbol de San Siro de Mil\u00e1n y la Juventus de Tur\u00edn, los metros de Mil\u00e1n, G\u00e9nova y Brescia, el aeropuerto de Mil\u00e1n-Malpensa, los t\u00faneles de alta velocidad y\u00a0 el centro hist\u00f3rico de Mil\u00e1n.    Los DAS y las\u00a0small cells\u00a0permiten ya una conectividad de banda ancha m\u00f3vil de calidad y ofrecen respuesta en entornos donde hasta ahora se produc\u00eda saturaci\u00f3n en el servicio debido a la elevada demanda.  Las redes desplegadas por\u00a0Cellnex Telecom\u00a0garantizan que todos los operadores m\u00f3viles puedan ofrecer sus servicios de conectividad en banda ancha en \u00f3ptimas condiciones de cobertura y son clave para el desarrollo del\u00a0Internet de las Cosas\u00a0(IoT, por sus siglas en ingl\u00e9s), el\u00a0veh\u00edculo aut\u00f3nomo, aplicaciones en el\u00a0sector salud, la\u00a0industria 4.0\u00a0y las\u00a0smart cities. Adem\u00e1s,\u00a0 es escalable y, por ello, est\u00e1 preparada para responder a una demanda mayor de tr\u00e1fico de datos en el futuro.    Cellnex\u00a0trabaja en el desarrollo de varios proyectos europeos que preparan el despliegue de redes y servicios 5G:   5G-City: proyecto financiado por la Comisi\u00f3n Europea dentro del programa Horizon 2020 que tiene como objetivo evaluar las tecnolog\u00edas 5G a trav\u00e9s de proyectos piloto muy espec\u00edficos en las ciudades europeas de Barcelona, Bristol y Lucca. La idea es validar diferentes casos de uso proporcionados por un operador neutro.    Veo5G: proyecto coordinado por Cellnex y financiado por CDTI, que tiene como objetivo proporcionar las bases a un operador neutral en base a proporcionar infraestructura 5G a terceros.    5GON: proyecto financiado por la Generalitat de Catalunya con el\u00a0 objetivo es desarrollar una soluci\u00f3n 5G multioperador para validar servicios en el \u00e1mbito de Operador Neutro.    RESISTO:\u00a0proyecto europeo H2020 que tiene por objetivo la protecci\u00f3n de infraestructuras cr\u00edticas de telecomunicaciones desde el punto de vista de la prevenci\u00f3n, detecci\u00f3n, mitigaci\u00f3n y respuesta.    V2XArch:\u00a0proyecto financiado por el Ministerio de Energ\u00eda, Turismo y Agenda Digital para el dise\u00f1o de una plataforma completa de veh\u00edculo aut\u00f3nomo conectado, que incluye un trial de validaci\u00f3n en campo.    FLEXNET:\u00a0proyecto europeo\u00a0 Celtic-Plus y coordinado por Cellnex y financiado por CDTI, orientado al \u00e1mbito de la vigilancia y emergencias.    LEAN:\u00a0proyecto europeo Celtic-Plus y financiado por el Ministerio de Energ\u00eda, Turismo y Agenda Digital que tiene como prop\u00f3sito el uso de tecnolog\u00edas 5G para ofrecer acceso a Internet de banda ancha en \u00e1reas rurales de pa\u00edses emergentes.     Acerca de Cellnex Telecom  Cellnex Telecom es el principal operador neutro europeo de servicios e infraestructuras de telecomunicaciones,\u00a0 con una cartera de m\u00e1s de 27.000 emplazamientos, incluyendo previsiones de despliegue hasta 2023 . La compa\u00f1\u00eda est\u00e1 presente y opera en 6 pa\u00edses: Espa\u00f1a, Italia, Francia, Holanda, Reino Unido y Suiza.  El negocio de Cellnex se estructura en cuatro grandes \u00e1reas: servicios para infraestructuras de telecomunicaciones, redes de difusi\u00f3n audiovisual, servicios de redes de seguridad y emergencia, y soluciones para la gesti\u00f3n inteligente de infraestructuras y servicios urbanos (IoT y smart cities).  Cellnex cotiza en el mercado continuo de la Bolsa espa\u00f1ola y forma parte de los selectivos IBEX35 y EuroStoxx 600.  Asimismo, forma parte de los \u00edndices de sostenibilidad FTSE4GOOD y CDP (Carbon Disclosure Project) y est\u00e1 incluida en el \u00edndice Standard Ethics.\" \/>\n<meta property=\"og:url\" content=\"https:\/\/www.medinamediaevents.com\/es\/cellnex-presenta-las-primeras-soluciones-de-conectividad-multioperador-preparadas-para-el-5g\/\" \/>\n<meta property=\"og:site_name\" content=\"Medina Media EVENTS\" \/>\n<meta property=\"article:published_time\" content=\"2018-11-13T13:08:52+00:00\" \/>\n<meta property=\"article:modified_time\" content=\"2018-12-28T13:13:33+00:00\" \/>\n<meta property=\"og:image\" content=\"https:\/\/www.medinamediaevents.com\/web\/wp-content\/uploads\/2018\/12\/CELLNEX-WP.jpg\" \/>\n\t<meta property=\"og:image:width\" content=\"750\" \/>\n\t<meta property=\"og:image:height\" content=\"448\" \/>\n\t<meta property=\"og:image:type\" content=\"image\/jpeg\" \/>\n<meta name=\"author\" content=\"MME\" \/>\n<meta name=\"twitter:card\" content=\"summary_large_image\" \/>\n<meta name=\"twitter:label1\" content=\"Escrito por\" \/>\n\t<meta name=\"twitter:data1\" content=\"MME\" \/>\n\t<meta name=\"twitter:label2\" content=\"Tiempo de lectura\" \/>\n\t<meta name=\"twitter:data2\" content=\"5 minutos\" \/>\n<script type=\"application\/ld+json\" class=\"yoast-schema-graph\">{\"@context\":\"https:\\\/\\\/schema.org\",\"@graph\":[{\"@type\":\"Article\",\"@id\":\"https:\\\/\\\/www.medinamediaevents.com\\\/es\\\/cellnex-presenta-las-primeras-soluciones-de-conectividad-multioperador-preparadas-para-el-5g\\\/#article\",\"isPartOf\":{\"@id\":\"https:\\\/\\\/www.medinamediaevents.com\\\/es\\\/cellnex-presenta-las-primeras-soluciones-de-conectividad-multioperador-preparadas-para-el-5g\\\/\"},\"author\":{\"name\":\"MME\",\"@id\":\"https:\\\/\\\/www.medinamediaevents.com\\\/es\\\/#\\\/schema\\\/person\\\/7d2bf7ca8ea9d145a6e6ec897c79311c\"},\"headline\":\"CELLNEX PRESENTA LAS PRIMERAS SOLUCIONES DE CONECTIVIDAD MULTIOPERADOR PREPARADAS PARA EL 5G\",\"datePublished\":\"2018-11-13T13:08:52+00:00\",\"dateModified\":\"2018-12-28T13:13:33+00:00\",\"mainEntityOfPage\":{\"@id\":\"https:\\\/\\\/www.medinamediaevents.com\\\/es\\\/cellnex-presenta-las-primeras-soluciones-de-conectividad-multioperador-preparadas-para-el-5g\\\/\"},\"wordCount\":974,\"commentCount\":0,\"publisher\":{\"@id\":\"https:\\\/\\\/www.medinamediaevents.com\\\/es\\\/#organization\"},\"image\":{\"@id\":\"https:\\\/\\\/www.medinamediaevents.com\\\/es\\\/cellnex-presenta-las-primeras-soluciones-de-conectividad-multioperador-preparadas-para-el-5g\\\/#primaryimage\"},\"thumbnailUrl\":\"https:\\\/\\\/www.medinamediaevents.com\\\/web\\\/wp-content\\\/uploads\\\/2018\\\/12\\\/CELLNEX-WP.jpg\",\"articleSection\":[\"5G FORUM\"],\"inLanguage\":\"es\"},{\"@type\":\"WebPage\",\"@id\":\"https:\\\/\\\/www.medinamediaevents.com\\\/es\\\/cellnex-presenta-las-primeras-soluciones-de-conectividad-multioperador-preparadas-para-el-5g\\\/\",\"url\":\"https:\\\/\\\/www.medinamediaevents.com\\\/es\\\/cellnex-presenta-las-primeras-soluciones-de-conectividad-multioperador-preparadas-para-el-5g\\\/\",\"name\":\"CELLNEX PRESENTA LAS PRIMERAS SOLUCIONES DE CONECTIVIDAD MULTIOPERADOR PREPARADAS PARA EL 5G - Medina Media EVENTS\",\"isPartOf\":{\"@id\":\"https:\\\/\\\/www.medinamediaevents.com\\\/es\\\/#website\"},\"primaryImageOfPage\":{\"@id\":\"https:\\\/\\\/www.medinamediaevents.com\\\/es\\\/cellnex-presenta-las-primeras-soluciones-de-conectividad-multioperador-preparadas-para-el-5g\\\/#primaryimage\"},\"image\":{\"@id\":\"https:\\\/\\\/www.medinamediaevents.com\\\/es\\\/cellnex-presenta-las-primeras-soluciones-de-conectividad-multioperador-preparadas-para-el-5g\\\/#primaryimage\"},\"thumbnailUrl\":\"https:\\\/\\\/www.medinamediaevents.com\\\/web\\\/wp-content\\\/uploads\\\/2018\\\/12\\\/CELLNEX-WP.jpg\",\"datePublished\":\"2018-11-13T13:08:52+00:00\",\"dateModified\":\"2018-12-28T13:13:33+00:00\",\"breadcrumb\":{\"@id\":\"https:\\\/\\\/www.medinamediaevents.com\\\/es\\\/cellnex-presenta-las-primeras-soluciones-de-conectividad-multioperador-preparadas-para-el-5g\\\/#breadcrumb\"},\"inLanguage\":\"es\",\"potentialAction\":[{\"@type\":\"ReadAction\",\"target\":[\"https:\\\/\\\/www.medinamediaevents.com\\\/es\\\/cellnex-presenta-las-primeras-soluciones-de-conectividad-multioperador-preparadas-para-el-5g\\\/\"]}]},{\"@type\":\"ImageObject\",\"inLanguage\":\"es\",\"@id\":\"https:\\\/\\\/www.medinamediaevents.com\\\/es\\\/cellnex-presenta-las-primeras-soluciones-de-conectividad-multioperador-preparadas-para-el-5g\\\/#primaryimage\",\"url\":\"https:\\\/\\\/www.medinamediaevents.com\\\/web\\\/wp-content\\\/uploads\\\/2018\\\/12\\\/CELLNEX-WP.jpg\",\"contentUrl\":\"https:\\\/\\\/www.medinamediaevents.com\\\/web\\\/wp-content\\\/uploads\\\/2018\\\/12\\\/CELLNEX-WP.jpg\",\"width\":750,\"height\":448},{\"@type\":\"BreadcrumbList\",\"@id\":\"https:\\\/\\\/www.medinamediaevents.com\\\/es\\\/cellnex-presenta-las-primeras-soluciones-de-conectividad-multioperador-preparadas-para-el-5g\\\/#breadcrumb\",\"itemListElement\":[{\"@type\":\"ListItem\",\"position\":1,\"name\":\"Home\",\"item\":\"https:\\\/\\\/www.medinamediaevents.com\\\/es\\\/\"},{\"@type\":\"ListItem\",\"position\":2,\"name\":\"CELLNEX PRESENTA LAS PRIMERAS SOLUCIONES DE CONECTIVIDAD MULTIOPERADOR PREPARADAS PARA EL 5G\"}]},{\"@type\":\"WebSite\",\"@id\":\"https:\\\/\\\/www.medinamediaevents.com\\\/es\\\/#website\",\"url\":\"https:\\\/\\\/www.medinamediaevents.com\\\/es\\\/\",\"name\":\"Medina Media EVENTS\",\"description\":\"\",\"publisher\":{\"@id\":\"https:\\\/\\\/www.medinamediaevents.com\\\/es\\\/#organization\"},\"potentialAction\":[{\"@type\":\"SearchAction\",\"target\":{\"@type\":\"EntryPoint\",\"urlTemplate\":\"https:\\\/\\\/www.medinamediaevents.com\\\/es\\\/?s={search_term_string}\"},\"query-input\":{\"@type\":\"PropertyValueSpecification\",\"valueRequired\":true,\"valueName\":\"search_term_string\"}}],\"inLanguage\":\"es\"},{\"@type\":\"Organization\",\"@id\":\"https:\\\/\\\/www.medinamediaevents.com\\\/es\\\/#organization\",\"name\":\"Medina Media Events\",\"url\":\"https:\\\/\\\/www.medinamediaevents.com\\\/es\\\/\",\"logo\":{\"@type\":\"ImageObject\",\"inLanguage\":\"es\",\"@id\":\"https:\\\/\\\/www.medinamediaevents.com\\\/es\\\/#\\\/schema\\\/logo\\\/image\\\/\",\"url\":\"https:\\\/\\\/www.medinamediaevents.com\\\/web\\\/wp-content\\\/uploads\\\/2018\\\/11\\\/mm_events_logo2018.png\",\"contentUrl\":\"https:\\\/\\\/www.medinamediaevents.com\\\/web\\\/wp-content\\\/uploads\\\/2018\\\/11\\\/mm_events_logo2018.png\",\"width\":1200,\"height\":750,\"caption\":\"Medina Media Events\"},\"image\":{\"@id\":\"https:\\\/\\\/www.medinamediaevents.com\\\/es\\\/#\\\/schema\\\/logo\\\/image\\\/\"}},{\"@type\":\"Person\",\"@id\":\"https:\\\/\\\/www.medinamediaevents.com\\\/es\\\/#\\\/schema\\\/person\\\/7d2bf7ca8ea9d145a6e6ec897c79311c\",\"name\":\"MME\"}]}<\/script>\n<!-- \/ Yoast SEO plugin. -->","yoast_head_json":{"title":"CELLNEX PRESENTA LAS PRIMERAS SOLUCIONES DE CONECTIVIDAD MULTIOPERADOR PREPARADAS PARA EL 5G - Medina Media EVENTS","robots":{"index":"index","follow":"follow","max-snippet":"max-snippet:-1","max-image-preview":"max-image-preview:large","max-video-preview":"max-video-preview:-1"},"canonical":"https:\/\/www.medinamediaevents.com\/es\/cellnex-presenta-las-primeras-soluciones-de-conectividad-multioperador-preparadas-para-el-5g\/","og_locale":"es_ES","og_type":"article","og_title":"CELLNEX PRESENTA LAS PRIMERAS SOLUCIONES DE CONECTIVIDAD MULTIOPERADOR PREPARADAS PARA EL 5G - Medina Media EVENTS","og_description":"Est\u00e1 presente en 5G FORUM, primer punto de encuentro dinamizador de tecnolog\u00eda y servicios sobre la quinta generaci\u00f3n de telefon\u00eda m\u00f3vil    Cellnex es referente en diversos proyectos europeos para el desarrollo de la tecnolog\u00eda 5G    El 5G es\u00a0 clave para el desarrollo del Internet de las Cosas (IoT), el veh\u00edculo aut\u00f3nomo, la industria 4.0, e-health y las\u00a0smart cities   Cellnex participa los pr\u00f3ximos d\u00edas 25 y 26 de abril en el 5G FORUM, el primer encuentro multidisciplinar en torno a la tecnolog\u00eda 5G que se celebra en Espa\u00f1a. Durante dos jornadas completas que tendr\u00e1n lugar en el\u00a0Polo de Contenidos Digitales\u00a0de M\u00e1laga, el evento pondr\u00e1 \u00e9nfasis en las diferentes aplicaciones del 5G y mostrar\u00e1 una visi\u00f3n panor\u00e1mica de los avances de esta tecnolog\u00eda.  Las compa\u00f1\u00edas l\u00edderes en su desarrollo e implantaci\u00f3n podr\u00e1n intercambiar conocimientos en este \u00e1mbito, compartir experiencias y presentar, tambi\u00e9n con demostraciones en tiempo real, sus \u00faltimos avances.  \u00d3scar Pallarols,\u00a0Director Comercial Global de Cellnex Telecom, participar\u00e1 en una sesi\u00f3n que ofrecer\u00e1 la visi\u00f3n de un operador neutro de infraestructuras de telecomunicaciones en el desarrollo de redes 5G multioperador.    El ecosistema de comunicaciones m\u00f3viles actual vivir\u00e1 una\u00a0revoluci\u00f3n sin precedentes con la llegada del 5G, proporcionando una conectividad de mejor calidad, m\u00e1s r\u00e1pida y capaz de gestionar vol\u00famenes de datos nunca antes vistos. Para ello ser\u00e1 necesaria una mayor densificaci\u00f3n de las redes, una mayor capilaridad de \u00e9stas y una latencia m\u00ednima. El actual nivel consumo por usuario quedar\u00e1 multiplicado por entre 4 y 5 veces en 2020, siendo el contenido multimedia el principal motor de este aumento de tr\u00e1fico.  Cellnex Telecom, el\u00a0principal operador europeo de infraestructuras de telecomunicaciones inal\u00e1mbricas, lidera el despliegue de las redes preparadas para 5G gracias a su amplia presencia en Europa, con m\u00e1s de 27.000 emplazamientos \u2013incluidos\u00a0small cells\u00a0y Sistemas Distribuidos de Antena (DAS)\u2013 en seis pa\u00edses europeos: Espa\u00f1a, Italia, Holanda, Francia, Reino Unido y Suiza.  La compa\u00f1\u00eda ofrece\u00a0soluciones multioperador de conectividad m\u00f3vil para responder a la actual demanda de cobertura en espacios con gran concentraci\u00f3n de usuarios, como estadios de f\u00fatbol, centros comerciales o centros urbanos, entre otros. Entre los ejemplos de este tipo de espacios,\u00a0Cellnex\u00a0ha equipado por ejemplo el Estadio Wanda Metropolitano en Madrid y los estadios de f\u00fatbol de San Siro de Mil\u00e1n y la Juventus de Tur\u00edn, los metros de Mil\u00e1n, G\u00e9nova y Brescia, el aeropuerto de Mil\u00e1n-Malpensa, los t\u00faneles de alta velocidad y\u00a0 el centro hist\u00f3rico de Mil\u00e1n.    Los DAS y las\u00a0small cells\u00a0permiten ya una conectividad de banda ancha m\u00f3vil de calidad y ofrecen respuesta en entornos donde hasta ahora se produc\u00eda saturaci\u00f3n en el servicio debido a la elevada demanda.  Las redes desplegadas por\u00a0Cellnex Telecom\u00a0garantizan que todos los operadores m\u00f3viles puedan ofrecer sus servicios de conectividad en banda ancha en \u00f3ptimas condiciones de cobertura y son clave para el desarrollo del\u00a0Internet de las Cosas\u00a0(IoT, por sus siglas en ingl\u00e9s), el\u00a0veh\u00edculo aut\u00f3nomo, aplicaciones en el\u00a0sector salud, la\u00a0industria 4.0\u00a0y las\u00a0smart cities. Adem\u00e1s,\u00a0 es escalable y, por ello, est\u00e1 preparada para responder a una demanda mayor de tr\u00e1fico de datos en el futuro.    Cellnex\u00a0trabaja en el desarrollo de varios proyectos europeos que preparan el despliegue de redes y servicios 5G:   5G-City: proyecto financiado por la Comisi\u00f3n Europea dentro del programa Horizon 2020 que tiene como objetivo evaluar las tecnolog\u00edas 5G a trav\u00e9s de proyectos piloto muy espec\u00edficos en las ciudades europeas de Barcelona, Bristol y Lucca. La idea es validar diferentes casos de uso proporcionados por un operador neutro.    Veo5G: proyecto coordinado por Cellnex y financiado por CDTI, que tiene como objetivo proporcionar las bases a un operador neutral en base a proporcionar infraestructura 5G a terceros.    5GON: proyecto financiado por la Generalitat de Catalunya con el\u00a0 objetivo es desarrollar una soluci\u00f3n 5G multioperador para validar servicios en el \u00e1mbito de Operador Neutro.    RESISTO:\u00a0proyecto europeo H2020 que tiene por objetivo la protecci\u00f3n de infraestructuras cr\u00edticas de telecomunicaciones desde el punto de vista de la prevenci\u00f3n, detecci\u00f3n, mitigaci\u00f3n y respuesta.    V2XArch:\u00a0proyecto financiado por el Ministerio de Energ\u00eda, Turismo y Agenda Digital para el dise\u00f1o de una plataforma completa de veh\u00edculo aut\u00f3nomo conectado, que incluye un trial de validaci\u00f3n en campo.    FLEXNET:\u00a0proyecto europeo\u00a0 Celtic-Plus y coordinado por Cellnex y financiado por CDTI, orientado al \u00e1mbito de la vigilancia y emergencias.    LEAN:\u00a0proyecto europeo Celtic-Plus y financiado por el Ministerio de Energ\u00eda, Turismo y Agenda Digital que tiene como prop\u00f3sito el uso de tecnolog\u00edas 5G para ofrecer acceso a Internet de banda ancha en \u00e1reas rurales de pa\u00edses emergentes.     Acerca de Cellnex Telecom  Cellnex Telecom es el principal operador neutro europeo de servicios e infraestructuras de telecomunicaciones,\u00a0 con una cartera de m\u00e1s de 27.000 emplazamientos, incluyendo previsiones de despliegue hasta 2023 . La compa\u00f1\u00eda est\u00e1 presente y opera en 6 pa\u00edses: Espa\u00f1a, Italia, Francia, Holanda, Reino Unido y Suiza.  El negocio de Cellnex se estructura en cuatro grandes \u00e1reas: servicios para infraestructuras de telecomunicaciones, redes de difusi\u00f3n audiovisual, servicios de redes de seguridad y emergencia, y soluciones para la gesti\u00f3n inteligente de infraestructuras y servicios urbanos (IoT y smart cities).  Cellnex cotiza en el mercado continuo de la Bolsa espa\u00f1ola y forma parte de los selectivos IBEX35 y EuroStoxx 600.  Asimismo, forma parte de los \u00edndices de sostenibilidad FTSE4GOOD y CDP (Carbon Disclosure Project) y est\u00e1 incluida en el \u00edndice Standard Ethics.","og_url":"https:\/\/www.medinamediaevents.com\/es\/cellnex-presenta-las-primeras-soluciones-de-conectividad-multioperador-preparadas-para-el-5g\/","og_site_name":"Medina Media EVENTS","article_published_time":"2018-11-13T13:08:52+00:00","article_modified_time":"2018-12-28T13:13:33+00:00","og_image":[{"width":750,"height":448,"url":"https:\/\/www.medinamediaevents.com\/web\/wp-content\/uploads\/2018\/12\/CELLNEX-WP.jpg","type":"image\/jpeg"}],"author":"MME","twitter_card":"summary_large_image","twitter_misc":{"Escrito por":"MME","Tiempo de lectura":"5 minutos"},"schema":{"@context":"https:\/\/schema.org","@graph":[{"@type":"Article","@id":"https:\/\/www.medinamediaevents.com\/es\/cellnex-presenta-las-primeras-soluciones-de-conectividad-multioperador-preparadas-para-el-5g\/#article","isPartOf":{"@id":"https:\/\/www.medinamediaevents.com\/es\/cellnex-presenta-las-primeras-soluciones-de-conectividad-multioperador-preparadas-para-el-5g\/"},"author":{"name":"MME","@id":"https:\/\/www.medinamediaevents.com\/es\/#\/schema\/person\/7d2bf7ca8ea9d145a6e6ec897c79311c"},"headline":"CELLNEX PRESENTA LAS PRIMERAS SOLUCIONES DE CONECTIVIDAD MULTIOPERADOR PREPARADAS PARA EL 5G","datePublished":"2018-11-13T13:08:52+00:00","dateModified":"2018-12-28T13:13:33+00:00","mainEntityOfPage":{"@id":"https:\/\/www.medinamediaevents.com\/es\/cellnex-presenta-las-primeras-soluciones-de-conectividad-multioperador-preparadas-para-el-5g\/"},"wordCount":974,"commentCount":0,"publisher":{"@id":"https:\/\/www.medinamediaevents.com\/es\/#organization"},"image":{"@id":"https:\/\/www.medinamediaevents.com\/es\/cellnex-presenta-las-primeras-soluciones-de-conectividad-multioperador-preparadas-para-el-5g\/#primaryimage"},"thumbnailUrl":"https:\/\/www.medinamediaevents.com\/web\/wp-content\/uploads\/2018\/12\/CELLNEX-WP.jpg","articleSection":["5G FORUM"],"inLanguage":"es"},{"@type":"WebPage","@id":"https:\/\/www.medinamediaevents.com\/es\/cellnex-presenta-las-primeras-soluciones-de-conectividad-multioperador-preparadas-para-el-5g\/","url":"https:\/\/www.medinamediaevents.com\/es\/cellnex-presenta-las-primeras-soluciones-de-conectividad-multioperador-preparadas-para-el-5g\/","name":"CELLNEX PRESENTA LAS PRIMERAS SOLUCIONES DE CONECTIVIDAD MULTIOPERADOR PREPARADAS PARA EL 5G - Medina Media EVENTS","isPartOf":{"@id":"https:\/\/www.medinamediaevents.com\/es\/#website"},"primaryImageOfPage":{"@id":"https:\/\/www.medinamediaevents.com\/es\/cellnex-presenta-las-primeras-soluciones-de-conectividad-multioperador-preparadas-para-el-5g\/#primaryimage"},"image":{"@id":"https:\/\/www.medinamediaevents.com\/es\/cellnex-presenta-las-primeras-soluciones-de-conectividad-multioperador-preparadas-para-el-5g\/#primaryimage"},"thumbnailUrl":"https:\/\/www.medinamediaevents.com\/web\/wp-content\/uploads\/2018\/12\/CELLNEX-WP.jpg","datePublished":"2018-11-13T13:08:52+00:00","dateModified":"2018-12-28T13:13:33+00:00","breadcrumb":{"@id":"https:\/\/www.medinamediaevents.com\/es\/cellnex-presenta-las-primeras-soluciones-de-conectividad-multioperador-preparadas-para-el-5g\/#breadcrumb"},"inLanguage":"es","potentialAction":[{"@type":"ReadAction","target":["https:\/\/www.medinamediaevents.com\/es\/cellnex-presenta-las-primeras-soluciones-de-conectividad-multioperador-preparadas-para-el-5g\/"]}]},{"@type":"ImageObject","inLanguage":"es","@id":"https:\/\/www.medinamediaevents.com\/es\/cellnex-presenta-las-primeras-soluciones-de-conectividad-multioperador-preparadas-para-el-5g\/#primaryimage","url":"https:\/\/www.medinamediaevents.com\/web\/wp-content\/uploads\/2018\/12\/CELLNEX-WP.jpg","contentUrl":"https:\/\/www.medinamediaevents.com\/web\/wp-content\/uploads\/2018\/12\/CELLNEX-WP.jpg","width":750,"height":448},{"@type":"BreadcrumbList","@id":"https:\/\/www.medinamediaevents.com\/es\/cellnex-presenta-las-primeras-soluciones-de-conectividad-multioperador-preparadas-para-el-5g\/#breadcrumb","itemListElement":[{"@type":"ListItem","position":1,"name":"Home","item":"https:\/\/www.medinamediaevents.com\/es\/"},{"@type":"ListItem","position":2,"name":"CELLNEX PRESENTA LAS PRIMERAS SOLUCIONES DE CONECTIVIDAD MULTIOPERADOR PREPARADAS PARA EL 5G"}]},{"@type":"WebSite","@id":"https:\/\/www.medinamediaevents.com\/es\/#website","url":"https:\/\/www.medinamediaevents.com\/es\/","name":"Medina Media EVENTS","description":"","publisher":{"@id":"https:\/\/www.medinamediaevents.com\/es\/#organization"},"potentialAction":[{"@type":"SearchAction","target":{"@type":"EntryPoint","urlTemplate":"https:\/\/www.medinamediaevents.com\/es\/?s={search_term_string}"},"query-input":{"@type":"PropertyValueSpecification","valueRequired":true,"valueName":"search_term_string"}}],"inLanguage":"es"},{"@type":"Organization","@id":"https:\/\/www.medinamediaevents.com\/es\/#organization","name":"Medina Media Events","url":"https:\/\/www.medinamediaevents.com\/es\/","logo":{"@type":"ImageObject","inLanguage":"es","@id":"https:\/\/www.medinamediaevents.com\/es\/#\/schema\/logo\/image\/","url":"https:\/\/www.medinamediaevents.com\/web\/wp-content\/uploads\/2018\/11\/mm_events_logo2018.png","contentUrl":"https:\/\/www.medinamediaevents.com\/web\/wp-content\/uploads\/2018\/11\/mm_events_logo2018.png","width":1200,"height":750,"caption":"Medina Media Events"},"image":{"@id":"https:\/\/www.medinamediaevents.com\/es\/#\/schema\/logo\/image\/"}},{"@type":"Person","@id":"https:\/\/www.medinamediaevents.com\/es\/#\/schema\/person\/7d2bf7ca8ea9d145a6e6ec897c79311c","name":"MME"}]}},"_links":{"self":[{"href":"https:\/\/www.medinamediaevents.com\/es\/wp-json\/wp\/v2\/posts\/958","targetHints":{"allow":["GET"]}}],"collection":[{"href":"https:\/\/www.medinamediaevents.com\/es\/wp-json\/wp\/v2\/posts"}],"about":[{"href":"https:\/\/www.medinamediaevents.com\/es\/wp-json\/wp\/v2\/types\/post"}],"author":[{"embeddable":true,"href":"https:\/\/www.medinamediaevents.com\/es\/wp-json\/wp\/v2\/users\/2"}],"replies":[{"embeddable":true,"href":"https:\/\/www.medinamediaevents.com\/es\/wp-json\/wp\/v2\/comments?post=958"}],"version-history":[{"count":0,"href":"https:\/\/www.medinamediaevents.com\/es\/wp-json\/wp\/v2\/posts\/958\/revisions"}],"wp:featuredmedia":[{"embeddable":true,"href":"https:\/\/www.medinamediaevents.com\/es\/wp-json\/wp\/v2\/media\/959"}],"wp:attachment":[{"href":"https:\/\/www.medinamediaevents.com\/es\/wp-json\/wp\/v2\/media?parent=958"}],"wp:term":[{"taxonomy":"category","embeddable":true,"href":"https:\/\/www.medinamediaevents.com\/es\/wp-json\/wp\/v2\/categories?post=958"},{"taxonomy":"post_tag","embeddable":true,"href":"https:\/\/www.medinamediaevents.com\/es\/wp-json\/wp\/v2\/tags?post=958"}],"curies":[{"name":"wp","href":"https:\/\/api.w.org\/{rel}","templated":true}]}}