{"id":956,"date":"2018-11-14T14:03:36","date_gmt":"2018-11-14T13:03:36","guid":{"rendered":"https:\/\/www.medinamediaevents.com\/?p=956"},"modified":"2018-12-28T14:07:29","modified_gmt":"2018-12-28T13:07:29","slug":"manana-arranca-el-5gforum-con-una-agenda-de-primer-nivel","status":"publish","type":"post","link":"https:\/\/www.medinamediaevents.com\/es\/manana-arranca-el-5gforum-con-una-agenda-de-primer-nivel\/","title":{"rendered":"MA\u00d1ANA ARRANCA EL 5GFORUM CON UNA AGENDA DE PRIMER NIVEL"},"content":{"rendered":"<h2 class=\"null\">Ma\u00f1ana, mi\u00e9rcoles 25 de abril, arranca el 5GForum de M\u00e1laga, el primer encuentro multidisciplinar sobre la Quinta Generaci\u00f3n de las Telecomunicaciones (5G) que se celebra en Espa\u00f1a.<\/h2>\n<p>Durante dos d\u00edas, el\u00a0<strong>Polo de Contenidos Digitales de M\u00e1laga<\/strong>\u00a0ser\u00e1 el escenario de un evento que reunir\u00e1 a los\u00a0<strong>principales expertos<\/strong>\u00a0a nivel nacional sobre la\u00a0<strong>tecnolog\u00eda 5G<\/strong>, que ya est\u00e1 empezando a implantarse en toda Am\u00e9rica y que para el a\u00f1o 2020 ser\u00e1 realidad en Europa.<\/p>\n<p><img loading=\"lazy\" decoding=\"async\" class=\"aligncenter wp-image-949 size-large\" src=\"https:\/\/www.medinamediaevents.com\/web\/wp-content\/uploads\/2018\/12\/sponsors_1-1024x493.png\" alt=\"\" width=\"1024\" height=\"493\" srcset=\"https:\/\/www.medinamediaevents.com\/web\/wp-content\/uploads\/2018\/12\/sponsors_1-1024x493.png 1024w, https:\/\/www.medinamediaevents.com\/web\/wp-content\/uploads\/2018\/12\/sponsors_1-300x144.png 300w, https:\/\/www.medinamediaevents.com\/web\/wp-content\/uploads\/2018\/12\/sponsors_1-768x370.png 768w, https:\/\/www.medinamediaevents.com\/web\/wp-content\/uploads\/2018\/12\/sponsors_1.png 1724w\" sizes=\"auto, (max-width: 1024px) 100vw, 1024px\" \/><\/p>\n<p>Las tres principales empresas de transporte de se\u00f1al en Espa\u00f1a (<strong>Cellnex<\/strong>,\u00a0<strong>Axi\u00f3n\u00a0<\/strong>e\u00a0<strong>Hispasat<\/strong>) son\u00a0<strong>patrocinadores destacados del 5GForum<\/strong>, llamado a ser una\u00a0<strong>cita anual\u00a0<\/strong>para que los expertos pongan en com\u00fan a\u00f1o a a\u00f1o los avances de esta nueva tecnolog\u00eda.<\/p>\n<p>Multinacionales como\u00a0<strong>Samsung<\/strong>,\u00a0<strong>Nokia<\/strong>\u00a0y\u00a0<strong>Ericsson<\/strong>\u00a0avalan este encuentro que ha conseguido reunir a las tres principales operadoras de Espa\u00f1a:\u00a0<strong>Telef\u00f3nica<\/strong>,\u00a0<strong>Vodafone<\/strong>\u00a0y\u00a0<strong>Orange<\/strong>.<\/p>\n<p>Las\u00a0<strong>administraciones p\u00fablicas<\/strong>, que van a jugar un papel b\u00e1sico en el desarrollo y despliegue del 5G, tambi\u00e9n se han sumado al evento a todos los niveles: estatal (con\u00a0<strong>Red.es<\/strong>\u00a0y el\u00a0<strong>Ministerio de Energ\u00eda, Turismo y Agenda Digital<\/strong>), auton\u00f3mico (<strong>Junta de Andaluc\u00eda<\/strong>), provincial (<strong>Diputaci\u00f3n de M\u00e1laga<\/strong>) y municipal (<strong>Ayuntamientos de M\u00e1laga y Marbella<\/strong>).<\/p>\n<p>Las\u00a0<strong>aplicaciones del 5G al Turismo<\/strong>\u00a0ser\u00e1 uno de los temas principales del\u00a0<strong>5GForum<\/strong>. La instituci\u00f3n suiza\u00a0<strong>Les Roches patrocina este bloque de conferencias y mesas redondas<\/strong>\u00a0en el que tomar\u00e1n parte entidades como la sociedad estatal de Turismo e Innovaci\u00f3n (<strong>SEGITTUR<\/strong>),\u00a0<strong>Turismo Costa del Sol\u00a0<\/strong>y el\u00a0<strong>Ayuntamiento de Sevilla<\/strong>, con sus recientes experiencias de\u00a0<strong>Big Data en la Semana Santa y en la Feria de Abril<\/strong>.<\/p>\n<p><img loading=\"lazy\" decoding=\"async\" class=\"aligncenter wp-image-951 size-large\" src=\"https:\/\/www.medinamediaevents.com\/web\/wp-content\/uploads\/2018\/12\/sponsors_2-1024x315.png\" alt=\"\" width=\"1024\" height=\"315\" srcset=\"https:\/\/www.medinamediaevents.com\/web\/wp-content\/uploads\/2018\/12\/sponsors_2-1024x315.png 1024w, https:\/\/www.medinamediaevents.com\/web\/wp-content\/uploads\/2018\/12\/sponsors_2-300x92.png 300w, https:\/\/www.medinamediaevents.com\/web\/wp-content\/uploads\/2018\/12\/sponsors_2-768x237.png 768w, https:\/\/www.medinamediaevents.com\/web\/wp-content\/uploads\/2018\/12\/sponsors_2.png 1984w\" sizes=\"auto, (max-width: 1024px) 100vw, 1024px\" \/><\/p>\n<p>La\u00a0<strong>industria del autom\u00f3vil\u00a0<\/strong>tambi\u00e9n tendr\u00e1 un papel destacado en esta primera edici\u00f3n del 5GForum, con la relevante presencia de\u00a0<strong>SEAT<\/strong>, de un veh\u00edculo conectado que trae el Centro Tecnol\u00f3gico del Autom\u00f3vil de Galicia (<strong>CTAG<\/strong>) y del testimonio del presidente de la Asociaci\u00f3n Espa\u00f1ola de Veh\u00edculos Aut\u00f3nomos Conectados (<strong>AEVAC<\/strong>), que es invidente.<\/p>\n<p>El mundo de las\u00a0<strong>universidades<\/strong>\u00a0tambi\u00e9n estar\u00e1 presente con diferentes proyectos de investigaci\u00f3n sobre el 5G. Catedr\u00e1ticos de la\u00a0<strong>Universidad Polit\u00e9cnica de Valencia<\/strong>, de la\u00a0<strong>Universidad Polit\u00e9cnica de Madrid\u00a0<\/strong>y de la\u00a0<strong>Universidad de M\u00e1laga<\/strong>\u00a0presentar\u00e1n sus\u00a0<strong>mejores proyectos 5G.<\/strong><\/p>\n<p>Radio Televisi\u00f3n Espa\u00f1ola (<strong>RTVE<\/strong>) acudir\u00e1 al\u00a0<strong>5GForum<\/strong>\u00a0para exponer sus trabajos sobre\u00a0<strong>aplicaciones al mundo de los contenidos audiovisuales<\/strong>, especialmente en el \u00e1mbito de los Informativos. Y su aceleradora de start ups,<strong>\u00a0Impulsa Visi\u00f3n<\/strong>, explicar\u00e1 su modelo colaborativo para el\u00a0<strong>desarrollo tecnol\u00f3gico en el sector audiovisual<\/strong>.\u200b<\/p>\n<p>La\u00a0<strong>Salud<\/strong>, la\u00a0<strong>Telemedicina<\/strong>\u00a0y los\u00a0<strong>Servicios de Emergencia<\/strong>\u00a0tambi\u00e9n ser\u00e1n abordados en el\u00a0<strong>5GForum<\/strong>. El proyecto de la \u201c<strong>camiseta inteligente<\/strong>\u201d para casos de emergencia ser\u00e1 expuesto por los especialistas del\u00a0<strong>SAMUR<\/strong>\u00a0del\u00a0<strong>Ayuntamiento de Madrid<\/strong>.<\/p>\n<p>Adem\u00e1s, otras conferencias tratar\u00e1n sobre las repercusiones que va a tener la tecnolog\u00eda 5G en otros campos, como por ejemplo el entretenimiento en dispositivos m\u00f3viles.<\/p>\n<p><img loading=\"lazy\" decoding=\"async\" class=\"aligncenter wp-image-953 size-large\" src=\"https:\/\/www.medinamediaevents.com\/web\/wp-content\/uploads\/2018\/12\/sponsors_3-1024x560.png\" alt=\"\" width=\"1024\" height=\"560\" srcset=\"https:\/\/www.medinamediaevents.com\/web\/wp-content\/uploads\/2018\/12\/sponsors_3-1024x560.png 1024w, https:\/\/www.medinamediaevents.com\/web\/wp-content\/uploads\/2018\/12\/sponsors_3-300x164.png 300w, https:\/\/www.medinamediaevents.com\/web\/wp-content\/uploads\/2018\/12\/sponsors_3-768x420.png 768w, https:\/\/www.medinamediaevents.com\/web\/wp-content\/uploads\/2018\/12\/sponsors_3.png 1864w\" sizes=\"auto, (max-width: 1024px) 100vw, 1024px\" \/><\/p>\n<p>Dentro de la agenda tambi\u00e9n est\u00e1n contemplados momentos de networking, arrancando con el desayuno de bienvenida ofrecido por\u00a0<strong>Esca Catering\u00a0<\/strong>y\u00a0<strong>Grupo Joly<\/strong>; a mediod\u00eda los c\u00f3cteles con\u00a0<strong>Sabor a M\u00e1laga<\/strong>; y al finalizar la jornada las \u201chappy hours\u201d con\u00a0<strong>Cerveza Victoria<\/strong>.<\/p>\n<p><strong>El 5GForum<\/strong>\u00a0est\u00e1 organizado por la productora\u00a0<strong>Medina Media<\/strong>\u00a0e impulsado por el\u00a0<strong>Polo de Contenidos Digitales\u00a0<\/strong>y el\u00a0<strong>Ayuntamiento de M\u00e1laga<\/strong>.<\/p>\n","protected":false},"excerpt":{"rendered":"<h2 class=\"null\">Ma\u00f1ana, mi\u00e9rcoles 25 de abril, arranca el 5GForum de M\u00e1laga, el primer encuentro multidisciplinar sobre la Quinta Generaci\u00f3n de las Telecomunicaciones (5G) que se celebra en Espa\u00f1a.<\/h2>\n<p>Durante dos d\u00edas, el\u00a0<strong>Polo de Contenidos Digitales de M\u00e1laga<\/strong>\u00a0ser\u00e1 el escenario de un evento que reunir\u00e1 a los\u00a0<strong>principales expertos<\/strong>\u00a0a nivel nacional sobre la\u00a0<strong>tecnolog\u00eda 5G<\/strong>, que ya est\u00e1 empezando a implantarse en toda Am\u00e9rica y que para el a\u00f1o 2020 ser\u00e1 realidad en Europa.<\/p>\n<p><img loading=\"lazy\" decoding=\"async\" class=\"aligncenter wp-image-949 size-large\" src=\"https:\/\/www.medinamediaevents.com\/web\/wp-content\/uploads\/2018\/12\/sponsors_1-1024x493.png\" alt=\"\" width=\"1024\" height=\"493\" srcset=\"https:\/\/www.medinamediaevents.com\/web\/wp-content\/uploads\/2018\/12\/sponsors_1-1024x493.png 1024w, https:\/\/www.medinamediaevents.com\/web\/wp-content\/uploads\/2018\/12\/sponsors_1-300x144.png 300w, https:\/\/www.medinamediaevents.com\/web\/wp-content\/uploads\/2018\/12\/sponsors_1-768x370.png 768w, https:\/\/www.medinamediaevents.com\/web\/wp-content\/uploads\/2018\/12\/sponsors_1.png 1724w\" sizes=\"auto, (max-width: 1024px) 100vw, 1024px\" \/><\/p>\n<p>Las tres principales empresas de transporte de se\u00f1al en Espa\u00f1a (<strong>Cellnex<\/strong>,\u00a0<strong>Axi\u00f3n\u00a0<\/strong>e\u00a0<strong>Hispasat<\/strong>) son\u00a0<strong>patrocinadores destacados del 5GForum<\/strong>, llamado a ser una\u00a0<strong>cita anual\u00a0<\/strong>para que los expertos pongan en com\u00fan a\u00f1o a a\u00f1o los avances de esta nueva tecnolog\u00eda.<\/p>\n<p>Multinacionales como\u00a0<strong>Samsung<\/strong>,\u00a0<strong>Nokia<\/strong>\u00a0y\u00a0<strong>Ericsson<\/strong>\u00a0avalan este encuentro que ha conseguido reunir a las tres principales operadoras de Espa\u00f1a:\u00a0<strong>Telef\u00f3nica<\/strong>,\u00a0<strong>Vodafone<\/strong>\u00a0y\u00a0<strong>Orange<\/strong>.<\/p>\n<p>Las\u00a0<strong>administraciones p\u00fablicas<\/strong>, que van a jugar un papel b\u00e1sico en el desarrollo y despliegue del 5G, tambi\u00e9n se han sumado al evento a todos los niveles: estatal (con\u00a0<strong>Red.es<\/strong>\u00a0y el\u00a0<strong>Ministerio de Energ\u00eda, Turismo y Agenda Digital<\/strong>), auton\u00f3mico (<strong>Junta de Andaluc\u00eda<\/strong>), provincial (<strong>Diputaci\u00f3n de M\u00e1laga<\/strong>) y municipal (<strong>Ayuntamientos de M\u00e1laga y Marbella<\/strong>).<\/p>\n<p>Las\u00a0<strong>aplicaciones del 5G al Turismo<\/strong>\u00a0ser\u00e1 uno de los temas principales del\u00a0<strong>5GForum<\/strong>. La instituci\u00f3n suiza\u00a0<strong>Les Roches patrocina este bloque de conferencias y mesas redondas<\/strong>\u00a0en el que tomar\u00e1n parte entidades como la sociedad estatal de Turismo e Innovaci\u00f3n (<strong>SEGITTUR<\/strong>),\u00a0<strong>Turismo Costa del Sol\u00a0<\/strong>y el\u00a0<strong>Ayuntamiento de Sevilla<\/strong>, con sus recientes experiencias de\u00a0<strong>Big Data en la Semana Santa y en la Feria de Abril<\/strong>.<\/p>\n<p><img loading=\"lazy\" decoding=\"async\" class=\"aligncenter wp-image-951 size-large\" src=\"https:\/\/www.medinamediaevents.com\/web\/wp-content\/uploads\/2018\/12\/sponsors_2-1024x315.png\" alt=\"\" width=\"1024\" height=\"315\" srcset=\"https:\/\/www.medinamediaevents.com\/web\/wp-content\/uploads\/2018\/12\/sponsors_2-1024x315.png 1024w, https:\/\/www.medinamediaevents.com\/web\/wp-content\/uploads\/2018\/12\/sponsors_2-300x92.png 300w, https:\/\/www.medinamediaevents.com\/web\/wp-content\/uploads\/2018\/12\/sponsors_2-768x237.png 768w, https:\/\/www.medinamediaevents.com\/web\/wp-content\/uploads\/2018\/12\/sponsors_2.png 1984w\" sizes=\"auto, (max-width: 1024px) 100vw, 1024px\" \/><\/p>\n<p>La\u00a0<strong>industria del autom\u00f3vil\u00a0<\/strong>tambi\u00e9n tendr\u00e1 un papel destacado en esta primera edici\u00f3n del 5GForum, con la relevante presencia de\u00a0<strong>SEAT<\/strong>, de un veh\u00edculo conectado que trae el Centro Tecnol\u00f3gico del Autom\u00f3vil de Galicia (<strong>CTAG<\/strong>) y del testimonio del presidente de la Asociaci\u00f3n Espa\u00f1ola de Veh\u00edculos Aut\u00f3nomos Conectados (<strong>AEVAC<\/strong>), que es invidente.<\/p>\n<p>El mundo de las\u00a0<strong>universidades<\/strong>\u00a0tambi\u00e9n estar\u00e1 presente con diferentes proyectos de investigaci\u00f3n sobre el 5G. Catedr\u00e1ticos de la\u00a0<strong>Universidad Polit\u00e9cnica de Valencia<\/strong>, de la\u00a0<strong>Universidad Polit\u00e9cnica de Madrid\u00a0<\/strong>y de la\u00a0<strong>Universidad de M\u00e1laga<\/strong>\u00a0presentar\u00e1n sus\u00a0<strong>mejores proyectos 5G.<\/strong><\/p>\n<p>Radio Televisi\u00f3n Espa\u00f1ola (<strong>RTVE<\/strong>) acudir\u00e1 al\u00a0<strong>5GForum<\/strong>\u00a0para exponer sus trabajos sobre\u00a0<strong>aplicaciones al mundo de los contenidos audiovisuales<\/strong>, especialmente en el \u00e1mbito de los Informativos. Y su aceleradora de start ups,<strong>\u00a0Impulsa Visi\u00f3n<\/strong>, explicar\u00e1 su modelo colaborativo para el\u00a0<strong>desarrollo tecnol\u00f3gico en el sector audiovisual<\/strong>.\u200b<\/p>\n<p>La\u00a0<strong>Salud<\/strong>, la\u00a0<strong>Telemedicina<\/strong>\u00a0y los\u00a0<strong>Servicios de Emergencia<\/strong>\u00a0tambi\u00e9n ser\u00e1n abordados en el\u00a0<strong>5GForum<\/strong>. El proyecto de la \u201c<strong>camiseta inteligente<\/strong>\u201d para casos de emergencia ser\u00e1 expuesto por los especialistas del\u00a0<strong>SAMUR<\/strong>\u00a0del\u00a0<strong>Ayuntamiento de Madrid<\/strong>.<\/p>\n<p>Adem\u00e1s, otras conferencias tratar\u00e1n sobre las repercusiones que va a tener la tecnolog\u00eda 5G en otros campos, como por ejemplo el entretenimiento en dispositivos m\u00f3viles.<\/p>\n<p><img loading=\"lazy\" decoding=\"async\" class=\"aligncenter wp-image-953 size-large\" src=\"https:\/\/www.medinamediaevents.com\/web\/wp-content\/uploads\/2018\/12\/sponsors_3-1024x560.png\" alt=\"\" width=\"1024\" height=\"560\" srcset=\"https:\/\/www.medinamediaevents.com\/web\/wp-content\/uploads\/2018\/12\/sponsors_3-1024x560.png 1024w, https:\/\/www.medinamediaevents.com\/web\/wp-content\/uploads\/2018\/12\/sponsors_3-300x164.png 300w, https:\/\/www.medinamediaevents.com\/web\/wp-content\/uploads\/2018\/12\/sponsors_3-768x420.png 768w, https:\/\/www.medinamediaevents.com\/web\/wp-content\/uploads\/2018\/12\/sponsors_3.png 1864w\" sizes=\"auto, (max-width: 1024px) 100vw, 1024px\" \/><\/p>\n<p>Dentro de la agenda tambi\u00e9n est\u00e1n contemplados momentos de networking, arrancando con el desayuno de bienvenida ofrecido por\u00a0<strong>Esca Catering\u00a0<\/strong>y\u00a0<strong>Grupo Joly<\/strong>; a mediod\u00eda los c\u00f3cteles con\u00a0<strong>Sabor a M\u00e1laga<\/strong>; y al finalizar la jornada las \u201chappy hours\u201d con\u00a0<strong>Cerveza Victoria<\/strong>.<\/p>\n<p><strong>El 5GForum<\/strong>\u00a0est\u00e1 organizado por la productora\u00a0<strong>Medina Media<\/strong>\u00a0e impulsado por el\u00a0<strong>Polo de Contenidos Digitales\u00a0<\/strong>y el\u00a0<strong>Ayuntamiento de M\u00e1laga<\/strong>.<\/p>\n","protected":false},"author":2,"featured_media":948,"comment_status":"open","ping_status":"closed","sticky":false,"template":"","format":"standard","meta":{"_acf_changed":false,"footnotes":""},"categories":[14],"tags":[],"class_list":["post-956","post","type-post","status-publish","format-standard","has-post-thumbnail","hentry","category-noticias-5g-forum"],"acf":[],"yoast_head":"<!-- This site is optimized with the Yoast SEO plugin v27.5 - https:\/\/yoast.com\/product\/yoast-seo-wordpress\/ -->\n<title>MA\u00d1ANA ARRANCA EL 5GFORUM CON UNA AGENDA DE PRIMER NIVEL - Medina Media EVENTS<\/title>\n<meta name=\"robots\" content=\"index, follow, max-snippet:-1, max-image-preview:large, max-video-preview:-1\" \/>\n<link rel=\"canonical\" href=\"https:\/\/www.medinamediaevents.com\/es\/manana-arranca-el-5gforum-con-una-agenda-de-primer-nivel\/\" \/>\n<meta property=\"og:locale\" content=\"es_ES\" \/>\n<meta property=\"og:type\" content=\"article\" \/>\n<meta property=\"og:title\" content=\"MA\u00d1ANA ARRANCA EL 5GFORUM CON UNA AGENDA DE PRIMER NIVEL - Medina Media EVENTS\" \/>\n<meta property=\"og:description\" content=\"Ma\u00f1ana, mi\u00e9rcoles 25 de abril, arranca el 5GForum de M\u00e1laga, el primer encuentro multidisciplinar sobre la Quinta Generaci\u00f3n de las Telecomunicaciones (5G) que se celebra en Espa\u00f1a. Durante dos d\u00edas, el\u00a0Polo de Contenidos Digitales de M\u00e1laga\u00a0ser\u00e1 el escenario de un evento que reunir\u00e1 a los\u00a0principales expertos\u00a0a nivel nacional sobre la\u00a0tecnolog\u00eda 5G, que ya est\u00e1 empezando a implantarse en toda Am\u00e9rica y que para el a\u00f1o 2020 ser\u00e1 realidad en Europa.    Las tres principales empresas de transporte de se\u00f1al en Espa\u00f1a (Cellnex,\u00a0Axi\u00f3n\u00a0e\u00a0Hispasat) son\u00a0patrocinadores destacados del 5GForum, llamado a ser una\u00a0cita anual\u00a0para que los expertos pongan en com\u00fan a\u00f1o a a\u00f1o los avances de esta nueva tecnolog\u00eda.  Multinacionales como\u00a0Samsung,\u00a0Nokia\u00a0y\u00a0Ericsson\u00a0avalan este encuentro que ha conseguido reunir a las tres principales operadoras de Espa\u00f1a:\u00a0Telef\u00f3nica,\u00a0Vodafone\u00a0y\u00a0Orange.  Las\u00a0administraciones p\u00fablicas, que van a jugar un papel b\u00e1sico en el desarrollo y despliegue del 5G, tambi\u00e9n se han sumado al evento a todos los niveles: estatal (con\u00a0Red.es\u00a0y el\u00a0Ministerio de Energ\u00eda, Turismo y Agenda Digital), auton\u00f3mico (Junta de Andaluc\u00eda), provincial (Diputaci\u00f3n de M\u00e1laga) y municipal (Ayuntamientos de M\u00e1laga y Marbella).  Las\u00a0aplicaciones del 5G al Turismo\u00a0ser\u00e1 uno de los temas principales del\u00a05GForum. La instituci\u00f3n suiza\u00a0Les Roches patrocina este bloque de conferencias y mesas redondas\u00a0en el que tomar\u00e1n parte entidades como la sociedad estatal de Turismo e Innovaci\u00f3n (SEGITTUR),\u00a0Turismo Costa del Sol\u00a0y el\u00a0Ayuntamiento de Sevilla, con sus recientes experiencias de\u00a0Big Data en la Semana Santa y en la Feria de Abril.    La\u00a0industria del autom\u00f3vil\u00a0tambi\u00e9n tendr\u00e1 un papel destacado en esta primera edici\u00f3n del 5GForum, con la relevante presencia de\u00a0SEAT, de un veh\u00edculo conectado que trae el Centro Tecnol\u00f3gico del Autom\u00f3vil de Galicia (CTAG) y del testimonio del presidente de la Asociaci\u00f3n Espa\u00f1ola de Veh\u00edculos Aut\u00f3nomos Conectados (AEVAC), que es invidente.  El mundo de las\u00a0universidades\u00a0tambi\u00e9n estar\u00e1 presente con diferentes proyectos de investigaci\u00f3n sobre el 5G. Catedr\u00e1ticos de la\u00a0Universidad Polit\u00e9cnica de Valencia, de la\u00a0Universidad Polit\u00e9cnica de Madrid\u00a0y de la\u00a0Universidad de M\u00e1laga\u00a0presentar\u00e1n sus\u00a0mejores proyectos 5G.  Radio Televisi\u00f3n Espa\u00f1ola (RTVE) acudir\u00e1 al\u00a05GForum\u00a0para exponer sus trabajos sobre\u00a0aplicaciones al mundo de los contenidos audiovisuales, especialmente en el \u00e1mbito de los Informativos. Y su aceleradora de start ups,\u00a0Impulsa Visi\u00f3n, explicar\u00e1 su modelo colaborativo para el\u00a0desarrollo tecnol\u00f3gico en el sector audiovisual.\u200b  La\u00a0Salud, la\u00a0Telemedicina\u00a0y los\u00a0Servicios de Emergencia\u00a0tambi\u00e9n ser\u00e1n abordados en el\u00a05GForum. El proyecto de la \u201ccamiseta inteligente\u201d para casos de emergencia ser\u00e1 expuesto por los especialistas del\u00a0SAMUR\u00a0del\u00a0Ayuntamiento de Madrid.  Adem\u00e1s, otras conferencias tratar\u00e1n sobre las repercusiones que va a tener la tecnolog\u00eda 5G en otros campos, como por ejemplo el entretenimiento en dispositivos m\u00f3viles.    Dentro de la agenda tambi\u00e9n est\u00e1n contemplados momentos de networking, arrancando con el desayuno de bienvenida ofrecido por\u00a0Esca Catering\u00a0y\u00a0Grupo Joly; a mediod\u00eda los c\u00f3cteles con\u00a0Sabor a M\u00e1laga; y al finalizar la jornada las \u201chappy hours\u201d con\u00a0Cerveza Victoria.  El 5GForum\u00a0est\u00e1 organizado por la productora\u00a0Medina Media\u00a0e impulsado por el\u00a0Polo de Contenidos Digitales\u00a0y el\u00a0Ayuntamiento de M\u00e1laga.\" \/>\n<meta property=\"og:url\" content=\"https:\/\/www.medinamediaevents.com\/es\/manana-arranca-el-5gforum-con-una-agenda-de-primer-nivel\/\" \/>\n<meta property=\"og:site_name\" content=\"Medina Media EVENTS\" \/>\n<meta property=\"article:published_time\" content=\"2018-11-14T13:03:36+00:00\" \/>\n<meta property=\"article:modified_time\" content=\"2018-12-28T13:07:29+00:00\" \/>\n<meta property=\"og:image\" content=\"https:\/\/www.medinamediaevents.com\/web\/wp-content\/uploads\/2018\/12\/cabecera-mail.jpg\" \/>\n\t<meta property=\"og:image:width\" content=\"943\" \/>\n\t<meta property=\"og:image:height\" content=\"488\" \/>\n\t<meta property=\"og:image:type\" content=\"image\/jpeg\" \/>\n<meta name=\"author\" content=\"MME\" \/>\n<meta name=\"twitter:card\" content=\"summary_large_image\" \/>\n<meta name=\"twitter:label1\" content=\"Escrito por\" \/>\n\t<meta name=\"twitter:data1\" content=\"MME\" \/>\n\t<meta name=\"twitter:label2\" content=\"Tiempo de lectura\" \/>\n\t<meta name=\"twitter:data2\" content=\"3 minutos\" \/>\n<script type=\"application\/ld+json\" class=\"yoast-schema-graph\">{\"@context\":\"https:\\\/\\\/schema.org\",\"@graph\":[{\"@type\":\"Article\",\"@id\":\"https:\\\/\\\/www.medinamediaevents.com\\\/es\\\/manana-arranca-el-5gforum-con-una-agenda-de-primer-nivel\\\/#article\",\"isPartOf\":{\"@id\":\"https:\\\/\\\/www.medinamediaevents.com\\\/es\\\/manana-arranca-el-5gforum-con-una-agenda-de-primer-nivel\\\/\"},\"author\":{\"name\":\"MME\",\"@id\":\"https:\\\/\\\/www.medinamediaevents.com\\\/es\\\/#\\\/schema\\\/person\\\/7d2bf7ca8ea9d145a6e6ec897c79311c\"},\"headline\":\"MA\u00d1ANA ARRANCA EL 5GFORUM CON UNA AGENDA DE PRIMER NIVEL\",\"datePublished\":\"2018-11-14T13:03:36+00:00\",\"dateModified\":\"2018-12-28T13:07:29+00:00\",\"mainEntityOfPage\":{\"@id\":\"https:\\\/\\\/www.medinamediaevents.com\\\/es\\\/manana-arranca-el-5gforum-con-una-agenda-de-primer-nivel\\\/\"},\"wordCount\":599,\"commentCount\":0,\"publisher\":{\"@id\":\"https:\\\/\\\/www.medinamediaevents.com\\\/es\\\/#organization\"},\"image\":{\"@id\":\"https:\\\/\\\/www.medinamediaevents.com\\\/es\\\/manana-arranca-el-5gforum-con-una-agenda-de-primer-nivel\\\/#primaryimage\"},\"thumbnailUrl\":\"https:\\\/\\\/www.medinamediaevents.com\\\/web\\\/wp-content\\\/uploads\\\/2018\\\/12\\\/cabecera-mail.jpg\",\"articleSection\":[\"5G FORUM\"],\"inLanguage\":\"es\"},{\"@type\":\"WebPage\",\"@id\":\"https:\\\/\\\/www.medinamediaevents.com\\\/es\\\/manana-arranca-el-5gforum-con-una-agenda-de-primer-nivel\\\/\",\"url\":\"https:\\\/\\\/www.medinamediaevents.com\\\/es\\\/manana-arranca-el-5gforum-con-una-agenda-de-primer-nivel\\\/\",\"name\":\"MA\u00d1ANA ARRANCA EL 5GFORUM CON UNA AGENDA DE PRIMER NIVEL - Medina Media EVENTS\",\"isPartOf\":{\"@id\":\"https:\\\/\\\/www.medinamediaevents.com\\\/es\\\/#website\"},\"primaryImageOfPage\":{\"@id\":\"https:\\\/\\\/www.medinamediaevents.com\\\/es\\\/manana-arranca-el-5gforum-con-una-agenda-de-primer-nivel\\\/#primaryimage\"},\"image\":{\"@id\":\"https:\\\/\\\/www.medinamediaevents.com\\\/es\\\/manana-arranca-el-5gforum-con-una-agenda-de-primer-nivel\\\/#primaryimage\"},\"thumbnailUrl\":\"https:\\\/\\\/www.medinamediaevents.com\\\/web\\\/wp-content\\\/uploads\\\/2018\\\/12\\\/cabecera-mail.jpg\",\"datePublished\":\"2018-11-14T13:03:36+00:00\",\"dateModified\":\"2018-12-28T13:07:29+00:00\",\"breadcrumb\":{\"@id\":\"https:\\\/\\\/www.medinamediaevents.com\\\/es\\\/manana-arranca-el-5gforum-con-una-agenda-de-primer-nivel\\\/#breadcrumb\"},\"inLanguage\":\"es\",\"potentialAction\":[{\"@type\":\"ReadAction\",\"target\":[\"https:\\\/\\\/www.medinamediaevents.com\\\/es\\\/manana-arranca-el-5gforum-con-una-agenda-de-primer-nivel\\\/\"]}]},{\"@type\":\"ImageObject\",\"inLanguage\":\"es\",\"@id\":\"https:\\\/\\\/www.medinamediaevents.com\\\/es\\\/manana-arranca-el-5gforum-con-una-agenda-de-primer-nivel\\\/#primaryimage\",\"url\":\"https:\\\/\\\/www.medinamediaevents.com\\\/web\\\/wp-content\\\/uploads\\\/2018\\\/12\\\/cabecera-mail.jpg\",\"contentUrl\":\"https:\\\/\\\/www.medinamediaevents.com\\\/web\\\/wp-content\\\/uploads\\\/2018\\\/12\\\/cabecera-mail.jpg\",\"width\":943,\"height\":488},{\"@type\":\"BreadcrumbList\",\"@id\":\"https:\\\/\\\/www.medinamediaevents.com\\\/es\\\/manana-arranca-el-5gforum-con-una-agenda-de-primer-nivel\\\/#breadcrumb\",\"itemListElement\":[{\"@type\":\"ListItem\",\"position\":1,\"name\":\"Home\",\"item\":\"https:\\\/\\\/www.medinamediaevents.com\\\/es\\\/\"},{\"@type\":\"ListItem\",\"position\":2,\"name\":\"MA\u00d1ANA ARRANCA EL 5GFORUM CON UNA AGENDA DE PRIMER NIVEL\"}]},{\"@type\":\"WebSite\",\"@id\":\"https:\\\/\\\/www.medinamediaevents.com\\\/es\\\/#website\",\"url\":\"https:\\\/\\\/www.medinamediaevents.com\\\/es\\\/\",\"name\":\"Medina Media EVENTS\",\"description\":\"\",\"publisher\":{\"@id\":\"https:\\\/\\\/www.medinamediaevents.com\\\/es\\\/#organization\"},\"potentialAction\":[{\"@type\":\"SearchAction\",\"target\":{\"@type\":\"EntryPoint\",\"urlTemplate\":\"https:\\\/\\\/www.medinamediaevents.com\\\/es\\\/?s={search_term_string}\"},\"query-input\":{\"@type\":\"PropertyValueSpecification\",\"valueRequired\":true,\"valueName\":\"search_term_string\"}}],\"inLanguage\":\"es\"},{\"@type\":\"Organization\",\"@id\":\"https:\\\/\\\/www.medinamediaevents.com\\\/es\\\/#organization\",\"name\":\"Medina Media Events\",\"url\":\"https:\\\/\\\/www.medinamediaevents.com\\\/es\\\/\",\"logo\":{\"@type\":\"ImageObject\",\"inLanguage\":\"es\",\"@id\":\"https:\\\/\\\/www.medinamediaevents.com\\\/es\\\/#\\\/schema\\\/logo\\\/image\\\/\",\"url\":\"https:\\\/\\\/www.medinamediaevents.com\\\/web\\\/wp-content\\\/uploads\\\/2018\\\/11\\\/mm_events_logo2018.png\",\"contentUrl\":\"https:\\\/\\\/www.medinamediaevents.com\\\/web\\\/wp-content\\\/uploads\\\/2018\\\/11\\\/mm_events_logo2018.png\",\"width\":1200,\"height\":750,\"caption\":\"Medina Media Events\"},\"image\":{\"@id\":\"https:\\\/\\\/www.medinamediaevents.com\\\/es\\\/#\\\/schema\\\/logo\\\/image\\\/\"}},{\"@type\":\"Person\",\"@id\":\"https:\\\/\\\/www.medinamediaevents.com\\\/es\\\/#\\\/schema\\\/person\\\/7d2bf7ca8ea9d145a6e6ec897c79311c\",\"name\":\"MME\"}]}<\/script>\n<!-- \/ Yoast SEO plugin. -->","yoast_head_json":{"title":"MA\u00d1ANA ARRANCA EL 5GFORUM CON UNA AGENDA DE PRIMER NIVEL - Medina Media EVENTS","robots":{"index":"index","follow":"follow","max-snippet":"max-snippet:-1","max-image-preview":"max-image-preview:large","max-video-preview":"max-video-preview:-1"},"canonical":"https:\/\/www.medinamediaevents.com\/es\/manana-arranca-el-5gforum-con-una-agenda-de-primer-nivel\/","og_locale":"es_ES","og_type":"article","og_title":"MA\u00d1ANA ARRANCA EL 5GFORUM CON UNA AGENDA DE PRIMER NIVEL - Medina Media EVENTS","og_description":"Ma\u00f1ana, mi\u00e9rcoles 25 de abril, arranca el 5GForum de M\u00e1laga, el primer encuentro multidisciplinar sobre la Quinta Generaci\u00f3n de las Telecomunicaciones (5G) que se celebra en Espa\u00f1a. Durante dos d\u00edas, el\u00a0Polo de Contenidos Digitales de M\u00e1laga\u00a0ser\u00e1 el escenario de un evento que reunir\u00e1 a los\u00a0principales expertos\u00a0a nivel nacional sobre la\u00a0tecnolog\u00eda 5G, que ya est\u00e1 empezando a implantarse en toda Am\u00e9rica y que para el a\u00f1o 2020 ser\u00e1 realidad en Europa.    Las tres principales empresas de transporte de se\u00f1al en Espa\u00f1a (Cellnex,\u00a0Axi\u00f3n\u00a0e\u00a0Hispasat) son\u00a0patrocinadores destacados del 5GForum, llamado a ser una\u00a0cita anual\u00a0para que los expertos pongan en com\u00fan a\u00f1o a a\u00f1o los avances de esta nueva tecnolog\u00eda.  Multinacionales como\u00a0Samsung,\u00a0Nokia\u00a0y\u00a0Ericsson\u00a0avalan este encuentro que ha conseguido reunir a las tres principales operadoras de Espa\u00f1a:\u00a0Telef\u00f3nica,\u00a0Vodafone\u00a0y\u00a0Orange.  Las\u00a0administraciones p\u00fablicas, que van a jugar un papel b\u00e1sico en el desarrollo y despliegue del 5G, tambi\u00e9n se han sumado al evento a todos los niveles: estatal (con\u00a0Red.es\u00a0y el\u00a0Ministerio de Energ\u00eda, Turismo y Agenda Digital), auton\u00f3mico (Junta de Andaluc\u00eda), provincial (Diputaci\u00f3n de M\u00e1laga) y municipal (Ayuntamientos de M\u00e1laga y Marbella).  Las\u00a0aplicaciones del 5G al Turismo\u00a0ser\u00e1 uno de los temas principales del\u00a05GForum. La instituci\u00f3n suiza\u00a0Les Roches patrocina este bloque de conferencias y mesas redondas\u00a0en el que tomar\u00e1n parte entidades como la sociedad estatal de Turismo e Innovaci\u00f3n (SEGITTUR),\u00a0Turismo Costa del Sol\u00a0y el\u00a0Ayuntamiento de Sevilla, con sus recientes experiencias de\u00a0Big Data en la Semana Santa y en la Feria de Abril.    La\u00a0industria del autom\u00f3vil\u00a0tambi\u00e9n tendr\u00e1 un papel destacado en esta primera edici\u00f3n del 5GForum, con la relevante presencia de\u00a0SEAT, de un veh\u00edculo conectado que trae el Centro Tecnol\u00f3gico del Autom\u00f3vil de Galicia (CTAG) y del testimonio del presidente de la Asociaci\u00f3n Espa\u00f1ola de Veh\u00edculos Aut\u00f3nomos Conectados (AEVAC), que es invidente.  El mundo de las\u00a0universidades\u00a0tambi\u00e9n estar\u00e1 presente con diferentes proyectos de investigaci\u00f3n sobre el 5G. Catedr\u00e1ticos de la\u00a0Universidad Polit\u00e9cnica de Valencia, de la\u00a0Universidad Polit\u00e9cnica de Madrid\u00a0y de la\u00a0Universidad de M\u00e1laga\u00a0presentar\u00e1n sus\u00a0mejores proyectos 5G.  Radio Televisi\u00f3n Espa\u00f1ola (RTVE) acudir\u00e1 al\u00a05GForum\u00a0para exponer sus trabajos sobre\u00a0aplicaciones al mundo de los contenidos audiovisuales, especialmente en el \u00e1mbito de los Informativos. Y su aceleradora de start ups,\u00a0Impulsa Visi\u00f3n, explicar\u00e1 su modelo colaborativo para el\u00a0desarrollo tecnol\u00f3gico en el sector audiovisual.\u200b  La\u00a0Salud, la\u00a0Telemedicina\u00a0y los\u00a0Servicios de Emergencia\u00a0tambi\u00e9n ser\u00e1n abordados en el\u00a05GForum. El proyecto de la \u201ccamiseta inteligente\u201d para casos de emergencia ser\u00e1 expuesto por los especialistas del\u00a0SAMUR\u00a0del\u00a0Ayuntamiento de Madrid.  Adem\u00e1s, otras conferencias tratar\u00e1n sobre las repercusiones que va a tener la tecnolog\u00eda 5G en otros campos, como por ejemplo el entretenimiento en dispositivos m\u00f3viles.    Dentro de la agenda tambi\u00e9n est\u00e1n contemplados momentos de networking, arrancando con el desayuno de bienvenida ofrecido por\u00a0Esca Catering\u00a0y\u00a0Grupo Joly; a mediod\u00eda los c\u00f3cteles con\u00a0Sabor a M\u00e1laga; y al finalizar la jornada las \u201chappy hours\u201d con\u00a0Cerveza Victoria.  El 5GForum\u00a0est\u00e1 organizado por la productora\u00a0Medina Media\u00a0e impulsado por el\u00a0Polo de Contenidos Digitales\u00a0y el\u00a0Ayuntamiento de M\u00e1laga.","og_url":"https:\/\/www.medinamediaevents.com\/es\/manana-arranca-el-5gforum-con-una-agenda-de-primer-nivel\/","og_site_name":"Medina Media EVENTS","article_published_time":"2018-11-14T13:03:36+00:00","article_modified_time":"2018-12-28T13:07:29+00:00","og_image":[{"width":943,"height":488,"url":"https:\/\/www.medinamediaevents.com\/web\/wp-content\/uploads\/2018\/12\/cabecera-mail.jpg","type":"image\/jpeg"}],"author":"MME","twitter_card":"summary_large_image","twitter_misc":{"Escrito por":"MME","Tiempo de lectura":"3 minutos"},"schema":{"@context":"https:\/\/schema.org","@graph":[{"@type":"Article","@id":"https:\/\/www.medinamediaevents.com\/es\/manana-arranca-el-5gforum-con-una-agenda-de-primer-nivel\/#article","isPartOf":{"@id":"https:\/\/www.medinamediaevents.com\/es\/manana-arranca-el-5gforum-con-una-agenda-de-primer-nivel\/"},"author":{"name":"MME","@id":"https:\/\/www.medinamediaevents.com\/es\/#\/schema\/person\/7d2bf7ca8ea9d145a6e6ec897c79311c"},"headline":"MA\u00d1ANA ARRANCA EL 5GFORUM CON UNA AGENDA DE PRIMER NIVEL","datePublished":"2018-11-14T13:03:36+00:00","dateModified":"2018-12-28T13:07:29+00:00","mainEntityOfPage":{"@id":"https:\/\/www.medinamediaevents.com\/es\/manana-arranca-el-5gforum-con-una-agenda-de-primer-nivel\/"},"wordCount":599,"commentCount":0,"publisher":{"@id":"https:\/\/www.medinamediaevents.com\/es\/#organization"},"image":{"@id":"https:\/\/www.medinamediaevents.com\/es\/manana-arranca-el-5gforum-con-una-agenda-de-primer-nivel\/#primaryimage"},"thumbnailUrl":"https:\/\/www.medinamediaevents.com\/web\/wp-content\/uploads\/2018\/12\/cabecera-mail.jpg","articleSection":["5G FORUM"],"inLanguage":"es"},{"@type":"WebPage","@id":"https:\/\/www.medinamediaevents.com\/es\/manana-arranca-el-5gforum-con-una-agenda-de-primer-nivel\/","url":"https:\/\/www.medinamediaevents.com\/es\/manana-arranca-el-5gforum-con-una-agenda-de-primer-nivel\/","name":"MA\u00d1ANA ARRANCA EL 5GFORUM CON UNA AGENDA DE PRIMER NIVEL - Medina Media EVENTS","isPartOf":{"@id":"https:\/\/www.medinamediaevents.com\/es\/#website"},"primaryImageOfPage":{"@id":"https:\/\/www.medinamediaevents.com\/es\/manana-arranca-el-5gforum-con-una-agenda-de-primer-nivel\/#primaryimage"},"image":{"@id":"https:\/\/www.medinamediaevents.com\/es\/manana-arranca-el-5gforum-con-una-agenda-de-primer-nivel\/#primaryimage"},"thumbnailUrl":"https:\/\/www.medinamediaevents.com\/web\/wp-content\/uploads\/2018\/12\/cabecera-mail.jpg","datePublished":"2018-11-14T13:03:36+00:00","dateModified":"2018-12-28T13:07:29+00:00","breadcrumb":{"@id":"https:\/\/www.medinamediaevents.com\/es\/manana-arranca-el-5gforum-con-una-agenda-de-primer-nivel\/#breadcrumb"},"inLanguage":"es","potentialAction":[{"@type":"ReadAction","target":["https:\/\/www.medinamediaevents.com\/es\/manana-arranca-el-5gforum-con-una-agenda-de-primer-nivel\/"]}]},{"@type":"ImageObject","inLanguage":"es","@id":"https:\/\/www.medinamediaevents.com\/es\/manana-arranca-el-5gforum-con-una-agenda-de-primer-nivel\/#primaryimage","url":"https:\/\/www.medinamediaevents.com\/web\/wp-content\/uploads\/2018\/12\/cabecera-mail.jpg","contentUrl":"https:\/\/www.medinamediaevents.com\/web\/wp-content\/uploads\/2018\/12\/cabecera-mail.jpg","width":943,"height":488},{"@type":"BreadcrumbList","@id":"https:\/\/www.medinamediaevents.com\/es\/manana-arranca-el-5gforum-con-una-agenda-de-primer-nivel\/#breadcrumb","itemListElement":[{"@type":"ListItem","position":1,"name":"Home","item":"https:\/\/www.medinamediaevents.com\/es\/"},{"@type":"ListItem","position":2,"name":"MA\u00d1ANA ARRANCA EL 5GFORUM CON UNA AGENDA DE PRIMER NIVEL"}]},{"@type":"WebSite","@id":"https:\/\/www.medinamediaevents.com\/es\/#website","url":"https:\/\/www.medinamediaevents.com\/es\/","name":"Medina Media EVENTS","description":"","publisher":{"@id":"https:\/\/www.medinamediaevents.com\/es\/#organization"},"potentialAction":[{"@type":"SearchAction","target":{"@type":"EntryPoint","urlTemplate":"https:\/\/www.medinamediaevents.com\/es\/?s={search_term_string}"},"query-input":{"@type":"PropertyValueSpecification","valueRequired":true,"valueName":"search_term_string"}}],"inLanguage":"es"},{"@type":"Organization","@id":"https:\/\/www.medinamediaevents.com\/es\/#organization","name":"Medina Media Events","url":"https:\/\/www.medinamediaevents.com\/es\/","logo":{"@type":"ImageObject","inLanguage":"es","@id":"https:\/\/www.medinamediaevents.com\/es\/#\/schema\/logo\/image\/","url":"https:\/\/www.medinamediaevents.com\/web\/wp-content\/uploads\/2018\/11\/mm_events_logo2018.png","contentUrl":"https:\/\/www.medinamediaevents.com\/web\/wp-content\/uploads\/2018\/11\/mm_events_logo2018.png","width":1200,"height":750,"caption":"Medina Media Events"},"image":{"@id":"https:\/\/www.medinamediaevents.com\/es\/#\/schema\/logo\/image\/"}},{"@type":"Person","@id":"https:\/\/www.medinamediaevents.com\/es\/#\/schema\/person\/7d2bf7ca8ea9d145a6e6ec897c79311c","name":"MME"}]}},"_links":{"self":[{"href":"https:\/\/www.medinamediaevents.com\/es\/wp-json\/wp\/v2\/posts\/956","targetHints":{"allow":["GET"]}}],"collection":[{"href":"https:\/\/www.medinamediaevents.com\/es\/wp-json\/wp\/v2\/posts"}],"about":[{"href":"https:\/\/www.medinamediaevents.com\/es\/wp-json\/wp\/v2\/types\/post"}],"author":[{"embeddable":true,"href":"https:\/\/www.medinamediaevents.com\/es\/wp-json\/wp\/v2\/users\/2"}],"replies":[{"embeddable":true,"href":"https:\/\/www.medinamediaevents.com\/es\/wp-json\/wp\/v2\/comments?post=956"}],"version-history":[{"count":0,"href":"https:\/\/www.medinamediaevents.com\/es\/wp-json\/wp\/v2\/posts\/956\/revisions"}],"wp:featuredmedia":[{"embeddable":true,"href":"https:\/\/www.medinamediaevents.com\/es\/wp-json\/wp\/v2\/media\/948"}],"wp:attachment":[{"href":"https:\/\/www.medinamediaevents.com\/es\/wp-json\/wp\/v2\/media?parent=956"}],"wp:term":[{"taxonomy":"category","embeddable":true,"href":"https:\/\/www.medinamediaevents.com\/es\/wp-json\/wp\/v2\/categories?post=956"},{"taxonomy":"post_tag","embeddable":true,"href":"https:\/\/www.medinamediaevents.com\/es\/wp-json\/wp\/v2\/tags?post=956"}],"curies":[{"name":"wp","href":"https:\/\/api.w.org\/{rel}","templated":true}]}}