{"id":902,"date":"2018-11-16T13:08:58","date_gmt":"2018-11-16T12:08:58","guid":{"rendered":"https:\/\/www.medinamediaevents.com\/?p=902"},"modified":"2018-12-28T13:18:03","modified_gmt":"2018-12-28T12:18:03","slug":"el-5gforum-exito-de-agenda-networking-y-negocios","status":"publish","type":"post","link":"https:\/\/www.medinamediaevents.com\/es\/el-5gforum-exito-de-agenda-networking-y-negocios\/","title":{"rendered":"EL 5GFORUM: \u00c9XITO DE AGENDA, NETWORKING Y NEGOCIOS"},"content":{"rendered":"<h2>La segunda edici\u00f3n tendr\u00e1 lugar el 24 y 25 de abril de 2019<\/h2>\n<p><strong>La primera edici\u00f3n del 5G Forum logr\u00f3 un triple objetivo<\/strong>: ofrecer\u00a0<strong>la mejor agenda de ponentes\u00a0<\/strong>nunca antes reunida en Espa\u00f1a sobre el 5G, convertirse en un\u00a0<strong>punto de networking tecnol\u00f3gico de primer nivel<\/strong>\u00a0y que los 250 ejecutivos representantes de m\u00e1s de 100 empresas abrieran\u00a0<strong>nuevas posibilidades de negocio<\/strong>.<\/p>\n<p>Durante dos d\u00edas, el 25 y el 26 de abril de 2017, el\u00a0<strong>Polo de Contenidos Digitales de M\u00e1laga<\/strong>\u00a0fue el escenario del\u00a0<strong>primer encuentro multidisciplinar sobre el 5G<\/strong>\u00a0que se ha celebrado en Espa\u00f1a sobre la tecnolog\u00eda 5G.<\/p>\n<p>Ricardo Medina, CEO de\u00a0<strong>Medina Media<\/strong>, organizadora del evento, anunci\u00f3 en la clausura que<strong>\u00a0la segunda edici\u00f3n del 5GForum se celebrar\u00e1 los d\u00edas 24 y 25 de abril de 2019<\/strong>\u00a0para seguir examinando anualmente la evoluci\u00f3n de esta tecnolog\u00eda, que abre las posibilidades de conectividad a muchos campos, m\u00e1s all\u00e1 de la telefon\u00eda.<\/p>\n<p>\u201cEl\u00a0<strong>5GForum<\/strong>\u00a0mantendr\u00e1 su esp\u00edritu de evento familiar (no masificado) para seguir siendo el\u00a0<strong>punto de encuentro de los presidentes, directores generales, directivos, expertos, profesionales e investigadores del 5G<\/strong>\u00a0en un ambiente donde se encuentran a gusto y fluyen los contactos para hacer negocio\u201d, asegur\u00f3 Medina.<\/p>\n<p><img loading=\"lazy\" decoding=\"async\" class=\"aligncenter wp-image-903 size-large\" src=\"https:\/\/www.medinamediaevents.com\/web\/wp-content\/uploads\/2018\/12\/NETWORKING_5GFORUM-1024x683.jpg\" alt=\"\" width=\"1024\" height=\"683\" srcset=\"https:\/\/www.medinamediaevents.com\/web\/wp-content\/uploads\/2018\/12\/NETWORKING_5GFORUM.jpg 1024w, https:\/\/www.medinamediaevents.com\/web\/wp-content\/uploads\/2018\/12\/NETWORKING_5GFORUM-300x200.jpg 300w, https:\/\/www.medinamediaevents.com\/web\/wp-content\/uploads\/2018\/12\/NETWORKING_5GFORUM-768x512.jpg 768w\" sizes=\"auto, (max-width: 1024px) 100vw, 1024px\" \/><\/p>\n<p>Empresas como\u00a0<strong>Samsung, Nokia, Cellnex, Axi\u00f3n, Hispasat, RTVE y Les Roches<\/strong>, entre otras, patrocinaron este encuentro pionero en el que tambi\u00e9n participaron los m\u00e1ximos expertos en 5G de multinacionales como\u00a0<strong>Telef\u00f3nica, Vodafone, Orange, Ericsson o SEAT<\/strong>.<\/p>\n<p>La primera edici\u00f3n del\u00a0<strong>5GForum<\/strong>\u00a0ofreci\u00f3\u00a0<strong>25 ponencias y mesas redondas\u00a0<\/strong>sobre el despliegue del 5G, smart cities, autom\u00f3viles conectados, servicios de emergencia, turismo, entretenimiento, etc.<\/p>\n<p><img loading=\"lazy\" decoding=\"async\" class=\"aligncenter wp-image-905 size-large\" src=\"https:\/\/www.medinamediaevents.com\/web\/wp-content\/uploads\/2018\/12\/SET_NOKIA_5GFORUM-1024x683.jpg\" alt=\"\" width=\"1024\" height=\"683\" srcset=\"https:\/\/www.medinamediaevents.com\/web\/wp-content\/uploads\/2018\/12\/SET_NOKIA_5GFORUM.jpg 1024w, https:\/\/www.medinamediaevents.com\/web\/wp-content\/uploads\/2018\/12\/SET_NOKIA_5GFORUM-300x200.jpg 300w, https:\/\/www.medinamediaevents.com\/web\/wp-content\/uploads\/2018\/12\/SET_NOKIA_5GFORUM-768x512.jpg 768w\" sizes=\"auto, (max-width: 1024px) 100vw, 1024px\" \/><\/p>\n<p>El\u00a0<strong>5G Forum<\/strong>\u00a0arranc\u00f3 en el\u00a0<strong>Polo de Contenidos Digitales\u00a0<\/strong>con la visita del\u00a0<strong>Alcalde de M\u00e1laga, Francisco de la Torre; el consejero de Empleo, Empresa y Comercio, Javier Carnero; y el Director General de Red.es, Jos\u00e9 Manuel Leceta<\/strong>.<\/p>\n<p><strong>Francisco Hortig\u00fcela<\/strong>, Director de de Relaciones Institucionales, Comunicaci\u00f3n y Ciudadan\u00eda Corporativa de\u00a0<strong>Samsung<\/strong>\u00a0Espa\u00f1a, fue el encargado de abrir las ponencias\u00a0y explic\u00f3\u00a0la importancia del 5G para que haya datos ilimitados e incluso para conducir un coche en un futuro inmediato.<\/p>\n<p><strong>Jorge Alberto Jim\u00e9nez<\/strong>, Presidente Ejecutivo de\u00a0<strong>Axi\u00f3n<\/strong>, sentenci\u00f3 que \u201ca la Cuarta Generaci\u00f3n (4G) a\u00fan le queda vida. Sin embargo, la que est\u00e1 por llegar convivir\u00e1 mucho m\u00e1s con nosotros que su antecesora, pues sus posibilidades son pr\u00e1cticamente ilimitadas\u201d.<\/p>\n<p><strong>In\u00e9s Sanz<\/strong>, Responsable de Ingenier\u00eda de Clientes de\u00a0<strong>Hispasat<\/strong>, destac\u00f3 que \u201cel 5G requiere de la inclusi\u00f3n del sat\u00e9lite para conseguir Internet para todos y en cualquier lugar. El sat\u00e9lite es\u00a0<em>wireless<\/em>, al igual que el 5G\u201d.<\/p>\n<p><strong>\u00d3scar Pallarols<\/strong>, Director de Innovaci\u00f3n y Estrategia de Producto de\u00a0<strong>Cellnex Telecom<\/strong>, subray\u00f3 la necesidad de la fibra para poder optimizar el 5G y destac\u00f3 la rapidez de las nuevas tecnolog\u00edas: \u201cCuando veamos la primera aplicaci\u00f3n real del 5G en Espa\u00f1a, ya se empezar\u00e1 a hablar del 6G\u201d.<\/p>\n<p>Por su parte, el Presidente de\u00a0<strong>Nokia<\/strong>\u00a0en Espa\u00f1a,\u00a0<strong>Ignacio Gallego, anunci\u00f3 que pondr\u00e1n<\/strong>\u00a0<strong>cobertura a la Luna el a\u00f1o que viene, en colaboraci\u00f3n con la NASA<\/strong>, coincidiendo con que\u00a0en 2019 se cumple el 50 aniversario de la misi\u00f3n espacial Apolo XVII.<\/p>\n<p><img loading=\"lazy\" decoding=\"async\" class=\"aligncenter wp-image-907 size-large\" src=\"https:\/\/www.medinamediaevents.com\/web\/wp-content\/uploads\/2018\/12\/DIDIER_CLAVERO-1-1024x683.jpg\" alt=\"\" width=\"1024\" height=\"683\" srcset=\"https:\/\/www.medinamediaevents.com\/web\/wp-content\/uploads\/2018\/12\/DIDIER_CLAVERO-1.jpg 1024w, https:\/\/www.medinamediaevents.com\/web\/wp-content\/uploads\/2018\/12\/DIDIER_CLAVERO-1-300x200.jpg 300w, https:\/\/www.medinamediaevents.com\/web\/wp-content\/uploads\/2018\/12\/DIDIER_CLAVERO-1-768x512.jpg 768w\" sizes=\"auto, (max-width: 1024px) 100vw, 1024px\" \/><\/p>\n<p><u><strong>Los tres principales operadores, en el 5G Forum<\/strong><\/u><br \/>\n<strong>Telef\u00f3nica, Vodafone y Orange<\/strong>, los tres grandes operadores en Espa\u00f1a, estuvieron representados por sus principales expertos en 5G.<\/p>\n<p><strong>Javier Guti\u00e9rrez,<\/strong>\u00a0Director de Estrategia y Desarrollo de Red de\u00a0<strong>Telef\u00f3nica<\/strong>, expuso que \u201ces fundamental desarrollar los casos de uso, como la Realidad Virtual, la Industria 4.0 o los autom\u00f3viles conectados. Para que cuando la tecnolog\u00eda 5G llegue, ya el consumidor tenga una demanda\u201d.<\/p>\n<p><strong>Didier Clavero<\/strong>, Director de Red de\u00a0<strong>Vodafone\u00a0<\/strong>Espa\u00f1a, reflexion\u00f3 sobre \u201cla era de los objetos conectados\u201d y la importancia del flujo de datos para que esto sea posible. \u201cSer\u00eda un fracaso si s\u00f3lo seguimos dando los mismos servicios que damos ahora\u201d.<\/p>\n<p><strong>Tom\u00e1s Alonso<\/strong>, Head of Product Engineering de\u00a0<strong>Orange<\/strong>, sorprendi\u00f3 a todos afirmando que: \u201cSi yo hoy quiero ver a mi hija, que est\u00e1 a cientos de kil\u00f3metros de distancia, con el 5G podr\u00e9 verla y hablar con ella en tiempo real a trav\u00e9s de un holograma\u201d.<\/p>\n<p>Por su parte, la\u00a0<strong>multinacional sueca\u00a0Ericsson<\/strong>, representada por\u00a0<strong>Iv\u00e1n Rej\u00f3n<\/strong>, Director de Estrategia y Marketing, dijo que \u201clas prestaciones que ofrecer\u00e1 el 5G en algunas actividades, no las ofrece ni el 4G ni Internet\u201d, y resalt\u00f3 el potencial de monetizaci\u00f3n en nuevos modelos de negocio.<\/p>\n<p><strong><u>El coche conectado: con el usuario y su entorno<\/u><br \/>\nAnna Mart\u00ednez<\/strong>, responsable de Conectividad y Servicios Online de\u00a0<strong>SEAT<\/strong>, dio una visi\u00f3n muy gr\u00e1fica de c\u00f3mo ser\u00e1 el coche del futuro, el coche automatizado. Ciudades m\u00e1s limpias, con m\u00e1s opciones de transporte y menos atascos ser\u00e1n una realidad diaria con el 5G. \u201cConectar el coche con el entorno\u201d ser\u00e1 clave para las Smart Cities.<\/p>\n<p><img loading=\"lazy\" decoding=\"async\" class=\"aligncenter wp-image-909 size-large\" src=\"https:\/\/www.medinamediaevents.com\/web\/wp-content\/uploads\/2018\/12\/ANNA_MARTINEZ-1-1024x683.jpg\" alt=\"\" width=\"1024\" height=\"683\" srcset=\"https:\/\/www.medinamediaevents.com\/web\/wp-content\/uploads\/2018\/12\/ANNA_MARTINEZ-1.jpg 1024w, https:\/\/www.medinamediaevents.com\/web\/wp-content\/uploads\/2018\/12\/ANNA_MARTINEZ-1-300x200.jpg 300w, https:\/\/www.medinamediaevents.com\/web\/wp-content\/uploads\/2018\/12\/ANNA_MARTINEZ-1-768x512.jpg 768w\" sizes=\"auto, (max-width: 1024px) 100vw, 1024px\" \/><\/p>\n<p>\u201c<strong>Dentro de unos a\u00f1os podremos comunicarnos con un veh\u00edculo con la voz<\/strong>\u201d, anunci\u00f3 el presidente de la Asociaci\u00f3n Espa\u00f1ola de Veh\u00edculos Aut\u00f3nomos Conectados (AEVAC),\u00a0<strong>Aitor Fern\u00e1ndez<\/strong>,\u00a0invidente desde los 14 a\u00f1os. Fern\u00e1ndez habl\u00f3 del potencial de la movilidad en la que el 5G va a ser \u201cimprescindible\u201d y el \u201c<strong>mayor agregador de tecnolog\u00edas de la historia<\/strong>\u201d.<\/p>\n<p><img loading=\"lazy\" decoding=\"async\" class=\"aligncenter wp-image-911 size-large\" src=\"https:\/\/www.medinamediaevents.com\/web\/wp-content\/uploads\/2018\/12\/AITOR_FERNANDEZ-1024x683.jpg\" alt=\"\" width=\"1024\" height=\"683\" srcset=\"https:\/\/www.medinamediaevents.com\/web\/wp-content\/uploads\/2018\/12\/AITOR_FERNANDEZ-1024x683.jpg 1024w, https:\/\/www.medinamediaevents.com\/web\/wp-content\/uploads\/2018\/12\/AITOR_FERNANDEZ-300x200.jpg 300w, https:\/\/www.medinamediaevents.com\/web\/wp-content\/uploads\/2018\/12\/AITOR_FERNANDEZ-768x512.jpg 768w\" sizes=\"auto, (max-width: 1024px) 100vw, 1024px\" \/><\/p>\n<p>El Centro Tecnol\u00f3gico de Automoci\u00f3n de Galicia (<strong>CTAG<\/strong>)<strong>\u00a0trajo al 5GForum uno de sus coches conectados<\/strong>\u00a0para ense\u00f1ar a los asistentes todas sus prestaciones y el funcionamiento de \u00e9stas.\u00a0<strong>Daniel Bern\u00e1rdez<\/strong>, Jefe del Departamento de Conectividad de CTAG,\u00a0compar\u00f3 mediante v\u00eddeos los diferentes comportamientos en situaciones comprometidas de dos autom\u00f3viles: uno est\u00e1ndar y otro conectado.<\/p>\n<p><img loading=\"lazy\" decoding=\"async\" class=\"aligncenter wp-image-913 size-large\" src=\"https:\/\/www.medinamediaevents.com\/web\/wp-content\/uploads\/2018\/12\/FRANCISCO-DE-LA-TORRE_LECETA-1024x683.jpg\" alt=\"\" width=\"1024\" height=\"683\" srcset=\"https:\/\/www.medinamediaevents.com\/web\/wp-content\/uploads\/2018\/12\/FRANCISCO-DE-LA-TORRE_LECETA-1024x683.jpg 1024w, https:\/\/www.medinamediaevents.com\/web\/wp-content\/uploads\/2018\/12\/FRANCISCO-DE-LA-TORRE_LECETA-300x200.jpg 300w, https:\/\/www.medinamediaevents.com\/web\/wp-content\/uploads\/2018\/12\/FRANCISCO-DE-LA-TORRE_LECETA-768x512.jpg 768w\" sizes=\"auto, (max-width: 1024px) 100vw, 1024px\" \/><\/p>\n<p><strong><u>El 5G en Am\u00e9rica y en el Turismo<\/u><br \/>\nJos\u00e9 Otero<\/strong>, Director en Am\u00e9rica Latina y el Caribe de\u00a0<strong>5G Americas, particip\u00f3 por videollamada\u00a0<\/strong>desde\u00a0<strong>R\u00edo de Janeiro<\/strong>, donde estaba celebr\u00e1ndose la\u00a0convenci\u00f3n anual de 5G Americas. Otero comparti\u00f3 con los asistentes\u00a0la implementaci\u00f3n de la Quinta Generaci\u00f3n en el continente americano y las posibilidades de negocio que se abren para las empresas espa\u00f1olas.<\/p>\n<p>Adem\u00e1s, la Consejera Delegada de\u00a0<strong>Extenda<\/strong>,\u00a0<strong>Vanessa Bernad<\/strong>, desde Miami, traslad\u00f3 por videoconferencia las oportunidades de negocio que hay en Estados Unidos y Latinoam\u00e9rica para las empresas TIC.<\/p>\n<p><strong>Carlos D\u00edez de la Lastra,\u00a0<\/strong>CEO<strong>\u00a0<\/strong>de\u00a0<strong>Les Roches;<\/strong>\u00a0<strong>Nicol\u00e1s Barrios,\u00a0<\/strong>Director de I+D+i de\u00a0<strong>SEGITTUR;<\/strong>\u00a0y\u00a0<strong>Arturo Bernal,\u00a0<\/strong>Gerente de\u00a0<strong>Turismo Costa del Sol<\/strong>, debatieron en el panel dedicado a Turismo y Big Data sobre 5G y sus aplicaciones en\u00a0<strong>uno de los principales motores de la econom\u00eda regional<\/strong>. Experiencia de usuario, gesti\u00f3n de la informaci\u00f3n y\u00a0formaci\u00f3n de profesionales en nuevas tecnolog\u00eda fueron algunas de las claves que se apuntaron con el objetivo de dise\u00f1ar un \u201cdestino tur\u00edstico inteligente\u201d.<\/p>\n<p><img loading=\"lazy\" decoding=\"async\" class=\"aligncenter wp-image-915 size-large\" src=\"https:\/\/www.medinamediaevents.com\/web\/wp-content\/uploads\/2018\/12\/8a671f89-d5f4-41db-aed3-f60474156ba8-1024x683.jpg\" alt=\"\" width=\"1024\" height=\"683\" srcset=\"https:\/\/www.medinamediaevents.com\/web\/wp-content\/uploads\/2018\/12\/8a671f89-d5f4-41db-aed3-f60474156ba8-1024x683.jpg 1024w, https:\/\/www.medinamediaevents.com\/web\/wp-content\/uploads\/2018\/12\/8a671f89-d5f4-41db-aed3-f60474156ba8-300x200.jpg 300w, https:\/\/www.medinamediaevents.com\/web\/wp-content\/uploads\/2018\/12\/8a671f89-d5f4-41db-aed3-f60474156ba8-768x512.jpg 768w, https:\/\/www.medinamediaevents.com\/web\/wp-content\/uploads\/2018\/12\/8a671f89-d5f4-41db-aed3-f60474156ba8.jpg 1200w\" sizes=\"auto, (max-width: 1024px) 100vw, 1024px\" \/><\/p>\n<p><strong>Juan Carlos Cabrera,\u00a0<\/strong>Delegado de Seguridad Movilidad y Fiestas Mayores del Ayuntamiento de Sevilla; y\u00a0<strong>Rafael P\u00e9rez,<\/strong>\u00a0Director del CECOP, presentaron a los asistentes la experiencia piloto que\u00a0<strong>convirti\u00f3 a Sevilla en una Smart City la pasada Semana Santa<\/strong>. C\u00e1maras de alta definici\u00f3n, luminarias graduables en intensidad, equipos de transmisi\u00f3n para la conexi\u00f3n de cada uno de los dispositivos o geolocalizaci\u00f3n de las Hermandades fueron algunas de las innovaciones que se implementaron para reforzar la\u00a0<strong>seguridad ciudadana<\/strong>.<\/p>\n<p><u><strong>Preparando las Ciudades Inteligentes<\/strong><\/u><br \/>\n<strong>Manuel Ortigosa<\/strong>, Director General de Telecomunicaciones y Sociedad de la Informaci\u00f3n de la\u00a0<strong>Junta de Andaluc\u00eda<\/strong>;\u00a0<strong>Mario Cort\u00e9s<\/strong>, Concejal de Nuevas Tecnolog\u00edas en el\u00a0<strong>Ayuntamiento de M\u00e1laga;<\/strong>\u00a0y\u00a0<strong>Baldomero Le\u00f3n<\/strong>, Delegado de Innovaci\u00f3n en el\u00a0<strong>Ayuntamiento de Marbella,<\/strong>\u00a0hablaron sobre las\u00a0<em>Smart Cities<\/em>\u00a0o Ciudades Inteligentes. Las instituciones p\u00fablicas coinciden en que las Ciudades Inteligentes ser\u00e1n aquellas que apuesten por mejorar la vida de los ciudadanos y, a la vez, por la sostenibilidad.<\/p>\n<p><img loading=\"lazy\" decoding=\"async\" class=\"aligncenter wp-image-917 size-large\" src=\"https:\/\/www.medinamediaevents.com\/web\/wp-content\/uploads\/2018\/12\/69964d3e-4d36-4ae3-94c8-a5004dc3e55c-1024x683.jpg\" alt=\"\" width=\"1024\" height=\"683\" srcset=\"https:\/\/www.medinamediaevents.com\/web\/wp-content\/uploads\/2018\/12\/69964d3e-4d36-4ae3-94c8-a5004dc3e55c.jpg 1024w, https:\/\/www.medinamediaevents.com\/web\/wp-content\/uploads\/2018\/12\/69964d3e-4d36-4ae3-94c8-a5004dc3e55c-300x200.jpg 300w, https:\/\/www.medinamediaevents.com\/web\/wp-content\/uploads\/2018\/12\/69964d3e-4d36-4ae3-94c8-a5004dc3e55c-768x512.jpg 768w\" sizes=\"auto, (max-width: 1024px) 100vw, 1024px\" \/><\/p>\n<p>El\u00a0<strong>Ministerio de Energ\u00eda, Turismo y Agenda Digital<\/strong>, a trav\u00e9s de su asesor\u00a0<strong>Pedro Alonso<\/strong>, avanz\u00f3 a los asistentes la noticia de la\u00a0<strong>publicaci\u00f3n en\u00a0el BOE del nuevo Cuadro Nacional de Atribuci\u00f3n de Frecuencias<\/strong>, como ampliaci\u00f3n del Plan Nacional del 5G. La noticia revolucion\u00f3 el Auditorium del\u00a0<strong>5GForum<\/strong>\u00a0y los asistentes empezaron a compartirla con sus sedes corporativas. Y aprovecharon la presencia de Pedro Alonso para tener informaci\u00f3n de primera mano.<\/p>\n<p>Otro de los anuncios de primera mano que se conocieron en el\u00a0<strong>5GForum<\/strong>\u00a0fue el del Director General de\u00a0<strong>Red.es<\/strong>,\u00a0<strong>Jos\u00e9 Manuel Leceta<\/strong>, invitando a las empresas e instituciones a\u00a0<strong>lanzar pilotos 5G, con una dotaci\u00f3n de 20 millones de euros.<\/strong><\/p>\n<p><u><strong>El 5G y sus ventajas en la telemedicina<\/strong><\/u><br \/>\nEl\u00a0<strong>5GForum<\/strong>\u00a0tambi\u00e9n abarc\u00f3 la aplicaci\u00f3n de la Tecnolog\u00eda 5G en los servicios de emergencia. El\u00a0<strong>Samur,\u00a0<\/strong>del Ayuntamiento de Madrid,<strong>\u00a0<\/strong>present\u00f3 su proyecto de\u00a0<strong>\u201cCamiseta Inteligente\u201d<\/strong>\u00a0o\u00a0<em>Smart Shirt.\u00a0<\/em>Esta \u201cCamiseta Inteligente\u201d mide el ritmo card\u00edaco mediante unos sensores que avisan en caso de arritmia a una ambulancia, mediante el m\u00f3vil usando\u00a0<em>bluetooth<\/em>, y a su vez comunica el aviso de la ambulancia al hospital m\u00e1s cercano o conveniente para el paciente, sin necesidad de pasar por un centro de mando y control.<\/p>\n<p><img loading=\"lazy\" decoding=\"async\" class=\"aligncenter wp-image-919 size-large\" src=\"https:\/\/www.medinamediaevents.com\/web\/wp-content\/uploads\/2018\/12\/NARCIS_CARDONA-1024x683.jpg\" alt=\"\" width=\"1024\" height=\"683\" srcset=\"https:\/\/www.medinamediaevents.com\/web\/wp-content\/uploads\/2018\/12\/NARCIS_CARDONA-1024x683.jpg 1024w, https:\/\/www.medinamediaevents.com\/web\/wp-content\/uploads\/2018\/12\/NARCIS_CARDONA-300x200.jpg 300w, https:\/\/www.medinamediaevents.com\/web\/wp-content\/uploads\/2018\/12\/NARCIS_CARDONA-768x512.jpg 768w\" sizes=\"auto, (max-width: 1024px) 100vw, 1024px\" \/><\/p>\n<p><strong>Narc\u00eds Cardona<\/strong>, Catedr\u00e1tico de la\u00a0<strong>Universidad Polit\u00e9cnica de Valencia (UPV)<\/strong>, expuso la posibilidad de poder hacer cirug\u00edas de forma remota desde cualquier parte del mundo gracias al 5G.<\/p>\n<p><strong><u>Los contenidos audiovisuales y el gaming, m\u00e1s accesibles a\u00fan<\/u><br \/>\nPere Vila<\/strong>,\u00a0Director de Estrategia Tecnol\u00f3gica e Innovaci\u00f3n Digital de\u00a0<strong>RTVE<\/strong>, expuso el impacto que tendr\u00e1 el 5G en el proceso integral de la transmisi\u00f3n de la noticia. Vila habl\u00f3 de un nuevo modelo de periodismo basado en la edici\u00f3n de contenido utilizando servicios en\u00a0<em>cloud<\/em>, la publicaci\u00f3n inmediata y la interactividad a la hora de compartirlo.<\/p>\n<p><img loading=\"lazy\" decoding=\"async\" class=\"aligncenter wp-image-921 size-large\" src=\"https:\/\/www.medinamediaevents.com\/web\/wp-content\/uploads\/2018\/12\/PERE_VILA-1-1024x683.jpg\" alt=\"\" width=\"1024\" height=\"683\" srcset=\"https:\/\/www.medinamediaevents.com\/web\/wp-content\/uploads\/2018\/12\/PERE_VILA-1-1024x683.jpg 1024w, https:\/\/www.medinamediaevents.com\/web\/wp-content\/uploads\/2018\/12\/PERE_VILA-1-300x200.jpg 300w, https:\/\/www.medinamediaevents.com\/web\/wp-content\/uploads\/2018\/12\/PERE_VILA-1-768x512.jpg 768w\" sizes=\"auto, (max-width: 1024px) 100vw, 1024px\" \/><\/p>\n<p><strong>La multinacional india Onmobile<\/strong>, de la mano de\u00a0<strong>Juan Olivares<\/strong>, Director de SVA y Desarrollo de Negocio para Europa,\u00a0expuso su apuesta por los videojuegos en el m\u00f3vil como gran fuente de ingresos para las empresas del sector.<\/p>\n<p><strong><u>Las Universidades, a la vanguadia de la tecnolog\u00eda 5G<\/u><br \/>\nRaquel Barco,\u00a0<\/strong>Vicerrectora Smart-Campus de la\u00a0<strong>Universidad de M\u00e1laga<\/strong>, y varios de los investigadores de la UMA explicaron\u00a0los diferentes proyectos, como el\u00a0<strong>ONE5G,\u00a0<\/strong>en los que la\u00a0<strong>UMA,<\/strong>\u00a0junto con empresas privadas europeas, est\u00e1 involucrada para desarrollar soluciones tecnol\u00f3gicas en torno al 5G.<\/p>\n<p><strong>Narc\u00eds Cardona,\u00a0<\/strong>Catedr\u00e1tico Universidad Polit\u00e9cnica de Valencia, adem\u00e1s abord\u00f3 el proyecto europeo\u00a0<strong>5G-XCAST,<\/strong>\u00a0destacando la estandarizaci\u00f3n de distribuci\u00f3n de contenidos en redes m\u00f3viles 5G a grandes grupos de usuarios y con m\u00faltiples casos de uso.<\/p>\n<p><strong>Impulsa Visi\u00f3n<\/strong>, la aceleradora de start ups de\u00a0<strong>RTVE<\/strong>, expuso de la mano de\u00a0<strong>Esteban Mayoral,<\/strong>\u00a0Jefe de la Unidad de Gesti\u00f3n del centro de Innovaci\u00f3n, diferentes proyectos innovadores y eminentemente pr\u00e1cticos a los que apoyan para hacer crecer al sector audiovisual espa\u00f1ol.<\/p>\n<p>Adem\u00e1s, la\u00a0<strong>Universidad Polit\u00e9cnica de Madrid<\/strong>, representada por el catedr\u00e1tico\u00a0<strong>Jos\u00e9 Manuel Men\u00e9ndez<\/strong>, y\u00a0<strong>RTVE<\/strong>, con\u00a0<strong>Adolfo Mu\u00f1oz<\/strong>, explicaron los avances en producci\u00f3n remota y virtualizaci\u00f3n de eventos en directo con redes 5G.<\/p>\n<p>Por \u00faltimo, en la clausura del<strong>\u00a05GForum<\/strong>,\u00a0<strong>Ricardo Medina<\/strong>, CEO de\u00a0<strong>Medina Media<\/strong>, productora audiovisual organizadora del encuentro, anunci\u00f3 las fechas de la pr\u00f3xima edici\u00f3n del\u00a0<strong>5GForum<\/strong>:\u00a0<strong>24 y 25 de abril de 2019<\/strong>, en el Polo de Contenidos Digitales de M\u00e1laga.<\/p>\n<p>&nbsp;<\/p>\n","protected":false},"excerpt":{"rendered":"<h2>La segunda edici\u00f3n tendr\u00e1 lugar el 24 y 25 de abril de 2019<\/h2>\n<p><strong>La primera edici\u00f3n del 5G Forum logr\u00f3 un triple objetivo<\/strong>: ofrecer\u00a0<strong>la mejor agenda de ponentes\u00a0<\/strong>nunca antes reunida en Espa\u00f1a sobre el 5G, convertirse en un\u00a0<strong>punto de networking tecnol\u00f3gico de primer nivel<\/strong>\u00a0y que los 250 ejecutivos representantes de m\u00e1s de 100 empresas abrieran\u00a0<strong>nuevas posibilidades de negocio<\/strong>.<\/p>\n<p>Durante dos d\u00edas, el 25 y el 26 de abril de 2017, el\u00a0<strong>Polo de Contenidos Digitales de M\u00e1laga<\/strong>\u00a0fue el escenario del\u00a0<strong>primer encuentro multidisciplinar sobre el 5G<\/strong>\u00a0que se ha celebrado en Espa\u00f1a sobre la tecnolog\u00eda 5G.<\/p>\n<p>Ricardo Medina, CEO de\u00a0<strong>Medina Media<\/strong>, organizadora del evento, anunci\u00f3 en la clausura que<strong>\u00a0la segunda edici\u00f3n del 5GForum se celebrar\u00e1 los d\u00edas 24 y 25 de abril de 2019<\/strong>\u00a0para seguir examinando anualmente la evoluci\u00f3n de esta tecnolog\u00eda, que abre las posibilidades de conectividad a muchos campos, m\u00e1s all\u00e1 de la telefon\u00eda.<\/p>\n<p>\u201cEl\u00a0<strong>5GForum<\/strong>\u00a0mantendr\u00e1 su esp\u00edritu de evento familiar (no masificado) para seguir siendo el\u00a0<strong>punto de encuentro de los presidentes, directores generales, directivos, expertos, profesionales e investigadores del 5G<\/strong>\u00a0en un ambiente donde se encuentran a gusto y fluyen los contactos para hacer negocio\u201d, asegur\u00f3 Medina.<\/p>\n<p><img loading=\"lazy\" decoding=\"async\" class=\"aligncenter wp-image-903 size-large\" src=\"https:\/\/www.medinamediaevents.com\/web\/wp-content\/uploads\/2018\/12\/NETWORKING_5GFORUM-1024x683.jpg\" alt=\"\" width=\"1024\" height=\"683\" srcset=\"https:\/\/www.medinamediaevents.com\/web\/wp-content\/uploads\/2018\/12\/NETWORKING_5GFORUM.jpg 1024w, https:\/\/www.medinamediaevents.com\/web\/wp-content\/uploads\/2018\/12\/NETWORKING_5GFORUM-300x200.jpg 300w, https:\/\/www.medinamediaevents.com\/web\/wp-content\/uploads\/2018\/12\/NETWORKING_5GFORUM-768x512.jpg 768w\" sizes=\"auto, (max-width: 1024px) 100vw, 1024px\" \/><\/p>\n<p>Empresas como\u00a0<strong>Samsung, Nokia, Cellnex, Axi\u00f3n, Hispasat, RTVE y Les Roches<\/strong>, entre otras, patrocinaron este encuentro pionero en el que tambi\u00e9n participaron los m\u00e1ximos expertos en 5G de multinacionales como\u00a0<strong>Telef\u00f3nica, Vodafone, Orange, Ericsson o SEAT<\/strong>.<\/p>\n<p>La primera edici\u00f3n del\u00a0<strong>5GForum<\/strong>\u00a0ofreci\u00f3\u00a0<strong>25 ponencias y mesas redondas\u00a0<\/strong>sobre el despliegue del 5G, smart cities, autom\u00f3viles conectados, servicios de emergencia, turismo, entretenimiento, etc.<\/p>\n<p><img loading=\"lazy\" decoding=\"async\" class=\"aligncenter wp-image-905 size-large\" src=\"https:\/\/www.medinamediaevents.com\/web\/wp-content\/uploads\/2018\/12\/SET_NOKIA_5GFORUM-1024x683.jpg\" alt=\"\" width=\"1024\" height=\"683\" srcset=\"https:\/\/www.medinamediaevents.com\/web\/wp-content\/uploads\/2018\/12\/SET_NOKIA_5GFORUM.jpg 1024w, https:\/\/www.medinamediaevents.com\/web\/wp-content\/uploads\/2018\/12\/SET_NOKIA_5GFORUM-300x200.jpg 300w, https:\/\/www.medinamediaevents.com\/web\/wp-content\/uploads\/2018\/12\/SET_NOKIA_5GFORUM-768x512.jpg 768w\" sizes=\"auto, (max-width: 1024px) 100vw, 1024px\" \/><\/p>\n<p>El\u00a0<strong>5G Forum<\/strong>\u00a0arranc\u00f3 en el\u00a0<strong>Polo de Contenidos Digitales\u00a0<\/strong>con la visita del\u00a0<strong>Alcalde de M\u00e1laga, Francisco de la Torre; el consejero de Empleo, Empresa y Comercio, Javier Carnero; y el Director General de Red.es, Jos\u00e9 Manuel Leceta<\/strong>.<\/p>\n<p><strong>Francisco Hortig\u00fcela<\/strong>, Director de de Relaciones Institucionales, Comunicaci\u00f3n y Ciudadan\u00eda Corporativa de\u00a0<strong>Samsung<\/strong>\u00a0Espa\u00f1a, fue el encargado de abrir las ponencias\u00a0y explic\u00f3\u00a0la importancia del 5G para que haya datos ilimitados e incluso para conducir un coche en un futuro inmediato.<\/p>\n<p><strong>Jorge Alberto Jim\u00e9nez<\/strong>, Presidente Ejecutivo de\u00a0<strong>Axi\u00f3n<\/strong>, sentenci\u00f3 que \u201ca la Cuarta Generaci\u00f3n (4G) a\u00fan le queda vida. Sin embargo, la que est\u00e1 por llegar convivir\u00e1 mucho m\u00e1s con nosotros que su antecesora, pues sus posibilidades son pr\u00e1cticamente ilimitadas\u201d.<\/p>\n<p><strong>In\u00e9s Sanz<\/strong>, Responsable de Ingenier\u00eda de Clientes de\u00a0<strong>Hispasat<\/strong>, destac\u00f3 que \u201cel 5G requiere de la inclusi\u00f3n del sat\u00e9lite para conseguir Internet para todos y en cualquier lugar. El sat\u00e9lite es\u00a0<em>wireless<\/em>, al igual que el 5G\u201d.<\/p>\n<p><strong>\u00d3scar Pallarols<\/strong>, Director de Innovaci\u00f3n y Estrategia de Producto de\u00a0<strong>Cellnex Telecom<\/strong>, subray\u00f3 la necesidad de la fibra para poder optimizar el 5G y destac\u00f3 la rapidez de las nuevas tecnolog\u00edas: \u201cCuando veamos la primera aplicaci\u00f3n real del 5G en Espa\u00f1a, ya se empezar\u00e1 a hablar del 6G\u201d.<\/p>\n<p>Por su parte, el Presidente de\u00a0<strong>Nokia<\/strong>\u00a0en Espa\u00f1a,\u00a0<strong>Ignacio Gallego, anunci\u00f3 que pondr\u00e1n<\/strong>\u00a0<strong>cobertura a la Luna el a\u00f1o que viene, en colaboraci\u00f3n con la NASA<\/strong>, coincidiendo con que\u00a0en 2019 se cumple el 50 aniversario de la misi\u00f3n espacial Apolo XVII.<\/p>\n<p><img loading=\"lazy\" decoding=\"async\" class=\"aligncenter wp-image-907 size-large\" src=\"https:\/\/www.medinamediaevents.com\/web\/wp-content\/uploads\/2018\/12\/DIDIER_CLAVERO-1-1024x683.jpg\" alt=\"\" width=\"1024\" height=\"683\" srcset=\"https:\/\/www.medinamediaevents.com\/web\/wp-content\/uploads\/2018\/12\/DIDIER_CLAVERO-1.jpg 1024w, https:\/\/www.medinamediaevents.com\/web\/wp-content\/uploads\/2018\/12\/DIDIER_CLAVERO-1-300x200.jpg 300w, https:\/\/www.medinamediaevents.com\/web\/wp-content\/uploads\/2018\/12\/DIDIER_CLAVERO-1-768x512.jpg 768w\" sizes=\"auto, (max-width: 1024px) 100vw, 1024px\" \/><\/p>\n<p><u><strong>Los tres principales operadores, en el 5G Forum<\/strong><\/u><br \/>\n<strong>Telef\u00f3nica, Vodafone y Orange<\/strong>, los tres grandes operadores en Espa\u00f1a, estuvieron representados por sus principales expertos en 5G.<\/p>\n<p><strong>Javier Guti\u00e9rrez,<\/strong>\u00a0Director de Estrategia y Desarrollo de Red de\u00a0<strong>Telef\u00f3nica<\/strong>, expuso que \u201ces fundamental desarrollar los casos de uso, como la Realidad Virtual, la Industria 4.0 o los autom\u00f3viles conectados. Para que cuando la tecnolog\u00eda 5G llegue, ya el consumidor tenga una demanda\u201d.<\/p>\n<p><strong>Didier Clavero<\/strong>, Director de Red de\u00a0<strong>Vodafone\u00a0<\/strong>Espa\u00f1a, reflexion\u00f3 sobre \u201cla era de los objetos conectados\u201d y la importancia del flujo de datos para que esto sea posible. \u201cSer\u00eda un fracaso si s\u00f3lo seguimos dando los mismos servicios que damos ahora\u201d.<\/p>\n<p><strong>Tom\u00e1s Alonso<\/strong>, Head of Product Engineering de\u00a0<strong>Orange<\/strong>, sorprendi\u00f3 a todos afirmando que: \u201cSi yo hoy quiero ver a mi hija, que est\u00e1 a cientos de kil\u00f3metros de distancia, con el 5G podr\u00e9 verla y hablar con ella en tiempo real a trav\u00e9s de un holograma\u201d.<\/p>\n<p>Por su parte, la\u00a0<strong>multinacional sueca\u00a0Ericsson<\/strong>, representada por\u00a0<strong>Iv\u00e1n Rej\u00f3n<\/strong>, Director de Estrategia y Marketing, dijo que \u201clas prestaciones que ofrecer\u00e1 el 5G en algunas actividades, no las ofrece ni el 4G ni Internet\u201d, y resalt\u00f3 el potencial de monetizaci\u00f3n en nuevos modelos de negocio.<\/p>\n<p><strong><u>El coche conectado: con el usuario y su entorno<\/u><br \/>\nAnna Mart\u00ednez<\/strong>, responsable de Conectividad y Servicios Online de\u00a0<strong>SEAT<\/strong>, dio una visi\u00f3n muy gr\u00e1fica de c\u00f3mo ser\u00e1 el coche del futuro, el coche automatizado. Ciudades m\u00e1s limpias, con m\u00e1s opciones de transporte y menos atascos ser\u00e1n una realidad diaria con el 5G. \u201cConectar el coche con el entorno\u201d ser\u00e1 clave para las Smart Cities.<\/p>\n<p><img loading=\"lazy\" decoding=\"async\" class=\"aligncenter wp-image-909 size-large\" src=\"https:\/\/www.medinamediaevents.com\/web\/wp-content\/uploads\/2018\/12\/ANNA_MARTINEZ-1-1024x683.jpg\" alt=\"\" width=\"1024\" height=\"683\" srcset=\"https:\/\/www.medinamediaevents.com\/web\/wp-content\/uploads\/2018\/12\/ANNA_MARTINEZ-1.jpg 1024w, https:\/\/www.medinamediaevents.com\/web\/wp-content\/uploads\/2018\/12\/ANNA_MARTINEZ-1-300x200.jpg 300w, https:\/\/www.medinamediaevents.com\/web\/wp-content\/uploads\/2018\/12\/ANNA_MARTINEZ-1-768x512.jpg 768w\" sizes=\"auto, (max-width: 1024px) 100vw, 1024px\" \/><\/p>\n<p>\u201c<strong>Dentro de unos a\u00f1os podremos comunicarnos con un veh\u00edculo con la voz<\/strong>\u201d, anunci\u00f3 el presidente de la Asociaci\u00f3n Espa\u00f1ola de Veh\u00edculos Aut\u00f3nomos Conectados (AEVAC),\u00a0<strong>Aitor Fern\u00e1ndez<\/strong>,\u00a0invidente desde los 14 a\u00f1os. Fern\u00e1ndez habl\u00f3 del potencial de la movilidad en la que el 5G va a ser \u201cimprescindible\u201d y el \u201c<strong>mayor agregador de tecnolog\u00edas de la historia<\/strong>\u201d.<\/p>\n<p><img loading=\"lazy\" decoding=\"async\" class=\"aligncenter wp-image-911 size-large\" src=\"https:\/\/www.medinamediaevents.com\/web\/wp-content\/uploads\/2018\/12\/AITOR_FERNANDEZ-1024x683.jpg\" alt=\"\" width=\"1024\" height=\"683\" srcset=\"https:\/\/www.medinamediaevents.com\/web\/wp-content\/uploads\/2018\/12\/AITOR_FERNANDEZ-1024x683.jpg 1024w, https:\/\/www.medinamediaevents.com\/web\/wp-content\/uploads\/2018\/12\/AITOR_FERNANDEZ-300x200.jpg 300w, https:\/\/www.medinamediaevents.com\/web\/wp-content\/uploads\/2018\/12\/AITOR_FERNANDEZ-768x512.jpg 768w\" sizes=\"auto, (max-width: 1024px) 100vw, 1024px\" \/><\/p>\n<p>El Centro Tecnol\u00f3gico de Automoci\u00f3n de Galicia (<strong>CTAG<\/strong>)<strong>\u00a0trajo al 5GForum uno de sus coches conectados<\/strong>\u00a0para ense\u00f1ar a los asistentes todas sus prestaciones y el funcionamiento de \u00e9stas.\u00a0<strong>Daniel Bern\u00e1rdez<\/strong>, Jefe del Departamento de Conectividad de CTAG,\u00a0compar\u00f3 mediante v\u00eddeos los diferentes comportamientos en situaciones comprometidas de dos autom\u00f3viles: uno est\u00e1ndar y otro conectado.<\/p>\n<p><img loading=\"lazy\" decoding=\"async\" class=\"aligncenter wp-image-913 size-large\" src=\"https:\/\/www.medinamediaevents.com\/web\/wp-content\/uploads\/2018\/12\/FRANCISCO-DE-LA-TORRE_LECETA-1024x683.jpg\" alt=\"\" width=\"1024\" height=\"683\" srcset=\"https:\/\/www.medinamediaevents.com\/web\/wp-content\/uploads\/2018\/12\/FRANCISCO-DE-LA-TORRE_LECETA-1024x683.jpg 1024w, https:\/\/www.medinamediaevents.com\/web\/wp-content\/uploads\/2018\/12\/FRANCISCO-DE-LA-TORRE_LECETA-300x200.jpg 300w, https:\/\/www.medinamediaevents.com\/web\/wp-content\/uploads\/2018\/12\/FRANCISCO-DE-LA-TORRE_LECETA-768x512.jpg 768w\" sizes=\"auto, (max-width: 1024px) 100vw, 1024px\" \/><\/p>\n<p><strong><u>El 5G en Am\u00e9rica y en el Turismo<\/u><br \/>\nJos\u00e9 Otero<\/strong>, Director en Am\u00e9rica Latina y el Caribe de\u00a0<strong>5G Americas, particip\u00f3 por videollamada\u00a0<\/strong>desde\u00a0<strong>R\u00edo de Janeiro<\/strong>, donde estaba celebr\u00e1ndose la\u00a0convenci\u00f3n anual de 5G Americas. Otero comparti\u00f3 con los asistentes\u00a0la implementaci\u00f3n de la Quinta Generaci\u00f3n en el continente americano y las posibilidades de negocio que se abren para las empresas espa\u00f1olas.<\/p>\n<p>Adem\u00e1s, la Consejera Delegada de\u00a0<strong>Extenda<\/strong>,\u00a0<strong>Vanessa Bernad<\/strong>, desde Miami, traslad\u00f3 por videoconferencia las oportunidades de negocio que hay en Estados Unidos y Latinoam\u00e9rica para las empresas TIC.<\/p>\n<p><strong>Carlos D\u00edez de la Lastra,\u00a0<\/strong>CEO<strong>\u00a0<\/strong>de\u00a0<strong>Les Roches;<\/strong>\u00a0<strong>Nicol\u00e1s Barrios,\u00a0<\/strong>Director de I+D+i de\u00a0<strong>SEGITTUR;<\/strong>\u00a0y\u00a0<strong>Arturo Bernal,\u00a0<\/strong>Gerente de\u00a0<strong>Turismo Costa del Sol<\/strong>, debatieron en el panel dedicado a Turismo y Big Data sobre 5G y sus aplicaciones en\u00a0<strong>uno de los principales motores de la econom\u00eda regional<\/strong>. Experiencia de usuario, gesti\u00f3n de la informaci\u00f3n y\u00a0formaci\u00f3n de profesionales en nuevas tecnolog\u00eda fueron algunas de las claves que se apuntaron con el objetivo de dise\u00f1ar un \u201cdestino tur\u00edstico inteligente\u201d.<\/p>\n<p><img loading=\"lazy\" decoding=\"async\" class=\"aligncenter wp-image-915 size-large\" src=\"https:\/\/www.medinamediaevents.com\/web\/wp-content\/uploads\/2018\/12\/8a671f89-d5f4-41db-aed3-f60474156ba8-1024x683.jpg\" alt=\"\" width=\"1024\" height=\"683\" srcset=\"https:\/\/www.medinamediaevents.com\/web\/wp-content\/uploads\/2018\/12\/8a671f89-d5f4-41db-aed3-f60474156ba8-1024x683.jpg 1024w, https:\/\/www.medinamediaevents.com\/web\/wp-content\/uploads\/2018\/12\/8a671f89-d5f4-41db-aed3-f60474156ba8-300x200.jpg 300w, https:\/\/www.medinamediaevents.com\/web\/wp-content\/uploads\/2018\/12\/8a671f89-d5f4-41db-aed3-f60474156ba8-768x512.jpg 768w, https:\/\/www.medinamediaevents.com\/web\/wp-content\/uploads\/2018\/12\/8a671f89-d5f4-41db-aed3-f60474156ba8.jpg 1200w\" sizes=\"auto, (max-width: 1024px) 100vw, 1024px\" \/><\/p>\n<p><strong>Juan Carlos Cabrera,\u00a0<\/strong>Delegado de Seguridad Movilidad y Fiestas Mayores del Ayuntamiento de Sevilla; y\u00a0<strong>Rafael P\u00e9rez,<\/strong>\u00a0Director del CECOP, presentaron a los asistentes la experiencia piloto que\u00a0<strong>convirti\u00f3 a Sevilla en una Smart City la pasada Semana Santa<\/strong>. C\u00e1maras de alta definici\u00f3n, luminarias graduables en intensidad, equipos de transmisi\u00f3n para la conexi\u00f3n de cada uno de los dispositivos o geolocalizaci\u00f3n de las Hermandades fueron algunas de las innovaciones que se implementaron para reforzar la\u00a0<strong>seguridad ciudadana<\/strong>.<\/p>\n<p><u><strong>Preparando las Ciudades Inteligentes<\/strong><\/u><br \/>\n<strong>Manuel Ortigosa<\/strong>, Director General de Telecomunicaciones y Sociedad de la Informaci\u00f3n de la\u00a0<strong>Junta de Andaluc\u00eda<\/strong>;\u00a0<strong>Mario Cort\u00e9s<\/strong>, Concejal de Nuevas Tecnolog\u00edas en el\u00a0<strong>Ayuntamiento de M\u00e1laga;<\/strong>\u00a0y\u00a0<strong>Baldomero Le\u00f3n<\/strong>, Delegado de Innovaci\u00f3n en el\u00a0<strong>Ayuntamiento de Marbella,<\/strong>\u00a0hablaron sobre las\u00a0<em>Smart Cities<\/em>\u00a0o Ciudades Inteligentes. Las instituciones p\u00fablicas coinciden en que las Ciudades Inteligentes ser\u00e1n aquellas que apuesten por mejorar la vida de los ciudadanos y, a la vez, por la sostenibilidad.<\/p>\n<p><img loading=\"lazy\" decoding=\"async\" class=\"aligncenter wp-image-917 size-large\" src=\"https:\/\/www.medinamediaevents.com\/web\/wp-content\/uploads\/2018\/12\/69964d3e-4d36-4ae3-94c8-a5004dc3e55c-1024x683.jpg\" alt=\"\" width=\"1024\" height=\"683\" srcset=\"https:\/\/www.medinamediaevents.com\/web\/wp-content\/uploads\/2018\/12\/69964d3e-4d36-4ae3-94c8-a5004dc3e55c.jpg 1024w, https:\/\/www.medinamediaevents.com\/web\/wp-content\/uploads\/2018\/12\/69964d3e-4d36-4ae3-94c8-a5004dc3e55c-300x200.jpg 300w, https:\/\/www.medinamediaevents.com\/web\/wp-content\/uploads\/2018\/12\/69964d3e-4d36-4ae3-94c8-a5004dc3e55c-768x512.jpg 768w\" sizes=\"auto, (max-width: 1024px) 100vw, 1024px\" \/><\/p>\n<p>El\u00a0<strong>Ministerio de Energ\u00eda, Turismo y Agenda Digital<\/strong>, a trav\u00e9s de su asesor\u00a0<strong>Pedro Alonso<\/strong>, avanz\u00f3 a los asistentes la noticia de la\u00a0<strong>publicaci\u00f3n en\u00a0el BOE del nuevo Cuadro Nacional de Atribuci\u00f3n de Frecuencias<\/strong>, como ampliaci\u00f3n del Plan Nacional del 5G. La noticia revolucion\u00f3 el Auditorium del\u00a0<strong>5GForum<\/strong>\u00a0y los asistentes empezaron a compartirla con sus sedes corporativas. Y aprovecharon la presencia de Pedro Alonso para tener informaci\u00f3n de primera mano.<\/p>\n<p>Otro de los anuncios de primera mano que se conocieron en el\u00a0<strong>5GForum<\/strong>\u00a0fue el del Director General de\u00a0<strong>Red.es<\/strong>,\u00a0<strong>Jos\u00e9 Manuel Leceta<\/strong>, invitando a las empresas e instituciones a\u00a0<strong>lanzar pilotos 5G, con una dotaci\u00f3n de 20 millones de euros.<\/strong><\/p>\n<p><u><strong>El 5G y sus ventajas en la telemedicina<\/strong><\/u><br \/>\nEl\u00a0<strong>5GForum<\/strong>\u00a0tambi\u00e9n abarc\u00f3 la aplicaci\u00f3n de la Tecnolog\u00eda 5G en los servicios de emergencia. El\u00a0<strong>Samur,\u00a0<\/strong>del Ayuntamiento de Madrid,<strong>\u00a0<\/strong>present\u00f3 su proyecto de\u00a0<strong>\u201cCamiseta Inteligente\u201d<\/strong>\u00a0o\u00a0<em>Smart Shirt.\u00a0<\/em>Esta \u201cCamiseta Inteligente\u201d mide el ritmo card\u00edaco mediante unos sensores que avisan en caso de arritmia a una ambulancia, mediante el m\u00f3vil usando\u00a0<em>bluetooth<\/em>, y a su vez comunica el aviso de la ambulancia al hospital m\u00e1s cercano o conveniente para el paciente, sin necesidad de pasar por un centro de mando y control.<\/p>\n<p><img loading=\"lazy\" decoding=\"async\" class=\"aligncenter wp-image-919 size-large\" src=\"https:\/\/www.medinamediaevents.com\/web\/wp-content\/uploads\/2018\/12\/NARCIS_CARDONA-1024x683.jpg\" alt=\"\" width=\"1024\" height=\"683\" srcset=\"https:\/\/www.medinamediaevents.com\/web\/wp-content\/uploads\/2018\/12\/NARCIS_CARDONA-1024x683.jpg 1024w, https:\/\/www.medinamediaevents.com\/web\/wp-content\/uploads\/2018\/12\/NARCIS_CARDONA-300x200.jpg 300w, https:\/\/www.medinamediaevents.com\/web\/wp-content\/uploads\/2018\/12\/NARCIS_CARDONA-768x512.jpg 768w\" sizes=\"auto, (max-width: 1024px) 100vw, 1024px\" \/><\/p>\n<p><strong>Narc\u00eds Cardona<\/strong>, Catedr\u00e1tico de la\u00a0<strong>Universidad Polit\u00e9cnica de Valencia (UPV)<\/strong>, expuso la posibilidad de poder hacer cirug\u00edas de forma remota desde cualquier parte del mundo gracias al 5G.<\/p>\n<p><strong><u>Los contenidos audiovisuales y el gaming, m\u00e1s accesibles a\u00fan<\/u><br \/>\nPere Vila<\/strong>,\u00a0Director de Estrategia Tecnol\u00f3gica e Innovaci\u00f3n Digital de\u00a0<strong>RTVE<\/strong>, expuso el impacto que tendr\u00e1 el 5G en el proceso integral de la transmisi\u00f3n de la noticia. Vila habl\u00f3 de un nuevo modelo de periodismo basado en la edici\u00f3n de contenido utilizando servicios en\u00a0<em>cloud<\/em>, la publicaci\u00f3n inmediata y la interactividad a la hora de compartirlo.<\/p>\n<p><img loading=\"lazy\" decoding=\"async\" class=\"aligncenter wp-image-921 size-large\" src=\"https:\/\/www.medinamediaevents.com\/web\/wp-content\/uploads\/2018\/12\/PERE_VILA-1-1024x683.jpg\" alt=\"\" width=\"1024\" height=\"683\" srcset=\"https:\/\/www.medinamediaevents.com\/web\/wp-content\/uploads\/2018\/12\/PERE_VILA-1-1024x683.jpg 1024w, https:\/\/www.medinamediaevents.com\/web\/wp-content\/uploads\/2018\/12\/PERE_VILA-1-300x200.jpg 300w, https:\/\/www.medinamediaevents.com\/web\/wp-content\/uploads\/2018\/12\/PERE_VILA-1-768x512.jpg 768w\" sizes=\"auto, (max-width: 1024px) 100vw, 1024px\" \/><\/p>\n<p><strong>La multinacional india Onmobile<\/strong>, de la mano de\u00a0<strong>Juan Olivares<\/strong>, Director de SVA y Desarrollo de Negocio para Europa,\u00a0expuso su apuesta por los videojuegos en el m\u00f3vil como gran fuente de ingresos para las empresas del sector.<\/p>\n<p><strong><u>Las Universidades, a la vanguadia de la tecnolog\u00eda 5G<\/u><br \/>\nRaquel Barco,\u00a0<\/strong>Vicerrectora Smart-Campus de la\u00a0<strong>Universidad de M\u00e1laga<\/strong>, y varios de los investigadores de la UMA explicaron\u00a0los diferentes proyectos, como el\u00a0<strong>ONE5G,\u00a0<\/strong>en los que la\u00a0<strong>UMA,<\/strong>\u00a0junto con empresas privadas europeas, est\u00e1 involucrada para desarrollar soluciones tecnol\u00f3gicas en torno al 5G.<\/p>\n<p><strong>Narc\u00eds Cardona,\u00a0<\/strong>Catedr\u00e1tico Universidad Polit\u00e9cnica de Valencia, adem\u00e1s abord\u00f3 el proyecto europeo\u00a0<strong>5G-XCAST,<\/strong>\u00a0destacando la estandarizaci\u00f3n de distribuci\u00f3n de contenidos en redes m\u00f3viles 5G a grandes grupos de usuarios y con m\u00faltiples casos de uso.<\/p>\n<p><strong>Impulsa Visi\u00f3n<\/strong>, la aceleradora de start ups de\u00a0<strong>RTVE<\/strong>, expuso de la mano de\u00a0<strong>Esteban Mayoral,<\/strong>\u00a0Jefe de la Unidad de Gesti\u00f3n del centro de Innovaci\u00f3n, diferentes proyectos innovadores y eminentemente pr\u00e1cticos a los que apoyan para hacer crecer al sector audiovisual espa\u00f1ol.<\/p>\n<p>Adem\u00e1s, la\u00a0<strong>Universidad Polit\u00e9cnica de Madrid<\/strong>, representada por el catedr\u00e1tico\u00a0<strong>Jos\u00e9 Manuel Men\u00e9ndez<\/strong>, y\u00a0<strong>RTVE<\/strong>, con\u00a0<strong>Adolfo Mu\u00f1oz<\/strong>, explicaron los avances en producci\u00f3n remota y virtualizaci\u00f3n de eventos en directo con redes 5G.<\/p>\n<p>Por \u00faltimo, en la clausura del<strong>\u00a05GForum<\/strong>,\u00a0<strong>Ricardo Medina<\/strong>, CEO de\u00a0<strong>Medina Media<\/strong>, productora audiovisual organizadora del encuentro, anunci\u00f3 las fechas de la pr\u00f3xima edici\u00f3n del\u00a0<strong>5GForum<\/strong>:\u00a0<strong>24 y 25 de abril de 2019<\/strong>, en el Polo de Contenidos Digitales de M\u00e1laga.<\/p>\n<p>&nbsp;<\/p>\n","protected":false},"author":2,"featured_media":923,"comment_status":"open","ping_status":"closed","sticky":false,"template":"","format":"standard","meta":{"_acf_changed":false,"footnotes":""},"categories":[14],"tags":[],"class_list":["post-902","post","type-post","status-publish","format-standard","has-post-thumbnail","hentry","category-noticias-5g-forum"],"acf":[],"yoast_head":"<!-- This site is optimized with the Yoast SEO plugin v27.5 - https:\/\/yoast.com\/product\/yoast-seo-wordpress\/ -->\n<title>EL 5GFORUM: \u00c9XITO DE AGENDA, NETWORKING Y NEGOCIOS - Medina Media EVENTS<\/title>\n<meta name=\"robots\" content=\"index, follow, max-snippet:-1, max-image-preview:large, max-video-preview:-1\" \/>\n<link rel=\"canonical\" href=\"https:\/\/www.medinamediaevents.com\/es\/el-5gforum-exito-de-agenda-networking-y-negocios\/\" \/>\n<meta property=\"og:locale\" content=\"es_ES\" \/>\n<meta property=\"og:type\" content=\"article\" \/>\n<meta property=\"og:title\" content=\"EL 5GFORUM: \u00c9XITO DE AGENDA, NETWORKING Y NEGOCIOS - Medina Media EVENTS\" \/>\n<meta property=\"og:description\" content=\"La segunda edici\u00f3n tendr\u00e1 lugar el 24 y 25 de abril de 2019 La primera edici\u00f3n del 5G Forum logr\u00f3 un triple objetivo: ofrecer\u00a0la mejor agenda de ponentes\u00a0nunca antes reunida en Espa\u00f1a sobre el 5G, convertirse en un\u00a0punto de networking tecnol\u00f3gico de primer nivel\u00a0y que los 250 ejecutivos representantes de m\u00e1s de 100 empresas abrieran\u00a0nuevas posibilidades de negocio.  Durante dos d\u00edas, el 25 y el 26 de abril de 2017, el\u00a0Polo de Contenidos Digitales de M\u00e1laga\u00a0fue el escenario del\u00a0primer encuentro multidisciplinar sobre el 5G\u00a0que se ha celebrado en Espa\u00f1a sobre la tecnolog\u00eda 5G.  Ricardo Medina, CEO de\u00a0Medina Media, organizadora del evento, anunci\u00f3 en la clausura que\u00a0la segunda edici\u00f3n del 5GForum se celebrar\u00e1 los d\u00edas 24 y 25 de abril de 2019\u00a0para seguir examinando anualmente la evoluci\u00f3n de esta tecnolog\u00eda, que abre las posibilidades de conectividad a muchos campos, m\u00e1s all\u00e1 de la telefon\u00eda.  \u201cEl\u00a05GForum\u00a0mantendr\u00e1 su esp\u00edritu de evento familiar (no masificado) para seguir siendo el\u00a0punto de encuentro de los presidentes, directores generales, directivos, expertos, profesionales e investigadores del 5G\u00a0en un ambiente donde se encuentran a gusto y fluyen los contactos para hacer negocio\u201d, asegur\u00f3 Medina.    Empresas como\u00a0Samsung, Nokia, Cellnex, Axi\u00f3n, Hispasat, RTVE y Les Roches, entre otras, patrocinaron este encuentro pionero en el que tambi\u00e9n participaron los m\u00e1ximos expertos en 5G de multinacionales como\u00a0Telef\u00f3nica, Vodafone, Orange, Ericsson o SEAT.  La primera edici\u00f3n del\u00a05GForum\u00a0ofreci\u00f3\u00a025 ponencias y mesas redondas\u00a0sobre el despliegue del 5G, smart cities, autom\u00f3viles conectados, servicios de emergencia, turismo, entretenimiento, etc.    El\u00a05G Forum\u00a0arranc\u00f3 en el\u00a0Polo de Contenidos Digitales\u00a0con la visita del\u00a0Alcalde de M\u00e1laga, Francisco de la Torre; el consejero de Empleo, Empresa y Comercio, Javier Carnero; y el Director General de Red.es, Jos\u00e9 Manuel Leceta.  Francisco Hortig\u00fcela, Director de de Relaciones Institucionales, Comunicaci\u00f3n y Ciudadan\u00eda Corporativa de\u00a0Samsung\u00a0Espa\u00f1a, fue el encargado de abrir las ponencias\u00a0y explic\u00f3\u00a0la importancia del 5G para que haya datos ilimitados e incluso para conducir un coche en un futuro inmediato.  Jorge Alberto Jim\u00e9nez, Presidente Ejecutivo de\u00a0Axi\u00f3n, sentenci\u00f3 que \u201ca la Cuarta Generaci\u00f3n (4G) a\u00fan le queda vida. Sin embargo, la que est\u00e1 por llegar convivir\u00e1 mucho m\u00e1s con nosotros que su antecesora, pues sus posibilidades son pr\u00e1cticamente ilimitadas\u201d.  In\u00e9s Sanz, Responsable de Ingenier\u00eda de Clientes de\u00a0Hispasat, destac\u00f3 que \u201cel 5G requiere de la inclusi\u00f3n del sat\u00e9lite para conseguir Internet para todos y en cualquier lugar. El sat\u00e9lite es\u00a0wireless, al igual que el 5G\u201d.  \u00d3scar Pallarols, Director de Innovaci\u00f3n y Estrategia de Producto de\u00a0Cellnex Telecom, subray\u00f3 la necesidad de la fibra para poder optimizar el 5G y destac\u00f3 la rapidez de las nuevas tecnolog\u00edas: \u201cCuando veamos la primera aplicaci\u00f3n real del 5G en Espa\u00f1a, ya se empezar\u00e1 a hablar del 6G\u201d.  Por su parte, el Presidente de\u00a0Nokia\u00a0en Espa\u00f1a,\u00a0Ignacio Gallego, anunci\u00f3 que pondr\u00e1n\u00a0cobertura a la Luna el a\u00f1o que viene, en colaboraci\u00f3n con la NASA, coincidiendo con que\u00a0en 2019 se cumple el 50 aniversario de la misi\u00f3n espacial Apolo XVII.    Los tres principales operadores, en el 5G Forum Telef\u00f3nica, Vodafone y Orange, los tres grandes operadores en Espa\u00f1a, estuvieron representados por sus principales expertos en 5G.  Javier Guti\u00e9rrez,\u00a0Director de Estrategia y Desarrollo de Red de\u00a0Telef\u00f3nica, expuso que \u201ces fundamental desarrollar los casos de uso, como la Realidad Virtual, la Industria 4.0 o los autom\u00f3viles conectados. Para que cuando la tecnolog\u00eda 5G llegue, ya el consumidor tenga una demanda\u201d.  Didier Clavero, Director de Red de\u00a0Vodafone\u00a0Espa\u00f1a, reflexion\u00f3 sobre \u201cla era de los objetos conectados\u201d y la importancia del flujo de datos para que esto sea posible. \u201cSer\u00eda un fracaso si s\u00f3lo seguimos dando los mismos servicios que damos ahora\u201d.  Tom\u00e1s Alonso, Head of Product Engineering de\u00a0Orange, sorprendi\u00f3 a todos afirmando que: \u201cSi yo hoy quiero ver a mi hija, que est\u00e1 a cientos de kil\u00f3metros de distancia, con el 5G podr\u00e9 verla y hablar con ella en tiempo real a trav\u00e9s de un holograma\u201d.  Por su parte, la\u00a0multinacional sueca\u00a0Ericsson, representada por\u00a0Iv\u00e1n Rej\u00f3n, Director de Estrategia y Marketing, dijo que \u201clas prestaciones que ofrecer\u00e1 el 5G en algunas actividades, no las ofrece ni el 4G ni Internet\u201d, y resalt\u00f3 el potencial de monetizaci\u00f3n en nuevos modelos de negocio.  El coche conectado: con el usuario y su entorno Anna Mart\u00ednez, responsable de Conectividad y Servicios Online de\u00a0SEAT, dio una visi\u00f3n muy gr\u00e1fica de c\u00f3mo ser\u00e1 el coche del futuro, el coche automatizado. Ciudades m\u00e1s limpias, con m\u00e1s opciones de transporte y menos atascos ser\u00e1n una realidad diaria con el 5G. \u201cConectar el coche con el entorno\u201d ser\u00e1 clave para las Smart Cities.    \u201cDentro de unos a\u00f1os podremos comunicarnos con un veh\u00edculo con la voz\u201d, anunci\u00f3 el presidente de la Asociaci\u00f3n Espa\u00f1ola de Veh\u00edculos Aut\u00f3nomos Conectados (AEVAC),\u00a0Aitor Fern\u00e1ndez,\u00a0invidente desde los 14 a\u00f1os. Fern\u00e1ndez habl\u00f3 del potencial de la movilidad en la que el 5G va a ser \u201cimprescindible\u201d y el \u201cmayor agregador de tecnolog\u00edas de la historia\u201d.    El Centro Tecnol\u00f3gico de Automoci\u00f3n de Galicia (CTAG)\u00a0trajo al 5GForum uno de sus coches conectados\u00a0para ense\u00f1ar a los asistentes todas sus prestaciones y el funcionamiento de \u00e9stas.\u00a0Daniel Bern\u00e1rdez, Jefe del Departamento de Conectividad de CTAG,\u00a0compar\u00f3 mediante v\u00eddeos los diferentes comportamientos en situaciones comprometidas de dos autom\u00f3viles: uno est\u00e1ndar y otro conectado.    El 5G en Am\u00e9rica y en el Turismo Jos\u00e9 Otero, Director en Am\u00e9rica Latina y el Caribe de\u00a05G Americas, particip\u00f3 por videollamada\u00a0desde\u00a0R\u00edo de Janeiro, donde estaba celebr\u00e1ndose la\u00a0convenci\u00f3n anual de 5G Americas. Otero comparti\u00f3 con los asistentes\u00a0la implementaci\u00f3n de la Quinta Generaci\u00f3n en el continente americano y las posibilidades de negocio que se abren para las empresas espa\u00f1olas.  Adem\u00e1s, la Consejera Delegada de\u00a0Extenda,\u00a0Vanessa Bernad, desde Miami, traslad\u00f3 por videoconferencia las oportunidades de negocio que hay en Estados Unidos y Latinoam\u00e9rica para las empresas TIC.  Carlos D\u00edez de la Lastra,\u00a0CEO\u00a0de\u00a0Les Roches;\u00a0Nicol\u00e1s Barrios,\u00a0Director de I+D+i de\u00a0SEGITTUR;\u00a0y\u00a0Arturo Bernal,\u00a0Gerente de\u00a0Turismo Costa del Sol, debatieron en el panel dedicado a Turismo y Big Data sobre 5G y sus aplicaciones en\u00a0uno de los principales motores de la econom\u00eda regional. Experiencia de usuario, gesti\u00f3n de la informaci\u00f3n y\u00a0formaci\u00f3n de profesionales en nuevas tecnolog\u00eda fueron algunas de las claves que se apuntaron con el objetivo de dise\u00f1ar un \u201cdestino tur\u00edstico inteligente\u201d.    Juan Carlos Cabrera,\u00a0Delegado de Seguridad Movilidad y Fiestas Mayores del Ayuntamiento de Sevilla; y\u00a0Rafael P\u00e9rez,\u00a0Director del CECOP, presentaron a los asistentes la experiencia piloto que\u00a0convirti\u00f3 a Sevilla en una Smart City la pasada Semana Santa. C\u00e1maras de alta definici\u00f3n, luminarias graduables en intensidad, equipos de transmisi\u00f3n para la conexi\u00f3n de cada uno de los dispositivos o geolocalizaci\u00f3n de las Hermandades fueron algunas de las innovaciones que se implementaron para reforzar la\u00a0seguridad ciudadana.  Preparando las Ciudades Inteligentes Manuel Ortigosa, Director General de Telecomunicaciones y Sociedad de la Informaci\u00f3n de la\u00a0Junta de Andaluc\u00eda;\u00a0Mario Cort\u00e9s, Concejal de Nuevas Tecnolog\u00edas en el\u00a0Ayuntamiento de M\u00e1laga;\u00a0y\u00a0Baldomero Le\u00f3n, Delegado de Innovaci\u00f3n en el\u00a0Ayuntamiento de Marbella,\u00a0hablaron sobre las\u00a0Smart Cities\u00a0o Ciudades Inteligentes. Las instituciones p\u00fablicas coinciden en que las Ciudades Inteligentes ser\u00e1n aquellas que apuesten por mejorar la vida de los ciudadanos y, a la vez, por la sostenibilidad.    El\u00a0Ministerio de Energ\u00eda, Turismo y Agenda Digital, a trav\u00e9s de su asesor\u00a0Pedro Alonso, avanz\u00f3 a los asistentes la noticia de la\u00a0publicaci\u00f3n en\u00a0el BOE del nuevo Cuadro Nacional de Atribuci\u00f3n de Frecuencias, como ampliaci\u00f3n del Plan Nacional del 5G. La noticia revolucion\u00f3 el Auditorium del\u00a05GForum\u00a0y los asistentes empezaron a compartirla con sus sedes corporativas. Y aprovecharon la presencia de Pedro Alonso para tener informaci\u00f3n de primera mano.  Otro de los anuncios de primera mano que se conocieron en el\u00a05GForum\u00a0fue el del Director General de\u00a0Red.es,\u00a0Jos\u00e9 Manuel Leceta, invitando a las empresas e instituciones a\u00a0lanzar pilotos 5G, con una dotaci\u00f3n de 20 millones de euros.  El 5G y sus ventajas en la telemedicina El\u00a05GForum\u00a0tambi\u00e9n abarc\u00f3 la aplicaci\u00f3n de la Tecnolog\u00eda 5G en los servicios de emergencia. El\u00a0Samur,\u00a0del Ayuntamiento de Madrid,\u00a0present\u00f3 su proyecto de\u00a0\u201cCamiseta Inteligente\u201d\u00a0o\u00a0Smart Shirt.\u00a0Esta \u201cCamiseta Inteligente\u201d mide el ritmo card\u00edaco mediante unos sensores que avisan en caso de arritmia a una ambulancia, mediante el m\u00f3vil usando\u00a0bluetooth, y a su vez comunica el aviso de la ambulancia al hospital m\u00e1s cercano o conveniente para el paciente, sin necesidad de pasar por un centro de mando y control.    Narc\u00eds Cardona, Catedr\u00e1tico de la\u00a0Universidad Polit\u00e9cnica de Valencia (UPV), expuso la posibilidad de poder hacer cirug\u00edas de forma remota desde cualquier parte del mundo gracias al 5G.  Los contenidos audiovisuales y el gaming, m\u00e1s accesibles a\u00fan Pere Vila,\u00a0Director de Estrategia Tecnol\u00f3gica e Innovaci\u00f3n Digital de\u00a0RTVE, expuso el impacto que tendr\u00e1 el 5G en el proceso integral de la transmisi\u00f3n de la noticia. Vila habl\u00f3 de un nuevo modelo de periodismo basado en la edici\u00f3n de contenido utilizando servicios en\u00a0cloud, la publicaci\u00f3n inmediata y la interactividad a la hora de compartirlo.    La multinacional india Onmobile, de la mano de\u00a0Juan Olivares, Director de SVA y Desarrollo de Negocio para Europa,\u00a0expuso su apuesta por los videojuegos en el m\u00f3vil como gran fuente de ingresos para las empresas del sector.  Las Universidades, a la vanguadia de la tecnolog\u00eda 5G Raquel Barco,\u00a0Vicerrectora Smart-Campus de la\u00a0Universidad de M\u00e1laga, y varios de los investigadores de la UMA explicaron\u00a0los diferentes proyectos, como el\u00a0ONE5G,\u00a0en los que la\u00a0UMA,\u00a0junto con empresas privadas europeas, est\u00e1 involucrada para desarrollar soluciones tecnol\u00f3gicas en torno al 5G.  Narc\u00eds Cardona,\u00a0Catedr\u00e1tico Universidad Polit\u00e9cnica de Valencia, adem\u00e1s abord\u00f3 el proyecto europeo\u00a05G-XCAST,\u00a0destacando la estandarizaci\u00f3n de distribuci\u00f3n de contenidos en redes m\u00f3viles 5G a grandes grupos de usuarios y con m\u00faltiples casos de uso.  Impulsa Visi\u00f3n, la aceleradora de start ups de\u00a0RTVE, expuso de la mano de\u00a0Esteban Mayoral,\u00a0Jefe de la Unidad de Gesti\u00f3n del centro de Innovaci\u00f3n, diferentes proyectos innovadores y eminentemente pr\u00e1cticos a los que apoyan para hacer crecer al sector audiovisual espa\u00f1ol.  Adem\u00e1s, la\u00a0Universidad Polit\u00e9cnica de Madrid, representada por el catedr\u00e1tico\u00a0Jos\u00e9 Manuel Men\u00e9ndez, y\u00a0RTVE, con\u00a0Adolfo Mu\u00f1oz, explicaron los avances en producci\u00f3n remota y virtualizaci\u00f3n de eventos en directo con redes 5G.  Por \u00faltimo, en la clausura del\u00a05GForum,\u00a0Ricardo Medina, CEO de\u00a0Medina Media, productora audiovisual organizadora del encuentro, anunci\u00f3 las fechas de la pr\u00f3xima edici\u00f3n del\u00a05GForum:\u00a024 y 25 de abril de 2019, en el Polo de Contenidos Digitales de M\u00e1laga.  &nbsp;\" \/>\n<meta property=\"og:url\" content=\"https:\/\/www.medinamediaevents.com\/es\/el-5gforum-exito-de-agenda-networking-y-negocios\/\" \/>\n<meta property=\"og:site_name\" content=\"Medina Media EVENTS\" \/>\n<meta property=\"article:published_time\" content=\"2018-11-16T12:08:58+00:00\" \/>\n<meta property=\"article:modified_time\" content=\"2018-12-28T12:18:03+00:00\" \/>\n<meta property=\"og:image\" content=\"https:\/\/www.medinamediaevents.com\/web\/wp-content\/uploads\/2018\/12\/5G_FORUM-768x512.jpg\" \/>\n\t<meta property=\"og:image:width\" content=\"768\" \/>\n\t<meta property=\"og:image:height\" content=\"512\" \/>\n\t<meta property=\"og:image:type\" content=\"image\/jpeg\" \/>\n<meta name=\"author\" content=\"MME\" \/>\n<meta name=\"twitter:card\" content=\"summary_large_image\" \/>\n<meta name=\"twitter:label1\" content=\"Escrito por\" \/>\n\t<meta name=\"twitter:data1\" content=\"MME\" \/>\n\t<meta name=\"twitter:label2\" content=\"Tiempo de lectura\" \/>\n\t<meta name=\"twitter:data2\" content=\"10 minutos\" \/>\n<script type=\"application\/ld+json\" class=\"yoast-schema-graph\">{\"@context\":\"https:\\\/\\\/schema.org\",\"@graph\":[{\"@type\":\"Article\",\"@id\":\"https:\\\/\\\/www.medinamediaevents.com\\\/es\\\/el-5gforum-exito-de-agenda-networking-y-negocios\\\/#article\",\"isPartOf\":{\"@id\":\"https:\\\/\\\/www.medinamediaevents.com\\\/es\\\/el-5gforum-exito-de-agenda-networking-y-negocios\\\/\"},\"author\":{\"name\":\"MME\",\"@id\":\"https:\\\/\\\/www.medinamediaevents.com\\\/es\\\/#\\\/schema\\\/person\\\/7d2bf7ca8ea9d145a6e6ec897c79311c\"},\"headline\":\"EL 5GFORUM: \u00c9XITO DE AGENDA, NETWORKING Y NEGOCIOS\",\"datePublished\":\"2018-11-16T12:08:58+00:00\",\"dateModified\":\"2018-12-28T12:18:03+00:00\",\"mainEntityOfPage\":{\"@id\":\"https:\\\/\\\/www.medinamediaevents.com\\\/es\\\/el-5gforum-exito-de-agenda-networking-y-negocios\\\/\"},\"wordCount\":1923,\"commentCount\":0,\"publisher\":{\"@id\":\"https:\\\/\\\/www.medinamediaevents.com\\\/es\\\/#organization\"},\"image\":{\"@id\":\"https:\\\/\\\/www.medinamediaevents.com\\\/es\\\/el-5gforum-exito-de-agenda-networking-y-negocios\\\/#primaryimage\"},\"thumbnailUrl\":\"https:\\\/\\\/www.medinamediaevents.com\\\/web\\\/wp-content\\\/uploads\\\/2018\\\/12\\\/5G_FORUM-768x512.jpg\",\"articleSection\":[\"5G FORUM\"],\"inLanguage\":\"es\"},{\"@type\":\"WebPage\",\"@id\":\"https:\\\/\\\/www.medinamediaevents.com\\\/es\\\/el-5gforum-exito-de-agenda-networking-y-negocios\\\/\",\"url\":\"https:\\\/\\\/www.medinamediaevents.com\\\/es\\\/el-5gforum-exito-de-agenda-networking-y-negocios\\\/\",\"name\":\"EL 5GFORUM: \u00c9XITO DE AGENDA, NETWORKING Y NEGOCIOS - Medina Media EVENTS\",\"isPartOf\":{\"@id\":\"https:\\\/\\\/www.medinamediaevents.com\\\/es\\\/#website\"},\"primaryImageOfPage\":{\"@id\":\"https:\\\/\\\/www.medinamediaevents.com\\\/es\\\/el-5gforum-exito-de-agenda-networking-y-negocios\\\/#primaryimage\"},\"image\":{\"@id\":\"https:\\\/\\\/www.medinamediaevents.com\\\/es\\\/el-5gforum-exito-de-agenda-networking-y-negocios\\\/#primaryimage\"},\"thumbnailUrl\":\"https:\\\/\\\/www.medinamediaevents.com\\\/web\\\/wp-content\\\/uploads\\\/2018\\\/12\\\/5G_FORUM-768x512.jpg\",\"datePublished\":\"2018-11-16T12:08:58+00:00\",\"dateModified\":\"2018-12-28T12:18:03+00:00\",\"breadcrumb\":{\"@id\":\"https:\\\/\\\/www.medinamediaevents.com\\\/es\\\/el-5gforum-exito-de-agenda-networking-y-negocios\\\/#breadcrumb\"},\"inLanguage\":\"es\",\"potentialAction\":[{\"@type\":\"ReadAction\",\"target\":[\"https:\\\/\\\/www.medinamediaevents.com\\\/es\\\/el-5gforum-exito-de-agenda-networking-y-negocios\\\/\"]}]},{\"@type\":\"ImageObject\",\"inLanguage\":\"es\",\"@id\":\"https:\\\/\\\/www.medinamediaevents.com\\\/es\\\/el-5gforum-exito-de-agenda-networking-y-negocios\\\/#primaryimage\",\"url\":\"https:\\\/\\\/www.medinamediaevents.com\\\/web\\\/wp-content\\\/uploads\\\/2018\\\/12\\\/5G_FORUM-768x512.jpg\",\"contentUrl\":\"https:\\\/\\\/www.medinamediaevents.com\\\/web\\\/wp-content\\\/uploads\\\/2018\\\/12\\\/5G_FORUM-768x512.jpg\",\"width\":768,\"height\":512},{\"@type\":\"BreadcrumbList\",\"@id\":\"https:\\\/\\\/www.medinamediaevents.com\\\/es\\\/el-5gforum-exito-de-agenda-networking-y-negocios\\\/#breadcrumb\",\"itemListElement\":[{\"@type\":\"ListItem\",\"position\":1,\"name\":\"Home\",\"item\":\"https:\\\/\\\/www.medinamediaevents.com\\\/es\\\/\"},{\"@type\":\"ListItem\",\"position\":2,\"name\":\"EL 5GFORUM: \u00c9XITO DE AGENDA, NETWORKING Y NEGOCIOS\"}]},{\"@type\":\"WebSite\",\"@id\":\"https:\\\/\\\/www.medinamediaevents.com\\\/es\\\/#website\",\"url\":\"https:\\\/\\\/www.medinamediaevents.com\\\/es\\\/\",\"name\":\"Medina Media EVENTS\",\"description\":\"\",\"publisher\":{\"@id\":\"https:\\\/\\\/www.medinamediaevents.com\\\/es\\\/#organization\"},\"potentialAction\":[{\"@type\":\"SearchAction\",\"target\":{\"@type\":\"EntryPoint\",\"urlTemplate\":\"https:\\\/\\\/www.medinamediaevents.com\\\/es\\\/?s={search_term_string}\"},\"query-input\":{\"@type\":\"PropertyValueSpecification\",\"valueRequired\":true,\"valueName\":\"search_term_string\"}}],\"inLanguage\":\"es\"},{\"@type\":\"Organization\",\"@id\":\"https:\\\/\\\/www.medinamediaevents.com\\\/es\\\/#organization\",\"name\":\"Medina Media Events\",\"url\":\"https:\\\/\\\/www.medinamediaevents.com\\\/es\\\/\",\"logo\":{\"@type\":\"ImageObject\",\"inLanguage\":\"es\",\"@id\":\"https:\\\/\\\/www.medinamediaevents.com\\\/es\\\/#\\\/schema\\\/logo\\\/image\\\/\",\"url\":\"https:\\\/\\\/www.medinamediaevents.com\\\/web\\\/wp-content\\\/uploads\\\/2018\\\/11\\\/mm_events_logo2018.png\",\"contentUrl\":\"https:\\\/\\\/www.medinamediaevents.com\\\/web\\\/wp-content\\\/uploads\\\/2018\\\/11\\\/mm_events_logo2018.png\",\"width\":1200,\"height\":750,\"caption\":\"Medina Media Events\"},\"image\":{\"@id\":\"https:\\\/\\\/www.medinamediaevents.com\\\/es\\\/#\\\/schema\\\/logo\\\/image\\\/\"}},{\"@type\":\"Person\",\"@id\":\"https:\\\/\\\/www.medinamediaevents.com\\\/es\\\/#\\\/schema\\\/person\\\/7d2bf7ca8ea9d145a6e6ec897c79311c\",\"name\":\"MME\"}]}<\/script>\n<!-- \/ Yoast SEO plugin. -->","yoast_head_json":{"title":"EL 5GFORUM: \u00c9XITO DE AGENDA, NETWORKING Y NEGOCIOS - Medina Media EVENTS","robots":{"index":"index","follow":"follow","max-snippet":"max-snippet:-1","max-image-preview":"max-image-preview:large","max-video-preview":"max-video-preview:-1"},"canonical":"https:\/\/www.medinamediaevents.com\/es\/el-5gforum-exito-de-agenda-networking-y-negocios\/","og_locale":"es_ES","og_type":"article","og_title":"EL 5GFORUM: \u00c9XITO DE AGENDA, NETWORKING Y NEGOCIOS - Medina Media EVENTS","og_description":"La segunda edici\u00f3n tendr\u00e1 lugar el 24 y 25 de abril de 2019 La primera edici\u00f3n del 5G Forum logr\u00f3 un triple objetivo: ofrecer\u00a0la mejor agenda de ponentes\u00a0nunca antes reunida en Espa\u00f1a sobre el 5G, convertirse en un\u00a0punto de networking tecnol\u00f3gico de primer nivel\u00a0y que los 250 ejecutivos representantes de m\u00e1s de 100 empresas abrieran\u00a0nuevas posibilidades de negocio.  Durante dos d\u00edas, el 25 y el 26 de abril de 2017, el\u00a0Polo de Contenidos Digitales de M\u00e1laga\u00a0fue el escenario del\u00a0primer encuentro multidisciplinar sobre el 5G\u00a0que se ha celebrado en Espa\u00f1a sobre la tecnolog\u00eda 5G.  Ricardo Medina, CEO de\u00a0Medina Media, organizadora del evento, anunci\u00f3 en la clausura que\u00a0la segunda edici\u00f3n del 5GForum se celebrar\u00e1 los d\u00edas 24 y 25 de abril de 2019\u00a0para seguir examinando anualmente la evoluci\u00f3n de esta tecnolog\u00eda, que abre las posibilidades de conectividad a muchos campos, m\u00e1s all\u00e1 de la telefon\u00eda.  \u201cEl\u00a05GForum\u00a0mantendr\u00e1 su esp\u00edritu de evento familiar (no masificado) para seguir siendo el\u00a0punto de encuentro de los presidentes, directores generales, directivos, expertos, profesionales e investigadores del 5G\u00a0en un ambiente donde se encuentran a gusto y fluyen los contactos para hacer negocio\u201d, asegur\u00f3 Medina.    Empresas como\u00a0Samsung, Nokia, Cellnex, Axi\u00f3n, Hispasat, RTVE y Les Roches, entre otras, patrocinaron este encuentro pionero en el que tambi\u00e9n participaron los m\u00e1ximos expertos en 5G de multinacionales como\u00a0Telef\u00f3nica, Vodafone, Orange, Ericsson o SEAT.  La primera edici\u00f3n del\u00a05GForum\u00a0ofreci\u00f3\u00a025 ponencias y mesas redondas\u00a0sobre el despliegue del 5G, smart cities, autom\u00f3viles conectados, servicios de emergencia, turismo, entretenimiento, etc.    El\u00a05G Forum\u00a0arranc\u00f3 en el\u00a0Polo de Contenidos Digitales\u00a0con la visita del\u00a0Alcalde de M\u00e1laga, Francisco de la Torre; el consejero de Empleo, Empresa y Comercio, Javier Carnero; y el Director General de Red.es, Jos\u00e9 Manuel Leceta.  Francisco Hortig\u00fcela, Director de de Relaciones Institucionales, Comunicaci\u00f3n y Ciudadan\u00eda Corporativa de\u00a0Samsung\u00a0Espa\u00f1a, fue el encargado de abrir las ponencias\u00a0y explic\u00f3\u00a0la importancia del 5G para que haya datos ilimitados e incluso para conducir un coche en un futuro inmediato.  Jorge Alberto Jim\u00e9nez, Presidente Ejecutivo de\u00a0Axi\u00f3n, sentenci\u00f3 que \u201ca la Cuarta Generaci\u00f3n (4G) a\u00fan le queda vida. Sin embargo, la que est\u00e1 por llegar convivir\u00e1 mucho m\u00e1s con nosotros que su antecesora, pues sus posibilidades son pr\u00e1cticamente ilimitadas\u201d.  In\u00e9s Sanz, Responsable de Ingenier\u00eda de Clientes de\u00a0Hispasat, destac\u00f3 que \u201cel 5G requiere de la inclusi\u00f3n del sat\u00e9lite para conseguir Internet para todos y en cualquier lugar. El sat\u00e9lite es\u00a0wireless, al igual que el 5G\u201d.  \u00d3scar Pallarols, Director de Innovaci\u00f3n y Estrategia de Producto de\u00a0Cellnex Telecom, subray\u00f3 la necesidad de la fibra para poder optimizar el 5G y destac\u00f3 la rapidez de las nuevas tecnolog\u00edas: \u201cCuando veamos la primera aplicaci\u00f3n real del 5G en Espa\u00f1a, ya se empezar\u00e1 a hablar del 6G\u201d.  Por su parte, el Presidente de\u00a0Nokia\u00a0en Espa\u00f1a,\u00a0Ignacio Gallego, anunci\u00f3 que pondr\u00e1n\u00a0cobertura a la Luna el a\u00f1o que viene, en colaboraci\u00f3n con la NASA, coincidiendo con que\u00a0en 2019 se cumple el 50 aniversario de la misi\u00f3n espacial Apolo XVII.    Los tres principales operadores, en el 5G Forum Telef\u00f3nica, Vodafone y Orange, los tres grandes operadores en Espa\u00f1a, estuvieron representados por sus principales expertos en 5G.  Javier Guti\u00e9rrez,\u00a0Director de Estrategia y Desarrollo de Red de\u00a0Telef\u00f3nica, expuso que \u201ces fundamental desarrollar los casos de uso, como la Realidad Virtual, la Industria 4.0 o los autom\u00f3viles conectados. Para que cuando la tecnolog\u00eda 5G llegue, ya el consumidor tenga una demanda\u201d.  Didier Clavero, Director de Red de\u00a0Vodafone\u00a0Espa\u00f1a, reflexion\u00f3 sobre \u201cla era de los objetos conectados\u201d y la importancia del flujo de datos para que esto sea posible. \u201cSer\u00eda un fracaso si s\u00f3lo seguimos dando los mismos servicios que damos ahora\u201d.  Tom\u00e1s Alonso, Head of Product Engineering de\u00a0Orange, sorprendi\u00f3 a todos afirmando que: \u201cSi yo hoy quiero ver a mi hija, que est\u00e1 a cientos de kil\u00f3metros de distancia, con el 5G podr\u00e9 verla y hablar con ella en tiempo real a trav\u00e9s de un holograma\u201d.  Por su parte, la\u00a0multinacional sueca\u00a0Ericsson, representada por\u00a0Iv\u00e1n Rej\u00f3n, Director de Estrategia y Marketing, dijo que \u201clas prestaciones que ofrecer\u00e1 el 5G en algunas actividades, no las ofrece ni el 4G ni Internet\u201d, y resalt\u00f3 el potencial de monetizaci\u00f3n en nuevos modelos de negocio.  El coche conectado: con el usuario y su entorno Anna Mart\u00ednez, responsable de Conectividad y Servicios Online de\u00a0SEAT, dio una visi\u00f3n muy gr\u00e1fica de c\u00f3mo ser\u00e1 el coche del futuro, el coche automatizado. Ciudades m\u00e1s limpias, con m\u00e1s opciones de transporte y menos atascos ser\u00e1n una realidad diaria con el 5G. \u201cConectar el coche con el entorno\u201d ser\u00e1 clave para las Smart Cities.    \u201cDentro de unos a\u00f1os podremos comunicarnos con un veh\u00edculo con la voz\u201d, anunci\u00f3 el presidente de la Asociaci\u00f3n Espa\u00f1ola de Veh\u00edculos Aut\u00f3nomos Conectados (AEVAC),\u00a0Aitor Fern\u00e1ndez,\u00a0invidente desde los 14 a\u00f1os. Fern\u00e1ndez habl\u00f3 del potencial de la movilidad en la que el 5G va a ser \u201cimprescindible\u201d y el \u201cmayor agregador de tecnolog\u00edas de la historia\u201d.    El Centro Tecnol\u00f3gico de Automoci\u00f3n de Galicia (CTAG)\u00a0trajo al 5GForum uno de sus coches conectados\u00a0para ense\u00f1ar a los asistentes todas sus prestaciones y el funcionamiento de \u00e9stas.\u00a0Daniel Bern\u00e1rdez, Jefe del Departamento de Conectividad de CTAG,\u00a0compar\u00f3 mediante v\u00eddeos los diferentes comportamientos en situaciones comprometidas de dos autom\u00f3viles: uno est\u00e1ndar y otro conectado.    El 5G en Am\u00e9rica y en el Turismo Jos\u00e9 Otero, Director en Am\u00e9rica Latina y el Caribe de\u00a05G Americas, particip\u00f3 por videollamada\u00a0desde\u00a0R\u00edo de Janeiro, donde estaba celebr\u00e1ndose la\u00a0convenci\u00f3n anual de 5G Americas. Otero comparti\u00f3 con los asistentes\u00a0la implementaci\u00f3n de la Quinta Generaci\u00f3n en el continente americano y las posibilidades de negocio que se abren para las empresas espa\u00f1olas.  Adem\u00e1s, la Consejera Delegada de\u00a0Extenda,\u00a0Vanessa Bernad, desde Miami, traslad\u00f3 por videoconferencia las oportunidades de negocio que hay en Estados Unidos y Latinoam\u00e9rica para las empresas TIC.  Carlos D\u00edez de la Lastra,\u00a0CEO\u00a0de\u00a0Les Roches;\u00a0Nicol\u00e1s Barrios,\u00a0Director de I+D+i de\u00a0SEGITTUR;\u00a0y\u00a0Arturo Bernal,\u00a0Gerente de\u00a0Turismo Costa del Sol, debatieron en el panel dedicado a Turismo y Big Data sobre 5G y sus aplicaciones en\u00a0uno de los principales motores de la econom\u00eda regional. Experiencia de usuario, gesti\u00f3n de la informaci\u00f3n y\u00a0formaci\u00f3n de profesionales en nuevas tecnolog\u00eda fueron algunas de las claves que se apuntaron con el objetivo de dise\u00f1ar un \u201cdestino tur\u00edstico inteligente\u201d.    Juan Carlos Cabrera,\u00a0Delegado de Seguridad Movilidad y Fiestas Mayores del Ayuntamiento de Sevilla; y\u00a0Rafael P\u00e9rez,\u00a0Director del CECOP, presentaron a los asistentes la experiencia piloto que\u00a0convirti\u00f3 a Sevilla en una Smart City la pasada Semana Santa. C\u00e1maras de alta definici\u00f3n, luminarias graduables en intensidad, equipos de transmisi\u00f3n para la conexi\u00f3n de cada uno de los dispositivos o geolocalizaci\u00f3n de las Hermandades fueron algunas de las innovaciones que se implementaron para reforzar la\u00a0seguridad ciudadana.  Preparando las Ciudades Inteligentes Manuel Ortigosa, Director General de Telecomunicaciones y Sociedad de la Informaci\u00f3n de la\u00a0Junta de Andaluc\u00eda;\u00a0Mario Cort\u00e9s, Concejal de Nuevas Tecnolog\u00edas en el\u00a0Ayuntamiento de M\u00e1laga;\u00a0y\u00a0Baldomero Le\u00f3n, Delegado de Innovaci\u00f3n en el\u00a0Ayuntamiento de Marbella,\u00a0hablaron sobre las\u00a0Smart Cities\u00a0o Ciudades Inteligentes. Las instituciones p\u00fablicas coinciden en que las Ciudades Inteligentes ser\u00e1n aquellas que apuesten por mejorar la vida de los ciudadanos y, a la vez, por la sostenibilidad.    El\u00a0Ministerio de Energ\u00eda, Turismo y Agenda Digital, a trav\u00e9s de su asesor\u00a0Pedro Alonso, avanz\u00f3 a los asistentes la noticia de la\u00a0publicaci\u00f3n en\u00a0el BOE del nuevo Cuadro Nacional de Atribuci\u00f3n de Frecuencias, como ampliaci\u00f3n del Plan Nacional del 5G. La noticia revolucion\u00f3 el Auditorium del\u00a05GForum\u00a0y los asistentes empezaron a compartirla con sus sedes corporativas. Y aprovecharon la presencia de Pedro Alonso para tener informaci\u00f3n de primera mano.  Otro de los anuncios de primera mano que se conocieron en el\u00a05GForum\u00a0fue el del Director General de\u00a0Red.es,\u00a0Jos\u00e9 Manuel Leceta, invitando a las empresas e instituciones a\u00a0lanzar pilotos 5G, con una dotaci\u00f3n de 20 millones de euros.  El 5G y sus ventajas en la telemedicina El\u00a05GForum\u00a0tambi\u00e9n abarc\u00f3 la aplicaci\u00f3n de la Tecnolog\u00eda 5G en los servicios de emergencia. El\u00a0Samur,\u00a0del Ayuntamiento de Madrid,\u00a0present\u00f3 su proyecto de\u00a0\u201cCamiseta Inteligente\u201d\u00a0o\u00a0Smart Shirt.\u00a0Esta \u201cCamiseta Inteligente\u201d mide el ritmo card\u00edaco mediante unos sensores que avisan en caso de arritmia a una ambulancia, mediante el m\u00f3vil usando\u00a0bluetooth, y a su vez comunica el aviso de la ambulancia al hospital m\u00e1s cercano o conveniente para el paciente, sin necesidad de pasar por un centro de mando y control.    Narc\u00eds Cardona, Catedr\u00e1tico de la\u00a0Universidad Polit\u00e9cnica de Valencia (UPV), expuso la posibilidad de poder hacer cirug\u00edas de forma remota desde cualquier parte del mundo gracias al 5G.  Los contenidos audiovisuales y el gaming, m\u00e1s accesibles a\u00fan Pere Vila,\u00a0Director de Estrategia Tecnol\u00f3gica e Innovaci\u00f3n Digital de\u00a0RTVE, expuso el impacto que tendr\u00e1 el 5G en el proceso integral de la transmisi\u00f3n de la noticia. Vila habl\u00f3 de un nuevo modelo de periodismo basado en la edici\u00f3n de contenido utilizando servicios en\u00a0cloud, la publicaci\u00f3n inmediata y la interactividad a la hora de compartirlo.    La multinacional india Onmobile, de la mano de\u00a0Juan Olivares, Director de SVA y Desarrollo de Negocio para Europa,\u00a0expuso su apuesta por los videojuegos en el m\u00f3vil como gran fuente de ingresos para las empresas del sector.  Las Universidades, a la vanguadia de la tecnolog\u00eda 5G Raquel Barco,\u00a0Vicerrectora Smart-Campus de la\u00a0Universidad de M\u00e1laga, y varios de los investigadores de la UMA explicaron\u00a0los diferentes proyectos, como el\u00a0ONE5G,\u00a0en los que la\u00a0UMA,\u00a0junto con empresas privadas europeas, est\u00e1 involucrada para desarrollar soluciones tecnol\u00f3gicas en torno al 5G.  Narc\u00eds Cardona,\u00a0Catedr\u00e1tico Universidad Polit\u00e9cnica de Valencia, adem\u00e1s abord\u00f3 el proyecto europeo\u00a05G-XCAST,\u00a0destacando la estandarizaci\u00f3n de distribuci\u00f3n de contenidos en redes m\u00f3viles 5G a grandes grupos de usuarios y con m\u00faltiples casos de uso.  Impulsa Visi\u00f3n, la aceleradora de start ups de\u00a0RTVE, expuso de la mano de\u00a0Esteban Mayoral,\u00a0Jefe de la Unidad de Gesti\u00f3n del centro de Innovaci\u00f3n, diferentes proyectos innovadores y eminentemente pr\u00e1cticos a los que apoyan para hacer crecer al sector audiovisual espa\u00f1ol.  Adem\u00e1s, la\u00a0Universidad Polit\u00e9cnica de Madrid, representada por el catedr\u00e1tico\u00a0Jos\u00e9 Manuel Men\u00e9ndez, y\u00a0RTVE, con\u00a0Adolfo Mu\u00f1oz, explicaron los avances en producci\u00f3n remota y virtualizaci\u00f3n de eventos en directo con redes 5G.  Por \u00faltimo, en la clausura del\u00a05GForum,\u00a0Ricardo Medina, CEO de\u00a0Medina Media, productora audiovisual organizadora del encuentro, anunci\u00f3 las fechas de la pr\u00f3xima edici\u00f3n del\u00a05GForum:\u00a024 y 25 de abril de 2019, en el Polo de Contenidos Digitales de M\u00e1laga.  &nbsp;","og_url":"https:\/\/www.medinamediaevents.com\/es\/el-5gforum-exito-de-agenda-networking-y-negocios\/","og_site_name":"Medina Media EVENTS","article_published_time":"2018-11-16T12:08:58+00:00","article_modified_time":"2018-12-28T12:18:03+00:00","og_image":[{"width":768,"height":512,"url":"https:\/\/www.medinamediaevents.com\/web\/wp-content\/uploads\/2018\/12\/5G_FORUM-768x512.jpg","type":"image\/jpeg"}],"author":"MME","twitter_card":"summary_large_image","twitter_misc":{"Escrito por":"MME","Tiempo de lectura":"10 minutos"},"schema":{"@context":"https:\/\/schema.org","@graph":[{"@type":"Article","@id":"https:\/\/www.medinamediaevents.com\/es\/el-5gforum-exito-de-agenda-networking-y-negocios\/#article","isPartOf":{"@id":"https:\/\/www.medinamediaevents.com\/es\/el-5gforum-exito-de-agenda-networking-y-negocios\/"},"author":{"name":"MME","@id":"https:\/\/www.medinamediaevents.com\/es\/#\/schema\/person\/7d2bf7ca8ea9d145a6e6ec897c79311c"},"headline":"EL 5GFORUM: \u00c9XITO DE AGENDA, NETWORKING Y NEGOCIOS","datePublished":"2018-11-16T12:08:58+00:00","dateModified":"2018-12-28T12:18:03+00:00","mainEntityOfPage":{"@id":"https:\/\/www.medinamediaevents.com\/es\/el-5gforum-exito-de-agenda-networking-y-negocios\/"},"wordCount":1923,"commentCount":0,"publisher":{"@id":"https:\/\/www.medinamediaevents.com\/es\/#organization"},"image":{"@id":"https:\/\/www.medinamediaevents.com\/es\/el-5gforum-exito-de-agenda-networking-y-negocios\/#primaryimage"},"thumbnailUrl":"https:\/\/www.medinamediaevents.com\/web\/wp-content\/uploads\/2018\/12\/5G_FORUM-768x512.jpg","articleSection":["5G FORUM"],"inLanguage":"es"},{"@type":"WebPage","@id":"https:\/\/www.medinamediaevents.com\/es\/el-5gforum-exito-de-agenda-networking-y-negocios\/","url":"https:\/\/www.medinamediaevents.com\/es\/el-5gforum-exito-de-agenda-networking-y-negocios\/","name":"EL 5GFORUM: \u00c9XITO DE AGENDA, NETWORKING Y NEGOCIOS - Medina Media EVENTS","isPartOf":{"@id":"https:\/\/www.medinamediaevents.com\/es\/#website"},"primaryImageOfPage":{"@id":"https:\/\/www.medinamediaevents.com\/es\/el-5gforum-exito-de-agenda-networking-y-negocios\/#primaryimage"},"image":{"@id":"https:\/\/www.medinamediaevents.com\/es\/el-5gforum-exito-de-agenda-networking-y-negocios\/#primaryimage"},"thumbnailUrl":"https:\/\/www.medinamediaevents.com\/web\/wp-content\/uploads\/2018\/12\/5G_FORUM-768x512.jpg","datePublished":"2018-11-16T12:08:58+00:00","dateModified":"2018-12-28T12:18:03+00:00","breadcrumb":{"@id":"https:\/\/www.medinamediaevents.com\/es\/el-5gforum-exito-de-agenda-networking-y-negocios\/#breadcrumb"},"inLanguage":"es","potentialAction":[{"@type":"ReadAction","target":["https:\/\/www.medinamediaevents.com\/es\/el-5gforum-exito-de-agenda-networking-y-negocios\/"]}]},{"@type":"ImageObject","inLanguage":"es","@id":"https:\/\/www.medinamediaevents.com\/es\/el-5gforum-exito-de-agenda-networking-y-negocios\/#primaryimage","url":"https:\/\/www.medinamediaevents.com\/web\/wp-content\/uploads\/2018\/12\/5G_FORUM-768x512.jpg","contentUrl":"https:\/\/www.medinamediaevents.com\/web\/wp-content\/uploads\/2018\/12\/5G_FORUM-768x512.jpg","width":768,"height":512},{"@type":"BreadcrumbList","@id":"https:\/\/www.medinamediaevents.com\/es\/el-5gforum-exito-de-agenda-networking-y-negocios\/#breadcrumb","itemListElement":[{"@type":"ListItem","position":1,"name":"Home","item":"https:\/\/www.medinamediaevents.com\/es\/"},{"@type":"ListItem","position":2,"name":"EL 5GFORUM: \u00c9XITO DE AGENDA, NETWORKING Y NEGOCIOS"}]},{"@type":"WebSite","@id":"https:\/\/www.medinamediaevents.com\/es\/#website","url":"https:\/\/www.medinamediaevents.com\/es\/","name":"Medina Media EVENTS","description":"","publisher":{"@id":"https:\/\/www.medinamediaevents.com\/es\/#organization"},"potentialAction":[{"@type":"SearchAction","target":{"@type":"EntryPoint","urlTemplate":"https:\/\/www.medinamediaevents.com\/es\/?s={search_term_string}"},"query-input":{"@type":"PropertyValueSpecification","valueRequired":true,"valueName":"search_term_string"}}],"inLanguage":"es"},{"@type":"Organization","@id":"https:\/\/www.medinamediaevents.com\/es\/#organization","name":"Medina Media Events","url":"https:\/\/www.medinamediaevents.com\/es\/","logo":{"@type":"ImageObject","inLanguage":"es","@id":"https:\/\/www.medinamediaevents.com\/es\/#\/schema\/logo\/image\/","url":"https:\/\/www.medinamediaevents.com\/web\/wp-content\/uploads\/2018\/11\/mm_events_logo2018.png","contentUrl":"https:\/\/www.medinamediaevents.com\/web\/wp-content\/uploads\/2018\/11\/mm_events_logo2018.png","width":1200,"height":750,"caption":"Medina Media Events"},"image":{"@id":"https:\/\/www.medinamediaevents.com\/es\/#\/schema\/logo\/image\/"}},{"@type":"Person","@id":"https:\/\/www.medinamediaevents.com\/es\/#\/schema\/person\/7d2bf7ca8ea9d145a6e6ec897c79311c","name":"MME"}]}},"_links":{"self":[{"href":"https:\/\/www.medinamediaevents.com\/es\/wp-json\/wp\/v2\/posts\/902","targetHints":{"allow":["GET"]}}],"collection":[{"href":"https:\/\/www.medinamediaevents.com\/es\/wp-json\/wp\/v2\/posts"}],"about":[{"href":"https:\/\/www.medinamediaevents.com\/es\/wp-json\/wp\/v2\/types\/post"}],"author":[{"embeddable":true,"href":"https:\/\/www.medinamediaevents.com\/es\/wp-json\/wp\/v2\/users\/2"}],"replies":[{"embeddable":true,"href":"https:\/\/www.medinamediaevents.com\/es\/wp-json\/wp\/v2\/comments?post=902"}],"version-history":[{"count":0,"href":"https:\/\/www.medinamediaevents.com\/es\/wp-json\/wp\/v2\/posts\/902\/revisions"}],"wp:featuredmedia":[{"embeddable":true,"href":"https:\/\/www.medinamediaevents.com\/es\/wp-json\/wp\/v2\/media\/923"}],"wp:attachment":[{"href":"https:\/\/www.medinamediaevents.com\/es\/wp-json\/wp\/v2\/media?parent=902"}],"wp:term":[{"taxonomy":"category","embeddable":true,"href":"https:\/\/www.medinamediaevents.com\/es\/wp-json\/wp\/v2\/categories?post=902"},{"taxonomy":"post_tag","embeddable":true,"href":"https:\/\/www.medinamediaevents.com\/es\/wp-json\/wp\/v2\/tags?post=902"}],"curies":[{"name":"wp","href":"https:\/\/api.w.org\/{rel}","templated":true}]}}