{"id":658,"date":"2018-10-24T17:08:23","date_gmt":"2018-10-24T15:08:23","guid":{"rendered":"https:\/\/www.medinamediaevents.com\/the-4k-summit-publishes-its-agenda-the-best-of-the-4-editions\/"},"modified":"2018-12-07T17:17:05","modified_gmt":"2018-12-07T16:17:05","slug":"the-4k-summit-publishes-its-agenda-the-best-of-the-4-editions","status":"publish","type":"post","link":"https:\/\/www.medinamediaevents.com\/es\/the-4k-summit-publishes-its-agenda-the-best-of-the-4-editions\/","title":{"rendered":"La 4K Summit publica su agenda, la mejor de los 4 a\u00f1os"},"content":{"rendered":"<p><strong>La 4K Summit<\/strong>, que se celebra los d\u00edas 7, 8 y 9 de noviembre en el\u00a0<strong>Polo de Contenidos Digitales de M\u00e1laga, ha hecho p\u00fablica hoy su agenda definitiva<\/strong>, con la que se consolida como\u00a0<strong>el encuentro internacional m\u00e1s importante de expertos en Tecnolog\u00eda y productores de Contenidos sobre la Ultra Alta Definici\u00f3n (UHD)<\/strong>.<\/p>\n<p>En total ser\u00e1n\u00a0<strong>20 ponencias y 7 paneles<\/strong>\u00a0en los que se ofrecer\u00e1n informes, propuestas y visiones sobre esta nueva tecnolog\u00eda, que durante tres d\u00edas re\u00fane en M\u00e1laga a los mejores ponentes de otros foros internacionales como el NabShow de Las Vegas, el IBC de Amsterdam, el MipCom y el MipTV de Cannes, y el Foro de Lucca, entre otros.<\/p>\n<p>En opini\u00f3n de\u00a0<strong>Medina Media Events<\/strong>, la organizadora del encuentro, la agenda de este a\u00f1o supera a la de 2017 y\u00a0<strong>eleva a\u00fan m\u00e1s el nivel de los conferenciantes y el n\u00famero de patrocinadores<\/strong>.<\/p>\n<p><img loading=\"lazy\" decoding=\"async\" class=\"aligncenter wp-image-643 size-large\" src=\"https:\/\/www.medinamediaevents.com\/web\/wp-content\/uploads\/2018\/12\/agenda-1-1024x605-1024x605.jpg\" alt=\"\" width=\"1024\" height=\"605\" srcset=\"https:\/\/www.medinamediaevents.com\/web\/wp-content\/uploads\/2018\/12\/agenda-1-1024x605.jpg 1024w, https:\/\/www.medinamediaevents.com\/web\/wp-content\/uploads\/2018\/12\/agenda-1-1024x605-300x177.jpg 300w, https:\/\/www.medinamediaevents.com\/web\/wp-content\/uploads\/2018\/12\/agenda-1-1024x605-768x454.jpg 768w\" sizes=\"auto, (max-width: 1024px) 100vw, 1024px\" \/><\/p>\n<p>La sesi\u00f3n inaugural, el mi\u00e9rcoles 7, contar\u00e1 con la participaci\u00f3n como ponentes del presidente de\u00a0<strong>Movistar+, Sergio Osl\u00e9<\/strong>; del doctor\u00a0<strong>Hans Hoffmann<\/strong>, \u00a0jefe de la Unidad de Fundamentos de Medios y Producci\u00f3n Tecnol\u00f3gica de la Uni\u00f3n Europea de Radiodifusi\u00f3n (UER); del productor senior de la unidad de Historia Natural de la BBC brit\u00e1nica,<strong>\u00a0Colin Jackson<\/strong>; y del ingeniero\u00a0<strong>Hiroyasu Masuda<\/strong>, Senior Manager del Departamento del 8K en la NHK japonesa.<\/p>\n<p>Adem\u00e1s, la multinacional coreana\u00a0<strong>Samsung<\/strong>, una de las patrocinadoras principales del evento junto a\u00a0<strong>Movistar<\/strong>, estar\u00e1 representada por\u00a0<strong>Nacho Monge<\/strong>, TV &amp; AV Marketing Manager en Espa\u00f1a; y la francesa<strong>\u00a0Eutelsat\u00a0<\/strong>por su vicepresidente de Nuevos Formatos,\u00a0<strong>Michel Chabrol<\/strong>.<\/p>\n<p>El consultor\u00a0<strong>Mohammed Hamza<\/strong>, senior analyst de la multinacional norteamericana\u00a0<strong>Kagan<\/strong>, una divisi\u00f3n de\u00a0<strong>Standard &amp; Poors Global Market Intelligence<\/strong>, ser\u00e1 el encargado de ofrecer a los asistentes de la 4K Summit\u00a0<strong>la \u201cfotograf\u00eda\u201d actual del 4K a nivel mundial<\/strong>.<\/p>\n<p><strong>RTVE, Movistar+ y Vestel\u00a0<\/strong>compartir\u00e1n con los asistentes su visi\u00f3n sobre la llegada del 4K a los hogares gracias a las televisiones conectadas.<\/p>\n<p>La importancia del\u00a0<strong>audio y de la m\u00fasica en la Ultra Alta Definici\u00f3n<\/strong>\u00a0ser\u00e1 abordada en esta primera jornada por<strong>\u00a0Yannick Dumartineix<\/strong>, de la\u00a0<strong>Radio Televisi\u00f3n Suiza<\/strong>, y por la alemana\u00a0<strong>Fraunhofer<\/strong>, con su Director de Desarrollo de Negocio,\u00a0<strong>Alfonso Carrera<\/strong>.<\/p>\n<p><img loading=\"lazy\" decoding=\"async\" class=\"aligncenter wp-image-645 size-large\" src=\"https:\/\/www.medinamediaevents.com\/web\/wp-content\/uploads\/2018\/12\/agenda2-1024x365-1024x365.jpg\" alt=\"\" width=\"1024\" height=\"365\" srcset=\"https:\/\/www.medinamediaevents.com\/web\/wp-content\/uploads\/2018\/12\/agenda2-1024x365.jpg 1024w, https:\/\/www.medinamediaevents.com\/web\/wp-content\/uploads\/2018\/12\/agenda2-1024x365-300x107.jpg 300w, https:\/\/www.medinamediaevents.com\/web\/wp-content\/uploads\/2018\/12\/agenda2-1024x365-768x274.jpg 768w\" sizes=\"auto, (max-width: 1024px) 100vw, 1024px\" \/><\/p>\n<p>La segunda jornada, el jueves 8,\u00a0<strong>estar\u00e1 dedicada en sus primeras horas a los Deportes<\/strong>. El CEO de la productora francesa\u00a0<strong>HBS, Francis Tellier<\/strong>, que en colaboraci\u00f3n con la<strong>\u00a0FIFA<\/strong>\u00a0organiz\u00f3 la cobertura televisiva de la Copa del Mundo de Rusia 2018,\u00a0<strong>abrir\u00e1 el espacio dedicado a la producci\u00f3n de deportes en Directo en 4K-UHD<\/strong>.<\/p>\n<p><strong>Sony<\/strong>, por medio de\u00a0<strong>Norbert Paquet<\/strong>, contar\u00e1 su experiencia como la\u00a0<strong>marca elegida como principal proveedor de las c\u00e1maras de la Copa del Mundo de Rusia<\/strong>, que ha sido el\u00a0<strong>primer gran evento mundial producido \u00edntegramente en 4K-HDR<\/strong>.<\/p>\n<p>A continuaci\u00f3n, un panel con\u00a0<strong>Ian Nock<\/strong>\u00a0(Forum Mundial de la Ultra Alta Definici\u00f3n),\u00a0<strong>Guillermo Jim\u00e9nez<\/strong>\u00a0(Olympic Broadcast Services),\u00a0<strong>Mickael Raulet\u00a0<\/strong>(Ateme) y\u00a0<strong>Emili Planas<\/strong>\u00a0(Mediapro), repasar\u00e1 las\u00a0<strong>experiencias del 4K este 2018 en otros eventos como los Juegos Ol\u00edmpicos de Invierno de PyeongChang (Corea), Roland Garros (Francia) y LaLiga (Espa\u00f1a)<\/strong>.<\/p>\n<p>Las presentaciones de\u00a0<strong>Ian Lowe<\/strong>\u00a0(Dolby),\u00a0<strong>Miguel \u00c1ngel Gonz\u00e1lez<\/strong>\u00a0(Huawei),\u00a0<strong>Stefan Hofmann<\/strong>\u00a0(Panasonic),\u00a0<strong>Klaus Weber<\/strong>\u00a0(Grass Valley),\u00a0<strong>Salvador Luna<\/strong>(Fujinon) y\u00a0<strong>Carlos Cast\u00e1n<\/strong>\u00a0(Canon) completar\u00e1n la sesi\u00f3n matinal desde el punto de vista de los fabricantes.<\/p>\n<p><img loading=\"lazy\" decoding=\"async\" class=\"aligncenter wp-image-647 size-full\" src=\"https:\/\/www.medinamediaevents.com\/web\/wp-content\/uploads\/2018\/12\/agenda5.png\" alt=\"\" width=\"451\" height=\"322\" srcset=\"https:\/\/www.medinamediaevents.com\/web\/wp-content\/uploads\/2018\/12\/agenda5.png 451w, https:\/\/www.medinamediaevents.com\/web\/wp-content\/uploads\/2018\/12\/agenda5-300x214.png 300w\" sizes=\"auto, (max-width: 451px) 100vw, 451px\" \/><\/p>\n<p>Por la tarde, ser\u00e1 el tiempo de conocer las\u00a0<strong>nuevas soluciones tecnol\u00f3gicas\u00a0<\/strong>de multinacionales como\u00a0<strong>Movistar<\/strong>\u00a0(Rub\u00e9n Mellado),\u00a0<strong>Nokia<\/strong>\u00a0(\u00c1lvaro Villegas),\u00a0<strong>AJA<\/strong>\u00a0(Kevin King) y las ventajas del 5G de\u00a0<strong>Rohde&amp;Schwarz<\/strong>\u00a0(Juan Pach\u00f3n),\u00a0<strong>Cellnex<\/strong>\u00a0(Xavi Red\u00f3n) e\u00a0<strong>Hispasat<\/strong>\u00a0(Daniel Castro).<\/p>\n<p>Adem\u00e1s, un \u00faltimo bloque de conferencias centradas en los nuevos horizontes que se abren para los contenidos con la Ultra Alta Definici\u00f3n (UHD) permitir\u00e1n escuchar al franc\u00e9s\u00a0<strong>Olivier Chiabodo<\/strong>\u00a0(The Explorers Organisation), al italiano\u00a0<strong>Mirko Mastropietro<\/strong>\u00a0(Sky Italy) y al espa\u00f1ol\u00a0<strong>Carlos D\u00edez<\/strong>\u00a0de la Lastra (Les Roches Marbella).<\/p>\n<p>Precisamente,\u00a0<strong>Les Roches y Medina Media Events<\/strong>, organizadora de la\u00a0<strong>4K Summit<\/strong>, ofrecer\u00e1n un c\u00f3ctel el jueves por la noche para\u00a0<strong>presentar SUTUS (Space &amp; Underwater Tourism Universal Summit)<\/strong>, la primera summit internacional sobre turismo espacial y subacu\u00e1tico, que tendr\u00e1 lugar en\u00a0<strong>Marbella el 20 y 21 de marzo de 2019<\/strong>.<\/p>\n<p><img loading=\"lazy\" decoding=\"async\" class=\"aligncenter wp-image-649 size-full\" src=\"https:\/\/www.medinamediaevents.com\/web\/wp-content\/uploads\/2018\/12\/fautier.png\" alt=\"\" width=\"448\" height=\"287\" srcset=\"https:\/\/www.medinamediaevents.com\/web\/wp-content\/uploads\/2018\/12\/fautier.png 448w, https:\/\/www.medinamediaevents.com\/web\/wp-content\/uploads\/2018\/12\/fautier-300x192.png 300w\" sizes=\"auto, (max-width: 448px) 100vw, 448px\" \/><\/p>\n<p>Por \u00faltimo, en la tercera jornada, el viernes 9, la estrella de la 4KSummit ser\u00e1\u00a0<strong>Thierry Fautier<\/strong>, el presidente del Forum Mundial de la Ultra Alta Definici\u00f3n (UHD Forum).<\/p>\n<p>Fautier ofrecer\u00e1 su conferencia sobre\u00a0<em><strong>\u201cD\u00f3nde est\u00e1 ahora y hacia d\u00f3nde va el 4K\u201d<\/strong><\/em>. A continuaci\u00f3n, el director de Comunicaci\u00f3n del UHD Forum,\u00a0<strong>Benjamin Schwarz<\/strong>, explicar\u00e1 el\u00a0<strong>Mapa del Ecosistema del 4K a nivel industrial y de est\u00e1ndares en todo el mundo<\/strong>.<\/p>\n<p><strong>Paul Gray<\/strong>, analista principal de la multinacional brit\u00e1nica de consultor\u00eda IHS Markit (con m\u00e1s de 16.000 profesionales en los cinco continentes),\u00a0<strong>har\u00e1 un resumen con los titulares m\u00e1s importantes que haya dejado la cuarta edici\u00f3n de la 4K Summit y ofrecer\u00e1 sus previsiones sobre la evoluci\u00f3n del 4K en los pr\u00f3ximos a\u00f1os<\/strong>.<\/p>\n<p><img loading=\"lazy\" decoding=\"async\" class=\"aligncenter wp-image-651 size-full\" src=\"https:\/\/www.medinamediaevents.com\/web\/wp-content\/uploads\/2018\/12\/gray.png\" alt=\"\" width=\"486\" height=\"270\" srcset=\"https:\/\/www.medinamediaevents.com\/web\/wp-content\/uploads\/2018\/12\/gray.png 486w, https:\/\/www.medinamediaevents.com\/web\/wp-content\/uploads\/2018\/12\/gray-300x167.png 300w\" sizes=\"auto, (max-width: 486px) 100vw, 486px\" \/><\/p>\n<p><strong>El broche final de la 4K Summit 2018\u00a0<\/strong>tendr\u00e1 el nombre propio de Colombia, pa\u00eds que albergar\u00e1 el\u00a0<strong>9 y 10 de julio de 2019 la primera edici\u00f3n de la 4K Americas, la edici\u00f3n latinoamericana de la 4K Summit<\/strong>.<\/p>\n<p>La consejera delegada de\u00a0<strong>Extenda<\/strong>,\u00a0<strong>Vanesa Bernad<\/strong>, moderar\u00e1 un panel en el que participar\u00e1n altas ejecutivas de la\u00a0<strong>Autoridad Nacional de Televisi\u00f3n y de Caracol Televisi\u00f3n<\/strong>.<\/p>\n<p><strong>Mar\u00eda Camila Villamizar<\/strong>\u00a0(ANTV) y\u00a0<strong>Johanna Rueda<\/strong>\u00a0(Caracol) debatir\u00e1n sobre el\u00a0<strong>empoderamiento de la mujer en la televisi\u00f3n, la apuesta de Colombia por la Econom\u00eda de los Contenidos Digitales y los contenidos 4K, y su apoyo a la 4K Americas<\/strong>.<\/p>\n<p><img loading=\"lazy\" decoding=\"async\" class=\"aligncenter wp-image-653 size-full\" src=\"https:\/\/www.medinamediaevents.com\/web\/wp-content\/uploads\/2018\/12\/agenda4.png\" alt=\"\" width=\"516\" height=\"420\" srcset=\"https:\/\/www.medinamediaevents.com\/web\/wp-content\/uploads\/2018\/12\/agenda4.png 516w, https:\/\/www.medinamediaevents.com\/web\/wp-content\/uploads\/2018\/12\/agenda4-300x244.png 300w\" sizes=\"auto, (max-width: 516px) 100vw, 516px\" \/><\/p>\n<p>A lo largo de las tres jornadas, el\u00a0<strong>networking<\/strong>\u00a0ser\u00e1 el protagonista en los desayunos ofrecidos por Esca Catering y patrocinados por\u00a0<strong>MediaKind en colaboraci\u00f3n con Mome<\/strong>, y por\u00a0<strong>Axi\u00f3n<\/strong>; los c\u00f3cteles con\u00a0<strong>Sabor a M\u00e1laga \u201cEl sabor que nos une\u201d\u00a0<\/strong>y las Happy Hours ofrecidas por Cerveza Victoria y patrocinadas por\u00a0<strong>Medina Media Events<\/strong>\u00a0y\u00a0<strong>Tedial<\/strong>.<\/p>\n<p>Adem\u00e1s, otras empresas tecnol\u00f3gicas espa\u00f1olas como<strong>\u00a0Axi\u00f3n, Tedial, RTVE, RTVA, Hur\u00ed y SONO<\/strong>\u00a0tambi\u00e9n patrocinan la 4K Summit, que cuenta con la colaboraci\u00f3n de instituciones y empresas p\u00fablicas como\u00a0<strong>Extenda, el Ayuntamiento de M\u00e1laga, ProM\u00e1laga, la Diputaci\u00f3n de M\u00e1laga y Europa Creativa Media.<\/strong><\/p>\n","protected":false},"excerpt":{"rendered":"<p><strong>La 4K Summit<\/strong>, que se celebra los d\u00edas 7, 8 y 9 de noviembre en el\u00a0<strong>Polo de Contenidos Digitales de M\u00e1laga, ha hecho p\u00fablica hoy su agenda definitiva<\/strong>, con la que se consolida como\u00a0<strong>el encuentro internacional m\u00e1s importante de expertos en Tecnolog\u00eda y productores de Contenidos sobre la Ultra Alta Definici\u00f3n (UHD)<\/strong>.<\/p>\n<p>En total ser\u00e1n\u00a0<strong>20 ponencias y 7 paneles<\/strong>\u00a0en los que se ofrecer\u00e1n informes, propuestas y visiones sobre esta nueva tecnolog\u00eda, que durante tres d\u00edas re\u00fane en M\u00e1laga a los mejores ponentes de otros foros internacionales como el NabShow de Las Vegas, el IBC de Amsterdam, el MipCom y el MipTV de Cannes, y el Foro de Lucca, entre otros.<\/p>\n<p>En opini\u00f3n de\u00a0<strong>Medina Media Events<\/strong>, la organizadora del encuentro, la agenda de este a\u00f1o supera a la de 2017 y\u00a0<strong>eleva a\u00fan m\u00e1s el nivel de los conferenciantes y el n\u00famero de patrocinadores<\/strong>.<\/p>\n<p><img loading=\"lazy\" decoding=\"async\" class=\"aligncenter wp-image-643 size-large\" src=\"https:\/\/www.medinamediaevents.com\/web\/wp-content\/uploads\/2018\/12\/agenda-1-1024x605-1024x605.jpg\" alt=\"\" width=\"1024\" height=\"605\" srcset=\"https:\/\/www.medinamediaevents.com\/web\/wp-content\/uploads\/2018\/12\/agenda-1-1024x605.jpg 1024w, https:\/\/www.medinamediaevents.com\/web\/wp-content\/uploads\/2018\/12\/agenda-1-1024x605-300x177.jpg 300w, https:\/\/www.medinamediaevents.com\/web\/wp-content\/uploads\/2018\/12\/agenda-1-1024x605-768x454.jpg 768w\" sizes=\"auto, (max-width: 1024px) 100vw, 1024px\" \/><\/p>\n<p>La sesi\u00f3n inaugural, el mi\u00e9rcoles 7, contar\u00e1 con la participaci\u00f3n como ponentes del presidente de\u00a0<strong>Movistar+, Sergio Osl\u00e9<\/strong>; del doctor\u00a0<strong>Hans Hoffmann<\/strong>, \u00a0jefe de la Unidad de Fundamentos de Medios y Producci\u00f3n Tecnol\u00f3gica de la Uni\u00f3n Europea de Radiodifusi\u00f3n (UER); del productor senior de la unidad de Historia Natural de la BBC brit\u00e1nica,<strong>\u00a0Colin Jackson<\/strong>; y del ingeniero\u00a0<strong>Hiroyasu Masuda<\/strong>, Senior Manager del Departamento del 8K en la NHK japonesa.<\/p>\n<p>Adem\u00e1s, la multinacional coreana\u00a0<strong>Samsung<\/strong>, una de las patrocinadoras principales del evento junto a\u00a0<strong>Movistar<\/strong>, estar\u00e1 representada por\u00a0<strong>Nacho Monge<\/strong>, TV &amp; AV Marketing Manager en Espa\u00f1a; y la francesa<strong>\u00a0Eutelsat\u00a0<\/strong>por su vicepresidente de Nuevos Formatos,\u00a0<strong>Michel Chabrol<\/strong>.<\/p>\n<p>El consultor\u00a0<strong>Mohammed Hamza<\/strong>, senior analyst de la multinacional norteamericana\u00a0<strong>Kagan<\/strong>, una divisi\u00f3n de\u00a0<strong>Standard &amp; Poors Global Market Intelligence<\/strong>, ser\u00e1 el encargado de ofrecer a los asistentes de la 4K Summit\u00a0<strong>la \u201cfotograf\u00eda\u201d actual del 4K a nivel mundial<\/strong>.<\/p>\n<p><strong>RTVE, Movistar+ y Vestel\u00a0<\/strong>compartir\u00e1n con los asistentes su visi\u00f3n sobre la llegada del 4K a los hogares gracias a las televisiones conectadas.<\/p>\n<p>La importancia del\u00a0<strong>audio y de la m\u00fasica en la Ultra Alta Definici\u00f3n<\/strong>\u00a0ser\u00e1 abordada en esta primera jornada por<strong>\u00a0Yannick Dumartineix<\/strong>, de la\u00a0<strong>Radio Televisi\u00f3n Suiza<\/strong>, y por la alemana\u00a0<strong>Fraunhofer<\/strong>, con su Director de Desarrollo de Negocio,\u00a0<strong>Alfonso Carrera<\/strong>.<\/p>\n<p><img loading=\"lazy\" decoding=\"async\" class=\"aligncenter wp-image-645 size-large\" src=\"https:\/\/www.medinamediaevents.com\/web\/wp-content\/uploads\/2018\/12\/agenda2-1024x365-1024x365.jpg\" alt=\"\" width=\"1024\" height=\"365\" srcset=\"https:\/\/www.medinamediaevents.com\/web\/wp-content\/uploads\/2018\/12\/agenda2-1024x365.jpg 1024w, https:\/\/www.medinamediaevents.com\/web\/wp-content\/uploads\/2018\/12\/agenda2-1024x365-300x107.jpg 300w, https:\/\/www.medinamediaevents.com\/web\/wp-content\/uploads\/2018\/12\/agenda2-1024x365-768x274.jpg 768w\" sizes=\"auto, (max-width: 1024px) 100vw, 1024px\" \/><\/p>\n<p>La segunda jornada, el jueves 8,\u00a0<strong>estar\u00e1 dedicada en sus primeras horas a los Deportes<\/strong>. El CEO de la productora francesa\u00a0<strong>HBS, Francis Tellier<\/strong>, que en colaboraci\u00f3n con la<strong>\u00a0FIFA<\/strong>\u00a0organiz\u00f3 la cobertura televisiva de la Copa del Mundo de Rusia 2018,\u00a0<strong>abrir\u00e1 el espacio dedicado a la producci\u00f3n de deportes en Directo en 4K-UHD<\/strong>.<\/p>\n<p><strong>Sony<\/strong>, por medio de\u00a0<strong>Norbert Paquet<\/strong>, contar\u00e1 su experiencia como la\u00a0<strong>marca elegida como principal proveedor de las c\u00e1maras de la Copa del Mundo de Rusia<\/strong>, que ha sido el\u00a0<strong>primer gran evento mundial producido \u00edntegramente en 4K-HDR<\/strong>.<\/p>\n<p>A continuaci\u00f3n, un panel con\u00a0<strong>Ian Nock<\/strong>\u00a0(Forum Mundial de la Ultra Alta Definici\u00f3n),\u00a0<strong>Guillermo Jim\u00e9nez<\/strong>\u00a0(Olympic Broadcast Services),\u00a0<strong>Mickael Raulet\u00a0<\/strong>(Ateme) y\u00a0<strong>Emili Planas<\/strong>\u00a0(Mediapro), repasar\u00e1 las\u00a0<strong>experiencias del 4K este 2018 en otros eventos como los Juegos Ol\u00edmpicos de Invierno de PyeongChang (Corea), Roland Garros (Francia) y LaLiga (Espa\u00f1a)<\/strong>.<\/p>\n<p>Las presentaciones de\u00a0<strong>Ian Lowe<\/strong>\u00a0(Dolby),\u00a0<strong>Miguel \u00c1ngel Gonz\u00e1lez<\/strong>\u00a0(Huawei),\u00a0<strong>Stefan Hofmann<\/strong>\u00a0(Panasonic),\u00a0<strong>Klaus Weber<\/strong>\u00a0(Grass Valley),\u00a0<strong>Salvador Luna<\/strong>(Fujinon) y\u00a0<strong>Carlos Cast\u00e1n<\/strong>\u00a0(Canon) completar\u00e1n la sesi\u00f3n matinal desde el punto de vista de los fabricantes.<\/p>\n<p><img loading=\"lazy\" decoding=\"async\" class=\"aligncenter wp-image-647 size-full\" src=\"https:\/\/www.medinamediaevents.com\/web\/wp-content\/uploads\/2018\/12\/agenda5.png\" alt=\"\" width=\"451\" height=\"322\" srcset=\"https:\/\/www.medinamediaevents.com\/web\/wp-content\/uploads\/2018\/12\/agenda5.png 451w, https:\/\/www.medinamediaevents.com\/web\/wp-content\/uploads\/2018\/12\/agenda5-300x214.png 300w\" sizes=\"auto, (max-width: 451px) 100vw, 451px\" \/><\/p>\n<p>Por la tarde, ser\u00e1 el tiempo de conocer las\u00a0<strong>nuevas soluciones tecnol\u00f3gicas\u00a0<\/strong>de multinacionales como\u00a0<strong>Movistar<\/strong>\u00a0(Rub\u00e9n Mellado),\u00a0<strong>Nokia<\/strong>\u00a0(\u00c1lvaro Villegas),\u00a0<strong>AJA<\/strong>\u00a0(Kevin King) y las ventajas del 5G de\u00a0<strong>Rohde&amp;Schwarz<\/strong>\u00a0(Juan Pach\u00f3n),\u00a0<strong>Cellnex<\/strong>\u00a0(Xavi Red\u00f3n) e\u00a0<strong>Hispasat<\/strong>\u00a0(Daniel Castro).<\/p>\n<p>Adem\u00e1s, un \u00faltimo bloque de conferencias centradas en los nuevos horizontes que se abren para los contenidos con la Ultra Alta Definici\u00f3n (UHD) permitir\u00e1n escuchar al franc\u00e9s\u00a0<strong>Olivier Chiabodo<\/strong>\u00a0(The Explorers Organisation), al italiano\u00a0<strong>Mirko Mastropietro<\/strong>\u00a0(Sky Italy) y al espa\u00f1ol\u00a0<strong>Carlos D\u00edez<\/strong>\u00a0de la Lastra (Les Roches Marbella).<\/p>\n<p>Precisamente,\u00a0<strong>Les Roches y Medina Media Events<\/strong>, organizadora de la\u00a0<strong>4K Summit<\/strong>, ofrecer\u00e1n un c\u00f3ctel el jueves por la noche para\u00a0<strong>presentar SUTUS (Space &amp; Underwater Tourism Universal Summit)<\/strong>, la primera summit internacional sobre turismo espacial y subacu\u00e1tico, que tendr\u00e1 lugar en\u00a0<strong>Marbella el 20 y 21 de marzo de 2019<\/strong>.<\/p>\n<p><img loading=\"lazy\" decoding=\"async\" class=\"aligncenter wp-image-649 size-full\" src=\"https:\/\/www.medinamediaevents.com\/web\/wp-content\/uploads\/2018\/12\/fautier.png\" alt=\"\" width=\"448\" height=\"287\" srcset=\"https:\/\/www.medinamediaevents.com\/web\/wp-content\/uploads\/2018\/12\/fautier.png 448w, https:\/\/www.medinamediaevents.com\/web\/wp-content\/uploads\/2018\/12\/fautier-300x192.png 300w\" sizes=\"auto, (max-width: 448px) 100vw, 448px\" \/><\/p>\n<p>Por \u00faltimo, en la tercera jornada, el viernes 9, la estrella de la 4KSummit ser\u00e1\u00a0<strong>Thierry Fautier<\/strong>, el presidente del Forum Mundial de la Ultra Alta Definici\u00f3n (UHD Forum).<\/p>\n<p>Fautier ofrecer\u00e1 su conferencia sobre\u00a0<em><strong>\u201cD\u00f3nde est\u00e1 ahora y hacia d\u00f3nde va el 4K\u201d<\/strong><\/em>. A continuaci\u00f3n, el director de Comunicaci\u00f3n del UHD Forum,\u00a0<strong>Benjamin Schwarz<\/strong>, explicar\u00e1 el\u00a0<strong>Mapa del Ecosistema del 4K a nivel industrial y de est\u00e1ndares en todo el mundo<\/strong>.<\/p>\n<p><strong>Paul Gray<\/strong>, analista principal de la multinacional brit\u00e1nica de consultor\u00eda IHS Markit (con m\u00e1s de 16.000 profesionales en los cinco continentes),\u00a0<strong>har\u00e1 un resumen con los titulares m\u00e1s importantes que haya dejado la cuarta edici\u00f3n de la 4K Summit y ofrecer\u00e1 sus previsiones sobre la evoluci\u00f3n del 4K en los pr\u00f3ximos a\u00f1os<\/strong>.<\/p>\n<p><img loading=\"lazy\" decoding=\"async\" class=\"aligncenter wp-image-651 size-full\" src=\"https:\/\/www.medinamediaevents.com\/web\/wp-content\/uploads\/2018\/12\/gray.png\" alt=\"\" width=\"486\" height=\"270\" srcset=\"https:\/\/www.medinamediaevents.com\/web\/wp-content\/uploads\/2018\/12\/gray.png 486w, https:\/\/www.medinamediaevents.com\/web\/wp-content\/uploads\/2018\/12\/gray-300x167.png 300w\" sizes=\"auto, (max-width: 486px) 100vw, 486px\" \/><\/p>\n<p><strong>El broche final de la 4K Summit 2018\u00a0<\/strong>tendr\u00e1 el nombre propio de Colombia, pa\u00eds que albergar\u00e1 el\u00a0<strong>9 y 10 de julio de 2019 la primera edici\u00f3n de la 4K Americas, la edici\u00f3n latinoamericana de la 4K Summit<\/strong>.<\/p>\n<p>La consejera delegada de\u00a0<strong>Extenda<\/strong>,\u00a0<strong>Vanesa Bernad<\/strong>, moderar\u00e1 un panel en el que participar\u00e1n altas ejecutivas de la\u00a0<strong>Autoridad Nacional de Televisi\u00f3n y de Caracol Televisi\u00f3n<\/strong>.<\/p>\n<p><strong>Mar\u00eda Camila Villamizar<\/strong>\u00a0(ANTV) y\u00a0<strong>Johanna Rueda<\/strong>\u00a0(Caracol) debatir\u00e1n sobre el\u00a0<strong>empoderamiento de la mujer en la televisi\u00f3n, la apuesta de Colombia por la Econom\u00eda de los Contenidos Digitales y los contenidos 4K, y su apoyo a la 4K Americas<\/strong>.<\/p>\n<p><img loading=\"lazy\" decoding=\"async\" class=\"aligncenter wp-image-653 size-full\" src=\"https:\/\/www.medinamediaevents.com\/web\/wp-content\/uploads\/2018\/12\/agenda4.png\" alt=\"\" width=\"516\" height=\"420\" srcset=\"https:\/\/www.medinamediaevents.com\/web\/wp-content\/uploads\/2018\/12\/agenda4.png 516w, https:\/\/www.medinamediaevents.com\/web\/wp-content\/uploads\/2018\/12\/agenda4-300x244.png 300w\" sizes=\"auto, (max-width: 516px) 100vw, 516px\" \/><\/p>\n<p>A lo largo de las tres jornadas, el\u00a0<strong>networking<\/strong>\u00a0ser\u00e1 el protagonista en los desayunos ofrecidos por Esca Catering y patrocinados por\u00a0<strong>MediaKind en colaboraci\u00f3n con Mome<\/strong>, y por\u00a0<strong>Axi\u00f3n<\/strong>; los c\u00f3cteles con\u00a0<strong>Sabor a M\u00e1laga \u201cEl sabor que nos une\u201d\u00a0<\/strong>y las Happy Hours ofrecidas por Cerveza Victoria y patrocinadas por\u00a0<strong>Medina Media Events<\/strong>\u00a0y\u00a0<strong>Tedial<\/strong>.<\/p>\n<p>Adem\u00e1s, otras empresas tecnol\u00f3gicas espa\u00f1olas como<strong>\u00a0Axi\u00f3n, Tedial, RTVE, RTVA, Hur\u00ed y SONO<\/strong>\u00a0tambi\u00e9n patrocinan la 4K Summit, que cuenta con la colaboraci\u00f3n de instituciones y empresas p\u00fablicas como\u00a0<strong>Extenda, el Ayuntamiento de M\u00e1laga, ProM\u00e1laga, la Diputaci\u00f3n de M\u00e1laga y Europa Creativa Media.<\/strong><\/p>\n","protected":false},"author":2,"featured_media":656,"comment_status":"open","ping_status":"closed","sticky":false,"template":"","format":"standard","meta":{"_acf_changed":false,"footnotes":""},"categories":[13],"tags":[],"class_list":["post-658","post","type-post","status-publish","format-standard","has-post-thumbnail","hentry","category-noticias-4k-hdr-summit"],"acf":[],"yoast_head":"<!-- This site is optimized with the Yoast SEO plugin v27.5 - https:\/\/yoast.com\/product\/yoast-seo-wordpress\/ -->\n<title>La 4K Summit publica su agenda, la mejor de los 4 a\u00f1os - Medina Media EVENTS<\/title>\n<meta name=\"robots\" content=\"index, follow, max-snippet:-1, max-image-preview:large, max-video-preview:-1\" \/>\n<link rel=\"canonical\" href=\"https:\/\/www.medinamediaevents.com\/es\/the-4k-summit-publishes-its-agenda-the-best-of-the-4-editions\/\" \/>\n<meta property=\"og:locale\" content=\"es_ES\" \/>\n<meta property=\"og:type\" content=\"article\" \/>\n<meta property=\"og:title\" content=\"La 4K Summit publica su agenda, la mejor de los 4 a\u00f1os - Medina Media EVENTS\" \/>\n<meta property=\"og:description\" content=\"La 4K Summit, que se celebra los d\u00edas 7, 8 y 9 de noviembre en el\u00a0Polo de Contenidos Digitales de M\u00e1laga, ha hecho p\u00fablica hoy su agenda definitiva, con la que se consolida como\u00a0el encuentro internacional m\u00e1s importante de expertos en Tecnolog\u00eda y productores de Contenidos sobre la Ultra Alta Definici\u00f3n (UHD).  En total ser\u00e1n\u00a020 ponencias y 7 paneles\u00a0en los que se ofrecer\u00e1n informes, propuestas y visiones sobre esta nueva tecnolog\u00eda, que durante tres d\u00edas re\u00fane en M\u00e1laga a los mejores ponentes de otros foros internacionales como el NabShow de Las Vegas, el IBC de Amsterdam, el MipCom y el MipTV de Cannes, y el Foro de Lucca, entre otros.  En opini\u00f3n de\u00a0Medina Media Events, la organizadora del encuentro, la agenda de este a\u00f1o supera a la de 2017 y\u00a0eleva a\u00fan m\u00e1s el nivel de los conferenciantes y el n\u00famero de patrocinadores.    La sesi\u00f3n inaugural, el mi\u00e9rcoles 7, contar\u00e1 con la participaci\u00f3n como ponentes del presidente de\u00a0Movistar+, Sergio Osl\u00e9; del doctor\u00a0Hans Hoffmann, \u00a0jefe de la Unidad de Fundamentos de Medios y Producci\u00f3n Tecnol\u00f3gica de la Uni\u00f3n Europea de Radiodifusi\u00f3n (UER); del productor senior de la unidad de Historia Natural de la BBC brit\u00e1nica,\u00a0Colin Jackson; y del ingeniero\u00a0Hiroyasu Masuda, Senior Manager del Departamento del 8K en la NHK japonesa.  Adem\u00e1s, la multinacional coreana\u00a0Samsung, una de las patrocinadoras principales del evento junto a\u00a0Movistar, estar\u00e1 representada por\u00a0Nacho Monge, TV &amp; AV Marketing Manager en Espa\u00f1a; y la francesa\u00a0Eutelsat\u00a0por su vicepresidente de Nuevos Formatos,\u00a0Michel Chabrol.  El consultor\u00a0Mohammed Hamza, senior analyst de la multinacional norteamericana\u00a0Kagan, una divisi\u00f3n de\u00a0Standard &amp; Poors Global Market Intelligence, ser\u00e1 el encargado de ofrecer a los asistentes de la 4K Summit\u00a0la \u201cfotograf\u00eda\u201d actual del 4K a nivel mundial.  RTVE, Movistar+ y Vestel\u00a0compartir\u00e1n con los asistentes su visi\u00f3n sobre la llegada del 4K a los hogares gracias a las televisiones conectadas.  La importancia del\u00a0audio y de la m\u00fasica en la Ultra Alta Definici\u00f3n\u00a0ser\u00e1 abordada en esta primera jornada por\u00a0Yannick Dumartineix, de la\u00a0Radio Televisi\u00f3n Suiza, y por la alemana\u00a0Fraunhofer, con su Director de Desarrollo de Negocio,\u00a0Alfonso Carrera.    La segunda jornada, el jueves 8,\u00a0estar\u00e1 dedicada en sus primeras horas a los Deportes. El CEO de la productora francesa\u00a0HBS, Francis Tellier, que en colaboraci\u00f3n con la\u00a0FIFA\u00a0organiz\u00f3 la cobertura televisiva de la Copa del Mundo de Rusia 2018,\u00a0abrir\u00e1 el espacio dedicado a la producci\u00f3n de deportes en Directo en 4K-UHD.  Sony, por medio de\u00a0Norbert Paquet, contar\u00e1 su experiencia como la\u00a0marca elegida como principal proveedor de las c\u00e1maras de la Copa del Mundo de Rusia, que ha sido el\u00a0primer gran evento mundial producido \u00edntegramente en 4K-HDR.  A continuaci\u00f3n, un panel con\u00a0Ian Nock\u00a0(Forum Mundial de la Ultra Alta Definici\u00f3n),\u00a0Guillermo Jim\u00e9nez\u00a0(Olympic Broadcast Services),\u00a0Mickael Raulet\u00a0(Ateme) y\u00a0Emili Planas\u00a0(Mediapro), repasar\u00e1 las\u00a0experiencias del 4K este 2018 en otros eventos como los Juegos Ol\u00edmpicos de Invierno de PyeongChang (Corea), Roland Garros (Francia) y LaLiga (Espa\u00f1a).  Las presentaciones de\u00a0Ian Lowe\u00a0(Dolby),\u00a0Miguel \u00c1ngel Gonz\u00e1lez\u00a0(Huawei),\u00a0Stefan Hofmann\u00a0(Panasonic),\u00a0Klaus Weber\u00a0(Grass Valley),\u00a0Salvador Luna(Fujinon) y\u00a0Carlos Cast\u00e1n\u00a0(Canon) completar\u00e1n la sesi\u00f3n matinal desde el punto de vista de los fabricantes.    Por la tarde, ser\u00e1 el tiempo de conocer las\u00a0nuevas soluciones tecnol\u00f3gicas\u00a0de multinacionales como\u00a0Movistar\u00a0(Rub\u00e9n Mellado),\u00a0Nokia\u00a0(\u00c1lvaro Villegas),\u00a0AJA\u00a0(Kevin King) y las ventajas del 5G de\u00a0Rohde&amp;Schwarz\u00a0(Juan Pach\u00f3n),\u00a0Cellnex\u00a0(Xavi Red\u00f3n) e\u00a0Hispasat\u00a0(Daniel Castro).  Adem\u00e1s, un \u00faltimo bloque de conferencias centradas en los nuevos horizontes que se abren para los contenidos con la Ultra Alta Definici\u00f3n (UHD) permitir\u00e1n escuchar al franc\u00e9s\u00a0Olivier Chiabodo\u00a0(The Explorers Organisation), al italiano\u00a0Mirko Mastropietro\u00a0(Sky Italy) y al espa\u00f1ol\u00a0Carlos D\u00edez\u00a0de la Lastra (Les Roches Marbella).  Precisamente,\u00a0Les Roches y Medina Media Events, organizadora de la\u00a04K Summit, ofrecer\u00e1n un c\u00f3ctel el jueves por la noche para\u00a0presentar SUTUS (Space &amp; Underwater Tourism Universal Summit), la primera summit internacional sobre turismo espacial y subacu\u00e1tico, que tendr\u00e1 lugar en\u00a0Marbella el 20 y 21 de marzo de 2019.    Por \u00faltimo, en la tercera jornada, el viernes 9, la estrella de la 4KSummit ser\u00e1\u00a0Thierry Fautier, el presidente del Forum Mundial de la Ultra Alta Definici\u00f3n (UHD Forum).  Fautier ofrecer\u00e1 su conferencia sobre\u00a0\u201cD\u00f3nde est\u00e1 ahora y hacia d\u00f3nde va el 4K\u201d. A continuaci\u00f3n, el director de Comunicaci\u00f3n del UHD Forum,\u00a0Benjamin Schwarz, explicar\u00e1 el\u00a0Mapa del Ecosistema del 4K a nivel industrial y de est\u00e1ndares en todo el mundo.  Paul Gray, analista principal de la multinacional brit\u00e1nica de consultor\u00eda IHS Markit (con m\u00e1s de 16.000 profesionales en los cinco continentes),\u00a0har\u00e1 un resumen con los titulares m\u00e1s importantes que haya dejado la cuarta edici\u00f3n de la 4K Summit y ofrecer\u00e1 sus previsiones sobre la evoluci\u00f3n del 4K en los pr\u00f3ximos a\u00f1os.    El broche final de la 4K Summit 2018\u00a0tendr\u00e1 el nombre propio de Colombia, pa\u00eds que albergar\u00e1 el\u00a09 y 10 de julio de 2019 la primera edici\u00f3n de la 4K Americas, la edici\u00f3n latinoamericana de la 4K Summit.  La consejera delegada de\u00a0Extenda,\u00a0Vanesa Bernad, moderar\u00e1 un panel en el que participar\u00e1n altas ejecutivas de la\u00a0Autoridad Nacional de Televisi\u00f3n y de Caracol Televisi\u00f3n.  Mar\u00eda Camila Villamizar\u00a0(ANTV) y\u00a0Johanna Rueda\u00a0(Caracol) debatir\u00e1n sobre el\u00a0empoderamiento de la mujer en la televisi\u00f3n, la apuesta de Colombia por la Econom\u00eda de los Contenidos Digitales y los contenidos 4K, y su apoyo a la 4K Americas.    A lo largo de las tres jornadas, el\u00a0networking\u00a0ser\u00e1 el protagonista en los desayunos ofrecidos por Esca Catering y patrocinados por\u00a0MediaKind en colaboraci\u00f3n con Mome, y por\u00a0Axi\u00f3n; los c\u00f3cteles con\u00a0Sabor a M\u00e1laga \u201cEl sabor que nos une\u201d\u00a0y las Happy Hours ofrecidas por Cerveza Victoria y patrocinadas por\u00a0Medina Media Events\u00a0y\u00a0Tedial.  Adem\u00e1s, otras empresas tecnol\u00f3gicas espa\u00f1olas como\u00a0Axi\u00f3n, Tedial, RTVE, RTVA, Hur\u00ed y SONO\u00a0tambi\u00e9n patrocinan la 4K Summit, que cuenta con la colaboraci\u00f3n de instituciones y empresas p\u00fablicas como\u00a0Extenda, el Ayuntamiento de M\u00e1laga, ProM\u00e1laga, la Diputaci\u00f3n de M\u00e1laga y Europa Creativa Media.\" \/>\n<meta property=\"og:url\" content=\"https:\/\/www.medinamediaevents.com\/es\/the-4k-summit-publishes-its-agenda-the-best-of-the-4-editions\/\" \/>\n<meta property=\"og:site_name\" content=\"Medina Media EVENTS\" \/>\n<meta property=\"article:published_time\" content=\"2018-10-24T15:08:23+00:00\" \/>\n<meta property=\"article:modified_time\" content=\"2018-12-07T16:17:05+00:00\" \/>\n<meta property=\"og:image\" content=\"https:\/\/www.medinamediaevents.com\/web\/wp-content\/uploads\/2018\/12\/38497984011_112897d9a8_k-768x479.jpg\" \/>\n\t<meta property=\"og:image:width\" content=\"768\" \/>\n\t<meta property=\"og:image:height\" content=\"479\" \/>\n\t<meta property=\"og:image:type\" content=\"image\/jpeg\" \/>\n<meta name=\"author\" content=\"MME\" \/>\n<meta name=\"twitter:card\" content=\"summary_large_image\" \/>\n<meta name=\"twitter:label1\" content=\"Escrito por\" \/>\n\t<meta name=\"twitter:data1\" content=\"MME\" \/>\n\t<meta name=\"twitter:label2\" content=\"Tiempo de lectura\" \/>\n\t<meta name=\"twitter:data2\" content=\"5 minutos\" \/>\n<script type=\"application\/ld+json\" class=\"yoast-schema-graph\">{\"@context\":\"https:\\\/\\\/schema.org\",\"@graph\":[{\"@type\":\"Article\",\"@id\":\"https:\\\/\\\/www.medinamediaevents.com\\\/es\\\/the-4k-summit-publishes-its-agenda-the-best-of-the-4-editions\\\/#article\",\"isPartOf\":{\"@id\":\"https:\\\/\\\/www.medinamediaevents.com\\\/es\\\/the-4k-summit-publishes-its-agenda-the-best-of-the-4-editions\\\/\"},\"author\":{\"name\":\"MME\",\"@id\":\"https:\\\/\\\/www.medinamediaevents.com\\\/es\\\/#\\\/schema\\\/person\\\/7d2bf7ca8ea9d145a6e6ec897c79311c\"},\"headline\":\"La 4K Summit publica su agenda, la mejor de los 4 a\u00f1os\",\"datePublished\":\"2018-10-24T15:08:23+00:00\",\"dateModified\":\"2018-12-07T16:17:05+00:00\",\"mainEntityOfPage\":{\"@id\":\"https:\\\/\\\/www.medinamediaevents.com\\\/es\\\/the-4k-summit-publishes-its-agenda-the-best-of-the-4-editions\\\/\"},\"wordCount\":1102,\"commentCount\":0,\"publisher\":{\"@id\":\"https:\\\/\\\/www.medinamediaevents.com\\\/es\\\/#organization\"},\"image\":{\"@id\":\"https:\\\/\\\/www.medinamediaevents.com\\\/es\\\/the-4k-summit-publishes-its-agenda-the-best-of-the-4-editions\\\/#primaryimage\"},\"thumbnailUrl\":\"https:\\\/\\\/www.medinamediaevents.com\\\/web\\\/wp-content\\\/uploads\\\/2018\\\/12\\\/38497984011_112897d9a8_k-768x479.jpg\",\"articleSection\":[\"4K HDR SUMMIT\"],\"inLanguage\":\"es\"},{\"@type\":\"WebPage\",\"@id\":\"https:\\\/\\\/www.medinamediaevents.com\\\/es\\\/the-4k-summit-publishes-its-agenda-the-best-of-the-4-editions\\\/\",\"url\":\"https:\\\/\\\/www.medinamediaevents.com\\\/es\\\/the-4k-summit-publishes-its-agenda-the-best-of-the-4-editions\\\/\",\"name\":\"La 4K Summit publica su agenda, la mejor de los 4 a\u00f1os - Medina Media EVENTS\",\"isPartOf\":{\"@id\":\"https:\\\/\\\/www.medinamediaevents.com\\\/es\\\/#website\"},\"primaryImageOfPage\":{\"@id\":\"https:\\\/\\\/www.medinamediaevents.com\\\/es\\\/the-4k-summit-publishes-its-agenda-the-best-of-the-4-editions\\\/#primaryimage\"},\"image\":{\"@id\":\"https:\\\/\\\/www.medinamediaevents.com\\\/es\\\/the-4k-summit-publishes-its-agenda-the-best-of-the-4-editions\\\/#primaryimage\"},\"thumbnailUrl\":\"https:\\\/\\\/www.medinamediaevents.com\\\/web\\\/wp-content\\\/uploads\\\/2018\\\/12\\\/38497984011_112897d9a8_k-768x479.jpg\",\"datePublished\":\"2018-10-24T15:08:23+00:00\",\"dateModified\":\"2018-12-07T16:17:05+00:00\",\"breadcrumb\":{\"@id\":\"https:\\\/\\\/www.medinamediaevents.com\\\/es\\\/the-4k-summit-publishes-its-agenda-the-best-of-the-4-editions\\\/#breadcrumb\"},\"inLanguage\":\"es\",\"potentialAction\":[{\"@type\":\"ReadAction\",\"target\":[\"https:\\\/\\\/www.medinamediaevents.com\\\/es\\\/the-4k-summit-publishes-its-agenda-the-best-of-the-4-editions\\\/\"]}]},{\"@type\":\"ImageObject\",\"inLanguage\":\"es\",\"@id\":\"https:\\\/\\\/www.medinamediaevents.com\\\/es\\\/the-4k-summit-publishes-its-agenda-the-best-of-the-4-editions\\\/#primaryimage\",\"url\":\"https:\\\/\\\/www.medinamediaevents.com\\\/web\\\/wp-content\\\/uploads\\\/2018\\\/12\\\/38497984011_112897d9a8_k-768x479.jpg\",\"contentUrl\":\"https:\\\/\\\/www.medinamediaevents.com\\\/web\\\/wp-content\\\/uploads\\\/2018\\\/12\\\/38497984011_112897d9a8_k-768x479.jpg\",\"width\":768,\"height\":479},{\"@type\":\"BreadcrumbList\",\"@id\":\"https:\\\/\\\/www.medinamediaevents.com\\\/es\\\/the-4k-summit-publishes-its-agenda-the-best-of-the-4-editions\\\/#breadcrumb\",\"itemListElement\":[{\"@type\":\"ListItem\",\"position\":1,\"name\":\"Home\",\"item\":\"https:\\\/\\\/www.medinamediaevents.com\\\/es\\\/\"},{\"@type\":\"ListItem\",\"position\":2,\"name\":\"La 4K Summit publica su agenda, la mejor de los 4 a\u00f1os\"}]},{\"@type\":\"WebSite\",\"@id\":\"https:\\\/\\\/www.medinamediaevents.com\\\/es\\\/#website\",\"url\":\"https:\\\/\\\/www.medinamediaevents.com\\\/es\\\/\",\"name\":\"Medina Media EVENTS\",\"description\":\"\",\"publisher\":{\"@id\":\"https:\\\/\\\/www.medinamediaevents.com\\\/es\\\/#organization\"},\"potentialAction\":[{\"@type\":\"SearchAction\",\"target\":{\"@type\":\"EntryPoint\",\"urlTemplate\":\"https:\\\/\\\/www.medinamediaevents.com\\\/es\\\/?s={search_term_string}\"},\"query-input\":{\"@type\":\"PropertyValueSpecification\",\"valueRequired\":true,\"valueName\":\"search_term_string\"}}],\"inLanguage\":\"es\"},{\"@type\":\"Organization\",\"@id\":\"https:\\\/\\\/www.medinamediaevents.com\\\/es\\\/#organization\",\"name\":\"Medina Media Events\",\"url\":\"https:\\\/\\\/www.medinamediaevents.com\\\/es\\\/\",\"logo\":{\"@type\":\"ImageObject\",\"inLanguage\":\"es\",\"@id\":\"https:\\\/\\\/www.medinamediaevents.com\\\/es\\\/#\\\/schema\\\/logo\\\/image\\\/\",\"url\":\"https:\\\/\\\/www.medinamediaevents.com\\\/web\\\/wp-content\\\/uploads\\\/2018\\\/11\\\/mm_events_logo2018.png\",\"contentUrl\":\"https:\\\/\\\/www.medinamediaevents.com\\\/web\\\/wp-content\\\/uploads\\\/2018\\\/11\\\/mm_events_logo2018.png\",\"width\":1200,\"height\":750,\"caption\":\"Medina Media Events\"},\"image\":{\"@id\":\"https:\\\/\\\/www.medinamediaevents.com\\\/es\\\/#\\\/schema\\\/logo\\\/image\\\/\"}},{\"@type\":\"Person\",\"@id\":\"https:\\\/\\\/www.medinamediaevents.com\\\/es\\\/#\\\/schema\\\/person\\\/7d2bf7ca8ea9d145a6e6ec897c79311c\",\"name\":\"MME\"}]}<\/script>\n<!-- \/ Yoast SEO plugin. -->","yoast_head_json":{"title":"La 4K Summit publica su agenda, la mejor de los 4 a\u00f1os - Medina Media EVENTS","robots":{"index":"index","follow":"follow","max-snippet":"max-snippet:-1","max-image-preview":"max-image-preview:large","max-video-preview":"max-video-preview:-1"},"canonical":"https:\/\/www.medinamediaevents.com\/es\/the-4k-summit-publishes-its-agenda-the-best-of-the-4-editions\/","og_locale":"es_ES","og_type":"article","og_title":"La 4K Summit publica su agenda, la mejor de los 4 a\u00f1os - Medina Media EVENTS","og_description":"La 4K Summit, que se celebra los d\u00edas 7, 8 y 9 de noviembre en el\u00a0Polo de Contenidos Digitales de M\u00e1laga, ha hecho p\u00fablica hoy su agenda definitiva, con la que se consolida como\u00a0el encuentro internacional m\u00e1s importante de expertos en Tecnolog\u00eda y productores de Contenidos sobre la Ultra Alta Definici\u00f3n (UHD).  En total ser\u00e1n\u00a020 ponencias y 7 paneles\u00a0en los que se ofrecer\u00e1n informes, propuestas y visiones sobre esta nueva tecnolog\u00eda, que durante tres d\u00edas re\u00fane en M\u00e1laga a los mejores ponentes de otros foros internacionales como el NabShow de Las Vegas, el IBC de Amsterdam, el MipCom y el MipTV de Cannes, y el Foro de Lucca, entre otros.  En opini\u00f3n de\u00a0Medina Media Events, la organizadora del encuentro, la agenda de este a\u00f1o supera a la de 2017 y\u00a0eleva a\u00fan m\u00e1s el nivel de los conferenciantes y el n\u00famero de patrocinadores.    La sesi\u00f3n inaugural, el mi\u00e9rcoles 7, contar\u00e1 con la participaci\u00f3n como ponentes del presidente de\u00a0Movistar+, Sergio Osl\u00e9; del doctor\u00a0Hans Hoffmann, \u00a0jefe de la Unidad de Fundamentos de Medios y Producci\u00f3n Tecnol\u00f3gica de la Uni\u00f3n Europea de Radiodifusi\u00f3n (UER); del productor senior de la unidad de Historia Natural de la BBC brit\u00e1nica,\u00a0Colin Jackson; y del ingeniero\u00a0Hiroyasu Masuda, Senior Manager del Departamento del 8K en la NHK japonesa.  Adem\u00e1s, la multinacional coreana\u00a0Samsung, una de las patrocinadoras principales del evento junto a\u00a0Movistar, estar\u00e1 representada por\u00a0Nacho Monge, TV &amp; AV Marketing Manager en Espa\u00f1a; y la francesa\u00a0Eutelsat\u00a0por su vicepresidente de Nuevos Formatos,\u00a0Michel Chabrol.  El consultor\u00a0Mohammed Hamza, senior analyst de la multinacional norteamericana\u00a0Kagan, una divisi\u00f3n de\u00a0Standard &amp; Poors Global Market Intelligence, ser\u00e1 el encargado de ofrecer a los asistentes de la 4K Summit\u00a0la \u201cfotograf\u00eda\u201d actual del 4K a nivel mundial.  RTVE, Movistar+ y Vestel\u00a0compartir\u00e1n con los asistentes su visi\u00f3n sobre la llegada del 4K a los hogares gracias a las televisiones conectadas.  La importancia del\u00a0audio y de la m\u00fasica en la Ultra Alta Definici\u00f3n\u00a0ser\u00e1 abordada en esta primera jornada por\u00a0Yannick Dumartineix, de la\u00a0Radio Televisi\u00f3n Suiza, y por la alemana\u00a0Fraunhofer, con su Director de Desarrollo de Negocio,\u00a0Alfonso Carrera.    La segunda jornada, el jueves 8,\u00a0estar\u00e1 dedicada en sus primeras horas a los Deportes. El CEO de la productora francesa\u00a0HBS, Francis Tellier, que en colaboraci\u00f3n con la\u00a0FIFA\u00a0organiz\u00f3 la cobertura televisiva de la Copa del Mundo de Rusia 2018,\u00a0abrir\u00e1 el espacio dedicado a la producci\u00f3n de deportes en Directo en 4K-UHD.  Sony, por medio de\u00a0Norbert Paquet, contar\u00e1 su experiencia como la\u00a0marca elegida como principal proveedor de las c\u00e1maras de la Copa del Mundo de Rusia, que ha sido el\u00a0primer gran evento mundial producido \u00edntegramente en 4K-HDR.  A continuaci\u00f3n, un panel con\u00a0Ian Nock\u00a0(Forum Mundial de la Ultra Alta Definici\u00f3n),\u00a0Guillermo Jim\u00e9nez\u00a0(Olympic Broadcast Services),\u00a0Mickael Raulet\u00a0(Ateme) y\u00a0Emili Planas\u00a0(Mediapro), repasar\u00e1 las\u00a0experiencias del 4K este 2018 en otros eventos como los Juegos Ol\u00edmpicos de Invierno de PyeongChang (Corea), Roland Garros (Francia) y LaLiga (Espa\u00f1a).  Las presentaciones de\u00a0Ian Lowe\u00a0(Dolby),\u00a0Miguel \u00c1ngel Gonz\u00e1lez\u00a0(Huawei),\u00a0Stefan Hofmann\u00a0(Panasonic),\u00a0Klaus Weber\u00a0(Grass Valley),\u00a0Salvador Luna(Fujinon) y\u00a0Carlos Cast\u00e1n\u00a0(Canon) completar\u00e1n la sesi\u00f3n matinal desde el punto de vista de los fabricantes.    Por la tarde, ser\u00e1 el tiempo de conocer las\u00a0nuevas soluciones tecnol\u00f3gicas\u00a0de multinacionales como\u00a0Movistar\u00a0(Rub\u00e9n Mellado),\u00a0Nokia\u00a0(\u00c1lvaro Villegas),\u00a0AJA\u00a0(Kevin King) y las ventajas del 5G de\u00a0Rohde&amp;Schwarz\u00a0(Juan Pach\u00f3n),\u00a0Cellnex\u00a0(Xavi Red\u00f3n) e\u00a0Hispasat\u00a0(Daniel Castro).  Adem\u00e1s, un \u00faltimo bloque de conferencias centradas en los nuevos horizontes que se abren para los contenidos con la Ultra Alta Definici\u00f3n (UHD) permitir\u00e1n escuchar al franc\u00e9s\u00a0Olivier Chiabodo\u00a0(The Explorers Organisation), al italiano\u00a0Mirko Mastropietro\u00a0(Sky Italy) y al espa\u00f1ol\u00a0Carlos D\u00edez\u00a0de la Lastra (Les Roches Marbella).  Precisamente,\u00a0Les Roches y Medina Media Events, organizadora de la\u00a04K Summit, ofrecer\u00e1n un c\u00f3ctel el jueves por la noche para\u00a0presentar SUTUS (Space &amp; Underwater Tourism Universal Summit), la primera summit internacional sobre turismo espacial y subacu\u00e1tico, que tendr\u00e1 lugar en\u00a0Marbella el 20 y 21 de marzo de 2019.    Por \u00faltimo, en la tercera jornada, el viernes 9, la estrella de la 4KSummit ser\u00e1\u00a0Thierry Fautier, el presidente del Forum Mundial de la Ultra Alta Definici\u00f3n (UHD Forum).  Fautier ofrecer\u00e1 su conferencia sobre\u00a0\u201cD\u00f3nde est\u00e1 ahora y hacia d\u00f3nde va el 4K\u201d. A continuaci\u00f3n, el director de Comunicaci\u00f3n del UHD Forum,\u00a0Benjamin Schwarz, explicar\u00e1 el\u00a0Mapa del Ecosistema del 4K a nivel industrial y de est\u00e1ndares en todo el mundo.  Paul Gray, analista principal de la multinacional brit\u00e1nica de consultor\u00eda IHS Markit (con m\u00e1s de 16.000 profesionales en los cinco continentes),\u00a0har\u00e1 un resumen con los titulares m\u00e1s importantes que haya dejado la cuarta edici\u00f3n de la 4K Summit y ofrecer\u00e1 sus previsiones sobre la evoluci\u00f3n del 4K en los pr\u00f3ximos a\u00f1os.    El broche final de la 4K Summit 2018\u00a0tendr\u00e1 el nombre propio de Colombia, pa\u00eds que albergar\u00e1 el\u00a09 y 10 de julio de 2019 la primera edici\u00f3n de la 4K Americas, la edici\u00f3n latinoamericana de la 4K Summit.  La consejera delegada de\u00a0Extenda,\u00a0Vanesa Bernad, moderar\u00e1 un panel en el que participar\u00e1n altas ejecutivas de la\u00a0Autoridad Nacional de Televisi\u00f3n y de Caracol Televisi\u00f3n.  Mar\u00eda Camila Villamizar\u00a0(ANTV) y\u00a0Johanna Rueda\u00a0(Caracol) debatir\u00e1n sobre el\u00a0empoderamiento de la mujer en la televisi\u00f3n, la apuesta de Colombia por la Econom\u00eda de los Contenidos Digitales y los contenidos 4K, y su apoyo a la 4K Americas.    A lo largo de las tres jornadas, el\u00a0networking\u00a0ser\u00e1 el protagonista en los desayunos ofrecidos por Esca Catering y patrocinados por\u00a0MediaKind en colaboraci\u00f3n con Mome, y por\u00a0Axi\u00f3n; los c\u00f3cteles con\u00a0Sabor a M\u00e1laga \u201cEl sabor que nos une\u201d\u00a0y las Happy Hours ofrecidas por Cerveza Victoria y patrocinadas por\u00a0Medina Media Events\u00a0y\u00a0Tedial.  Adem\u00e1s, otras empresas tecnol\u00f3gicas espa\u00f1olas como\u00a0Axi\u00f3n, Tedial, RTVE, RTVA, Hur\u00ed y SONO\u00a0tambi\u00e9n patrocinan la 4K Summit, que cuenta con la colaboraci\u00f3n de instituciones y empresas p\u00fablicas como\u00a0Extenda, el Ayuntamiento de M\u00e1laga, ProM\u00e1laga, la Diputaci\u00f3n de M\u00e1laga y Europa Creativa Media.","og_url":"https:\/\/www.medinamediaevents.com\/es\/the-4k-summit-publishes-its-agenda-the-best-of-the-4-editions\/","og_site_name":"Medina Media EVENTS","article_published_time":"2018-10-24T15:08:23+00:00","article_modified_time":"2018-12-07T16:17:05+00:00","og_image":[{"width":768,"height":479,"url":"https:\/\/www.medinamediaevents.com\/web\/wp-content\/uploads\/2018\/12\/38497984011_112897d9a8_k-768x479.jpg","type":"image\/jpeg"}],"author":"MME","twitter_card":"summary_large_image","twitter_misc":{"Escrito por":"MME","Tiempo de lectura":"5 minutos"},"schema":{"@context":"https:\/\/schema.org","@graph":[{"@type":"Article","@id":"https:\/\/www.medinamediaevents.com\/es\/the-4k-summit-publishes-its-agenda-the-best-of-the-4-editions\/#article","isPartOf":{"@id":"https:\/\/www.medinamediaevents.com\/es\/the-4k-summit-publishes-its-agenda-the-best-of-the-4-editions\/"},"author":{"name":"MME","@id":"https:\/\/www.medinamediaevents.com\/es\/#\/schema\/person\/7d2bf7ca8ea9d145a6e6ec897c79311c"},"headline":"La 4K Summit publica su agenda, la mejor de los 4 a\u00f1os","datePublished":"2018-10-24T15:08:23+00:00","dateModified":"2018-12-07T16:17:05+00:00","mainEntityOfPage":{"@id":"https:\/\/www.medinamediaevents.com\/es\/the-4k-summit-publishes-its-agenda-the-best-of-the-4-editions\/"},"wordCount":1102,"commentCount":0,"publisher":{"@id":"https:\/\/www.medinamediaevents.com\/es\/#organization"},"image":{"@id":"https:\/\/www.medinamediaevents.com\/es\/the-4k-summit-publishes-its-agenda-the-best-of-the-4-editions\/#primaryimage"},"thumbnailUrl":"https:\/\/www.medinamediaevents.com\/web\/wp-content\/uploads\/2018\/12\/38497984011_112897d9a8_k-768x479.jpg","articleSection":["4K HDR SUMMIT"],"inLanguage":"es"},{"@type":"WebPage","@id":"https:\/\/www.medinamediaevents.com\/es\/the-4k-summit-publishes-its-agenda-the-best-of-the-4-editions\/","url":"https:\/\/www.medinamediaevents.com\/es\/the-4k-summit-publishes-its-agenda-the-best-of-the-4-editions\/","name":"La 4K Summit publica su agenda, la mejor de los 4 a\u00f1os - Medina Media EVENTS","isPartOf":{"@id":"https:\/\/www.medinamediaevents.com\/es\/#website"},"primaryImageOfPage":{"@id":"https:\/\/www.medinamediaevents.com\/es\/the-4k-summit-publishes-its-agenda-the-best-of-the-4-editions\/#primaryimage"},"image":{"@id":"https:\/\/www.medinamediaevents.com\/es\/the-4k-summit-publishes-its-agenda-the-best-of-the-4-editions\/#primaryimage"},"thumbnailUrl":"https:\/\/www.medinamediaevents.com\/web\/wp-content\/uploads\/2018\/12\/38497984011_112897d9a8_k-768x479.jpg","datePublished":"2018-10-24T15:08:23+00:00","dateModified":"2018-12-07T16:17:05+00:00","breadcrumb":{"@id":"https:\/\/www.medinamediaevents.com\/es\/the-4k-summit-publishes-its-agenda-the-best-of-the-4-editions\/#breadcrumb"},"inLanguage":"es","potentialAction":[{"@type":"ReadAction","target":["https:\/\/www.medinamediaevents.com\/es\/the-4k-summit-publishes-its-agenda-the-best-of-the-4-editions\/"]}]},{"@type":"ImageObject","inLanguage":"es","@id":"https:\/\/www.medinamediaevents.com\/es\/the-4k-summit-publishes-its-agenda-the-best-of-the-4-editions\/#primaryimage","url":"https:\/\/www.medinamediaevents.com\/web\/wp-content\/uploads\/2018\/12\/38497984011_112897d9a8_k-768x479.jpg","contentUrl":"https:\/\/www.medinamediaevents.com\/web\/wp-content\/uploads\/2018\/12\/38497984011_112897d9a8_k-768x479.jpg","width":768,"height":479},{"@type":"BreadcrumbList","@id":"https:\/\/www.medinamediaevents.com\/es\/the-4k-summit-publishes-its-agenda-the-best-of-the-4-editions\/#breadcrumb","itemListElement":[{"@type":"ListItem","position":1,"name":"Home","item":"https:\/\/www.medinamediaevents.com\/es\/"},{"@type":"ListItem","position":2,"name":"La 4K Summit publica su agenda, la mejor de los 4 a\u00f1os"}]},{"@type":"WebSite","@id":"https:\/\/www.medinamediaevents.com\/es\/#website","url":"https:\/\/www.medinamediaevents.com\/es\/","name":"Medina Media EVENTS","description":"","publisher":{"@id":"https:\/\/www.medinamediaevents.com\/es\/#organization"},"potentialAction":[{"@type":"SearchAction","target":{"@type":"EntryPoint","urlTemplate":"https:\/\/www.medinamediaevents.com\/es\/?s={search_term_string}"},"query-input":{"@type":"PropertyValueSpecification","valueRequired":true,"valueName":"search_term_string"}}],"inLanguage":"es"},{"@type":"Organization","@id":"https:\/\/www.medinamediaevents.com\/es\/#organization","name":"Medina Media Events","url":"https:\/\/www.medinamediaevents.com\/es\/","logo":{"@type":"ImageObject","inLanguage":"es","@id":"https:\/\/www.medinamediaevents.com\/es\/#\/schema\/logo\/image\/","url":"https:\/\/www.medinamediaevents.com\/web\/wp-content\/uploads\/2018\/11\/mm_events_logo2018.png","contentUrl":"https:\/\/www.medinamediaevents.com\/web\/wp-content\/uploads\/2018\/11\/mm_events_logo2018.png","width":1200,"height":750,"caption":"Medina Media Events"},"image":{"@id":"https:\/\/www.medinamediaevents.com\/es\/#\/schema\/logo\/image\/"}},{"@type":"Person","@id":"https:\/\/www.medinamediaevents.com\/es\/#\/schema\/person\/7d2bf7ca8ea9d145a6e6ec897c79311c","name":"MME"}]}},"_links":{"self":[{"href":"https:\/\/www.medinamediaevents.com\/es\/wp-json\/wp\/v2\/posts\/658","targetHints":{"allow":["GET"]}}],"collection":[{"href":"https:\/\/www.medinamediaevents.com\/es\/wp-json\/wp\/v2\/posts"}],"about":[{"href":"https:\/\/www.medinamediaevents.com\/es\/wp-json\/wp\/v2\/types\/post"}],"author":[{"embeddable":true,"href":"https:\/\/www.medinamediaevents.com\/es\/wp-json\/wp\/v2\/users\/2"}],"replies":[{"embeddable":true,"href":"https:\/\/www.medinamediaevents.com\/es\/wp-json\/wp\/v2\/comments?post=658"}],"version-history":[{"count":0,"href":"https:\/\/www.medinamediaevents.com\/es\/wp-json\/wp\/v2\/posts\/658\/revisions"}],"wp:featuredmedia":[{"embeddable":true,"href":"https:\/\/www.medinamediaevents.com\/es\/wp-json\/wp\/v2\/media\/656"}],"wp:attachment":[{"href":"https:\/\/www.medinamediaevents.com\/es\/wp-json\/wp\/v2\/media?parent=658"}],"wp:term":[{"taxonomy":"category","embeddable":true,"href":"https:\/\/www.medinamediaevents.com\/es\/wp-json\/wp\/v2\/categories?post=658"},{"taxonomy":"post_tag","embeddable":true,"href":"https:\/\/www.medinamediaevents.com\/es\/wp-json\/wp\/v2\/tags?post=658"}],"curies":[{"name":"wp","href":"https:\/\/api.w.org\/{rel}","templated":true}]}}