{"id":1940,"date":"2020-05-05T08:31:56","date_gmt":"2020-05-05T06:31:56","guid":{"rendered":"https:\/\/www.medinamediaevents.com\/?p=1940"},"modified":"2020-05-05T08:31:56","modified_gmt":"2020-05-05T06:31:56","slug":"manana-arranca-el-5g-forum-virtual-con-mas-de-30-ponentes-demos-y-sesiones-de-networking-exclusivo","status":"publish","type":"post","link":"https:\/\/www.medinamediaevents.com\/es\/manana-arranca-el-5g-forum-virtual-con-mas-de-30-ponentes-demos-y-sesiones-de-networking-exclusivo\/","title":{"rendered":"MA\u00d1ANA ARRANCA EL 5G FORUM VIRTUAL CON M\u00c1S DE 30 PONENTES, DEMOS Y SESIONES DE NETWORKING EXCLUSIVO"},"content":{"rendered":"<p>Ma\u00f1ana arranca la tercera edici\u00f3n del 5G Forum, la primera en formato virtual, que se celebrar\u00e1 los d\u00edas 6 y 7 de mayo. Tras la cancelaci\u00f3n del Mobile World Congress, el 5G Forum Virtual 2020 se ha convertido en una\u00a0<strong>oportunidad \u00fanica para conocer los \u00faltimos avances realizados en el \u00e1mbito de la tecnolog\u00eda 5G<\/strong>, concentrado en 2 d\u00edas, con m\u00e1s de 30 ponentes, y presentaciones de 20 minutos en un formato \u00e1gil, para que cualquiera pueda tener una visi\u00f3n de conjunto de qu\u00e9 es lo que est\u00e1 ocurriendo en el 5G en el resto del mundo y, sobre todo, en Espa\u00f1a.<\/p>\n<p>Los espectadores tendr\u00e1n de primera mano la visi\u00f3n de la\u00a0<strong>Comisi\u00f3n Europea y de Eurovisi\u00f3n, y lo \u00faltimo de lo \u00faltimo que est\u00e1 ocurriendo en Corea, China, Jap\u00f3n, EEUU, Reino Unido, Francia, Grecia, Finlandia y Alemania<\/strong>. Adem\u00e1s, sabr\u00e1s todo lo que en Espa\u00f1a se est\u00e1 haciendo: desde los planes del Ministerio, a los principales proyectos que se est\u00e1n desarrollando en Barcelona, Sevilla, M\u00e1laga, Vitoria, Madrid y Valencia.<\/p>\n<p><strong>Peter Stuckmann, Jefe de la Unidad de Sistemas de Conectividad Futura de la Comisi\u00f3n Europea<\/strong>, que ser\u00e1 el speaker de honor, abrir\u00e1 el 5G Forum Virtual con una\u00a0<strong>exposici\u00f3n de la visi\u00f3n y el estado actual del 5G en Europa<\/strong>.<\/p>\n<p><strong>Maite Arcos, la Directora General de Telecomunicaciones y Ordenaci\u00f3n de los Servicios de Comunicaci\u00f3n Audiovisual<\/strong>, tambi\u00e9n dar\u00e1 la bienvenida a todos los asistentes virtuales al evento.<\/p>\n<p><strong>Federico Ruiz, Director del Observatorio Nacional del 5G (ON5G),\u00a0<\/strong>le seguir\u00e1 con un informe sobre el 5G en un momento tan clave como es el actual.<\/p>\n<p><strong>David Cierco, director general de Red.es<\/strong>, har\u00e1 la introducci\u00f3n a la participaci\u00f3n de\u00a0<strong>Vodafone Business que, a trav\u00e9s del Director General de Empresas de Vodafone Espa\u00f1a, Daniel Jim\u00e9nez,\u00a0<\/strong>mostrar\u00e1 algunos de los 32 casos pr\u00e1cticos de uso en los que la operadora est\u00e1 aplicando los beneficios de la tecnolog\u00eda 5G en los sectores de energ\u00eda, industria, ciudades inteligentes, turismo, agricultura, sanidad y dependencia, seguridad, emergencias y defensa, sociedad y econom\u00eda digital.<\/p>\n<p><img loading=\"lazy\" decoding=\"async\" class=\"aligncenter wp-image-3215 size-full\" src=\"https:\/\/www.5gforum.es\/web\/wp-content\/uploads\/2020\/05\/foto-1.png\" alt=\"\" width=\"573\" height=\"327\" \/><\/p>\n<p>Tras la intervenci\u00f3n de Daniel Jim\u00e9nez tendr\u00e1 lugar un panel moderado por\u00a0<strong>Francisco Javier Garc\u00eda Vieira, Director de Servicios P\u00fablicos Digitales de Red.es<\/strong>, en el que participar\u00e1n\u00a0<strong>Rafael Alcaide, Director Territorial en Andaluc\u00eda, Extremadura, Ceuta y Melilla de Vodafone Business; Raquel Barco, Vicerrectora de Smart Campus de la Universidad de M\u00e1laga (UMA); Enrique Colilles, Director General de Trops; y Pilar Rodr\u00edguez, Strategy, Innovation&amp; R&amp;D Director de Altran<\/strong>.<\/p>\n<p>En este panel\u00a0<strong>se analizar\u00e1n los distintos casos de uso que se est\u00e1n llevando a cabo dentro del proyecto piloto 5G de Vodafone Business<\/strong>, as\u00ed como el papel que est\u00e1 jugando y jugar\u00e1 el 5G en la salida de la crisis del coronavirus.<\/p>\n<p><img loading=\"lazy\" decoding=\"async\" class=\"aligncenter wp-image-3217 size-full\" src=\"https:\/\/www.5gforum.es\/web\/wp-content\/uploads\/2020\/05\/foto-2.png\" alt=\"\" width=\"608\" height=\"408\" \/><\/p>\n<p><strong>Jos\u00e9 Angel L\u00f3pez Mayoralas, Head of Solutions Validation Services for Cisco EMEAR &amp; APJC<\/strong>, explicar\u00e1 a los participantes en el 5G Forum Virtual, c\u00f3mo el l\u00edder de e-commerce en Jap\u00f3n, en colaboraci\u00f3n con Cisco, ha dise\u00f1ado esta\u00a0<strong>red pionera con automatizaci\u00f3n de principio a fin y virtualizaci\u00f3n de funciones en nube nativa<\/strong>, convirti\u00e9ndose en un proveedor m\u00f3vil de 5G con un nivel de disrupci\u00f3n \u00fanico en la industria.<\/p>\n<p>Por otro lado,<strong>\u00a0Daniel Borr\u00e1s, director de M\u00e1rketing y Desarrollo de Negocio en Samsung Networks Europe<\/strong>, presentar\u00e1 las tendencias en este pa\u00eds y tambi\u00e9n las pr\u00f3ximas innovaciones alrededor de la tecnolog\u00eda 5G.<\/p>\n<p>En su presentaci\u00f3n, Samsung\u00a0<strong>explicar\u00e1 la importancia de esta cooperaci\u00f3n y otras claves del \u00e9xito del desarrollo del 5G en Corea, as\u00ed como la visi\u00f3n de Samsung sobre el futuro m\u00e1s cercano de esta tecnolog\u00eda<\/strong>. Daniel Borr\u00e1s mostrar\u00e1 la evoluci\u00f3n del 5G y las pr\u00f3ximas innovaciones tecnol\u00f3gicas desde el punto de vista de la compa\u00f1\u00eda como la banda milim\u00e9trica, la arquitectura Stand Alone o la virtualizaci\u00f3n.<\/p>\n<p><img loading=\"lazy\" decoding=\"async\" class=\"aligncenter wp-image-3219 size-full\" src=\"https:\/\/www.5gforum.es\/web\/wp-content\/uploads\/2020\/05\/foto-3.png\" alt=\"\" width=\"581\" height=\"337\" \/><\/p>\n<p>Tras la intervenci\u00f3n de Daniel Borr\u00e1s, \u00c1lvaro Villegas, director de Nokia Bell Labs Espa\u00f1a, presentar\u00e1 en el 5G Forum Virtual 2020 un dispositivo a trav\u00e9s del cual\u00a0<strong>pasaremos de las v\u00eddeo-llamadas convencionales al \u201cteletransporte\u201d<\/strong>, bautizado como \u201cEl B\u00faho\u201d (\u201cThe Owl\u201d). Este dispositivo se colocar\u00eda en un punto dentro de un grupo de personas proporcion\u00e1ndole un audio inmersivo y una visi\u00f3n 360\u00ba a una persona que est\u00e1 conectada en remoto con unas gafas de realidad virtual.<\/p>\n<p>El\u00a0<strong>vicepresidente de ventas de Intracom Telecom para Italia, Espa\u00f1a, Portugal y Latinoam\u00e9rica, Ercole Rovida<\/strong>, ser\u00e1 el encargado, en representaci\u00f3n de la multinacional europea, de avanzar las \u201cmega tendencias\u201d que se impondr\u00e1n en los pr\u00f3ximos a\u00f1os en la post crisis del Covid-19.<\/p>\n<p>Despu\u00e9s,\u00a0<strong>David Gonzalo, T&amp;M Sales Manager de la multinacional Rohde &amp; Schwarz<\/strong>\u00a0nos har\u00e1 una introducci\u00f3n al webinar gratuito que ofrecer\u00e1 la compa\u00f1\u00eda el jueves 7 de mayo a las 14:30 horas en el marco del 5G Forum, titulado \u201cSimulaci\u00f3n de redes 5G para la realizaci\u00f3n de medidas en dispositivos m\u00f3viles\u201d.<\/p>\n<p><iframe loading=\"lazy\" title=\"5GF20 RICARDO MEDINA\" src=\"https:\/\/player.vimeo.com\/video\/414539378?dnt=1&amp;app_id=122963\" width=\"500\" height=\"281\" frameborder=\"0\" allow=\"autoplay; fullscreen; picture-in-picture; clipboard-write\"><\/iframe><\/p>\n<p>Bajo el t\u00edtulo de la ponencia \u201c5GENESIS M\u00e1laga, una plataforma 5G abierta a la innovaci\u00f3n\u201d,\u00a0<strong>Pedro Merino, director t\u00e9cnico del proyecto 5GENESIS<\/strong>, presentar\u00e1 en el 5GForum Virtual el estado del proyecto y de las primeras pruebas con empresas que se beneficiar\u00e1n del 5G, as\u00ed como otras pruebas planeadas para los pr\u00f3ximos meses.<\/p>\n<p>Por su parte,\u00a0<strong>\u00d3scar Fajardo, CEO de la empresa Nemergent Solutions<\/strong>, dar\u00e1 detalles del despliegue y pruebas para comunicaciones entre los cuerpos de seguridad, como la Polic\u00eda Local de M\u00e1laga.<\/p>\n<p>Ya en la segunda y \u00faltima jornada del 5G Forum Virtual ser\u00e1 el turno de los\u00a0<strong>operadores, los proyectos europeos y la situaci\u00f3n del 5G en Espa\u00f1a<\/strong>.<\/p>\n<p><img loading=\"lazy\" decoding=\"async\" class=\"aligncenter wp-image-3221 size-full\" src=\"https:\/\/www.5gforum.es\/web\/wp-content\/uploads\/2020\/05\/foto-4.png\" alt=\"\" width=\"588\" height=\"345\" \/><\/p>\n<p><strong>Jos\u00e9 Capote, Director de Soluciones Integradas para Operadores de Huawei Espa\u00f1a<\/strong>, ser\u00e1 el encargado de ofrecer una visi\u00f3n global y en Espa\u00f1a sobre\u00a0<strong>c\u00f3mo est\u00e1 llegando la tecnolog\u00eda 5G al mercado<\/strong>, y en qu\u00e9 casos de uso se prev\u00e9 una adopci\u00f3n m\u00e1s temprana. Le seguir\u00e1n\u00a0<strong>Telef\u00f3nica, representada por Mercedes Fern\u00e1ndez, Gerente de Innovaci\u00f3n<\/strong>; y\u00a0<strong>Orange, con Luis Delgado, Director del Programa 5G.\u00a0<\/strong><\/p>\n<p><strong>Hispasat, de la mano de In\u00e9s Sanz, Gerente de Ingenier\u00eda de Clientes<\/strong>, explicar\u00e1 por qu\u00e9 el sat\u00e9lite es clave para llevar el 5G a zonas remotas. Por su parte,<strong>\u00a0Axi\u00f3n\u00a0<\/strong>har\u00e1 una breve introducci\u00f3n a los sistemas de cobertura en zonas con alta densidad de usuarios.<\/p>\n<p>Adem\u00e1s, el\u00a0<strong>proyecto paneuropeo 5G-IA\u00a0<\/strong>dar\u00e1 una visi\u00f3n panor\u00e1mica de las experiencias 5G paneuropeas, representado por uno de sus Board Members,\u00a0<strong>Carles Ant\u00f3n-Haro<\/strong>.<\/p>\n<p>Ant\u00f3n-Haro explicar\u00e1 la\u00a0<strong>\u201choja de ruta\u201d y las distintas fases en las que se encuentran proyectos 5G<\/strong>, como el\u00a0<strong>5GCAR<\/strong>, un caso de uso de veh\u00edculos conectados; el\u00a0<strong>5GMonarch<\/strong>, un proyecto de turismo interactivo; y el proyecto\u00a0<strong>5GXcast<\/strong>, de distribuci\u00f3n de contenidos multimedia a gran escala, entre otros casos de uso de tecnolog\u00eda 5G.<\/p>\n<p>Uno de los proyectos H2020, Locus, ser\u00e1 presentado por\u00a0<strong>Raquel Barco, vicerrectora del Smart Campus de la Universidad de M\u00e1laga<\/strong>. Tambi\u00e9n estar\u00e1 presente la\u00a0Universidad Polit\u00e9cnica de Valencia, de la mano de\u00a0<strong>Narc\u00eds Cardona, director del i-Team<\/strong>.<\/p>\n<p><img loading=\"lazy\" decoding=\"async\" class=\"aligncenter wp-image-3223 size-full\" src=\"https:\/\/www.5gforum.es\/web\/wp-content\/uploads\/2020\/05\/foto-5.png\" alt=\"\" width=\"618\" height=\"327\" \/><\/p>\n<p>La difusi\u00f3n lineal de contenidos a trav\u00e9s de redes 5G ser\u00e1 un tema abordado por\u00a0<strong>Impulsa Visi\u00f3n RTVE<\/strong>, concretamente por\u00a0<strong>Esteban Mayoral, Subdirector de Gesti\u00f3n de Centro de Innovaci\u00f3n de Impulsa Visi\u00f3n RTVE, Adolfo Mu\u00f1oz, director de Redes y Emisi\u00f3n de RTVE, Mar\u00eda del Carmen Aguayo, catedr\u00e1tica de la Universidad de M\u00e1laga, y David Jim\u00e9nez, alumno de la Universidad de M\u00e1laga<\/strong>.<\/p>\n<p>Tambi\u00e9n\u00a0<strong>Pere Vila, director de Estrategia Tecnol\u00f3gica e Innovaci\u00f3n Digital de RTVE<\/strong>\u00a0expondr\u00e1 las nuevas actividades de RTVE en el \u00e1mbito del 5G.<\/p>\n<p><img loading=\"lazy\" decoding=\"async\" class=\"aligncenter wp-image-3225 size-full\" src=\"https:\/\/www.5gforum.es\/web\/wp-content\/uploads\/2020\/05\/ANTONIO-FDEZ-PANIAGUA.png\" alt=\"\" width=\"611\" height=\"332\" \/><\/p>\n<p>Desde la Uni\u00f3n Europea de Radiodifusi\u00f3n (UER, EBU por sus siglas en ingl\u00e9s),\u00a0<strong>Elena Puigrefagut, Senior Project Manager de Tecnolog\u00eda e Innovaci\u00f3n de la EBU-UER<\/strong>, presentar\u00e1 desde Suiza la iniciativa \u201c5G Media Action Group (5G-MAG)\u201d que recientemente han puesto en marcha las televisiones p\u00fablicas europeas.<\/p>\n<p>Por \u00faltimo, y como broche final para el 5G Forum, tendr\u00e1 lugar la intervenci\u00f3n de\u00a0<strong>Antonio Fern\u00e1ndez-Paniagua, Subdirector General de Planificaci\u00f3n y Gesti\u00f3n del Espectro Radioel\u00e9ctrico del Ministerio de Asuntos Econ\u00f3micos y Transformaci\u00f3n Digital<\/strong>, quien ser\u00e1 el encargado de explicar la situaci\u00f3n actual del 5G en Espa\u00f1a, presentar los proyectos pilotos que se est\u00e1n llevando a cabo en nuestro pa\u00eds y abordar el aplazamiento de la subasta de 700 Mhz dentro del Segundo Dividendo Digital.<\/p>\n<p><img loading=\"lazy\" decoding=\"async\" class=\"aligncenter wp-image-2975 size-large\" src=\"https:\/\/www.5gforum.es\/web\/wp-content\/uploads\/2020\/04\/00.Inicio_v.25.4.20-1024x576.jpg\" alt=\"\" width=\"1024\" height=\"576\" \/><\/p>\n<p><strong>La plataforma del 5G FORUM VIRTUAL 2020 ya est\u00e1 disponible,\u00a0<\/strong>y los inscritos\u00a0<strong>pueden solicitar desde este momento video reuniones con todos los ponentes, expertos y participantes,\u00a0<\/strong>los d\u00edas previos, durante y posteriores al evento, con el objetivo de que 5G Forum Virtual sirva como<strong>\u00a0plataforma permanente y exclusiva sobre la tecnolog\u00eda 5G.<\/strong><\/p>\n<p>Adem\u00e1s de disfrutar de las ponencias y del networking exclusivo online, los asistentes al 5G Forum Virtual podr\u00e1n conocer en la zona de demos los proyectos de empresas participantes como\u00a0<strong>Nokia, Vodafone Business y la Universidad de M\u00e1laga, Intracom Telecom, Huawei, 5Genesis<\/strong>\u00a0y asistir a un webinar gratuito que ofrecer\u00e1 la compa\u00f1\u00eda\u00a0<strong>Rohde &amp; Schwarz<\/strong>\u00a0el d\u00eda 7 de mayo a las 14:30 horas.<\/p>\n<p>En el 5G Forum Virtual 2020, organizado por\u00a0<strong>Medina Media Events<\/strong>, se dar\u00e1n a conocer los \u00faltimos avances de la mano de profesionales y grandes compa\u00f1\u00edas como\u00a0<strong>Samsung, Vodafone Business, Cisco, 5Genesis, Intracom Telecom, Rohde &amp; Schwarz, Huawei, Hispasat, Impulsa Visi\u00f3n RTVE, Nokia, Axi\u00f3n y el Observatorio Nacional 5G<\/strong>, una iniciativa impulsada por Mobile World Capital, el Ministerio de Asuntos Econ\u00f3micos y Transformaci\u00f3n Digital y Red.es, patrocinadores todos ellos del encuentro virtual.<\/p>\n","protected":false},"excerpt":{"rendered":"<p>Ma\u00f1ana arranca la tercera edici\u00f3n del 5G Forum, la primera en formato virtual, que se celebrar\u00e1 los d\u00edas 6 y 7 de mayo. Tras la cancelaci\u00f3n del Mobile World Congress, el 5G Forum Virtual 2020 se ha convertido en una\u00a0<strong>oportunidad \u00fanica para conocer los \u00faltimos avances realizados en el \u00e1mbito de la tecnolog\u00eda 5G<\/strong>, concentrado en 2 d\u00edas, con m\u00e1s de 30 ponentes, y presentaciones de 20 minutos en un formato \u00e1gil, para que cualquiera pueda tener una visi\u00f3n de conjunto de qu\u00e9 es lo que est\u00e1 ocurriendo en el 5G en el resto del mundo y, sobre todo, en Espa\u00f1a.<\/p>\n<p>Los espectadores tendr\u00e1n de primera mano la visi\u00f3n de la\u00a0<strong>Comisi\u00f3n Europea y de Eurovisi\u00f3n, y lo \u00faltimo de lo \u00faltimo que est\u00e1 ocurriendo en Corea, China, Jap\u00f3n, EEUU, Reino Unido, Francia, Grecia, Finlandia y Alemania<\/strong>. Adem\u00e1s, sabr\u00e1s todo lo que en Espa\u00f1a se est\u00e1 haciendo: desde los planes del Ministerio, a los principales proyectos que se est\u00e1n desarrollando en Barcelona, Sevilla, M\u00e1laga, Vitoria, Madrid y Valencia.<\/p>\n<p><strong>Peter Stuckmann, Jefe de la Unidad de Sistemas de Conectividad Futura de la Comisi\u00f3n Europea<\/strong>, que ser\u00e1 el speaker de honor, abrir\u00e1 el 5G Forum Virtual con una\u00a0<strong>exposici\u00f3n de la visi\u00f3n y el estado actual del 5G en Europa<\/strong>.<\/p>\n<p><strong>Maite Arcos, la Directora General de Telecomunicaciones y Ordenaci\u00f3n de los Servicios de Comunicaci\u00f3n Audiovisual<\/strong>, tambi\u00e9n dar\u00e1 la bienvenida a todos los asistentes virtuales al evento.<\/p>\n<p><strong>Federico Ruiz, Director del Observatorio Nacional del 5G (ON5G),\u00a0<\/strong>le seguir\u00e1 con un informe sobre el 5G en un momento tan clave como es el actual.<\/p>\n<p><strong>David Cierco, director general de Red.es<\/strong>, har\u00e1 la introducci\u00f3n a la participaci\u00f3n de\u00a0<strong>Vodafone Business que, a trav\u00e9s del Director General de Empresas de Vodafone Espa\u00f1a, Daniel Jim\u00e9nez,\u00a0<\/strong>mostrar\u00e1 algunos de los 32 casos pr\u00e1cticos de uso en los que la operadora est\u00e1 aplicando los beneficios de la tecnolog\u00eda 5G en los sectores de energ\u00eda, industria, ciudades inteligentes, turismo, agricultura, sanidad y dependencia, seguridad, emergencias y defensa, sociedad y econom\u00eda digital.<\/p>\n<p><img loading=\"lazy\" decoding=\"async\" class=\"aligncenter wp-image-3215 size-full\" src=\"https:\/\/www.5gforum.es\/web\/wp-content\/uploads\/2020\/05\/foto-1.png\" alt=\"\" width=\"573\" height=\"327\" \/><\/p>\n<p>Tras la intervenci\u00f3n de Daniel Jim\u00e9nez tendr\u00e1 lugar un panel moderado por\u00a0<strong>Francisco Javier Garc\u00eda Vieira, Director de Servicios P\u00fablicos Digitales de Red.es<\/strong>, en el que participar\u00e1n\u00a0<strong>Rafael Alcaide, Director Territorial en Andaluc\u00eda, Extremadura, Ceuta y Melilla de Vodafone Business; Raquel Barco, Vicerrectora de Smart Campus de la Universidad de M\u00e1laga (UMA); Enrique Colilles, Director General de Trops; y Pilar Rodr\u00edguez, Strategy, Innovation&amp; R&amp;D Director de Altran<\/strong>.<\/p>\n<p>En este panel\u00a0<strong>se analizar\u00e1n los distintos casos de uso que se est\u00e1n llevando a cabo dentro del proyecto piloto 5G de Vodafone Business<\/strong>, as\u00ed como el papel que est\u00e1 jugando y jugar\u00e1 el 5G en la salida de la crisis del coronavirus.<\/p>\n<p><img loading=\"lazy\" decoding=\"async\" class=\"aligncenter wp-image-3217 size-full\" src=\"https:\/\/www.5gforum.es\/web\/wp-content\/uploads\/2020\/05\/foto-2.png\" alt=\"\" width=\"608\" height=\"408\" \/><\/p>\n<p><strong>Jos\u00e9 Angel L\u00f3pez Mayoralas, Head of Solutions Validation Services for Cisco EMEAR &amp; APJC<\/strong>, explicar\u00e1 a los participantes en el 5G Forum Virtual, c\u00f3mo el l\u00edder de e-commerce en Jap\u00f3n, en colaboraci\u00f3n con Cisco, ha dise\u00f1ado esta\u00a0<strong>red pionera con automatizaci\u00f3n de principio a fin y virtualizaci\u00f3n de funciones en nube nativa<\/strong>, convirti\u00e9ndose en un proveedor m\u00f3vil de 5G con un nivel de disrupci\u00f3n \u00fanico en la industria.<\/p>\n<p>Por otro lado,<strong>\u00a0Daniel Borr\u00e1s, director de M\u00e1rketing y Desarrollo de Negocio en Samsung Networks Europe<\/strong>, presentar\u00e1 las tendencias en este pa\u00eds y tambi\u00e9n las pr\u00f3ximas innovaciones alrededor de la tecnolog\u00eda 5G.<\/p>\n<p>En su presentaci\u00f3n, Samsung\u00a0<strong>explicar\u00e1 la importancia de esta cooperaci\u00f3n y otras claves del \u00e9xito del desarrollo del 5G en Corea, as\u00ed como la visi\u00f3n de Samsung sobre el futuro m\u00e1s cercano de esta tecnolog\u00eda<\/strong>. Daniel Borr\u00e1s mostrar\u00e1 la evoluci\u00f3n del 5G y las pr\u00f3ximas innovaciones tecnol\u00f3gicas desde el punto de vista de la compa\u00f1\u00eda como la banda milim\u00e9trica, la arquitectura Stand Alone o la virtualizaci\u00f3n.<\/p>\n<p><img loading=\"lazy\" decoding=\"async\" class=\"aligncenter wp-image-3219 size-full\" src=\"https:\/\/www.5gforum.es\/web\/wp-content\/uploads\/2020\/05\/foto-3.png\" alt=\"\" width=\"581\" height=\"337\" \/><\/p>\n<p>Tras la intervenci\u00f3n de Daniel Borr\u00e1s, \u00c1lvaro Villegas, director de Nokia Bell Labs Espa\u00f1a, presentar\u00e1 en el 5G Forum Virtual 2020 un dispositivo a trav\u00e9s del cual\u00a0<strong>pasaremos de las v\u00eddeo-llamadas convencionales al \u201cteletransporte\u201d<\/strong>, bautizado como \u201cEl B\u00faho\u201d (\u201cThe Owl\u201d). Este dispositivo se colocar\u00eda en un punto dentro de un grupo de personas proporcion\u00e1ndole un audio inmersivo y una visi\u00f3n 360\u00ba a una persona que est\u00e1 conectada en remoto con unas gafas de realidad virtual.<\/p>\n<p>El\u00a0<strong>vicepresidente de ventas de Intracom Telecom para Italia, Espa\u00f1a, Portugal y Latinoam\u00e9rica, Ercole Rovida<\/strong>, ser\u00e1 el encargado, en representaci\u00f3n de la multinacional europea, de avanzar las \u201cmega tendencias\u201d que se impondr\u00e1n en los pr\u00f3ximos a\u00f1os en la post crisis del Covid-19.<\/p>\n<p>Despu\u00e9s,\u00a0<strong>David Gonzalo, T&amp;M Sales Manager de la multinacional Rohde &amp; Schwarz<\/strong>\u00a0nos har\u00e1 una introducci\u00f3n al webinar gratuito que ofrecer\u00e1 la compa\u00f1\u00eda el jueves 7 de mayo a las 14:30 horas en el marco del 5G Forum, titulado \u201cSimulaci\u00f3n de redes 5G para la realizaci\u00f3n de medidas en dispositivos m\u00f3viles\u201d.<\/p>\n<p>https:\/\/vimeo.com\/414539378<\/p>\n<p>Bajo el t\u00edtulo de la ponencia \u201c5GENESIS M\u00e1laga, una plataforma 5G abierta a la innovaci\u00f3n\u201d,\u00a0<strong>Pedro Merino, director t\u00e9cnico del proyecto 5GENESIS<\/strong>, presentar\u00e1 en el 5GForum Virtual el estado del proyecto y de las primeras pruebas con empresas que se beneficiar\u00e1n del 5G, as\u00ed como otras pruebas planeadas para los pr\u00f3ximos meses.<\/p>\n<p>Por su parte,\u00a0<strong>\u00d3scar Fajardo, CEO de la empresa Nemergent Solutions<\/strong>, dar\u00e1 detalles del despliegue y pruebas para comunicaciones entre los cuerpos de seguridad, como la Polic\u00eda Local de M\u00e1laga.<\/p>\n<p>Ya en la segunda y \u00faltima jornada del 5G Forum Virtual ser\u00e1 el turno de los\u00a0<strong>operadores, los proyectos europeos y la situaci\u00f3n del 5G en Espa\u00f1a<\/strong>.<\/p>\n<p><img loading=\"lazy\" decoding=\"async\" class=\"aligncenter wp-image-3221 size-full\" src=\"https:\/\/www.5gforum.es\/web\/wp-content\/uploads\/2020\/05\/foto-4.png\" alt=\"\" width=\"588\" height=\"345\" \/><\/p>\n<p><strong>Jos\u00e9 Capote, Director de Soluciones Integradas para Operadores de Huawei Espa\u00f1a<\/strong>, ser\u00e1 el encargado de ofrecer una visi\u00f3n global y en Espa\u00f1a sobre\u00a0<strong>c\u00f3mo est\u00e1 llegando la tecnolog\u00eda 5G al mercado<\/strong>, y en qu\u00e9 casos de uso se prev\u00e9 una adopci\u00f3n m\u00e1s temprana. Le seguir\u00e1n\u00a0<strong>Telef\u00f3nica, representada por Mercedes Fern\u00e1ndez, Gerente de Innovaci\u00f3n<\/strong>; y\u00a0<strong>Orange, con Luis Delgado, Director del Programa 5G.\u00a0<\/strong><\/p>\n<p><strong>Hispasat, de la mano de In\u00e9s Sanz, Gerente de Ingenier\u00eda de Clientes<\/strong>, explicar\u00e1 por qu\u00e9 el sat\u00e9lite es clave para llevar el 5G a zonas remotas. Por su parte,<strong>\u00a0Axi\u00f3n\u00a0<\/strong>har\u00e1 una breve introducci\u00f3n a los sistemas de cobertura en zonas con alta densidad de usuarios.<\/p>\n<p>Adem\u00e1s, el\u00a0<strong>proyecto paneuropeo 5G-IA\u00a0<\/strong>dar\u00e1 una visi\u00f3n panor\u00e1mica de las experiencias 5G paneuropeas, representado por uno de sus Board Members,\u00a0<strong>Carles Ant\u00f3n-Haro<\/strong>.<\/p>\n<p>Ant\u00f3n-Haro explicar\u00e1 la\u00a0<strong>\u201choja de ruta\u201d y las distintas fases en las que se encuentran proyectos 5G<\/strong>, como el\u00a0<strong>5GCAR<\/strong>, un caso de uso de veh\u00edculos conectados; el\u00a0<strong>5GMonarch<\/strong>, un proyecto de turismo interactivo; y el proyecto\u00a0<strong>5GXcast<\/strong>, de distribuci\u00f3n de contenidos multimedia a gran escala, entre otros casos de uso de tecnolog\u00eda 5G.<\/p>\n<p>Uno de los proyectos H2020, Locus, ser\u00e1 presentado por\u00a0<strong>Raquel Barco, vicerrectora del Smart Campus de la Universidad de M\u00e1laga<\/strong>. Tambi\u00e9n estar\u00e1 presente la\u00a0Universidad Polit\u00e9cnica de Valencia, de la mano de\u00a0<strong>Narc\u00eds Cardona, director del i-Team<\/strong>.<\/p>\n<p><img loading=\"lazy\" decoding=\"async\" class=\"aligncenter wp-image-3223 size-full\" src=\"https:\/\/www.5gforum.es\/web\/wp-content\/uploads\/2020\/05\/foto-5.png\" alt=\"\" width=\"618\" height=\"327\" \/><\/p>\n<p>La difusi\u00f3n lineal de contenidos a trav\u00e9s de redes 5G ser\u00e1 un tema abordado por\u00a0<strong>Impulsa Visi\u00f3n RTVE<\/strong>, concretamente por\u00a0<strong>Esteban Mayoral, Subdirector de Gesti\u00f3n de Centro de Innovaci\u00f3n de Impulsa Visi\u00f3n RTVE, Adolfo Mu\u00f1oz, director de Redes y Emisi\u00f3n de RTVE, Mar\u00eda del Carmen Aguayo, catedr\u00e1tica de la Universidad de M\u00e1laga, y David Jim\u00e9nez, alumno de la Universidad de M\u00e1laga<\/strong>.<\/p>\n<p>Tambi\u00e9n\u00a0<strong>Pere Vila, director de Estrategia Tecnol\u00f3gica e Innovaci\u00f3n Digital de RTVE<\/strong>\u00a0expondr\u00e1 las nuevas actividades de RTVE en el \u00e1mbito del 5G.<\/p>\n<p><img loading=\"lazy\" decoding=\"async\" class=\"aligncenter wp-image-3225 size-full\" src=\"https:\/\/www.5gforum.es\/web\/wp-content\/uploads\/2020\/05\/ANTONIO-FDEZ-PANIAGUA.png\" alt=\"\" width=\"611\" height=\"332\" \/><\/p>\n<p>Desde la Uni\u00f3n Europea de Radiodifusi\u00f3n (UER, EBU por sus siglas en ingl\u00e9s),\u00a0<strong>Elena Puigrefagut, Senior Project Manager de Tecnolog\u00eda e Innovaci\u00f3n de la EBU-UER<\/strong>, presentar\u00e1 desde Suiza la iniciativa \u201c5G Media Action Group (5G-MAG)\u201d que recientemente han puesto en marcha las televisiones p\u00fablicas europeas.<\/p>\n<p>Por \u00faltimo, y como broche final para el 5G Forum, tendr\u00e1 lugar la intervenci\u00f3n de\u00a0<strong>Antonio Fern\u00e1ndez-Paniagua, Subdirector General de Planificaci\u00f3n y Gesti\u00f3n del Espectro Radioel\u00e9ctrico del Ministerio de Asuntos Econ\u00f3micos y Transformaci\u00f3n Digital<\/strong>, quien ser\u00e1 el encargado de explicar la situaci\u00f3n actual del 5G en Espa\u00f1a, presentar los proyectos pilotos que se est\u00e1n llevando a cabo en nuestro pa\u00eds y abordar el aplazamiento de la subasta de 700 Mhz dentro del Segundo Dividendo Digital.<\/p>\n<p><img loading=\"lazy\" decoding=\"async\" class=\"aligncenter wp-image-2975 size-large\" src=\"https:\/\/www.5gforum.es\/web\/wp-content\/uploads\/2020\/04\/00.Inicio_v.25.4.20-1024x576.jpg\" alt=\"\" width=\"1024\" height=\"576\" \/><\/p>\n<p><strong>La plataforma del 5G FORUM VIRTUAL 2020 ya est\u00e1 disponible,\u00a0<\/strong>y los inscritos\u00a0<strong>pueden solicitar desde este momento video reuniones con todos los ponentes, expertos y participantes,\u00a0<\/strong>los d\u00edas previos, durante y posteriores al evento, con el objetivo de que 5G Forum Virtual sirva como<strong>\u00a0plataforma permanente y exclusiva sobre la tecnolog\u00eda 5G.<\/strong><\/p>\n<p>Adem\u00e1s de disfrutar de las ponencias y del networking exclusivo online, los asistentes al 5G Forum Virtual podr\u00e1n conocer en la zona de demos los proyectos de empresas participantes como\u00a0<strong>Nokia, Vodafone Business y la Universidad de M\u00e1laga, Intracom Telecom, Huawei, 5Genesis<\/strong>\u00a0y asistir a un webinar gratuito que ofrecer\u00e1 la compa\u00f1\u00eda\u00a0<strong>Rohde &amp; Schwarz<\/strong>\u00a0el d\u00eda 7 de mayo a las 14:30 horas.<\/p>\n<p>En el 5G Forum Virtual 2020, organizado por\u00a0<strong>Medina Media Events<\/strong>, se dar\u00e1n a conocer los \u00faltimos avances de la mano de profesionales y grandes compa\u00f1\u00edas como\u00a0<strong>Samsung, Vodafone Business, Cisco, 5Genesis, Intracom Telecom, Rohde &amp; Schwarz, Huawei, Hispasat, Impulsa Visi\u00f3n RTVE, Nokia, Axi\u00f3n y el Observatorio Nacional 5G<\/strong>, una iniciativa impulsada por Mobile World Capital, el Ministerio de Asuntos Econ\u00f3micos y Transformaci\u00f3n Digital y Red.es, patrocinadores todos ellos del encuentro virtual.<\/p>\n","protected":false},"author":2,"featured_media":1942,"comment_status":"open","ping_status":"closed","sticky":false,"template":"","format":"standard","meta":{"_acf_changed":false,"footnotes":""},"categories":[14],"tags":[],"class_list":["post-1940","post","type-post","status-publish","format-standard","has-post-thumbnail","hentry","category-noticias-5g-forum"],"acf":[],"yoast_head":"<!-- This site is optimized with the Yoast SEO plugin v27.5 - https:\/\/yoast.com\/product\/yoast-seo-wordpress\/ -->\n<title>MA\u00d1ANA ARRANCA EL 5G FORUM VIRTUAL CON M\u00c1S DE 30 PONENTES, DEMOS Y SESIONES DE NETWORKING EXCLUSIVO - Medina Media EVENTS<\/title>\n<meta name=\"robots\" content=\"index, follow, max-snippet:-1, max-image-preview:large, max-video-preview:-1\" \/>\n<link rel=\"canonical\" href=\"https:\/\/www.medinamediaevents.com\/es\/manana-arranca-el-5g-forum-virtual-con-mas-de-30-ponentes-demos-y-sesiones-de-networking-exclusivo\/\" \/>\n<meta property=\"og:locale\" content=\"es_ES\" \/>\n<meta property=\"og:type\" content=\"article\" \/>\n<meta property=\"og:title\" content=\"MA\u00d1ANA ARRANCA EL 5G FORUM VIRTUAL CON M\u00c1S DE 30 PONENTES, DEMOS Y SESIONES DE NETWORKING EXCLUSIVO - Medina Media EVENTS\" \/>\n<meta property=\"og:description\" content=\"Ma\u00f1ana arranca la tercera edici\u00f3n del 5G Forum, la primera en formato virtual, que se celebrar\u00e1 los d\u00edas 6 y 7 de mayo. Tras la cancelaci\u00f3n del Mobile World Congress, el 5G Forum Virtual 2020 se ha convertido en una\u00a0oportunidad \u00fanica para conocer los \u00faltimos avances realizados en el \u00e1mbito de la tecnolog\u00eda 5G, concentrado en 2 d\u00edas, con m\u00e1s de 30 ponentes, y presentaciones de 20 minutos en un formato \u00e1gil, para que cualquiera pueda tener una visi\u00f3n de conjunto de qu\u00e9 es lo que est\u00e1 ocurriendo en el 5G en el resto del mundo y, sobre todo, en Espa\u00f1a.  Los espectadores tendr\u00e1n de primera mano la visi\u00f3n de la\u00a0Comisi\u00f3n Europea y de Eurovisi\u00f3n, y lo \u00faltimo de lo \u00faltimo que est\u00e1 ocurriendo en Corea, China, Jap\u00f3n, EEUU, Reino Unido, Francia, Grecia, Finlandia y Alemania. Adem\u00e1s, sabr\u00e1s todo lo que en Espa\u00f1a se est\u00e1 haciendo: desde los planes del Ministerio, a los principales proyectos que se est\u00e1n desarrollando en Barcelona, Sevilla, M\u00e1laga, Vitoria, Madrid y Valencia.  Peter Stuckmann, Jefe de la Unidad de Sistemas de Conectividad Futura de la Comisi\u00f3n Europea, que ser\u00e1 el speaker de honor, abrir\u00e1 el 5G Forum Virtual con una\u00a0exposici\u00f3n de la visi\u00f3n y el estado actual del 5G en Europa.  Maite Arcos, la Directora General de Telecomunicaciones y Ordenaci\u00f3n de los Servicios de Comunicaci\u00f3n Audiovisual, tambi\u00e9n dar\u00e1 la bienvenida a todos los asistentes virtuales al evento.  Federico Ruiz, Director del Observatorio Nacional del 5G (ON5G),\u00a0le seguir\u00e1 con un informe sobre el 5G en un momento tan clave como es el actual.  David Cierco, director general de Red.es, har\u00e1 la introducci\u00f3n a la participaci\u00f3n de\u00a0Vodafone Business que, a trav\u00e9s del Director General de Empresas de Vodafone Espa\u00f1a, Daniel Jim\u00e9nez,\u00a0mostrar\u00e1 algunos de los 32 casos pr\u00e1cticos de uso en los que la operadora est\u00e1 aplicando los beneficios de la tecnolog\u00eda 5G en los sectores de energ\u00eda, industria, ciudades inteligentes, turismo, agricultura, sanidad y dependencia, seguridad, emergencias y defensa, sociedad y econom\u00eda digital.    Tras la intervenci\u00f3n de Daniel Jim\u00e9nez tendr\u00e1 lugar un panel moderado por\u00a0Francisco Javier Garc\u00eda Vieira, Director de Servicios P\u00fablicos Digitales de Red.es, en el que participar\u00e1n\u00a0Rafael Alcaide, Director Territorial en Andaluc\u00eda, Extremadura, Ceuta y Melilla de Vodafone Business; Raquel Barco, Vicerrectora de Smart Campus de la Universidad de M\u00e1laga (UMA); Enrique Colilles, Director General de Trops; y Pilar Rodr\u00edguez, Strategy, Innovation&amp; R&amp;D Director de Altran.  En este panel\u00a0se analizar\u00e1n los distintos casos de uso que se est\u00e1n llevando a cabo dentro del proyecto piloto 5G de Vodafone Business, as\u00ed como el papel que est\u00e1 jugando y jugar\u00e1 el 5G en la salida de la crisis del coronavirus.    Jos\u00e9 Angel L\u00f3pez Mayoralas, Head of Solutions Validation Services for Cisco EMEAR &amp; APJC, explicar\u00e1 a los participantes en el 5G Forum Virtual, c\u00f3mo el l\u00edder de e-commerce en Jap\u00f3n, en colaboraci\u00f3n con Cisco, ha dise\u00f1ado esta\u00a0red pionera con automatizaci\u00f3n de principio a fin y virtualizaci\u00f3n de funciones en nube nativa, convirti\u00e9ndose en un proveedor m\u00f3vil de 5G con un nivel de disrupci\u00f3n \u00fanico en la industria.  Por otro lado,\u00a0Daniel Borr\u00e1s, director de M\u00e1rketing y Desarrollo de Negocio en Samsung Networks Europe, presentar\u00e1 las tendencias en este pa\u00eds y tambi\u00e9n las pr\u00f3ximas innovaciones alrededor de la tecnolog\u00eda 5G.  En su presentaci\u00f3n, Samsung\u00a0explicar\u00e1 la importancia de esta cooperaci\u00f3n y otras claves del \u00e9xito del desarrollo del 5G en Corea, as\u00ed como la visi\u00f3n de Samsung sobre el futuro m\u00e1s cercano de esta tecnolog\u00eda. Daniel Borr\u00e1s mostrar\u00e1 la evoluci\u00f3n del 5G y las pr\u00f3ximas innovaciones tecnol\u00f3gicas desde el punto de vista de la compa\u00f1\u00eda como la banda milim\u00e9trica, la arquitectura Stand Alone o la virtualizaci\u00f3n.    Tras la intervenci\u00f3n de Daniel Borr\u00e1s, \u00c1lvaro Villegas, director de Nokia Bell Labs Espa\u00f1a, presentar\u00e1 en el 5G Forum Virtual 2020 un dispositivo a trav\u00e9s del cual\u00a0pasaremos de las v\u00eddeo-llamadas convencionales al \u201cteletransporte\u201d, bautizado como \u201cEl B\u00faho\u201d (\u201cThe Owl\u201d). Este dispositivo se colocar\u00eda en un punto dentro de un grupo de personas proporcion\u00e1ndole un audio inmersivo y una visi\u00f3n 360\u00ba a una persona que est\u00e1 conectada en remoto con unas gafas de realidad virtual.  El\u00a0vicepresidente de ventas de Intracom Telecom para Italia, Espa\u00f1a, Portugal y Latinoam\u00e9rica, Ercole Rovida, ser\u00e1 el encargado, en representaci\u00f3n de la multinacional europea, de avanzar las \u201cmega tendencias\u201d que se impondr\u00e1n en los pr\u00f3ximos a\u00f1os en la post crisis del Covid-19.  Despu\u00e9s,\u00a0David Gonzalo, T&amp;M Sales Manager de la multinacional Rohde &amp; Schwarz\u00a0nos har\u00e1 una introducci\u00f3n al webinar gratuito que ofrecer\u00e1 la compa\u00f1\u00eda el jueves 7 de mayo a las 14:30 horas en el marco del 5G Forum, titulado \u201cSimulaci\u00f3n de redes 5G para la realizaci\u00f3n de medidas en dispositivos m\u00f3viles\u201d.  https:\/\/vimeo.com\/414539378  Bajo el t\u00edtulo de la ponencia \u201c5GENESIS M\u00e1laga, una plataforma 5G abierta a la innovaci\u00f3n\u201d,\u00a0Pedro Merino, director t\u00e9cnico del proyecto 5GENESIS, presentar\u00e1 en el 5GForum Virtual el estado del proyecto y de las primeras pruebas con empresas que se beneficiar\u00e1n del 5G, as\u00ed como otras pruebas planeadas para los pr\u00f3ximos meses.  Por su parte,\u00a0\u00d3scar Fajardo, CEO de la empresa Nemergent Solutions, dar\u00e1 detalles del despliegue y pruebas para comunicaciones entre los cuerpos de seguridad, como la Polic\u00eda Local de M\u00e1laga.  Ya en la segunda y \u00faltima jornada del 5G Forum Virtual ser\u00e1 el turno de los\u00a0operadores, los proyectos europeos y la situaci\u00f3n del 5G en Espa\u00f1a.    Jos\u00e9 Capote, Director de Soluciones Integradas para Operadores de Huawei Espa\u00f1a, ser\u00e1 el encargado de ofrecer una visi\u00f3n global y en Espa\u00f1a sobre\u00a0c\u00f3mo est\u00e1 llegando la tecnolog\u00eda 5G al mercado, y en qu\u00e9 casos de uso se prev\u00e9 una adopci\u00f3n m\u00e1s temprana. Le seguir\u00e1n\u00a0Telef\u00f3nica, representada por Mercedes Fern\u00e1ndez, Gerente de Innovaci\u00f3n; y\u00a0Orange, con Luis Delgado, Director del Programa 5G.\u00a0  Hispasat, de la mano de In\u00e9s Sanz, Gerente de Ingenier\u00eda de Clientes, explicar\u00e1 por qu\u00e9 el sat\u00e9lite es clave para llevar el 5G a zonas remotas. Por su parte,\u00a0Axi\u00f3n\u00a0har\u00e1 una breve introducci\u00f3n a los sistemas de cobertura en zonas con alta densidad de usuarios.  Adem\u00e1s, el\u00a0proyecto paneuropeo 5G-IA\u00a0dar\u00e1 una visi\u00f3n panor\u00e1mica de las experiencias 5G paneuropeas, representado por uno de sus Board Members,\u00a0Carles Ant\u00f3n-Haro.  Ant\u00f3n-Haro explicar\u00e1 la\u00a0\u201choja de ruta\u201d y las distintas fases en las que se encuentran proyectos 5G, como el\u00a05GCAR, un caso de uso de veh\u00edculos conectados; el\u00a05GMonarch, un proyecto de turismo interactivo; y el proyecto\u00a05GXcast, de distribuci\u00f3n de contenidos multimedia a gran escala, entre otros casos de uso de tecnolog\u00eda 5G.  Uno de los proyectos H2020, Locus, ser\u00e1 presentado por\u00a0Raquel Barco, vicerrectora del Smart Campus de la Universidad de M\u00e1laga. Tambi\u00e9n estar\u00e1 presente la\u00a0Universidad Polit\u00e9cnica de Valencia, de la mano de\u00a0Narc\u00eds Cardona, director del i-Team.    La difusi\u00f3n lineal de contenidos a trav\u00e9s de redes 5G ser\u00e1 un tema abordado por\u00a0Impulsa Visi\u00f3n RTVE, concretamente por\u00a0Esteban Mayoral, Subdirector de Gesti\u00f3n de Centro de Innovaci\u00f3n de Impulsa Visi\u00f3n RTVE, Adolfo Mu\u00f1oz, director de Redes y Emisi\u00f3n de RTVE, Mar\u00eda del Carmen Aguayo, catedr\u00e1tica de la Universidad de M\u00e1laga, y David Jim\u00e9nez, alumno de la Universidad de M\u00e1laga.  Tambi\u00e9n\u00a0Pere Vila, director de Estrategia Tecnol\u00f3gica e Innovaci\u00f3n Digital de RTVE\u00a0expondr\u00e1 las nuevas actividades de RTVE en el \u00e1mbito del 5G.    Desde la Uni\u00f3n Europea de Radiodifusi\u00f3n (UER, EBU por sus siglas en ingl\u00e9s),\u00a0Elena Puigrefagut, Senior Project Manager de Tecnolog\u00eda e Innovaci\u00f3n de la EBU-UER, presentar\u00e1 desde Suiza la iniciativa \u201c5G Media Action Group (5G-MAG)\u201d que recientemente han puesto en marcha las televisiones p\u00fablicas europeas.  Por \u00faltimo, y como broche final para el 5G Forum, tendr\u00e1 lugar la intervenci\u00f3n de\u00a0Antonio Fern\u00e1ndez-Paniagua, Subdirector General de Planificaci\u00f3n y Gesti\u00f3n del Espectro Radioel\u00e9ctrico del Ministerio de Asuntos Econ\u00f3micos y Transformaci\u00f3n Digital, quien ser\u00e1 el encargado de explicar la situaci\u00f3n actual del 5G en Espa\u00f1a, presentar los proyectos pilotos que se est\u00e1n llevando a cabo en nuestro pa\u00eds y abordar el aplazamiento de la subasta de 700 Mhz dentro del Segundo Dividendo Digital.    La plataforma del 5G FORUM VIRTUAL 2020 ya est\u00e1 disponible,\u00a0y los inscritos\u00a0pueden solicitar desde este momento video reuniones con todos los ponentes, expertos y participantes,\u00a0los d\u00edas previos, durante y posteriores al evento, con el objetivo de que 5G Forum Virtual sirva como\u00a0plataforma permanente y exclusiva sobre la tecnolog\u00eda 5G.  Adem\u00e1s de disfrutar de las ponencias y del networking exclusivo online, los asistentes al 5G Forum Virtual podr\u00e1n conocer en la zona de demos los proyectos de empresas participantes como\u00a0Nokia, Vodafone Business y la Universidad de M\u00e1laga, Intracom Telecom, Huawei, 5Genesis\u00a0y asistir a un webinar gratuito que ofrecer\u00e1 la compa\u00f1\u00eda\u00a0Rohde &amp; Schwarz\u00a0el d\u00eda 7 de mayo a las 14:30 horas.  En el 5G Forum Virtual 2020, organizado por\u00a0Medina Media Events, se dar\u00e1n a conocer los \u00faltimos avances de la mano de profesionales y grandes compa\u00f1\u00edas como\u00a0Samsung, Vodafone Business, Cisco, 5Genesis, Intracom Telecom, Rohde &amp; Schwarz, Huawei, Hispasat, Impulsa Visi\u00f3n RTVE, Nokia, Axi\u00f3n y el Observatorio Nacional 5G, una iniciativa impulsada por Mobile World Capital, el Ministerio de Asuntos Econ\u00f3micos y Transformaci\u00f3n Digital y Red.es, patrocinadores todos ellos del encuentro virtual.\" \/>\n<meta property=\"og:url\" content=\"https:\/\/www.medinamediaevents.com\/es\/manana-arranca-el-5g-forum-virtual-con-mas-de-30-ponentes-demos-y-sesiones-de-networking-exclusivo\/\" \/>\n<meta property=\"og:site_name\" content=\"Medina Media EVENTS\" \/>\n<meta property=\"article:published_time\" content=\"2020-05-05T06:31:56+00:00\" \/>\n<meta property=\"og:image\" content=\"https:\/\/www.medinamediaevents.com\/web\/wp-content\/uploads\/2020\/05\/IMAGEN-5GF20-SPONSORS.png\" \/>\n\t<meta property=\"og:image:width\" content=\"960\" \/>\n\t<meta property=\"og:image:height\" content=\"540\" \/>\n\t<meta property=\"og:image:type\" content=\"image\/png\" \/>\n<meta name=\"author\" content=\"MME\" \/>\n<meta name=\"twitter:card\" content=\"summary_large_image\" \/>\n<meta name=\"twitter:label1\" content=\"Escrito por\" \/>\n\t<meta name=\"twitter:data1\" content=\"MME\" \/>\n\t<meta name=\"twitter:label2\" content=\"Tiempo de lectura\" \/>\n\t<meta name=\"twitter:data2\" content=\"8 minutos\" \/>\n<script type=\"application\/ld+json\" class=\"yoast-schema-graph\">{\"@context\":\"https:\\\/\\\/schema.org\",\"@graph\":[{\"@type\":\"Article\",\"@id\":\"https:\\\/\\\/www.medinamediaevents.com\\\/es\\\/manana-arranca-el-5g-forum-virtual-con-mas-de-30-ponentes-demos-y-sesiones-de-networking-exclusivo\\\/#article\",\"isPartOf\":{\"@id\":\"https:\\\/\\\/www.medinamediaevents.com\\\/es\\\/manana-arranca-el-5g-forum-virtual-con-mas-de-30-ponentes-demos-y-sesiones-de-networking-exclusivo\\\/\"},\"author\":{\"name\":\"MME\",\"@id\":\"https:\\\/\\\/www.medinamediaevents.com\\\/es\\\/#\\\/schema\\\/person\\\/7d2bf7ca8ea9d145a6e6ec897c79311c\"},\"headline\":\"MA\u00d1ANA ARRANCA EL 5G FORUM VIRTUAL CON M\u00c1S DE 30 PONENTES, DEMOS Y SESIONES DE NETWORKING EXCLUSIVO\",\"datePublished\":\"2020-05-05T06:31:56+00:00\",\"mainEntityOfPage\":{\"@id\":\"https:\\\/\\\/www.medinamediaevents.com\\\/es\\\/manana-arranca-el-5g-forum-virtual-con-mas-de-30-ponentes-demos-y-sesiones-de-networking-exclusivo\\\/\"},\"wordCount\":1692,\"commentCount\":0,\"publisher\":{\"@id\":\"https:\\\/\\\/www.medinamediaevents.com\\\/es\\\/#organization\"},\"image\":{\"@id\":\"https:\\\/\\\/www.medinamediaevents.com\\\/es\\\/manana-arranca-el-5g-forum-virtual-con-mas-de-30-ponentes-demos-y-sesiones-de-networking-exclusivo\\\/#primaryimage\"},\"thumbnailUrl\":\"https:\\\/\\\/www.medinamediaevents.com\\\/web\\\/wp-content\\\/uploads\\\/2020\\\/05\\\/IMAGEN-5GF20-SPONSORS.png\",\"articleSection\":[\"5G FORUM\"],\"inLanguage\":\"es\"},{\"@type\":\"WebPage\",\"@id\":\"https:\\\/\\\/www.medinamediaevents.com\\\/es\\\/manana-arranca-el-5g-forum-virtual-con-mas-de-30-ponentes-demos-y-sesiones-de-networking-exclusivo\\\/\",\"url\":\"https:\\\/\\\/www.medinamediaevents.com\\\/es\\\/manana-arranca-el-5g-forum-virtual-con-mas-de-30-ponentes-demos-y-sesiones-de-networking-exclusivo\\\/\",\"name\":\"MA\u00d1ANA ARRANCA EL 5G FORUM VIRTUAL CON M\u00c1S DE 30 PONENTES, DEMOS Y SESIONES DE NETWORKING EXCLUSIVO - Medina Media EVENTS\",\"isPartOf\":{\"@id\":\"https:\\\/\\\/www.medinamediaevents.com\\\/es\\\/#website\"},\"primaryImageOfPage\":{\"@id\":\"https:\\\/\\\/www.medinamediaevents.com\\\/es\\\/manana-arranca-el-5g-forum-virtual-con-mas-de-30-ponentes-demos-y-sesiones-de-networking-exclusivo\\\/#primaryimage\"},\"image\":{\"@id\":\"https:\\\/\\\/www.medinamediaevents.com\\\/es\\\/manana-arranca-el-5g-forum-virtual-con-mas-de-30-ponentes-demos-y-sesiones-de-networking-exclusivo\\\/#primaryimage\"},\"thumbnailUrl\":\"https:\\\/\\\/www.medinamediaevents.com\\\/web\\\/wp-content\\\/uploads\\\/2020\\\/05\\\/IMAGEN-5GF20-SPONSORS.png\",\"datePublished\":\"2020-05-05T06:31:56+00:00\",\"breadcrumb\":{\"@id\":\"https:\\\/\\\/www.medinamediaevents.com\\\/es\\\/manana-arranca-el-5g-forum-virtual-con-mas-de-30-ponentes-demos-y-sesiones-de-networking-exclusivo\\\/#breadcrumb\"},\"inLanguage\":\"es\",\"potentialAction\":[{\"@type\":\"ReadAction\",\"target\":[\"https:\\\/\\\/www.medinamediaevents.com\\\/es\\\/manana-arranca-el-5g-forum-virtual-con-mas-de-30-ponentes-demos-y-sesiones-de-networking-exclusivo\\\/\"]}]},{\"@type\":\"ImageObject\",\"inLanguage\":\"es\",\"@id\":\"https:\\\/\\\/www.medinamediaevents.com\\\/es\\\/manana-arranca-el-5g-forum-virtual-con-mas-de-30-ponentes-demos-y-sesiones-de-networking-exclusivo\\\/#primaryimage\",\"url\":\"https:\\\/\\\/www.medinamediaevents.com\\\/web\\\/wp-content\\\/uploads\\\/2020\\\/05\\\/IMAGEN-5GF20-SPONSORS.png\",\"contentUrl\":\"https:\\\/\\\/www.medinamediaevents.com\\\/web\\\/wp-content\\\/uploads\\\/2020\\\/05\\\/IMAGEN-5GF20-SPONSORS.png\",\"width\":960,\"height\":540},{\"@type\":\"BreadcrumbList\",\"@id\":\"https:\\\/\\\/www.medinamediaevents.com\\\/es\\\/manana-arranca-el-5g-forum-virtual-con-mas-de-30-ponentes-demos-y-sesiones-de-networking-exclusivo\\\/#breadcrumb\",\"itemListElement\":[{\"@type\":\"ListItem\",\"position\":1,\"name\":\"Home\",\"item\":\"https:\\\/\\\/www.medinamediaevents.com\\\/es\\\/\"},{\"@type\":\"ListItem\",\"position\":2,\"name\":\"MA\u00d1ANA ARRANCA EL 5G FORUM VIRTUAL CON M\u00c1S DE 30 PONENTES, DEMOS Y SESIONES DE NETWORKING EXCLUSIVO\"}]},{\"@type\":\"WebSite\",\"@id\":\"https:\\\/\\\/www.medinamediaevents.com\\\/es\\\/#website\",\"url\":\"https:\\\/\\\/www.medinamediaevents.com\\\/es\\\/\",\"name\":\"Medina Media EVENTS\",\"description\":\"\",\"publisher\":{\"@id\":\"https:\\\/\\\/www.medinamediaevents.com\\\/es\\\/#organization\"},\"potentialAction\":[{\"@type\":\"SearchAction\",\"target\":{\"@type\":\"EntryPoint\",\"urlTemplate\":\"https:\\\/\\\/www.medinamediaevents.com\\\/es\\\/?s={search_term_string}\"},\"query-input\":{\"@type\":\"PropertyValueSpecification\",\"valueRequired\":true,\"valueName\":\"search_term_string\"}}],\"inLanguage\":\"es\"},{\"@type\":\"Organization\",\"@id\":\"https:\\\/\\\/www.medinamediaevents.com\\\/es\\\/#organization\",\"name\":\"Medina Media Events\",\"url\":\"https:\\\/\\\/www.medinamediaevents.com\\\/es\\\/\",\"logo\":{\"@type\":\"ImageObject\",\"inLanguage\":\"es\",\"@id\":\"https:\\\/\\\/www.medinamediaevents.com\\\/es\\\/#\\\/schema\\\/logo\\\/image\\\/\",\"url\":\"https:\\\/\\\/www.medinamediaevents.com\\\/web\\\/wp-content\\\/uploads\\\/2018\\\/11\\\/mm_events_logo2018.png\",\"contentUrl\":\"https:\\\/\\\/www.medinamediaevents.com\\\/web\\\/wp-content\\\/uploads\\\/2018\\\/11\\\/mm_events_logo2018.png\",\"width\":1200,\"height\":750,\"caption\":\"Medina Media Events\"},\"image\":{\"@id\":\"https:\\\/\\\/www.medinamediaevents.com\\\/es\\\/#\\\/schema\\\/logo\\\/image\\\/\"}},{\"@type\":\"Person\",\"@id\":\"https:\\\/\\\/www.medinamediaevents.com\\\/es\\\/#\\\/schema\\\/person\\\/7d2bf7ca8ea9d145a6e6ec897c79311c\",\"name\":\"MME\"}]}<\/script>\n<!-- \/ Yoast SEO plugin. -->","yoast_head_json":{"title":"MA\u00d1ANA ARRANCA EL 5G FORUM VIRTUAL CON M\u00c1S DE 30 PONENTES, DEMOS Y SESIONES DE NETWORKING EXCLUSIVO - Medina Media EVENTS","robots":{"index":"index","follow":"follow","max-snippet":"max-snippet:-1","max-image-preview":"max-image-preview:large","max-video-preview":"max-video-preview:-1"},"canonical":"https:\/\/www.medinamediaevents.com\/es\/manana-arranca-el-5g-forum-virtual-con-mas-de-30-ponentes-demos-y-sesiones-de-networking-exclusivo\/","og_locale":"es_ES","og_type":"article","og_title":"MA\u00d1ANA ARRANCA EL 5G FORUM VIRTUAL CON M\u00c1S DE 30 PONENTES, DEMOS Y SESIONES DE NETWORKING EXCLUSIVO - Medina Media EVENTS","og_description":"Ma\u00f1ana arranca la tercera edici\u00f3n del 5G Forum, la primera en formato virtual, que se celebrar\u00e1 los d\u00edas 6 y 7 de mayo. Tras la cancelaci\u00f3n del Mobile World Congress, el 5G Forum Virtual 2020 se ha convertido en una\u00a0oportunidad \u00fanica para conocer los \u00faltimos avances realizados en el \u00e1mbito de la tecnolog\u00eda 5G, concentrado en 2 d\u00edas, con m\u00e1s de 30 ponentes, y presentaciones de 20 minutos en un formato \u00e1gil, para que cualquiera pueda tener una visi\u00f3n de conjunto de qu\u00e9 es lo que est\u00e1 ocurriendo en el 5G en el resto del mundo y, sobre todo, en Espa\u00f1a.  Los espectadores tendr\u00e1n de primera mano la visi\u00f3n de la\u00a0Comisi\u00f3n Europea y de Eurovisi\u00f3n, y lo \u00faltimo de lo \u00faltimo que est\u00e1 ocurriendo en Corea, China, Jap\u00f3n, EEUU, Reino Unido, Francia, Grecia, Finlandia y Alemania. Adem\u00e1s, sabr\u00e1s todo lo que en Espa\u00f1a se est\u00e1 haciendo: desde los planes del Ministerio, a los principales proyectos que se est\u00e1n desarrollando en Barcelona, Sevilla, M\u00e1laga, Vitoria, Madrid y Valencia.  Peter Stuckmann, Jefe de la Unidad de Sistemas de Conectividad Futura de la Comisi\u00f3n Europea, que ser\u00e1 el speaker de honor, abrir\u00e1 el 5G Forum Virtual con una\u00a0exposici\u00f3n de la visi\u00f3n y el estado actual del 5G en Europa.  Maite Arcos, la Directora General de Telecomunicaciones y Ordenaci\u00f3n de los Servicios de Comunicaci\u00f3n Audiovisual, tambi\u00e9n dar\u00e1 la bienvenida a todos los asistentes virtuales al evento.  Federico Ruiz, Director del Observatorio Nacional del 5G (ON5G),\u00a0le seguir\u00e1 con un informe sobre el 5G en un momento tan clave como es el actual.  David Cierco, director general de Red.es, har\u00e1 la introducci\u00f3n a la participaci\u00f3n de\u00a0Vodafone Business que, a trav\u00e9s del Director General de Empresas de Vodafone Espa\u00f1a, Daniel Jim\u00e9nez,\u00a0mostrar\u00e1 algunos de los 32 casos pr\u00e1cticos de uso en los que la operadora est\u00e1 aplicando los beneficios de la tecnolog\u00eda 5G en los sectores de energ\u00eda, industria, ciudades inteligentes, turismo, agricultura, sanidad y dependencia, seguridad, emergencias y defensa, sociedad y econom\u00eda digital.    Tras la intervenci\u00f3n de Daniel Jim\u00e9nez tendr\u00e1 lugar un panel moderado por\u00a0Francisco Javier Garc\u00eda Vieira, Director de Servicios P\u00fablicos Digitales de Red.es, en el que participar\u00e1n\u00a0Rafael Alcaide, Director Territorial en Andaluc\u00eda, Extremadura, Ceuta y Melilla de Vodafone Business; Raquel Barco, Vicerrectora de Smart Campus de la Universidad de M\u00e1laga (UMA); Enrique Colilles, Director General de Trops; y Pilar Rodr\u00edguez, Strategy, Innovation&amp; R&amp;D Director de Altran.  En este panel\u00a0se analizar\u00e1n los distintos casos de uso que se est\u00e1n llevando a cabo dentro del proyecto piloto 5G de Vodafone Business, as\u00ed como el papel que est\u00e1 jugando y jugar\u00e1 el 5G en la salida de la crisis del coronavirus.    Jos\u00e9 Angel L\u00f3pez Mayoralas, Head of Solutions Validation Services for Cisco EMEAR &amp; APJC, explicar\u00e1 a los participantes en el 5G Forum Virtual, c\u00f3mo el l\u00edder de e-commerce en Jap\u00f3n, en colaboraci\u00f3n con Cisco, ha dise\u00f1ado esta\u00a0red pionera con automatizaci\u00f3n de principio a fin y virtualizaci\u00f3n de funciones en nube nativa, convirti\u00e9ndose en un proveedor m\u00f3vil de 5G con un nivel de disrupci\u00f3n \u00fanico en la industria.  Por otro lado,\u00a0Daniel Borr\u00e1s, director de M\u00e1rketing y Desarrollo de Negocio en Samsung Networks Europe, presentar\u00e1 las tendencias en este pa\u00eds y tambi\u00e9n las pr\u00f3ximas innovaciones alrededor de la tecnolog\u00eda 5G.  En su presentaci\u00f3n, Samsung\u00a0explicar\u00e1 la importancia de esta cooperaci\u00f3n y otras claves del \u00e9xito del desarrollo del 5G en Corea, as\u00ed como la visi\u00f3n de Samsung sobre el futuro m\u00e1s cercano de esta tecnolog\u00eda. Daniel Borr\u00e1s mostrar\u00e1 la evoluci\u00f3n del 5G y las pr\u00f3ximas innovaciones tecnol\u00f3gicas desde el punto de vista de la compa\u00f1\u00eda como la banda milim\u00e9trica, la arquitectura Stand Alone o la virtualizaci\u00f3n.    Tras la intervenci\u00f3n de Daniel Borr\u00e1s, \u00c1lvaro Villegas, director de Nokia Bell Labs Espa\u00f1a, presentar\u00e1 en el 5G Forum Virtual 2020 un dispositivo a trav\u00e9s del cual\u00a0pasaremos de las v\u00eddeo-llamadas convencionales al \u201cteletransporte\u201d, bautizado como \u201cEl B\u00faho\u201d (\u201cThe Owl\u201d). Este dispositivo se colocar\u00eda en un punto dentro de un grupo de personas proporcion\u00e1ndole un audio inmersivo y una visi\u00f3n 360\u00ba a una persona que est\u00e1 conectada en remoto con unas gafas de realidad virtual.  El\u00a0vicepresidente de ventas de Intracom Telecom para Italia, Espa\u00f1a, Portugal y Latinoam\u00e9rica, Ercole Rovida, ser\u00e1 el encargado, en representaci\u00f3n de la multinacional europea, de avanzar las \u201cmega tendencias\u201d que se impondr\u00e1n en los pr\u00f3ximos a\u00f1os en la post crisis del Covid-19.  Despu\u00e9s,\u00a0David Gonzalo, T&amp;M Sales Manager de la multinacional Rohde &amp; Schwarz\u00a0nos har\u00e1 una introducci\u00f3n al webinar gratuito que ofrecer\u00e1 la compa\u00f1\u00eda el jueves 7 de mayo a las 14:30 horas en el marco del 5G Forum, titulado \u201cSimulaci\u00f3n de redes 5G para la realizaci\u00f3n de medidas en dispositivos m\u00f3viles\u201d.  https:\/\/vimeo.com\/414539378  Bajo el t\u00edtulo de la ponencia \u201c5GENESIS M\u00e1laga, una plataforma 5G abierta a la innovaci\u00f3n\u201d,\u00a0Pedro Merino, director t\u00e9cnico del proyecto 5GENESIS, presentar\u00e1 en el 5GForum Virtual el estado del proyecto y de las primeras pruebas con empresas que se beneficiar\u00e1n del 5G, as\u00ed como otras pruebas planeadas para los pr\u00f3ximos meses.  Por su parte,\u00a0\u00d3scar Fajardo, CEO de la empresa Nemergent Solutions, dar\u00e1 detalles del despliegue y pruebas para comunicaciones entre los cuerpos de seguridad, como la Polic\u00eda Local de M\u00e1laga.  Ya en la segunda y \u00faltima jornada del 5G Forum Virtual ser\u00e1 el turno de los\u00a0operadores, los proyectos europeos y la situaci\u00f3n del 5G en Espa\u00f1a.    Jos\u00e9 Capote, Director de Soluciones Integradas para Operadores de Huawei Espa\u00f1a, ser\u00e1 el encargado de ofrecer una visi\u00f3n global y en Espa\u00f1a sobre\u00a0c\u00f3mo est\u00e1 llegando la tecnolog\u00eda 5G al mercado, y en qu\u00e9 casos de uso se prev\u00e9 una adopci\u00f3n m\u00e1s temprana. Le seguir\u00e1n\u00a0Telef\u00f3nica, representada por Mercedes Fern\u00e1ndez, Gerente de Innovaci\u00f3n; y\u00a0Orange, con Luis Delgado, Director del Programa 5G.\u00a0  Hispasat, de la mano de In\u00e9s Sanz, Gerente de Ingenier\u00eda de Clientes, explicar\u00e1 por qu\u00e9 el sat\u00e9lite es clave para llevar el 5G a zonas remotas. Por su parte,\u00a0Axi\u00f3n\u00a0har\u00e1 una breve introducci\u00f3n a los sistemas de cobertura en zonas con alta densidad de usuarios.  Adem\u00e1s, el\u00a0proyecto paneuropeo 5G-IA\u00a0dar\u00e1 una visi\u00f3n panor\u00e1mica de las experiencias 5G paneuropeas, representado por uno de sus Board Members,\u00a0Carles Ant\u00f3n-Haro.  Ant\u00f3n-Haro explicar\u00e1 la\u00a0\u201choja de ruta\u201d y las distintas fases en las que se encuentran proyectos 5G, como el\u00a05GCAR, un caso de uso de veh\u00edculos conectados; el\u00a05GMonarch, un proyecto de turismo interactivo; y el proyecto\u00a05GXcast, de distribuci\u00f3n de contenidos multimedia a gran escala, entre otros casos de uso de tecnolog\u00eda 5G.  Uno de los proyectos H2020, Locus, ser\u00e1 presentado por\u00a0Raquel Barco, vicerrectora del Smart Campus de la Universidad de M\u00e1laga. Tambi\u00e9n estar\u00e1 presente la\u00a0Universidad Polit\u00e9cnica de Valencia, de la mano de\u00a0Narc\u00eds Cardona, director del i-Team.    La difusi\u00f3n lineal de contenidos a trav\u00e9s de redes 5G ser\u00e1 un tema abordado por\u00a0Impulsa Visi\u00f3n RTVE, concretamente por\u00a0Esteban Mayoral, Subdirector de Gesti\u00f3n de Centro de Innovaci\u00f3n de Impulsa Visi\u00f3n RTVE, Adolfo Mu\u00f1oz, director de Redes y Emisi\u00f3n de RTVE, Mar\u00eda del Carmen Aguayo, catedr\u00e1tica de la Universidad de M\u00e1laga, y David Jim\u00e9nez, alumno de la Universidad de M\u00e1laga.  Tambi\u00e9n\u00a0Pere Vila, director de Estrategia Tecnol\u00f3gica e Innovaci\u00f3n Digital de RTVE\u00a0expondr\u00e1 las nuevas actividades de RTVE en el \u00e1mbito del 5G.    Desde la Uni\u00f3n Europea de Radiodifusi\u00f3n (UER, EBU por sus siglas en ingl\u00e9s),\u00a0Elena Puigrefagut, Senior Project Manager de Tecnolog\u00eda e Innovaci\u00f3n de la EBU-UER, presentar\u00e1 desde Suiza la iniciativa \u201c5G Media Action Group (5G-MAG)\u201d que recientemente han puesto en marcha las televisiones p\u00fablicas europeas.  Por \u00faltimo, y como broche final para el 5G Forum, tendr\u00e1 lugar la intervenci\u00f3n de\u00a0Antonio Fern\u00e1ndez-Paniagua, Subdirector General de Planificaci\u00f3n y Gesti\u00f3n del Espectro Radioel\u00e9ctrico del Ministerio de Asuntos Econ\u00f3micos y Transformaci\u00f3n Digital, quien ser\u00e1 el encargado de explicar la situaci\u00f3n actual del 5G en Espa\u00f1a, presentar los proyectos pilotos que se est\u00e1n llevando a cabo en nuestro pa\u00eds y abordar el aplazamiento de la subasta de 700 Mhz dentro del Segundo Dividendo Digital.    La plataforma del 5G FORUM VIRTUAL 2020 ya est\u00e1 disponible,\u00a0y los inscritos\u00a0pueden solicitar desde este momento video reuniones con todos los ponentes, expertos y participantes,\u00a0los d\u00edas previos, durante y posteriores al evento, con el objetivo de que 5G Forum Virtual sirva como\u00a0plataforma permanente y exclusiva sobre la tecnolog\u00eda 5G.  Adem\u00e1s de disfrutar de las ponencias y del networking exclusivo online, los asistentes al 5G Forum Virtual podr\u00e1n conocer en la zona de demos los proyectos de empresas participantes como\u00a0Nokia, Vodafone Business y la Universidad de M\u00e1laga, Intracom Telecom, Huawei, 5Genesis\u00a0y asistir a un webinar gratuito que ofrecer\u00e1 la compa\u00f1\u00eda\u00a0Rohde &amp; Schwarz\u00a0el d\u00eda 7 de mayo a las 14:30 horas.  En el 5G Forum Virtual 2020, organizado por\u00a0Medina Media Events, se dar\u00e1n a conocer los \u00faltimos avances de la mano de profesionales y grandes compa\u00f1\u00edas como\u00a0Samsung, Vodafone Business, Cisco, 5Genesis, Intracom Telecom, Rohde &amp; Schwarz, Huawei, Hispasat, Impulsa Visi\u00f3n RTVE, Nokia, Axi\u00f3n y el Observatorio Nacional 5G, una iniciativa impulsada por Mobile World Capital, el Ministerio de Asuntos Econ\u00f3micos y Transformaci\u00f3n Digital y Red.es, patrocinadores todos ellos del encuentro virtual.","og_url":"https:\/\/www.medinamediaevents.com\/es\/manana-arranca-el-5g-forum-virtual-con-mas-de-30-ponentes-demos-y-sesiones-de-networking-exclusivo\/","og_site_name":"Medina Media EVENTS","article_published_time":"2020-05-05T06:31:56+00:00","og_image":[{"width":960,"height":540,"url":"https:\/\/www.medinamediaevents.com\/web\/wp-content\/uploads\/2020\/05\/IMAGEN-5GF20-SPONSORS.png","type":"image\/png"}],"author":"MME","twitter_card":"summary_large_image","twitter_misc":{"Escrito por":"MME","Tiempo de lectura":"8 minutos"},"schema":{"@context":"https:\/\/schema.org","@graph":[{"@type":"Article","@id":"https:\/\/www.medinamediaevents.com\/es\/manana-arranca-el-5g-forum-virtual-con-mas-de-30-ponentes-demos-y-sesiones-de-networking-exclusivo\/#article","isPartOf":{"@id":"https:\/\/www.medinamediaevents.com\/es\/manana-arranca-el-5g-forum-virtual-con-mas-de-30-ponentes-demos-y-sesiones-de-networking-exclusivo\/"},"author":{"name":"MME","@id":"https:\/\/www.medinamediaevents.com\/es\/#\/schema\/person\/7d2bf7ca8ea9d145a6e6ec897c79311c"},"headline":"MA\u00d1ANA ARRANCA EL 5G FORUM VIRTUAL CON M\u00c1S DE 30 PONENTES, DEMOS Y SESIONES DE NETWORKING EXCLUSIVO","datePublished":"2020-05-05T06:31:56+00:00","mainEntityOfPage":{"@id":"https:\/\/www.medinamediaevents.com\/es\/manana-arranca-el-5g-forum-virtual-con-mas-de-30-ponentes-demos-y-sesiones-de-networking-exclusivo\/"},"wordCount":1692,"commentCount":0,"publisher":{"@id":"https:\/\/www.medinamediaevents.com\/es\/#organization"},"image":{"@id":"https:\/\/www.medinamediaevents.com\/es\/manana-arranca-el-5g-forum-virtual-con-mas-de-30-ponentes-demos-y-sesiones-de-networking-exclusivo\/#primaryimage"},"thumbnailUrl":"https:\/\/www.medinamediaevents.com\/web\/wp-content\/uploads\/2020\/05\/IMAGEN-5GF20-SPONSORS.png","articleSection":["5G FORUM"],"inLanguage":"es"},{"@type":"WebPage","@id":"https:\/\/www.medinamediaevents.com\/es\/manana-arranca-el-5g-forum-virtual-con-mas-de-30-ponentes-demos-y-sesiones-de-networking-exclusivo\/","url":"https:\/\/www.medinamediaevents.com\/es\/manana-arranca-el-5g-forum-virtual-con-mas-de-30-ponentes-demos-y-sesiones-de-networking-exclusivo\/","name":"MA\u00d1ANA ARRANCA EL 5G FORUM VIRTUAL CON M\u00c1S DE 30 PONENTES, DEMOS Y SESIONES DE NETWORKING EXCLUSIVO - Medina Media EVENTS","isPartOf":{"@id":"https:\/\/www.medinamediaevents.com\/es\/#website"},"primaryImageOfPage":{"@id":"https:\/\/www.medinamediaevents.com\/es\/manana-arranca-el-5g-forum-virtual-con-mas-de-30-ponentes-demos-y-sesiones-de-networking-exclusivo\/#primaryimage"},"image":{"@id":"https:\/\/www.medinamediaevents.com\/es\/manana-arranca-el-5g-forum-virtual-con-mas-de-30-ponentes-demos-y-sesiones-de-networking-exclusivo\/#primaryimage"},"thumbnailUrl":"https:\/\/www.medinamediaevents.com\/web\/wp-content\/uploads\/2020\/05\/IMAGEN-5GF20-SPONSORS.png","datePublished":"2020-05-05T06:31:56+00:00","breadcrumb":{"@id":"https:\/\/www.medinamediaevents.com\/es\/manana-arranca-el-5g-forum-virtual-con-mas-de-30-ponentes-demos-y-sesiones-de-networking-exclusivo\/#breadcrumb"},"inLanguage":"es","potentialAction":[{"@type":"ReadAction","target":["https:\/\/www.medinamediaevents.com\/es\/manana-arranca-el-5g-forum-virtual-con-mas-de-30-ponentes-demos-y-sesiones-de-networking-exclusivo\/"]}]},{"@type":"ImageObject","inLanguage":"es","@id":"https:\/\/www.medinamediaevents.com\/es\/manana-arranca-el-5g-forum-virtual-con-mas-de-30-ponentes-demos-y-sesiones-de-networking-exclusivo\/#primaryimage","url":"https:\/\/www.medinamediaevents.com\/web\/wp-content\/uploads\/2020\/05\/IMAGEN-5GF20-SPONSORS.png","contentUrl":"https:\/\/www.medinamediaevents.com\/web\/wp-content\/uploads\/2020\/05\/IMAGEN-5GF20-SPONSORS.png","width":960,"height":540},{"@type":"BreadcrumbList","@id":"https:\/\/www.medinamediaevents.com\/es\/manana-arranca-el-5g-forum-virtual-con-mas-de-30-ponentes-demos-y-sesiones-de-networking-exclusivo\/#breadcrumb","itemListElement":[{"@type":"ListItem","position":1,"name":"Home","item":"https:\/\/www.medinamediaevents.com\/es\/"},{"@type":"ListItem","position":2,"name":"MA\u00d1ANA ARRANCA EL 5G FORUM VIRTUAL CON M\u00c1S DE 30 PONENTES, DEMOS Y SESIONES DE NETWORKING EXCLUSIVO"}]},{"@type":"WebSite","@id":"https:\/\/www.medinamediaevents.com\/es\/#website","url":"https:\/\/www.medinamediaevents.com\/es\/","name":"Medina Media EVENTS","description":"","publisher":{"@id":"https:\/\/www.medinamediaevents.com\/es\/#organization"},"potentialAction":[{"@type":"SearchAction","target":{"@type":"EntryPoint","urlTemplate":"https:\/\/www.medinamediaevents.com\/es\/?s={search_term_string}"},"query-input":{"@type":"PropertyValueSpecification","valueRequired":true,"valueName":"search_term_string"}}],"inLanguage":"es"},{"@type":"Organization","@id":"https:\/\/www.medinamediaevents.com\/es\/#organization","name":"Medina Media Events","url":"https:\/\/www.medinamediaevents.com\/es\/","logo":{"@type":"ImageObject","inLanguage":"es","@id":"https:\/\/www.medinamediaevents.com\/es\/#\/schema\/logo\/image\/","url":"https:\/\/www.medinamediaevents.com\/web\/wp-content\/uploads\/2018\/11\/mm_events_logo2018.png","contentUrl":"https:\/\/www.medinamediaevents.com\/web\/wp-content\/uploads\/2018\/11\/mm_events_logo2018.png","width":1200,"height":750,"caption":"Medina Media Events"},"image":{"@id":"https:\/\/www.medinamediaevents.com\/es\/#\/schema\/logo\/image\/"}},{"@type":"Person","@id":"https:\/\/www.medinamediaevents.com\/es\/#\/schema\/person\/7d2bf7ca8ea9d145a6e6ec897c79311c","name":"MME"}]}},"_links":{"self":[{"href":"https:\/\/www.medinamediaevents.com\/es\/wp-json\/wp\/v2\/posts\/1940","targetHints":{"allow":["GET"]}}],"collection":[{"href":"https:\/\/www.medinamediaevents.com\/es\/wp-json\/wp\/v2\/posts"}],"about":[{"href":"https:\/\/www.medinamediaevents.com\/es\/wp-json\/wp\/v2\/types\/post"}],"author":[{"embeddable":true,"href":"https:\/\/www.medinamediaevents.com\/es\/wp-json\/wp\/v2\/users\/2"}],"replies":[{"embeddable":true,"href":"https:\/\/www.medinamediaevents.com\/es\/wp-json\/wp\/v2\/comments?post=1940"}],"version-history":[{"count":0,"href":"https:\/\/www.medinamediaevents.com\/es\/wp-json\/wp\/v2\/posts\/1940\/revisions"}],"wp:featuredmedia":[{"embeddable":true,"href":"https:\/\/www.medinamediaevents.com\/es\/wp-json\/wp\/v2\/media\/1942"}],"wp:attachment":[{"href":"https:\/\/www.medinamediaevents.com\/es\/wp-json\/wp\/v2\/media?parent=1940"}],"wp:term":[{"taxonomy":"category","embeddable":true,"href":"https:\/\/www.medinamediaevents.com\/es\/wp-json\/wp\/v2\/categories?post=1940"},{"taxonomy":"post_tag","embeddable":true,"href":"https:\/\/www.medinamediaevents.com\/es\/wp-json\/wp\/v2\/tags?post=1940"}],"curies":[{"name":"wp","href":"https:\/\/api.w.org\/{rel}","templated":true}]}}