{"id":1933,"date":"2020-05-04T08:19:35","date_gmt":"2020-05-04T06:19:35","guid":{"rendered":"https:\/\/www.medinamediaevents.com\/?p=1933"},"modified":"2020-05-04T08:19:35","modified_gmt":"2020-05-04T06:19:35","slug":"telefonica-y-5g-las-ciudades-tecnologicas-en-el-5g-forum-virtual","status":"publish","type":"post","link":"https:\/\/www.medinamediaevents.com\/es\/telefonica-y-5g-las-ciudades-tecnologicas-en-el-5g-forum-virtual\/","title":{"rendered":"TELEF\u00d3NICA Y 5G: LAS CIUDADES TECNOL\u00d3GICAS, EN EL 5G FORUM VIRTUAL"},"content":{"rendered":"<p><strong>El 5G Forum Virtual analizar\u00e1 los pr\u00f3ximos 6 y 7 de mayo los principales casos de uso del 5G<\/strong>: su aplicaci\u00f3n en conducci\u00f3n asistida, en la difusi\u00f3n de contenidos audiovisuales, en la industria 4.0, adem\u00e1s de su aplicaci\u00f3n en turismo, en salud y en las \u00e1reas residenciales.<\/p>\n<p><strong>Telef\u00f3nica Espa\u00f1a<\/strong>\u00a0ha desarrollado proyectos con clientes, grandes corporaciones, peque\u00f1as empresas, start-ups, universidades, centros tecnol\u00f3gicos y administraciones p\u00fablicas.\u00a0<strong>Mercedes Fern\u00e1ndez, Gerente de Innovaci\u00f3n de Telef\u00f3nica Espa\u00f1a<\/strong>, expondr\u00e1 ante los asistentes al 5G Forum Virtual 2020 la iniciativa \u201cCiudades Tecnol\u00f3gicas 5G\u201d que comenz\u00f3 en 2018.<\/p>\n<p><em>\u00abCiudades Tecnol\u00f3gicas 5G fue una iniciativa pionera en la que empezamos a crear un ecosistema estable de partners y un entorno de pruebas claves para estimular esos casos de uso 5G\u00bb<\/em>, avanza Fern\u00e1ndez.<\/p>\n<p><img loading=\"lazy\" decoding=\"async\" class=\"aligncenter wp-image-3188 size-full\" src=\"https:\/\/www.5gforum.es\/web\/wp-content\/uploads\/2020\/05\/MERCEDES-FERNANDEZ.png\" alt=\"\" width=\"600\" height=\"342\" \/><\/p>\n<p><em>\u00abTodos los pilotos que estamos realizando son diferentes unos de otros, en cada piloto nuevo vamos a utilizar tecnolog\u00edas y capacidades de la red diferentes para casos de uso distintos. Estamos creando decenas de casos de uso nuevos con 5G\u00bb<\/em>, afirma Fern\u00e1ndez.<\/p>\n<p>Mercedes Fern\u00e1ndez tambi\u00e9n\u00a0<strong>expondr\u00e1 los verticales que desde Telef\u00f3nica Espa\u00f1a han visto m\u00e1s activos respecto a la tecnolog\u00eda 5G<\/strong>, y explicar\u00e1 c\u00f3mo otras tecnolog\u00edas emergentes son muy importantes para acompa\u00f1ar al 5G en la transformaci\u00f3n digital del futuro, anticipando cu\u00e1les son los puntos cr\u00edticos para que todo el ecosistema sea un \u00e9xito.<\/p>\n<p><iframe loading=\"lazy\" title=\"5GF20 TELEF\u00d3NICA\" src=\"https:\/\/player.vimeo.com\/video\/414520199?dnt=1&amp;app_id=122963\" width=\"500\" height=\"281\" frameborder=\"0\" allow=\"autoplay; fullscreen; picture-in-picture; clipboard-write\"><\/iframe><\/p>\n<p>5G Forum Virtual 2020, organizado por\u00a0<strong>Medina Media Events<\/strong>, es el principal evento sobre tecnolog\u00eda 5G en Espa\u00f1a y en \u00e9l se dar\u00e1n a conocer los \u00faltimos avances de la mano de profesionales y grandes compa\u00f1\u00edas como\u00a0<strong>Samsung, Vodafone Business, Cisco, 5Genesis, Intracom Telecom, Rohde &amp; Schwarz, Huawei, Hispasat, Impulsa Visi\u00f3n RTVE, Nokia, Axi\u00f3n y el Observatorio Nacional 5G<\/strong>, una iniciativa impulsada por Mobile World Capital, el Ministerio de Asuntos Econ\u00f3micos y Transformaci\u00f3n Digital y Red.es, sponsors del evento.<\/p>\n<p>Los asistentes al 5G Forum Virtual podr\u00e1n acceder a las m\u00e1s de 20 ponencias y paneles que conforman la\u00a0<a href=\"https:\/\/www.5gforum.es\/agenda-2020\/\" target=\"_blank\" rel=\"noopener noreferrer\"><strong>Agenda del 5G Forum Virtual 2020<\/strong><\/a>. Tambi\u00e9n podr\u00e1n<strong>\u00a0visitar demos exclusivas desde este momento\u00a0<\/strong>y solicitar\u00a0<strong>video reuniones\u00a0<\/strong>con todos los ponentes y participantes, los\u00a0<strong>d\u00edas previos, durante y posteriores al evento<\/strong>, con el objetivo de que 5G Forum Virtual sirva como<strong>\u00a0plataforma permanente y exclusiva sobre la tecnolog\u00eda 5G.<\/strong><\/p>\n","protected":false},"excerpt":{"rendered":"<p><strong>El 5G Forum Virtual analizar\u00e1 los pr\u00f3ximos 6 y 7 de mayo los principales casos de uso del 5G<\/strong>: su aplicaci\u00f3n en conducci\u00f3n asistida, en la difusi\u00f3n de contenidos audiovisuales, en la industria 4.0, adem\u00e1s de su aplicaci\u00f3n en turismo, en salud y en las \u00e1reas residenciales.<\/p>\n<p><strong>Telef\u00f3nica Espa\u00f1a<\/strong>\u00a0ha desarrollado proyectos con clientes, grandes corporaciones, peque\u00f1as empresas, start-ups, universidades, centros tecnol\u00f3gicos y administraciones p\u00fablicas.\u00a0<strong>Mercedes Fern\u00e1ndez, Gerente de Innovaci\u00f3n de Telef\u00f3nica Espa\u00f1a<\/strong>, expondr\u00e1 ante los asistentes al 5G Forum Virtual 2020 la iniciativa \u201cCiudades Tecnol\u00f3gicas 5G\u201d que comenz\u00f3 en 2018.<\/p>\n<p><em>\u00abCiudades Tecnol\u00f3gicas 5G fue una iniciativa pionera en la que empezamos a crear un ecosistema estable de partners y un entorno de pruebas claves para estimular esos casos de uso 5G\u00bb<\/em>, avanza Fern\u00e1ndez.<\/p>\n<p><img loading=\"lazy\" decoding=\"async\" class=\"aligncenter wp-image-3188 size-full\" src=\"https:\/\/www.5gforum.es\/web\/wp-content\/uploads\/2020\/05\/MERCEDES-FERNANDEZ.png\" alt=\"\" width=\"600\" height=\"342\" \/><\/p>\n<p><em>\u00abTodos los pilotos que estamos realizando son diferentes unos de otros, en cada piloto nuevo vamos a utilizar tecnolog\u00edas y capacidades de la red diferentes para casos de uso distintos. Estamos creando decenas de casos de uso nuevos con 5G\u00bb<\/em>, afirma Fern\u00e1ndez.<\/p>\n<p>Mercedes Fern\u00e1ndez tambi\u00e9n\u00a0<strong>expondr\u00e1 los verticales que desde Telef\u00f3nica Espa\u00f1a han visto m\u00e1s activos respecto a la tecnolog\u00eda 5G<\/strong>, y explicar\u00e1 c\u00f3mo otras tecnolog\u00edas emergentes son muy importantes para acompa\u00f1ar al 5G en la transformaci\u00f3n digital del futuro, anticipando cu\u00e1les son los puntos cr\u00edticos para que todo el ecosistema sea un \u00e9xito.<\/p>\n<p>https:\/\/vimeo.com\/414520199<\/p>\n<p>5G Forum Virtual 2020, organizado por\u00a0<strong>Medina Media Events<\/strong>, es el principal evento sobre tecnolog\u00eda 5G en Espa\u00f1a y en \u00e9l se dar\u00e1n a conocer los \u00faltimos avances de la mano de profesionales y grandes compa\u00f1\u00edas como\u00a0<strong>Samsung, Vodafone Business, Cisco, 5Genesis, Intracom Telecom, Rohde &amp; Schwarz, Huawei, Hispasat, Impulsa Visi\u00f3n RTVE, Nokia, Axi\u00f3n y el Observatorio Nacional 5G<\/strong>, una iniciativa impulsada por Mobile World Capital, el Ministerio de Asuntos Econ\u00f3micos y Transformaci\u00f3n Digital y Red.es, sponsors del evento.<\/p>\n<p>Los asistentes al 5G Forum Virtual podr\u00e1n acceder a las m\u00e1s de 20 ponencias y paneles que conforman la\u00a0<a href=\"https:\/\/www.5gforum.es\/agenda-2020\/\" target=\"_blank\" rel=\"noopener noreferrer\"><strong>Agenda del 5G Forum Virtual 2020<\/strong><\/a>. Tambi\u00e9n podr\u00e1n<strong>\u00a0visitar demos exclusivas desde este momento\u00a0<\/strong>y solicitar\u00a0<strong>video reuniones\u00a0<\/strong>con todos los ponentes y participantes, los\u00a0<strong>d\u00edas previos, durante y posteriores al evento<\/strong>, con el objetivo de que 5G Forum Virtual sirva como<strong>\u00a0plataforma permanente y exclusiva sobre la tecnolog\u00eda 5G.<\/strong><\/p>\n","protected":false},"author":2,"featured_media":1935,"comment_status":"open","ping_status":"closed","sticky":false,"template":"","format":"standard","meta":{"_acf_changed":false,"footnotes":""},"categories":[14],"tags":[],"class_list":["post-1933","post","type-post","status-publish","format-standard","has-post-thumbnail","hentry","category-noticias-5g-forum"],"acf":[],"yoast_head":"<!-- This site is optimized with the Yoast SEO plugin v27.5 - https:\/\/yoast.com\/product\/yoast-seo-wordpress\/ -->\n<title>TELEF\u00d3NICA Y 5G: LAS CIUDADES TECNOL\u00d3GICAS, EN EL 5G FORUM VIRTUAL - Medina Media EVENTS<\/title>\n<meta name=\"robots\" content=\"index, follow, max-snippet:-1, max-image-preview:large, max-video-preview:-1\" \/>\n<link rel=\"canonical\" href=\"https:\/\/www.medinamediaevents.com\/es\/telefonica-y-5g-las-ciudades-tecnologicas-en-el-5g-forum-virtual\/\" \/>\n<meta property=\"og:locale\" content=\"es_ES\" \/>\n<meta property=\"og:type\" content=\"article\" \/>\n<meta property=\"og:title\" content=\"TELEF\u00d3NICA Y 5G: LAS CIUDADES TECNOL\u00d3GICAS, EN EL 5G FORUM VIRTUAL - Medina Media EVENTS\" \/>\n<meta property=\"og:description\" content=\"El 5G Forum Virtual analizar\u00e1 los pr\u00f3ximos 6 y 7 de mayo los principales casos de uso del 5G: su aplicaci\u00f3n en conducci\u00f3n asistida, en la difusi\u00f3n de contenidos audiovisuales, en la industria 4.0, adem\u00e1s de su aplicaci\u00f3n en turismo, en salud y en las \u00e1reas residenciales.  Telef\u00f3nica Espa\u00f1a\u00a0ha desarrollado proyectos con clientes, grandes corporaciones, peque\u00f1as empresas, start-ups, universidades, centros tecnol\u00f3gicos y administraciones p\u00fablicas.\u00a0Mercedes Fern\u00e1ndez, Gerente de Innovaci\u00f3n de Telef\u00f3nica Espa\u00f1a, expondr\u00e1 ante los asistentes al 5G Forum Virtual 2020 la iniciativa \u201cCiudades Tecnol\u00f3gicas 5G\u201d que comenz\u00f3 en 2018.  &quot;Ciudades Tecnol\u00f3gicas 5G fue una iniciativa pionera en la que empezamos a crear un ecosistema estable de partners y un entorno de pruebas claves para estimular esos casos de uso 5G&quot;, avanza Fern\u00e1ndez.    &quot;Todos los pilotos que estamos realizando son diferentes unos de otros, en cada piloto nuevo vamos a utilizar tecnolog\u00edas y capacidades de la red diferentes para casos de uso distintos. Estamos creando decenas de casos de uso nuevos con 5G&quot;, afirma Fern\u00e1ndez.  Mercedes Fern\u00e1ndez tambi\u00e9n\u00a0expondr\u00e1 los verticales que desde Telef\u00f3nica Espa\u00f1a han visto m\u00e1s activos respecto a la tecnolog\u00eda 5G, y explicar\u00e1 c\u00f3mo otras tecnolog\u00edas emergentes son muy importantes para acompa\u00f1ar al 5G en la transformaci\u00f3n digital del futuro, anticipando cu\u00e1les son los puntos cr\u00edticos para que todo el ecosistema sea un \u00e9xito.  https:\/\/vimeo.com\/414520199  5G Forum Virtual 2020, organizado por\u00a0Medina Media Events, es el principal evento sobre tecnolog\u00eda 5G en Espa\u00f1a y en \u00e9l se dar\u00e1n a conocer los \u00faltimos avances de la mano de profesionales y grandes compa\u00f1\u00edas como\u00a0Samsung, Vodafone Business, Cisco, 5Genesis, Intracom Telecom, Rohde &amp; Schwarz, Huawei, Hispasat, Impulsa Visi\u00f3n RTVE, Nokia, Axi\u00f3n y el Observatorio Nacional 5G, una iniciativa impulsada por Mobile World Capital, el Ministerio de Asuntos Econ\u00f3micos y Transformaci\u00f3n Digital y Red.es, sponsors del evento.  Los asistentes al 5G Forum Virtual podr\u00e1n acceder a las m\u00e1s de 20 ponencias y paneles que conforman la\u00a0Agenda del 5G Forum Virtual 2020. Tambi\u00e9n podr\u00e1n\u00a0visitar demos exclusivas desde este momento\u00a0y solicitar\u00a0video reuniones\u00a0con todos los ponentes y participantes, los\u00a0d\u00edas previos, durante y posteriores al evento, con el objetivo de que 5G Forum Virtual sirva como\u00a0plataforma permanente y exclusiva sobre la tecnolog\u00eda 5G.\" \/>\n<meta property=\"og:url\" content=\"https:\/\/www.medinamediaevents.com\/es\/telefonica-y-5g-las-ciudades-tecnologicas-en-el-5g-forum-virtual\/\" \/>\n<meta property=\"og:site_name\" content=\"Medina Media EVENTS\" \/>\n<meta property=\"article:published_time\" content=\"2020-05-04T06:19:35+00:00\" \/>\n<meta property=\"og:image\" content=\"https:\/\/www.medinamediaevents.com\/web\/wp-content\/uploads\/2020\/05\/46952998244_9f0989d14a_c.jpg\" \/>\n\t<meta property=\"og:image:width\" content=\"799\" \/>\n\t<meta property=\"og:image:height\" content=\"533\" \/>\n\t<meta property=\"og:image:type\" content=\"image\/jpeg\" \/>\n<meta name=\"author\" content=\"MME\" \/>\n<meta name=\"twitter:card\" content=\"summary_large_image\" \/>\n<meta name=\"twitter:label1\" content=\"Escrito por\" \/>\n\t<meta name=\"twitter:data1\" content=\"MME\" \/>\n\t<meta name=\"twitter:label2\" content=\"Tiempo de lectura\" \/>\n\t<meta name=\"twitter:data2\" content=\"2 minutos\" \/>\n<script type=\"application\/ld+json\" class=\"yoast-schema-graph\">{\"@context\":\"https:\\\/\\\/schema.org\",\"@graph\":[{\"@type\":\"Article\",\"@id\":\"https:\\\/\\\/www.medinamediaevents.com\\\/es\\\/telefonica-y-5g-las-ciudades-tecnologicas-en-el-5g-forum-virtual\\\/#article\",\"isPartOf\":{\"@id\":\"https:\\\/\\\/www.medinamediaevents.com\\\/es\\\/telefonica-y-5g-las-ciudades-tecnologicas-en-el-5g-forum-virtual\\\/\"},\"author\":{\"name\":\"MME\",\"@id\":\"https:\\\/\\\/www.medinamediaevents.com\\\/es\\\/#\\\/schema\\\/person\\\/7d2bf7ca8ea9d145a6e6ec897c79311c\"},\"headline\":\"TELEF\u00d3NICA Y 5G: LAS CIUDADES TECNOL\u00d3GICAS, EN EL 5G FORUM VIRTUAL\",\"datePublished\":\"2020-05-04T06:19:35+00:00\",\"mainEntityOfPage\":{\"@id\":\"https:\\\/\\\/www.medinamediaevents.com\\\/es\\\/telefonica-y-5g-las-ciudades-tecnologicas-en-el-5g-forum-virtual\\\/\"},\"wordCount\":421,\"commentCount\":0,\"publisher\":{\"@id\":\"https:\\\/\\\/www.medinamediaevents.com\\\/es\\\/#organization\"},\"image\":{\"@id\":\"https:\\\/\\\/www.medinamediaevents.com\\\/es\\\/telefonica-y-5g-las-ciudades-tecnologicas-en-el-5g-forum-virtual\\\/#primaryimage\"},\"thumbnailUrl\":\"https:\\\/\\\/www.medinamediaevents.com\\\/web\\\/wp-content\\\/uploads\\\/2020\\\/05\\\/46952998244_9f0989d14a_c.jpg\",\"articleSection\":[\"5G FORUM\"],\"inLanguage\":\"es\"},{\"@type\":\"WebPage\",\"@id\":\"https:\\\/\\\/www.medinamediaevents.com\\\/es\\\/telefonica-y-5g-las-ciudades-tecnologicas-en-el-5g-forum-virtual\\\/\",\"url\":\"https:\\\/\\\/www.medinamediaevents.com\\\/es\\\/telefonica-y-5g-las-ciudades-tecnologicas-en-el-5g-forum-virtual\\\/\",\"name\":\"TELEF\u00d3NICA Y 5G: LAS CIUDADES TECNOL\u00d3GICAS, EN EL 5G FORUM VIRTUAL - Medina Media EVENTS\",\"isPartOf\":{\"@id\":\"https:\\\/\\\/www.medinamediaevents.com\\\/es\\\/#website\"},\"primaryImageOfPage\":{\"@id\":\"https:\\\/\\\/www.medinamediaevents.com\\\/es\\\/telefonica-y-5g-las-ciudades-tecnologicas-en-el-5g-forum-virtual\\\/#primaryimage\"},\"image\":{\"@id\":\"https:\\\/\\\/www.medinamediaevents.com\\\/es\\\/telefonica-y-5g-las-ciudades-tecnologicas-en-el-5g-forum-virtual\\\/#primaryimage\"},\"thumbnailUrl\":\"https:\\\/\\\/www.medinamediaevents.com\\\/web\\\/wp-content\\\/uploads\\\/2020\\\/05\\\/46952998244_9f0989d14a_c.jpg\",\"datePublished\":\"2020-05-04T06:19:35+00:00\",\"breadcrumb\":{\"@id\":\"https:\\\/\\\/www.medinamediaevents.com\\\/es\\\/telefonica-y-5g-las-ciudades-tecnologicas-en-el-5g-forum-virtual\\\/#breadcrumb\"},\"inLanguage\":\"es\",\"potentialAction\":[{\"@type\":\"ReadAction\",\"target\":[\"https:\\\/\\\/www.medinamediaevents.com\\\/es\\\/telefonica-y-5g-las-ciudades-tecnologicas-en-el-5g-forum-virtual\\\/\"]}]},{\"@type\":\"ImageObject\",\"inLanguage\":\"es\",\"@id\":\"https:\\\/\\\/www.medinamediaevents.com\\\/es\\\/telefonica-y-5g-las-ciudades-tecnologicas-en-el-5g-forum-virtual\\\/#primaryimage\",\"url\":\"https:\\\/\\\/www.medinamediaevents.com\\\/web\\\/wp-content\\\/uploads\\\/2020\\\/05\\\/46952998244_9f0989d14a_c.jpg\",\"contentUrl\":\"https:\\\/\\\/www.medinamediaevents.com\\\/web\\\/wp-content\\\/uploads\\\/2020\\\/05\\\/46952998244_9f0989d14a_c.jpg\",\"width\":799,\"height\":533},{\"@type\":\"BreadcrumbList\",\"@id\":\"https:\\\/\\\/www.medinamediaevents.com\\\/es\\\/telefonica-y-5g-las-ciudades-tecnologicas-en-el-5g-forum-virtual\\\/#breadcrumb\",\"itemListElement\":[{\"@type\":\"ListItem\",\"position\":1,\"name\":\"Home\",\"item\":\"https:\\\/\\\/www.medinamediaevents.com\\\/es\\\/\"},{\"@type\":\"ListItem\",\"position\":2,\"name\":\"TELEF\u00d3NICA Y 5G: LAS CIUDADES TECNOL\u00d3GICAS, EN EL 5G FORUM VIRTUAL\"}]},{\"@type\":\"WebSite\",\"@id\":\"https:\\\/\\\/www.medinamediaevents.com\\\/es\\\/#website\",\"url\":\"https:\\\/\\\/www.medinamediaevents.com\\\/es\\\/\",\"name\":\"Medina Media EVENTS\",\"description\":\"\",\"publisher\":{\"@id\":\"https:\\\/\\\/www.medinamediaevents.com\\\/es\\\/#organization\"},\"potentialAction\":[{\"@type\":\"SearchAction\",\"target\":{\"@type\":\"EntryPoint\",\"urlTemplate\":\"https:\\\/\\\/www.medinamediaevents.com\\\/es\\\/?s={search_term_string}\"},\"query-input\":{\"@type\":\"PropertyValueSpecification\",\"valueRequired\":true,\"valueName\":\"search_term_string\"}}],\"inLanguage\":\"es\"},{\"@type\":\"Organization\",\"@id\":\"https:\\\/\\\/www.medinamediaevents.com\\\/es\\\/#organization\",\"name\":\"Medina Media Events\",\"url\":\"https:\\\/\\\/www.medinamediaevents.com\\\/es\\\/\",\"logo\":{\"@type\":\"ImageObject\",\"inLanguage\":\"es\",\"@id\":\"https:\\\/\\\/www.medinamediaevents.com\\\/es\\\/#\\\/schema\\\/logo\\\/image\\\/\",\"url\":\"https:\\\/\\\/www.medinamediaevents.com\\\/web\\\/wp-content\\\/uploads\\\/2018\\\/11\\\/mm_events_logo2018.png\",\"contentUrl\":\"https:\\\/\\\/www.medinamediaevents.com\\\/web\\\/wp-content\\\/uploads\\\/2018\\\/11\\\/mm_events_logo2018.png\",\"width\":1200,\"height\":750,\"caption\":\"Medina Media Events\"},\"image\":{\"@id\":\"https:\\\/\\\/www.medinamediaevents.com\\\/es\\\/#\\\/schema\\\/logo\\\/image\\\/\"}},{\"@type\":\"Person\",\"@id\":\"https:\\\/\\\/www.medinamediaevents.com\\\/es\\\/#\\\/schema\\\/person\\\/7d2bf7ca8ea9d145a6e6ec897c79311c\",\"name\":\"MME\"}]}<\/script>\n<!-- \/ Yoast SEO plugin. -->","yoast_head_json":{"title":"TELEF\u00d3NICA Y 5G: LAS CIUDADES TECNOL\u00d3GICAS, EN EL 5G FORUM VIRTUAL - Medina Media EVENTS","robots":{"index":"index","follow":"follow","max-snippet":"max-snippet:-1","max-image-preview":"max-image-preview:large","max-video-preview":"max-video-preview:-1"},"canonical":"https:\/\/www.medinamediaevents.com\/es\/telefonica-y-5g-las-ciudades-tecnologicas-en-el-5g-forum-virtual\/","og_locale":"es_ES","og_type":"article","og_title":"TELEF\u00d3NICA Y 5G: LAS CIUDADES TECNOL\u00d3GICAS, EN EL 5G FORUM VIRTUAL - Medina Media EVENTS","og_description":"El 5G Forum Virtual analizar\u00e1 los pr\u00f3ximos 6 y 7 de mayo los principales casos de uso del 5G: su aplicaci\u00f3n en conducci\u00f3n asistida, en la difusi\u00f3n de contenidos audiovisuales, en la industria 4.0, adem\u00e1s de su aplicaci\u00f3n en turismo, en salud y en las \u00e1reas residenciales.  Telef\u00f3nica Espa\u00f1a\u00a0ha desarrollado proyectos con clientes, grandes corporaciones, peque\u00f1as empresas, start-ups, universidades, centros tecnol\u00f3gicos y administraciones p\u00fablicas.\u00a0Mercedes Fern\u00e1ndez, Gerente de Innovaci\u00f3n de Telef\u00f3nica Espa\u00f1a, expondr\u00e1 ante los asistentes al 5G Forum Virtual 2020 la iniciativa \u201cCiudades Tecnol\u00f3gicas 5G\u201d que comenz\u00f3 en 2018.  \"Ciudades Tecnol\u00f3gicas 5G fue una iniciativa pionera en la que empezamos a crear un ecosistema estable de partners y un entorno de pruebas claves para estimular esos casos de uso 5G\", avanza Fern\u00e1ndez.    \"Todos los pilotos que estamos realizando son diferentes unos de otros, en cada piloto nuevo vamos a utilizar tecnolog\u00edas y capacidades de la red diferentes para casos de uso distintos. Estamos creando decenas de casos de uso nuevos con 5G\", afirma Fern\u00e1ndez.  Mercedes Fern\u00e1ndez tambi\u00e9n\u00a0expondr\u00e1 los verticales que desde Telef\u00f3nica Espa\u00f1a han visto m\u00e1s activos respecto a la tecnolog\u00eda 5G, y explicar\u00e1 c\u00f3mo otras tecnolog\u00edas emergentes son muy importantes para acompa\u00f1ar al 5G en la transformaci\u00f3n digital del futuro, anticipando cu\u00e1les son los puntos cr\u00edticos para que todo el ecosistema sea un \u00e9xito.  https:\/\/vimeo.com\/414520199  5G Forum Virtual 2020, organizado por\u00a0Medina Media Events, es el principal evento sobre tecnolog\u00eda 5G en Espa\u00f1a y en \u00e9l se dar\u00e1n a conocer los \u00faltimos avances de la mano de profesionales y grandes compa\u00f1\u00edas como\u00a0Samsung, Vodafone Business, Cisco, 5Genesis, Intracom Telecom, Rohde &amp; Schwarz, Huawei, Hispasat, Impulsa Visi\u00f3n RTVE, Nokia, Axi\u00f3n y el Observatorio Nacional 5G, una iniciativa impulsada por Mobile World Capital, el Ministerio de Asuntos Econ\u00f3micos y Transformaci\u00f3n Digital y Red.es, sponsors del evento.  Los asistentes al 5G Forum Virtual podr\u00e1n acceder a las m\u00e1s de 20 ponencias y paneles que conforman la\u00a0Agenda del 5G Forum Virtual 2020. Tambi\u00e9n podr\u00e1n\u00a0visitar demos exclusivas desde este momento\u00a0y solicitar\u00a0video reuniones\u00a0con todos los ponentes y participantes, los\u00a0d\u00edas previos, durante y posteriores al evento, con el objetivo de que 5G Forum Virtual sirva como\u00a0plataforma permanente y exclusiva sobre la tecnolog\u00eda 5G.","og_url":"https:\/\/www.medinamediaevents.com\/es\/telefonica-y-5g-las-ciudades-tecnologicas-en-el-5g-forum-virtual\/","og_site_name":"Medina Media EVENTS","article_published_time":"2020-05-04T06:19:35+00:00","og_image":[{"width":799,"height":533,"url":"https:\/\/www.medinamediaevents.com\/web\/wp-content\/uploads\/2020\/05\/46952998244_9f0989d14a_c.jpg","type":"image\/jpeg"}],"author":"MME","twitter_card":"summary_large_image","twitter_misc":{"Escrito por":"MME","Tiempo de lectura":"2 minutos"},"schema":{"@context":"https:\/\/schema.org","@graph":[{"@type":"Article","@id":"https:\/\/www.medinamediaevents.com\/es\/telefonica-y-5g-las-ciudades-tecnologicas-en-el-5g-forum-virtual\/#article","isPartOf":{"@id":"https:\/\/www.medinamediaevents.com\/es\/telefonica-y-5g-las-ciudades-tecnologicas-en-el-5g-forum-virtual\/"},"author":{"name":"MME","@id":"https:\/\/www.medinamediaevents.com\/es\/#\/schema\/person\/7d2bf7ca8ea9d145a6e6ec897c79311c"},"headline":"TELEF\u00d3NICA Y 5G: LAS CIUDADES TECNOL\u00d3GICAS, EN EL 5G FORUM VIRTUAL","datePublished":"2020-05-04T06:19:35+00:00","mainEntityOfPage":{"@id":"https:\/\/www.medinamediaevents.com\/es\/telefonica-y-5g-las-ciudades-tecnologicas-en-el-5g-forum-virtual\/"},"wordCount":421,"commentCount":0,"publisher":{"@id":"https:\/\/www.medinamediaevents.com\/es\/#organization"},"image":{"@id":"https:\/\/www.medinamediaevents.com\/es\/telefonica-y-5g-las-ciudades-tecnologicas-en-el-5g-forum-virtual\/#primaryimage"},"thumbnailUrl":"https:\/\/www.medinamediaevents.com\/web\/wp-content\/uploads\/2020\/05\/46952998244_9f0989d14a_c.jpg","articleSection":["5G FORUM"],"inLanguage":"es"},{"@type":"WebPage","@id":"https:\/\/www.medinamediaevents.com\/es\/telefonica-y-5g-las-ciudades-tecnologicas-en-el-5g-forum-virtual\/","url":"https:\/\/www.medinamediaevents.com\/es\/telefonica-y-5g-las-ciudades-tecnologicas-en-el-5g-forum-virtual\/","name":"TELEF\u00d3NICA Y 5G: LAS CIUDADES TECNOL\u00d3GICAS, EN EL 5G FORUM VIRTUAL - Medina Media EVENTS","isPartOf":{"@id":"https:\/\/www.medinamediaevents.com\/es\/#website"},"primaryImageOfPage":{"@id":"https:\/\/www.medinamediaevents.com\/es\/telefonica-y-5g-las-ciudades-tecnologicas-en-el-5g-forum-virtual\/#primaryimage"},"image":{"@id":"https:\/\/www.medinamediaevents.com\/es\/telefonica-y-5g-las-ciudades-tecnologicas-en-el-5g-forum-virtual\/#primaryimage"},"thumbnailUrl":"https:\/\/www.medinamediaevents.com\/web\/wp-content\/uploads\/2020\/05\/46952998244_9f0989d14a_c.jpg","datePublished":"2020-05-04T06:19:35+00:00","breadcrumb":{"@id":"https:\/\/www.medinamediaevents.com\/es\/telefonica-y-5g-las-ciudades-tecnologicas-en-el-5g-forum-virtual\/#breadcrumb"},"inLanguage":"es","potentialAction":[{"@type":"ReadAction","target":["https:\/\/www.medinamediaevents.com\/es\/telefonica-y-5g-las-ciudades-tecnologicas-en-el-5g-forum-virtual\/"]}]},{"@type":"ImageObject","inLanguage":"es","@id":"https:\/\/www.medinamediaevents.com\/es\/telefonica-y-5g-las-ciudades-tecnologicas-en-el-5g-forum-virtual\/#primaryimage","url":"https:\/\/www.medinamediaevents.com\/web\/wp-content\/uploads\/2020\/05\/46952998244_9f0989d14a_c.jpg","contentUrl":"https:\/\/www.medinamediaevents.com\/web\/wp-content\/uploads\/2020\/05\/46952998244_9f0989d14a_c.jpg","width":799,"height":533},{"@type":"BreadcrumbList","@id":"https:\/\/www.medinamediaevents.com\/es\/telefonica-y-5g-las-ciudades-tecnologicas-en-el-5g-forum-virtual\/#breadcrumb","itemListElement":[{"@type":"ListItem","position":1,"name":"Home","item":"https:\/\/www.medinamediaevents.com\/es\/"},{"@type":"ListItem","position":2,"name":"TELEF\u00d3NICA Y 5G: LAS CIUDADES TECNOL\u00d3GICAS, EN EL 5G FORUM VIRTUAL"}]},{"@type":"WebSite","@id":"https:\/\/www.medinamediaevents.com\/es\/#website","url":"https:\/\/www.medinamediaevents.com\/es\/","name":"Medina Media EVENTS","description":"","publisher":{"@id":"https:\/\/www.medinamediaevents.com\/es\/#organization"},"potentialAction":[{"@type":"SearchAction","target":{"@type":"EntryPoint","urlTemplate":"https:\/\/www.medinamediaevents.com\/es\/?s={search_term_string}"},"query-input":{"@type":"PropertyValueSpecification","valueRequired":true,"valueName":"search_term_string"}}],"inLanguage":"es"},{"@type":"Organization","@id":"https:\/\/www.medinamediaevents.com\/es\/#organization","name":"Medina Media Events","url":"https:\/\/www.medinamediaevents.com\/es\/","logo":{"@type":"ImageObject","inLanguage":"es","@id":"https:\/\/www.medinamediaevents.com\/es\/#\/schema\/logo\/image\/","url":"https:\/\/www.medinamediaevents.com\/web\/wp-content\/uploads\/2018\/11\/mm_events_logo2018.png","contentUrl":"https:\/\/www.medinamediaevents.com\/web\/wp-content\/uploads\/2018\/11\/mm_events_logo2018.png","width":1200,"height":750,"caption":"Medina Media Events"},"image":{"@id":"https:\/\/www.medinamediaevents.com\/es\/#\/schema\/logo\/image\/"}},{"@type":"Person","@id":"https:\/\/www.medinamediaevents.com\/es\/#\/schema\/person\/7d2bf7ca8ea9d145a6e6ec897c79311c","name":"MME"}]}},"_links":{"self":[{"href":"https:\/\/www.medinamediaevents.com\/es\/wp-json\/wp\/v2\/posts\/1933","targetHints":{"allow":["GET"]}}],"collection":[{"href":"https:\/\/www.medinamediaevents.com\/es\/wp-json\/wp\/v2\/posts"}],"about":[{"href":"https:\/\/www.medinamediaevents.com\/es\/wp-json\/wp\/v2\/types\/post"}],"author":[{"embeddable":true,"href":"https:\/\/www.medinamediaevents.com\/es\/wp-json\/wp\/v2\/users\/2"}],"replies":[{"embeddable":true,"href":"https:\/\/www.medinamediaevents.com\/es\/wp-json\/wp\/v2\/comments?post=1933"}],"version-history":[{"count":0,"href":"https:\/\/www.medinamediaevents.com\/es\/wp-json\/wp\/v2\/posts\/1933\/revisions"}],"wp:featuredmedia":[{"embeddable":true,"href":"https:\/\/www.medinamediaevents.com\/es\/wp-json\/wp\/v2\/media\/1935"}],"wp:attachment":[{"href":"https:\/\/www.medinamediaevents.com\/es\/wp-json\/wp\/v2\/media?parent=1933"}],"wp:term":[{"taxonomy":"category","embeddable":true,"href":"https:\/\/www.medinamediaevents.com\/es\/wp-json\/wp\/v2\/categories?post=1933"},{"taxonomy":"post_tag","embeddable":true,"href":"https:\/\/www.medinamediaevents.com\/es\/wp-json\/wp\/v2\/tags?post=1933"}],"curies":[{"name":"wp","href":"https:\/\/api.w.org\/{rel}","templated":true}]}}