{"id":1836,"date":"2020-04-20T08:24:08","date_gmt":"2020-04-20T06:24:08","guid":{"rendered":"https:\/\/www.medinamediaevents.com\/?p=1836"},"modified":"2020-04-20T08:24:08","modified_gmt":"2020-04-20T06:24:08","slug":"el-cambio-en-el-consumo-audiovisual-a-analisis-por-la-ebu-en-el-5g-forum","status":"publish","type":"post","link":"https:\/\/www.medinamediaevents.com\/es\/el-cambio-en-el-consumo-audiovisual-a-analisis-por-la-ebu-en-el-5g-forum\/","title":{"rendered":"EL CAMBIO EN EL CONSUMO AUDIOVISUAL: A AN\u00c1LISIS POR LA EBU EN EL 5G FORUM"},"content":{"rendered":"<p><strong>La principal alianza mundial de medios audiovisuales de servicio p\u00fablico, EBU-UER (Eurovisi\u00f3n)<\/strong>, participar\u00e1 en el 5G Forum, el\u00a0<strong>principal evento de tecnolog\u00eda 5G en Espa\u00f1a<\/strong>, para aportar su visi\u00f3n de c\u00f3mo va a cambiar el consumo audiovisual en los pr\u00f3ximos a\u00f1os, y especialmente despu\u00e9s de la crisis del coronavirus.<\/p>\n<p>Desde la Uni\u00f3n Europea de Radiodifusi\u00f3n (UER, EBU por sus siglas en ingl\u00e9s),\u00a0<strong>Elena Puigrefagut, Senior Project Manager de Tecnolog\u00eda e Innovaci\u00f3n de la EBU-UER<\/strong>, presentar\u00e1 desde Suiza la iniciativa \u201c5G Media Action Group (5G-MAG)\u201d que recientemente han puesto en marcha las televisiones p\u00fablicas europeas.<\/p>\n<p><img loading=\"lazy\" decoding=\"async\" class=\"aligncenter wp-image-2894 size-full\" src=\"https:\/\/www.5gforum.es\/web\/wp-content\/uploads\/2020\/04\/elena-puigrefagut.png\" alt=\"\" width=\"606\" height=\"348\" \/><\/p>\n<p>La EBU la integran\u00a0<strong>116 miembros<\/strong>, que a trav\u00e9s de m\u00e1s de\u00a0<strong>2.000 canales de televisi\u00f3n y radio<\/strong>, alcanzan diariamente\u00a0<strong>una audiencia de m\u00e1s de 1.000 millones de personas en 56 pa\u00edses<\/strong>.\u00a0<em>\u201cLos j\u00f3venes ven cada vez m\u00e1s televisi\u00f3n por Internet. El consumo de televisi\u00f3n en Internet crece muy r\u00e1pidamente. El comportamiento de la audiencia est\u00e1 cambiando. Los espectadores y oyentes consumen cada vez m\u00e1s contenido bajo demanda en l\u00ednea. Y las televisiones p\u00fablicas tienen que adaptarse a ello\u201d<\/em>, avanza Puigrefagut.<\/p>\n<p>Sin embargo, la distribuci\u00f3n basada en Internet tiene una serie de desaf\u00edos para los servicios p\u00fablicos de radiodifusi\u00f3n. En su presentaci\u00f3n, Elena Puigrefagut\u00a0<strong>analizar\u00e1 esos desaf\u00edos y el trabajo que realizan los servicios p\u00fablicos de radiodifusi\u00f3n para garantizar que una futura transmisi\u00f3n en 5G se pueda adaptar a sus requisitos<\/strong>.<\/p>\n<p><iframe loading=\"lazy\" title=\"5GF20 \u00bfCU\u00c1L ES EL RETO DE LA EBU?\" src=\"https:\/\/player.vimeo.com\/video\/409524504?dnt=1&amp;app_id=122963\" width=\"500\" height=\"281\" frameborder=\"0\" allow=\"autoplay; fullscreen; picture-in-picture; clipboard-write\"><\/iframe><\/p>\n<p><strong>El 5G Forum 2020 es el principal evento espec\u00edfico sobre 5G que se celebra en Espa\u00f1a<\/strong>, y celebra su tercera edici\u00f3n los pr\u00f3ximos 6 y 7 de mayo, de forma virtual, de la mano de grandes compa\u00f1\u00edas l\u00edderes en 5G como son\u00a0<strong>Samsung, Vodafone Business, Cisco, 5Genesis, Intracom Telecom, Huawei, Hispasat, Impulsa Visi\u00f3n RTVE, Nokia, Axi\u00f3n y el Observatorio Nacional 5G, una iniciativa impulsada por Mobile World Capital, el\u00a0Ministerio de Asuntos Econ\u00f3micos y Transformaci\u00f3n Digital\u00a0y Red.es<\/strong>, sponsors del evento.<\/p>\n","protected":false},"excerpt":{"rendered":"<p><strong>La principal alianza mundial de medios audiovisuales de servicio p\u00fablico, EBU-UER (Eurovisi\u00f3n)<\/strong>, participar\u00e1 en el 5G Forum, el\u00a0<strong>principal evento de tecnolog\u00eda 5G en Espa\u00f1a<\/strong>, para aportar su visi\u00f3n de c\u00f3mo va a cambiar el consumo audiovisual en los pr\u00f3ximos a\u00f1os, y especialmente despu\u00e9s de la crisis del coronavirus.<\/p>\n<p>Desde la Uni\u00f3n Europea de Radiodifusi\u00f3n (UER, EBU por sus siglas en ingl\u00e9s),\u00a0<strong>Elena Puigrefagut, Senior Project Manager de Tecnolog\u00eda e Innovaci\u00f3n de la EBU-UER<\/strong>, presentar\u00e1 desde Suiza la iniciativa \u201c5G Media Action Group (5G-MAG)\u201d que recientemente han puesto en marcha las televisiones p\u00fablicas europeas.<\/p>\n<p><img loading=\"lazy\" decoding=\"async\" class=\"aligncenter wp-image-2894 size-full\" src=\"https:\/\/www.5gforum.es\/web\/wp-content\/uploads\/2020\/04\/elena-puigrefagut.png\" alt=\"\" width=\"606\" height=\"348\" \/><\/p>\n<p>La EBU la integran\u00a0<strong>116 miembros<\/strong>, que a trav\u00e9s de m\u00e1s de\u00a0<strong>2.000 canales de televisi\u00f3n y radio<\/strong>, alcanzan diariamente\u00a0<strong>una audiencia de m\u00e1s de 1.000 millones de personas en 56 pa\u00edses<\/strong>.\u00a0<em>\u201cLos j\u00f3venes ven cada vez m\u00e1s televisi\u00f3n por Internet. El consumo de televisi\u00f3n en Internet crece muy r\u00e1pidamente. El comportamiento de la audiencia est\u00e1 cambiando. Los espectadores y oyentes consumen cada vez m\u00e1s contenido bajo demanda en l\u00ednea. Y las televisiones p\u00fablicas tienen que adaptarse a ello\u201d<\/em>, avanza Puigrefagut.<\/p>\n<p>Sin embargo, la distribuci\u00f3n basada en Internet tiene una serie de desaf\u00edos para los servicios p\u00fablicos de radiodifusi\u00f3n. En su presentaci\u00f3n, Elena Puigrefagut\u00a0<strong>analizar\u00e1 esos desaf\u00edos y el trabajo que realizan los servicios p\u00fablicos de radiodifusi\u00f3n para garantizar que una futura transmisi\u00f3n en 5G se pueda adaptar a sus requisitos<\/strong>.<\/p>\n<p>https:\/\/vimeo.com\/409524504<\/p>\n<p><strong>El 5G Forum 2020 es el principal evento espec\u00edfico sobre 5G que se celebra en Espa\u00f1a<\/strong>, y celebra su tercera edici\u00f3n los pr\u00f3ximos 6 y 7 de mayo, de forma virtual, de la mano de grandes compa\u00f1\u00edas l\u00edderes en 5G como son\u00a0<strong>Samsung, Vodafone Business, Cisco, 5Genesis, Intracom Telecom, Huawei, Hispasat, Impulsa Visi\u00f3n RTVE, Nokia, Axi\u00f3n y el Observatorio Nacional 5G, una iniciativa impulsada por Mobile World Capital, el\u00a0Ministerio de Asuntos Econ\u00f3micos y Transformaci\u00f3n Digital\u00a0y Red.es<\/strong>, sponsors del evento.<\/p>\n","protected":false},"author":2,"featured_media":1834,"comment_status":"open","ping_status":"closed","sticky":false,"template":"","format":"standard","meta":{"_acf_changed":false,"footnotes":""},"categories":[14],"tags":[],"class_list":["post-1836","post","type-post","status-publish","format-standard","has-post-thumbnail","hentry","category-noticias-5g-forum"],"acf":[],"yoast_head":"<!-- This site is optimized with the Yoast SEO plugin v27.5 - https:\/\/yoast.com\/product\/yoast-seo-wordpress\/ -->\n<title>EL CAMBIO EN EL CONSUMO AUDIOVISUAL: A AN\u00c1LISIS POR LA EBU EN EL 5G FORUM - Medina Media EVENTS<\/title>\n<meta name=\"robots\" content=\"index, follow, max-snippet:-1, max-image-preview:large, max-video-preview:-1\" \/>\n<link rel=\"canonical\" href=\"https:\/\/www.medinamediaevents.com\/es\/el-cambio-en-el-consumo-audiovisual-a-analisis-por-la-ebu-en-el-5g-forum\/\" \/>\n<meta property=\"og:locale\" content=\"es_ES\" \/>\n<meta property=\"og:type\" content=\"article\" \/>\n<meta property=\"og:title\" content=\"EL CAMBIO EN EL CONSUMO AUDIOVISUAL: A AN\u00c1LISIS POR LA EBU EN EL 5G FORUM - Medina Media EVENTS\" \/>\n<meta property=\"og:description\" content=\"La principal alianza mundial de medios audiovisuales de servicio p\u00fablico, EBU-UER (Eurovisi\u00f3n), participar\u00e1 en el 5G Forum, el\u00a0principal evento de tecnolog\u00eda 5G en Espa\u00f1a, para aportar su visi\u00f3n de c\u00f3mo va a cambiar el consumo audiovisual en los pr\u00f3ximos a\u00f1os, y especialmente despu\u00e9s de la crisis del coronavirus.  Desde la Uni\u00f3n Europea de Radiodifusi\u00f3n (UER, EBU por sus siglas en ingl\u00e9s),\u00a0Elena Puigrefagut, Senior Project Manager de Tecnolog\u00eda e Innovaci\u00f3n de la EBU-UER, presentar\u00e1 desde Suiza la iniciativa \u201c5G Media Action Group (5G-MAG)\u201d que recientemente han puesto en marcha las televisiones p\u00fablicas europeas.    La EBU la integran\u00a0116 miembros, que a trav\u00e9s de m\u00e1s de\u00a02.000 canales de televisi\u00f3n y radio, alcanzan diariamente\u00a0una audiencia de m\u00e1s de 1.000 millones de personas en 56 pa\u00edses.\u00a0\u201cLos j\u00f3venes ven cada vez m\u00e1s televisi\u00f3n por Internet. El consumo de televisi\u00f3n en Internet crece muy r\u00e1pidamente. El comportamiento de la audiencia est\u00e1 cambiando. Los espectadores y oyentes consumen cada vez m\u00e1s contenido bajo demanda en l\u00ednea. Y las televisiones p\u00fablicas tienen que adaptarse a ello\u201d, avanza Puigrefagut.  Sin embargo, la distribuci\u00f3n basada en Internet tiene una serie de desaf\u00edos para los servicios p\u00fablicos de radiodifusi\u00f3n. En su presentaci\u00f3n, Elena Puigrefagut\u00a0analizar\u00e1 esos desaf\u00edos y el trabajo que realizan los servicios p\u00fablicos de radiodifusi\u00f3n para garantizar que una futura transmisi\u00f3n en 5G se pueda adaptar a sus requisitos.  https:\/\/vimeo.com\/409524504  El 5G Forum 2020 es el principal evento espec\u00edfico sobre 5G que se celebra en Espa\u00f1a, y celebra su tercera edici\u00f3n los pr\u00f3ximos 6 y 7 de mayo, de forma virtual, de la mano de grandes compa\u00f1\u00edas l\u00edderes en 5G como son\u00a0Samsung, Vodafone Business, Cisco, 5Genesis, Intracom Telecom, Huawei, Hispasat, Impulsa Visi\u00f3n RTVE, Nokia, Axi\u00f3n y el Observatorio Nacional 5G, una iniciativa impulsada por Mobile World Capital, el\u00a0Ministerio de Asuntos Econ\u00f3micos y Transformaci\u00f3n Digital\u00a0y Red.es, sponsors del evento.\" \/>\n<meta property=\"og:url\" content=\"https:\/\/www.medinamediaevents.com\/es\/el-cambio-en-el-consumo-audiovisual-a-analisis-por-la-ebu-en-el-5g-forum\/\" \/>\n<meta property=\"og:site_name\" content=\"Medina Media EVENTS\" \/>\n<meta property=\"article:published_time\" content=\"2020-04-20T06:24:08+00:00\" \/>\n<meta property=\"og:image\" content=\"https:\/\/www.medinamediaevents.com\/web\/wp-content\/uploads\/2020\/04\/47689202172_7cafd8c288_c.jpg\" \/>\n\t<meta property=\"og:image:width\" content=\"799\" \/>\n\t<meta property=\"og:image:height\" content=\"533\" \/>\n\t<meta property=\"og:image:type\" content=\"image\/jpeg\" \/>\n<meta name=\"author\" content=\"MME\" \/>\n<meta name=\"twitter:card\" content=\"summary_large_image\" \/>\n<meta name=\"twitter:label1\" content=\"Escrito por\" \/>\n\t<meta name=\"twitter:data1\" content=\"MME\" \/>\n\t<meta name=\"twitter:label2\" content=\"Tiempo de lectura\" \/>\n\t<meta name=\"twitter:data2\" content=\"2 minutos\" \/>\n<script type=\"application\/ld+json\" class=\"yoast-schema-graph\">{\"@context\":\"https:\\\/\\\/schema.org\",\"@graph\":[{\"@type\":\"Article\",\"@id\":\"https:\\\/\\\/www.medinamediaevents.com\\\/es\\\/el-cambio-en-el-consumo-audiovisual-a-analisis-por-la-ebu-en-el-5g-forum\\\/#article\",\"isPartOf\":{\"@id\":\"https:\\\/\\\/www.medinamediaevents.com\\\/es\\\/el-cambio-en-el-consumo-audiovisual-a-analisis-por-la-ebu-en-el-5g-forum\\\/\"},\"author\":{\"name\":\"MME\",\"@id\":\"https:\\\/\\\/www.medinamediaevents.com\\\/es\\\/#\\\/schema\\\/person\\\/7d2bf7ca8ea9d145a6e6ec897c79311c\"},\"headline\":\"EL CAMBIO EN EL CONSUMO AUDIOVISUAL: A AN\u00c1LISIS POR LA EBU EN EL 5G FORUM\",\"datePublished\":\"2020-04-20T06:24:08+00:00\",\"mainEntityOfPage\":{\"@id\":\"https:\\\/\\\/www.medinamediaevents.com\\\/es\\\/el-cambio-en-el-consumo-audiovisual-a-analisis-por-la-ebu-en-el-5g-forum\\\/\"},\"wordCount\":366,\"commentCount\":0,\"publisher\":{\"@id\":\"https:\\\/\\\/www.medinamediaevents.com\\\/es\\\/#organization\"},\"image\":{\"@id\":\"https:\\\/\\\/www.medinamediaevents.com\\\/es\\\/el-cambio-en-el-consumo-audiovisual-a-analisis-por-la-ebu-en-el-5g-forum\\\/#primaryimage\"},\"thumbnailUrl\":\"https:\\\/\\\/www.medinamediaevents.com\\\/web\\\/wp-content\\\/uploads\\\/2020\\\/04\\\/47689202172_7cafd8c288_c.jpg\",\"articleSection\":[\"5G FORUM\"],\"inLanguage\":\"es\"},{\"@type\":\"WebPage\",\"@id\":\"https:\\\/\\\/www.medinamediaevents.com\\\/es\\\/el-cambio-en-el-consumo-audiovisual-a-analisis-por-la-ebu-en-el-5g-forum\\\/\",\"url\":\"https:\\\/\\\/www.medinamediaevents.com\\\/es\\\/el-cambio-en-el-consumo-audiovisual-a-analisis-por-la-ebu-en-el-5g-forum\\\/\",\"name\":\"EL CAMBIO EN EL CONSUMO AUDIOVISUAL: A AN\u00c1LISIS POR LA EBU EN EL 5G FORUM - Medina Media EVENTS\",\"isPartOf\":{\"@id\":\"https:\\\/\\\/www.medinamediaevents.com\\\/es\\\/#website\"},\"primaryImageOfPage\":{\"@id\":\"https:\\\/\\\/www.medinamediaevents.com\\\/es\\\/el-cambio-en-el-consumo-audiovisual-a-analisis-por-la-ebu-en-el-5g-forum\\\/#primaryimage\"},\"image\":{\"@id\":\"https:\\\/\\\/www.medinamediaevents.com\\\/es\\\/el-cambio-en-el-consumo-audiovisual-a-analisis-por-la-ebu-en-el-5g-forum\\\/#primaryimage\"},\"thumbnailUrl\":\"https:\\\/\\\/www.medinamediaevents.com\\\/web\\\/wp-content\\\/uploads\\\/2020\\\/04\\\/47689202172_7cafd8c288_c.jpg\",\"datePublished\":\"2020-04-20T06:24:08+00:00\",\"breadcrumb\":{\"@id\":\"https:\\\/\\\/www.medinamediaevents.com\\\/es\\\/el-cambio-en-el-consumo-audiovisual-a-analisis-por-la-ebu-en-el-5g-forum\\\/#breadcrumb\"},\"inLanguage\":\"es\",\"potentialAction\":[{\"@type\":\"ReadAction\",\"target\":[\"https:\\\/\\\/www.medinamediaevents.com\\\/es\\\/el-cambio-en-el-consumo-audiovisual-a-analisis-por-la-ebu-en-el-5g-forum\\\/\"]}]},{\"@type\":\"ImageObject\",\"inLanguage\":\"es\",\"@id\":\"https:\\\/\\\/www.medinamediaevents.com\\\/es\\\/el-cambio-en-el-consumo-audiovisual-a-analisis-por-la-ebu-en-el-5g-forum\\\/#primaryimage\",\"url\":\"https:\\\/\\\/www.medinamediaevents.com\\\/web\\\/wp-content\\\/uploads\\\/2020\\\/04\\\/47689202172_7cafd8c288_c.jpg\",\"contentUrl\":\"https:\\\/\\\/www.medinamediaevents.com\\\/web\\\/wp-content\\\/uploads\\\/2020\\\/04\\\/47689202172_7cafd8c288_c.jpg\",\"width\":799,\"height\":533},{\"@type\":\"BreadcrumbList\",\"@id\":\"https:\\\/\\\/www.medinamediaevents.com\\\/es\\\/el-cambio-en-el-consumo-audiovisual-a-analisis-por-la-ebu-en-el-5g-forum\\\/#breadcrumb\",\"itemListElement\":[{\"@type\":\"ListItem\",\"position\":1,\"name\":\"Home\",\"item\":\"https:\\\/\\\/www.medinamediaevents.com\\\/es\\\/\"},{\"@type\":\"ListItem\",\"position\":2,\"name\":\"EL CAMBIO EN EL CONSUMO AUDIOVISUAL: A AN\u00c1LISIS POR LA EBU EN EL 5G FORUM\"}]},{\"@type\":\"WebSite\",\"@id\":\"https:\\\/\\\/www.medinamediaevents.com\\\/es\\\/#website\",\"url\":\"https:\\\/\\\/www.medinamediaevents.com\\\/es\\\/\",\"name\":\"Medina Media EVENTS\",\"description\":\"\",\"publisher\":{\"@id\":\"https:\\\/\\\/www.medinamediaevents.com\\\/es\\\/#organization\"},\"potentialAction\":[{\"@type\":\"SearchAction\",\"target\":{\"@type\":\"EntryPoint\",\"urlTemplate\":\"https:\\\/\\\/www.medinamediaevents.com\\\/es\\\/?s={search_term_string}\"},\"query-input\":{\"@type\":\"PropertyValueSpecification\",\"valueRequired\":true,\"valueName\":\"search_term_string\"}}],\"inLanguage\":\"es\"},{\"@type\":\"Organization\",\"@id\":\"https:\\\/\\\/www.medinamediaevents.com\\\/es\\\/#organization\",\"name\":\"Medina Media Events\",\"url\":\"https:\\\/\\\/www.medinamediaevents.com\\\/es\\\/\",\"logo\":{\"@type\":\"ImageObject\",\"inLanguage\":\"es\",\"@id\":\"https:\\\/\\\/www.medinamediaevents.com\\\/es\\\/#\\\/schema\\\/logo\\\/image\\\/\",\"url\":\"https:\\\/\\\/www.medinamediaevents.com\\\/web\\\/wp-content\\\/uploads\\\/2018\\\/11\\\/mm_events_logo2018.png\",\"contentUrl\":\"https:\\\/\\\/www.medinamediaevents.com\\\/web\\\/wp-content\\\/uploads\\\/2018\\\/11\\\/mm_events_logo2018.png\",\"width\":1200,\"height\":750,\"caption\":\"Medina Media Events\"},\"image\":{\"@id\":\"https:\\\/\\\/www.medinamediaevents.com\\\/es\\\/#\\\/schema\\\/logo\\\/image\\\/\"}},{\"@type\":\"Person\",\"@id\":\"https:\\\/\\\/www.medinamediaevents.com\\\/es\\\/#\\\/schema\\\/person\\\/7d2bf7ca8ea9d145a6e6ec897c79311c\",\"name\":\"MME\"}]}<\/script>\n<!-- \/ Yoast SEO plugin. -->","yoast_head_json":{"title":"EL CAMBIO EN EL CONSUMO AUDIOVISUAL: A AN\u00c1LISIS POR LA EBU EN EL 5G FORUM - Medina Media EVENTS","robots":{"index":"index","follow":"follow","max-snippet":"max-snippet:-1","max-image-preview":"max-image-preview:large","max-video-preview":"max-video-preview:-1"},"canonical":"https:\/\/www.medinamediaevents.com\/es\/el-cambio-en-el-consumo-audiovisual-a-analisis-por-la-ebu-en-el-5g-forum\/","og_locale":"es_ES","og_type":"article","og_title":"EL CAMBIO EN EL CONSUMO AUDIOVISUAL: A AN\u00c1LISIS POR LA EBU EN EL 5G FORUM - Medina Media EVENTS","og_description":"La principal alianza mundial de medios audiovisuales de servicio p\u00fablico, EBU-UER (Eurovisi\u00f3n), participar\u00e1 en el 5G Forum, el\u00a0principal evento de tecnolog\u00eda 5G en Espa\u00f1a, para aportar su visi\u00f3n de c\u00f3mo va a cambiar el consumo audiovisual en los pr\u00f3ximos a\u00f1os, y especialmente despu\u00e9s de la crisis del coronavirus.  Desde la Uni\u00f3n Europea de Radiodifusi\u00f3n (UER, EBU por sus siglas en ingl\u00e9s),\u00a0Elena Puigrefagut, Senior Project Manager de Tecnolog\u00eda e Innovaci\u00f3n de la EBU-UER, presentar\u00e1 desde Suiza la iniciativa \u201c5G Media Action Group (5G-MAG)\u201d que recientemente han puesto en marcha las televisiones p\u00fablicas europeas.    La EBU la integran\u00a0116 miembros, que a trav\u00e9s de m\u00e1s de\u00a02.000 canales de televisi\u00f3n y radio, alcanzan diariamente\u00a0una audiencia de m\u00e1s de 1.000 millones de personas en 56 pa\u00edses.\u00a0\u201cLos j\u00f3venes ven cada vez m\u00e1s televisi\u00f3n por Internet. El consumo de televisi\u00f3n en Internet crece muy r\u00e1pidamente. El comportamiento de la audiencia est\u00e1 cambiando. Los espectadores y oyentes consumen cada vez m\u00e1s contenido bajo demanda en l\u00ednea. Y las televisiones p\u00fablicas tienen que adaptarse a ello\u201d, avanza Puigrefagut.  Sin embargo, la distribuci\u00f3n basada en Internet tiene una serie de desaf\u00edos para los servicios p\u00fablicos de radiodifusi\u00f3n. En su presentaci\u00f3n, Elena Puigrefagut\u00a0analizar\u00e1 esos desaf\u00edos y el trabajo que realizan los servicios p\u00fablicos de radiodifusi\u00f3n para garantizar que una futura transmisi\u00f3n en 5G se pueda adaptar a sus requisitos.  https:\/\/vimeo.com\/409524504  El 5G Forum 2020 es el principal evento espec\u00edfico sobre 5G que se celebra en Espa\u00f1a, y celebra su tercera edici\u00f3n los pr\u00f3ximos 6 y 7 de mayo, de forma virtual, de la mano de grandes compa\u00f1\u00edas l\u00edderes en 5G como son\u00a0Samsung, Vodafone Business, Cisco, 5Genesis, Intracom Telecom, Huawei, Hispasat, Impulsa Visi\u00f3n RTVE, Nokia, Axi\u00f3n y el Observatorio Nacional 5G, una iniciativa impulsada por Mobile World Capital, el\u00a0Ministerio de Asuntos Econ\u00f3micos y Transformaci\u00f3n Digital\u00a0y Red.es, sponsors del evento.","og_url":"https:\/\/www.medinamediaevents.com\/es\/el-cambio-en-el-consumo-audiovisual-a-analisis-por-la-ebu-en-el-5g-forum\/","og_site_name":"Medina Media EVENTS","article_published_time":"2020-04-20T06:24:08+00:00","og_image":[{"width":799,"height":533,"url":"https:\/\/www.medinamediaevents.com\/web\/wp-content\/uploads\/2020\/04\/47689202172_7cafd8c288_c.jpg","type":"image\/jpeg"}],"author":"MME","twitter_card":"summary_large_image","twitter_misc":{"Escrito por":"MME","Tiempo de lectura":"2 minutos"},"schema":{"@context":"https:\/\/schema.org","@graph":[{"@type":"Article","@id":"https:\/\/www.medinamediaevents.com\/es\/el-cambio-en-el-consumo-audiovisual-a-analisis-por-la-ebu-en-el-5g-forum\/#article","isPartOf":{"@id":"https:\/\/www.medinamediaevents.com\/es\/el-cambio-en-el-consumo-audiovisual-a-analisis-por-la-ebu-en-el-5g-forum\/"},"author":{"name":"MME","@id":"https:\/\/www.medinamediaevents.com\/es\/#\/schema\/person\/7d2bf7ca8ea9d145a6e6ec897c79311c"},"headline":"EL CAMBIO EN EL CONSUMO AUDIOVISUAL: A AN\u00c1LISIS POR LA EBU EN EL 5G FORUM","datePublished":"2020-04-20T06:24:08+00:00","mainEntityOfPage":{"@id":"https:\/\/www.medinamediaevents.com\/es\/el-cambio-en-el-consumo-audiovisual-a-analisis-por-la-ebu-en-el-5g-forum\/"},"wordCount":366,"commentCount":0,"publisher":{"@id":"https:\/\/www.medinamediaevents.com\/es\/#organization"},"image":{"@id":"https:\/\/www.medinamediaevents.com\/es\/el-cambio-en-el-consumo-audiovisual-a-analisis-por-la-ebu-en-el-5g-forum\/#primaryimage"},"thumbnailUrl":"https:\/\/www.medinamediaevents.com\/web\/wp-content\/uploads\/2020\/04\/47689202172_7cafd8c288_c.jpg","articleSection":["5G FORUM"],"inLanguage":"es"},{"@type":"WebPage","@id":"https:\/\/www.medinamediaevents.com\/es\/el-cambio-en-el-consumo-audiovisual-a-analisis-por-la-ebu-en-el-5g-forum\/","url":"https:\/\/www.medinamediaevents.com\/es\/el-cambio-en-el-consumo-audiovisual-a-analisis-por-la-ebu-en-el-5g-forum\/","name":"EL CAMBIO EN EL CONSUMO AUDIOVISUAL: A AN\u00c1LISIS POR LA EBU EN EL 5G FORUM - Medina Media EVENTS","isPartOf":{"@id":"https:\/\/www.medinamediaevents.com\/es\/#website"},"primaryImageOfPage":{"@id":"https:\/\/www.medinamediaevents.com\/es\/el-cambio-en-el-consumo-audiovisual-a-analisis-por-la-ebu-en-el-5g-forum\/#primaryimage"},"image":{"@id":"https:\/\/www.medinamediaevents.com\/es\/el-cambio-en-el-consumo-audiovisual-a-analisis-por-la-ebu-en-el-5g-forum\/#primaryimage"},"thumbnailUrl":"https:\/\/www.medinamediaevents.com\/web\/wp-content\/uploads\/2020\/04\/47689202172_7cafd8c288_c.jpg","datePublished":"2020-04-20T06:24:08+00:00","breadcrumb":{"@id":"https:\/\/www.medinamediaevents.com\/es\/el-cambio-en-el-consumo-audiovisual-a-analisis-por-la-ebu-en-el-5g-forum\/#breadcrumb"},"inLanguage":"es","potentialAction":[{"@type":"ReadAction","target":["https:\/\/www.medinamediaevents.com\/es\/el-cambio-en-el-consumo-audiovisual-a-analisis-por-la-ebu-en-el-5g-forum\/"]}]},{"@type":"ImageObject","inLanguage":"es","@id":"https:\/\/www.medinamediaevents.com\/es\/el-cambio-en-el-consumo-audiovisual-a-analisis-por-la-ebu-en-el-5g-forum\/#primaryimage","url":"https:\/\/www.medinamediaevents.com\/web\/wp-content\/uploads\/2020\/04\/47689202172_7cafd8c288_c.jpg","contentUrl":"https:\/\/www.medinamediaevents.com\/web\/wp-content\/uploads\/2020\/04\/47689202172_7cafd8c288_c.jpg","width":799,"height":533},{"@type":"BreadcrumbList","@id":"https:\/\/www.medinamediaevents.com\/es\/el-cambio-en-el-consumo-audiovisual-a-analisis-por-la-ebu-en-el-5g-forum\/#breadcrumb","itemListElement":[{"@type":"ListItem","position":1,"name":"Home","item":"https:\/\/www.medinamediaevents.com\/es\/"},{"@type":"ListItem","position":2,"name":"EL CAMBIO EN EL CONSUMO AUDIOVISUAL: A AN\u00c1LISIS POR LA EBU EN EL 5G FORUM"}]},{"@type":"WebSite","@id":"https:\/\/www.medinamediaevents.com\/es\/#website","url":"https:\/\/www.medinamediaevents.com\/es\/","name":"Medina Media EVENTS","description":"","publisher":{"@id":"https:\/\/www.medinamediaevents.com\/es\/#organization"},"potentialAction":[{"@type":"SearchAction","target":{"@type":"EntryPoint","urlTemplate":"https:\/\/www.medinamediaevents.com\/es\/?s={search_term_string}"},"query-input":{"@type":"PropertyValueSpecification","valueRequired":true,"valueName":"search_term_string"}}],"inLanguage":"es"},{"@type":"Organization","@id":"https:\/\/www.medinamediaevents.com\/es\/#organization","name":"Medina Media Events","url":"https:\/\/www.medinamediaevents.com\/es\/","logo":{"@type":"ImageObject","inLanguage":"es","@id":"https:\/\/www.medinamediaevents.com\/es\/#\/schema\/logo\/image\/","url":"https:\/\/www.medinamediaevents.com\/web\/wp-content\/uploads\/2018\/11\/mm_events_logo2018.png","contentUrl":"https:\/\/www.medinamediaevents.com\/web\/wp-content\/uploads\/2018\/11\/mm_events_logo2018.png","width":1200,"height":750,"caption":"Medina Media Events"},"image":{"@id":"https:\/\/www.medinamediaevents.com\/es\/#\/schema\/logo\/image\/"}},{"@type":"Person","@id":"https:\/\/www.medinamediaevents.com\/es\/#\/schema\/person\/7d2bf7ca8ea9d145a6e6ec897c79311c","name":"MME"}]}},"_links":{"self":[{"href":"https:\/\/www.medinamediaevents.com\/es\/wp-json\/wp\/v2\/posts\/1836","targetHints":{"allow":["GET"]}}],"collection":[{"href":"https:\/\/www.medinamediaevents.com\/es\/wp-json\/wp\/v2\/posts"}],"about":[{"href":"https:\/\/www.medinamediaevents.com\/es\/wp-json\/wp\/v2\/types\/post"}],"author":[{"embeddable":true,"href":"https:\/\/www.medinamediaevents.com\/es\/wp-json\/wp\/v2\/users\/2"}],"replies":[{"embeddable":true,"href":"https:\/\/www.medinamediaevents.com\/es\/wp-json\/wp\/v2\/comments?post=1836"}],"version-history":[{"count":0,"href":"https:\/\/www.medinamediaevents.com\/es\/wp-json\/wp\/v2\/posts\/1836\/revisions"}],"wp:featuredmedia":[{"embeddable":true,"href":"https:\/\/www.medinamediaevents.com\/es\/wp-json\/wp\/v2\/media\/1834"}],"wp:attachment":[{"href":"https:\/\/www.medinamediaevents.com\/es\/wp-json\/wp\/v2\/media?parent=1836"}],"wp:term":[{"taxonomy":"category","embeddable":true,"href":"https:\/\/www.medinamediaevents.com\/es\/wp-json\/wp\/v2\/categories?post=1836"},{"taxonomy":"post_tag","embeddable":true,"href":"https:\/\/www.medinamediaevents.com\/es\/wp-json\/wp\/v2\/tags?post=1836"}],"curies":[{"name":"wp","href":"https:\/\/api.w.org\/{rel}","templated":true}]}}