{"id":1796,"date":"2020-04-14T09:03:15","date_gmt":"2020-04-14T07:03:15","guid":{"rendered":"https:\/\/www.medinamediaevents.com\/?p=1796"},"modified":"2020-04-14T09:03:15","modified_gmt":"2020-04-14T07:03:15","slug":"el-5gforum-virtual-abre-registro-y-publica-su-agenda","status":"publish","type":"post","link":"https:\/\/www.medinamediaevents.com\/es\/el-5gforum-virtual-abre-registro-y-publica-su-agenda\/","title":{"rendered":"EL 5GFORUM VIRTUAL ABRE REGISTRO Y PUBLICA SU AGENDA"},"content":{"rendered":"<h4 class=\"null\">Reunir\u00e1 virtualmente el 6 y 7 de mayo a los principales expertos, multinacionales y operadores 5G<\/h4>\n<p>El 5GForum Virtual reunir\u00e1 los pr\u00f3ximos 6 y 7 de mayo a los principales expertos, multinacionales y operadores para hacer un\u00a0<strong>repaso de todas las novedades en torno al 5G, compartir opiniones y hacer \u201cnetworking\u201d.<\/strong><\/p>\n<p>El 5GForum Virtual es una oportunidad \u00fanica de conocer los \u00faltimos avances realizados en el \u00e1mbito del 5G, de la mano de profesionales y grandes compa\u00f1\u00edas como\u00a0<strong>Samsung, Vodafone Business, Cisco, 5Genesis, Intracom Telecom, Huawei, Hispasat, Impulsa Visi\u00f3n RTVE, Nokia y Axi\u00f3n<\/strong>, sponsors del evento.<\/p>\n<p><em>\u201cLa cancelaci\u00f3n del Mobile World Congress de Barcelona, y de otras muchas mega-ferias mundiales, ha impedido que haya un lugar de encuentro donde todos los agentes del desarrollo en el mundo del\u00a05G pongan en com\u00fan sus experiencias, sus propuestas, sus ideas y sus avances.\u00a0<strong>Y el 5GForum 2020 s\u00ed lo ser\u00e1<\/strong>\u201d<\/em>, afirma Ricardo Medina, CEO de Medina Media Events.<\/p>\n<p><iframe loading=\"lazy\" title=\"5G20 QUI\u00c9NES PARTICIPAN\" src=\"https:\/\/player.vimeo.com\/video\/407218029?dnt=1&amp;app_id=122963\" width=\"500\" height=\"281\" frameborder=\"0\" allow=\"autoplay; fullscreen; picture-in-picture; clipboard-write\"><\/iframe><\/p>\n<p>Para ello, Medina Media Events, organizadora del evento, ha habilitado una plataforma desde donde los inscritos podr\u00e1n\u00a0<strong>seguir las sesiones por streaming, adem\u00e1s de consultar demos y hacer networking, incluso organizar v\u00eddeo-reuniones\u00a0<\/strong>con ponentes y asistentes.<\/p>\n<p>El 5GForum cuenta con el apoyo y la participaci\u00f3n de los principales \u201cspeakers\u201d del Gobierno central y de los organismos europeos. Ser\u00e1\u00a0<strong>Peter Stuckmann, Jefe de Unidad de Sistemas de Conectividad Futura en la Comisi\u00f3n Europea<\/strong>, quien abrir\u00e1 el principal evento de 5G en Espa\u00f1a, y el primero virtual.<\/p>\n<p><strong>Maite Arcos, la Directora General de Telecomunicaciones y Ordenaci\u00f3n de los Servicios de Comunicaci\u00f3n Audiovisual<\/strong>, tambi\u00e9n dar\u00e1 la bienvenida a todos los asistentes virtuales al evento.<\/p>\n<p><strong>Federico Ruiz, Director del Observatorio Nacional del 5G (ON5G),\u00a0<\/strong>le seguir\u00e1 con un informe sobre el 5G en un momento tan clave como es el actual.<\/p>\n<p><strong>CASOS DE USO 5G, DE LA MANO DE GRANDES MULTINACIONALES<\/strong><\/p>\n<p><strong>David Cierco, director general de Red.es<\/strong>, har\u00e1 la introducci\u00f3n a la participaci\u00f3n de\u00a0<strong>Vodafone Business que, a trav\u00e9s del Director General de Empresas de Vodafone Espa\u00f1a, Daniel Jim\u00e9nez,\u00a0<\/strong>mostrar\u00e1 algunos de los 32 casos pr\u00e1cticos de uso en los que la operadora est\u00e1 aplicando los beneficios de la tecnolog\u00eda 5G en los sectores de energ\u00eda, industria, ciudades inteligentes, turismo, agricultura, sanidad y dependencia, seguridad, emergencias y defensa, sociedad y econom\u00eda digital.<\/p>\n<p>Otras grandes multinacionales como\u00a0<strong>Cisco, a trav\u00e9s de Jos\u00e9 \u00c1ngel L\u00f3pez Mayoralas, Jefe de Servicios de Validaci\u00f3n de Soluciones<\/strong>, presentar\u00e1 el caso de uso de Rakuten: primera red m\u00f3vil 5G basada en Software.<\/p>\n<p><strong>Samsung Networks Europe tambi\u00e9n participar\u00e1 un a\u00f1o m\u00e1s. Ser\u00e1 Daniel Borr\u00e1s, director de M\u00e1rketing y Desarrollo de Negocio<\/strong>, quien exponga la visi\u00f3n de la multinacional coreana.<\/p>\n<p>Por su parte\u00a0<strong>Nokia, de la mano de \u00c1lvaro Villegas, director del Nokia Bell Labs en Espa\u00f1a<\/strong>, presentar\u00e1 distintos casos de uso del 5G, como un proyecto de \u00abtelepresencia inmersiva\u00bb y otro sobre conducci\u00f3n remota.<\/p>\n<p><strong>Intracom Telecom<\/strong>, tambi\u00e9n participar\u00e1 en la primera jornada del 5GForum Virtual, y su\u00a0<strong>Vicepresidente de ventas en Iberia e Italia, Ercole Rovida<\/strong>, hablar\u00e1 sobre el papel de las \u201cmega-tendencias\u201d en el futuro del 5G.<\/p>\n<p>Adem\u00e1s, el proyecto 5GENESIS presentar\u00e1 las pruebas m\u00e1s punteras que han desarrollado, entre las que se encuentran las realizadas con cuerpos de seguridad, como la polic\u00eda local de M\u00e1laga. Ser\u00e1\u00a0<strong>Pedro Merino, director, y \u00d3scar Fajardo, CEO de Nemergent Solutions<\/strong>, quienes lo expongan.<\/p>\n<p><strong>VISI\u00d3N DE LOS OPERADORES, PROYECTOS EUROPEOS Y SITUACI\u00d3N EN ESPA\u00d1A<\/strong><\/p>\n<p>La segunda jornada del 5G Forum Virtual 2020, abrir\u00e1 con\u00a0<strong>Jos\u00e9 Capote, Director de Soluciones Integradas de la Unidad de Negocio de Operadores de Huawei Espa\u00f1a<\/strong>, que presentar\u00e1 su visi\u00f3n sobre el 5G y casos de uso. Le seguir\u00e1n\u00a0<strong>Telef\u00f3nica, representada por Mercedes Fern\u00e1ndez, Gerente de Innovaci\u00f3n<\/strong>; y\u00a0<strong>Orange, con Luis Delgado, Director del Programa 5G.\u00a0<\/strong><\/p>\n<p><strong>Hispasat, de la mano de In\u00e9s Sanz, Gerente de Ingenier\u00eda de Clientes<\/strong>, explicar\u00e1 por qu\u00e9 el sat\u00e9lite es clave para llevar el 5G a zonas remotas. Por su parte,<strong>\u00a0Axi\u00f3n\u00a0<\/strong>har\u00e1 una breve introducci\u00f3n a los sistemas de cobertura en zonas con alta densidad de usuarios.<\/p>\n<p>Adem\u00e1s, el\u00a0<strong>proyecto paneuropeo 5G-IA\u00a0<\/strong>dar\u00e1 una visi\u00f3n panor\u00e1mica de las experiencias 5G paneuropeas, representado por uno de sus Board Members,\u00a0<strong>Carles Ant\u00f3n-Haro<\/strong>.<\/p>\n<p>Uno de los proyectos H2020, Locus, ser\u00e1 presentado por\u00a0<strong>Raquel Barco, vicerrectora del Smart Campus de la Universidad de M\u00e1laga<\/strong>. Tambi\u00e9n estar\u00e1 presente la\u00a0<strong>Universidad Polit\u00e9cnica de Valencia, de la mano de Narc\u00eds Cardona, director del i-Team.<\/strong><\/p>\n<p>La difusi\u00f3n lineal de contenidos a trav\u00e9s de redes 5G ser\u00e1 un tema abordado por\u00a0<strong>Impulsa Visi\u00f3n RTVE<\/strong>, concretamente por Esteban Mayoral, Subdirector de Gesti\u00f3n de Centro de Innovaci\u00f3n de Impulsa Visi\u00f3n RTVE, Adolfo Mu\u00f1oz, director de Redes y Emisi\u00f3n de RTVE, Mar\u00eda del Carmen Aguayo, catedr\u00e1tica de la Universidad de M\u00e1laga, y David Jim\u00e9nez, alumno de la Universidad de M\u00e1laga.<\/p>\n<p>Tambi\u00e9n\u00a0<strong>Pere Vila, director de Estrategia Tecnol\u00f3gica e Innovaci\u00f3n Digital de RTVE<\/strong>\u00a0expondr\u00e1 las nuevas actividades de RTVE en el \u00e1mbito del 5G.<\/p>\n<p>Por parte de la Uni\u00f3n Europea de Radiodifusi\u00f3n (UER), con sede en Suiza, participar\u00e1\u00a0<strong>Elena Puigrefagut, Senior Project Manager de la EBU-UER,\u00a0<\/strong>para hablar del proyecto \u201c5G Media Action Group (5G-MAG)\u201d que recientemente han puesto en marcha las televisiones p\u00fablicas europeas.<\/p>\n<p><strong>Antonio Fern\u00e1ndez-Paniagua, S.G. de Planificaci\u00f3n y Gesti\u00f3n del Espectro Radioel\u00e9ctrico,\u00a0<\/strong>y el principal experto del Ministerio en tecnolog\u00eda 5G, hablar\u00e1 sobre la situaci\u00f3n del 5G en Espa\u00f1a y sobre el proceso de liberalizaci\u00f3n del segundo dividendo digital.<\/p>\n<p>El 5GForum Virtual tambi\u00e9n cuenta con el apoyo de colaboradores como\u00a0<strong>EXTENDA (Agencia Andaluza de Promoci\u00f3n Exterior), Grupo Solutia, la Universidad de M\u00e1laga (UMA), el Colegio Oficial de Graduados e Ingenieros T\u00e9cnicos de Telecomunicaciones de Andaluc\u00eda (COITTA-AAGIT), AOTEC, Fundaci\u00f3n AVA, Cities Forum y la Universidad Polit\u00e9cnica de Valencia (UPV)<\/strong>.<\/p>\n<p>El 5GForum tambi\u00e9n cuenta como Media Partners con\u00a0<strong>Panorama Audiovisual, RTVE, Canal Sur, COPE y Factor\u00eda del Futuro<\/strong>.<\/p>\n<p><iframe loading=\"lazy\" title=\"REGISTRO ABIERTO\" src=\"https:\/\/player.vimeo.com\/video\/407180683?dnt=1&amp;app_id=122963\" width=\"500\" height=\"281\" frameborder=\"0\" allow=\"autoplay; fullscreen; picture-in-picture; clipboard-write\"><\/iframe><\/p>\n","protected":false},"excerpt":{"rendered":"<h4 class=\"null\">Reunir\u00e1 virtualmente el 6 y 7 de mayo a los principales expertos, multinacionales y operadores 5G<\/h4>\n<p>El 5GForum Virtual reunir\u00e1 los pr\u00f3ximos 6 y 7 de mayo a los principales expertos, multinacionales y operadores para hacer un\u00a0<strong>repaso de todas las novedades en torno al 5G, compartir opiniones y hacer \u201cnetworking\u201d.<\/strong><\/p>\n<p>El 5GForum Virtual es una oportunidad \u00fanica de conocer los \u00faltimos avances realizados en el \u00e1mbito del 5G, de la mano de profesionales y grandes compa\u00f1\u00edas como\u00a0<strong>Samsung, Vodafone Business, Cisco, 5Genesis, Intracom Telecom, Huawei, Hispasat, Impulsa Visi\u00f3n RTVE, Nokia y Axi\u00f3n<\/strong>, sponsors del evento.<\/p>\n<p><em>\u201cLa cancelaci\u00f3n del Mobile World Congress de Barcelona, y de otras muchas mega-ferias mundiales, ha impedido que haya un lugar de encuentro donde todos los agentes del desarrollo en el mundo del\u00a05G pongan en com\u00fan sus experiencias, sus propuestas, sus ideas y sus avances.\u00a0<strong>Y el 5GForum 2020 s\u00ed lo ser\u00e1<\/strong>\u201d<\/em>, afirma Ricardo Medina, CEO de Medina Media Events.<\/p>\n<p>https:\/\/vimeo.com\/407218029<\/p>\n<p>Para ello, Medina Media Events, organizadora del evento, ha habilitado una plataforma desde donde los inscritos podr\u00e1n\u00a0<strong>seguir las sesiones por streaming, adem\u00e1s de consultar demos y hacer networking, incluso organizar v\u00eddeo-reuniones\u00a0<\/strong>con ponentes y asistentes.<\/p>\n<p>El 5GForum cuenta con el apoyo y la participaci\u00f3n de los principales \u201cspeakers\u201d del Gobierno central y de los organismos europeos. Ser\u00e1\u00a0<strong>Peter Stuckmann, Jefe de Unidad de Sistemas de Conectividad Futura en la Comisi\u00f3n Europea<\/strong>, quien abrir\u00e1 el principal evento de 5G en Espa\u00f1a, y el primero virtual.<\/p>\n<p><strong>Maite Arcos, la Directora General de Telecomunicaciones y Ordenaci\u00f3n de los Servicios de Comunicaci\u00f3n Audiovisual<\/strong>, tambi\u00e9n dar\u00e1 la bienvenida a todos los asistentes virtuales al evento.<\/p>\n<p><strong>Federico Ruiz, Director del Observatorio Nacional del 5G (ON5G),\u00a0<\/strong>le seguir\u00e1 con un informe sobre el 5G en un momento tan clave como es el actual.<\/p>\n<p><strong>CASOS DE USO 5G, DE LA MANO DE GRANDES MULTINACIONALES<\/strong><\/p>\n<p><strong>David Cierco, director general de Red.es<\/strong>, har\u00e1 la introducci\u00f3n a la participaci\u00f3n de\u00a0<strong>Vodafone Business que, a trav\u00e9s del Director General de Empresas de Vodafone Espa\u00f1a, Daniel Jim\u00e9nez,\u00a0<\/strong>mostrar\u00e1 algunos de los 32 casos pr\u00e1cticos de uso en los que la operadora est\u00e1 aplicando los beneficios de la tecnolog\u00eda 5G en los sectores de energ\u00eda, industria, ciudades inteligentes, turismo, agricultura, sanidad y dependencia, seguridad, emergencias y defensa, sociedad y econom\u00eda digital.<\/p>\n<p>Otras grandes multinacionales como\u00a0<strong>Cisco, a trav\u00e9s de Jos\u00e9 \u00c1ngel L\u00f3pez Mayoralas, Jefe de Servicios de Validaci\u00f3n de Soluciones<\/strong>, presentar\u00e1 el caso de uso de Rakuten: primera red m\u00f3vil 5G basada en Software.<\/p>\n<p><strong>Samsung Networks Europe tambi\u00e9n participar\u00e1 un a\u00f1o m\u00e1s. Ser\u00e1 Daniel Borr\u00e1s, director de M\u00e1rketing y Desarrollo de Negocio<\/strong>, quien exponga la visi\u00f3n de la multinacional coreana.<\/p>\n<p>Por su parte\u00a0<strong>Nokia, de la mano de \u00c1lvaro Villegas, director del Nokia Bell Labs en Espa\u00f1a<\/strong>, presentar\u00e1 distintos casos de uso del 5G, como un proyecto de \u00abtelepresencia inmersiva\u00bb y otro sobre conducci\u00f3n remota.<\/p>\n<p><strong>Intracom Telecom<\/strong>, tambi\u00e9n participar\u00e1 en la primera jornada del 5GForum Virtual, y su\u00a0<strong>Vicepresidente de ventas en Iberia e Italia, Ercole Rovida<\/strong>, hablar\u00e1 sobre el papel de las \u201cmega-tendencias\u201d en el futuro del 5G.<\/p>\n<p>Adem\u00e1s, el proyecto 5GENESIS presentar\u00e1 las pruebas m\u00e1s punteras que han desarrollado, entre las que se encuentran las realizadas con cuerpos de seguridad, como la polic\u00eda local de M\u00e1laga. Ser\u00e1\u00a0<strong>Pedro Merino, director, y \u00d3scar Fajardo, CEO de Nemergent Solutions<\/strong>, quienes lo expongan.<\/p>\n<p><strong>VISI\u00d3N DE LOS OPERADORES, PROYECTOS EUROPEOS Y SITUACI\u00d3N EN ESPA\u00d1A<\/strong><\/p>\n<p>La segunda jornada del 5G Forum Virtual 2020, abrir\u00e1 con\u00a0<strong>Jos\u00e9 Capote, Director de Soluciones Integradas de la Unidad de Negocio de Operadores de Huawei Espa\u00f1a<\/strong>, que presentar\u00e1 su visi\u00f3n sobre el 5G y casos de uso. Le seguir\u00e1n\u00a0<strong>Telef\u00f3nica, representada por Mercedes Fern\u00e1ndez, Gerente de Innovaci\u00f3n<\/strong>; y\u00a0<strong>Orange, con Luis Delgado, Director del Programa 5G.\u00a0<\/strong><\/p>\n<p><strong>Hispasat, de la mano de In\u00e9s Sanz, Gerente de Ingenier\u00eda de Clientes<\/strong>, explicar\u00e1 por qu\u00e9 el sat\u00e9lite es clave para llevar el 5G a zonas remotas. Por su parte,<strong>\u00a0Axi\u00f3n\u00a0<\/strong>har\u00e1 una breve introducci\u00f3n a los sistemas de cobertura en zonas con alta densidad de usuarios.<\/p>\n<p>Adem\u00e1s, el\u00a0<strong>proyecto paneuropeo 5G-IA\u00a0<\/strong>dar\u00e1 una visi\u00f3n panor\u00e1mica de las experiencias 5G paneuropeas, representado por uno de sus Board Members,\u00a0<strong>Carles Ant\u00f3n-Haro<\/strong>.<\/p>\n<p>Uno de los proyectos H2020, Locus, ser\u00e1 presentado por\u00a0<strong>Raquel Barco, vicerrectora del Smart Campus de la Universidad de M\u00e1laga<\/strong>. Tambi\u00e9n estar\u00e1 presente la\u00a0<strong>Universidad Polit\u00e9cnica de Valencia, de la mano de Narc\u00eds Cardona, director del i-Team.<\/strong><\/p>\n<p>La difusi\u00f3n lineal de contenidos a trav\u00e9s de redes 5G ser\u00e1 un tema abordado por\u00a0<strong>Impulsa Visi\u00f3n RTVE<\/strong>, concretamente por Esteban Mayoral, Subdirector de Gesti\u00f3n de Centro de Innovaci\u00f3n de Impulsa Visi\u00f3n RTVE, Adolfo Mu\u00f1oz, director de Redes y Emisi\u00f3n de RTVE, Mar\u00eda del Carmen Aguayo, catedr\u00e1tica de la Universidad de M\u00e1laga, y David Jim\u00e9nez, alumno de la Universidad de M\u00e1laga.<\/p>\n<p>Tambi\u00e9n\u00a0<strong>Pere Vila, director de Estrategia Tecnol\u00f3gica e Innovaci\u00f3n Digital de RTVE<\/strong>\u00a0expondr\u00e1 las nuevas actividades de RTVE en el \u00e1mbito del 5G.<\/p>\n<p>Por parte de la Uni\u00f3n Europea de Radiodifusi\u00f3n (UER), con sede en Suiza, participar\u00e1\u00a0<strong>Elena Puigrefagut, Senior Project Manager de la EBU-UER,\u00a0<\/strong>para hablar del proyecto \u201c5G Media Action Group (5G-MAG)\u201d que recientemente han puesto en marcha las televisiones p\u00fablicas europeas.<\/p>\n<p><strong>Antonio Fern\u00e1ndez-Paniagua, S.G. de Planificaci\u00f3n y Gesti\u00f3n del Espectro Radioel\u00e9ctrico,\u00a0<\/strong>y el principal experto del Ministerio en tecnolog\u00eda 5G, hablar\u00e1 sobre la situaci\u00f3n del 5G en Espa\u00f1a y sobre el proceso de liberalizaci\u00f3n del segundo dividendo digital.<\/p>\n<p>El 5GForum Virtual tambi\u00e9n cuenta con el apoyo de colaboradores como\u00a0<strong>EXTENDA (Agencia Andaluza de Promoci\u00f3n Exterior), Grupo Solutia, la Universidad de M\u00e1laga (UMA), el Colegio Oficial de Graduados e Ingenieros T\u00e9cnicos de Telecomunicaciones de Andaluc\u00eda (COITTA-AAGIT), AOTEC, Fundaci\u00f3n AVA, Cities Forum y la Universidad Polit\u00e9cnica de Valencia (UPV)<\/strong>.<\/p>\n<p>El 5GForum tambi\u00e9n cuenta como Media Partners con\u00a0<strong>Panorama Audiovisual, RTVE, Canal Sur, COPE y Factor\u00eda del Futuro<\/strong>.<\/p>\n<p>https:\/\/vimeo.com\/407180683<\/p>\n","protected":false},"author":2,"featured_media":1798,"comment_status":"open","ping_status":"closed","sticky":false,"template":"","format":"standard","meta":{"_acf_changed":false,"footnotes":""},"categories":[14],"tags":[],"class_list":["post-1796","post","type-post","status-publish","format-standard","has-post-thumbnail","hentry","category-noticias-5g-forum"],"acf":[],"yoast_head":"<!-- This site is optimized with the Yoast SEO plugin v27.5 - https:\/\/yoast.com\/product\/yoast-seo-wordpress\/ -->\n<title>EL 5GFORUM VIRTUAL ABRE REGISTRO Y PUBLICA SU AGENDA - Medina Media EVENTS<\/title>\n<meta name=\"robots\" content=\"index, follow, max-snippet:-1, max-image-preview:large, max-video-preview:-1\" \/>\n<link rel=\"canonical\" href=\"https:\/\/www.medinamediaevents.com\/es\/el-5gforum-virtual-abre-registro-y-publica-su-agenda\/\" \/>\n<meta property=\"og:locale\" content=\"es_ES\" \/>\n<meta property=\"og:type\" content=\"article\" \/>\n<meta property=\"og:title\" content=\"EL 5GFORUM VIRTUAL ABRE REGISTRO Y PUBLICA SU AGENDA - Medina Media EVENTS\" \/>\n<meta property=\"og:description\" content=\"Reunir\u00e1 virtualmente el 6 y 7 de mayo a los principales expertos, multinacionales y operadores 5G El 5GForum Virtual reunir\u00e1 los pr\u00f3ximos 6 y 7 de mayo a los principales expertos, multinacionales y operadores para hacer un\u00a0repaso de todas las novedades en torno al 5G, compartir opiniones y hacer \u201cnetworking\u201d.  El 5GForum Virtual es una oportunidad \u00fanica de conocer los \u00faltimos avances realizados en el \u00e1mbito del 5G, de la mano de profesionales y grandes compa\u00f1\u00edas como\u00a0Samsung, Vodafone Business, Cisco, 5Genesis, Intracom Telecom, Huawei, Hispasat, Impulsa Visi\u00f3n RTVE, Nokia y Axi\u00f3n, sponsors del evento.  \u201cLa cancelaci\u00f3n del Mobile World Congress de Barcelona, y de otras muchas mega-ferias mundiales, ha impedido que haya un lugar de encuentro donde todos los agentes del desarrollo en el mundo del\u00a05G pongan en com\u00fan sus experiencias, sus propuestas, sus ideas y sus avances.\u00a0Y el 5GForum 2020 s\u00ed lo ser\u00e1\u201d, afirma Ricardo Medina, CEO de Medina Media Events.  https:\/\/vimeo.com\/407218029  Para ello, Medina Media Events, organizadora del evento, ha habilitado una plataforma desde donde los inscritos podr\u00e1n\u00a0seguir las sesiones por streaming, adem\u00e1s de consultar demos y hacer networking, incluso organizar v\u00eddeo-reuniones\u00a0con ponentes y asistentes.  El 5GForum cuenta con el apoyo y la participaci\u00f3n de los principales \u201cspeakers\u201d del Gobierno central y de los organismos europeos. Ser\u00e1\u00a0Peter Stuckmann, Jefe de Unidad de Sistemas de Conectividad Futura en la Comisi\u00f3n Europea, quien abrir\u00e1 el principal evento de 5G en Espa\u00f1a, y el primero virtual.  Maite Arcos, la Directora General de Telecomunicaciones y Ordenaci\u00f3n de los Servicios de Comunicaci\u00f3n Audiovisual, tambi\u00e9n dar\u00e1 la bienvenida a todos los asistentes virtuales al evento.  Federico Ruiz, Director del Observatorio Nacional del 5G (ON5G),\u00a0le seguir\u00e1 con un informe sobre el 5G en un momento tan clave como es el actual.  CASOS DE USO 5G, DE LA MANO DE GRANDES MULTINACIONALES  David Cierco, director general de Red.es, har\u00e1 la introducci\u00f3n a la participaci\u00f3n de\u00a0Vodafone Business que, a trav\u00e9s del Director General de Empresas de Vodafone Espa\u00f1a, Daniel Jim\u00e9nez,\u00a0mostrar\u00e1 algunos de los 32 casos pr\u00e1cticos de uso en los que la operadora est\u00e1 aplicando los beneficios de la tecnolog\u00eda 5G en los sectores de energ\u00eda, industria, ciudades inteligentes, turismo, agricultura, sanidad y dependencia, seguridad, emergencias y defensa, sociedad y econom\u00eda digital.  Otras grandes multinacionales como\u00a0Cisco, a trav\u00e9s de Jos\u00e9 \u00c1ngel L\u00f3pez Mayoralas, Jefe de Servicios de Validaci\u00f3n de Soluciones, presentar\u00e1 el caso de uso de Rakuten: primera red m\u00f3vil 5G basada en Software.  Samsung Networks Europe tambi\u00e9n participar\u00e1 un a\u00f1o m\u00e1s. Ser\u00e1 Daniel Borr\u00e1s, director de M\u00e1rketing y Desarrollo de Negocio, quien exponga la visi\u00f3n de la multinacional coreana.  Por su parte\u00a0Nokia, de la mano de \u00c1lvaro Villegas, director del Nokia Bell Labs en Espa\u00f1a, presentar\u00e1 distintos casos de uso del 5G, como un proyecto de &quot;telepresencia inmersiva&quot; y otro sobre conducci\u00f3n remota.  Intracom Telecom, tambi\u00e9n participar\u00e1 en la primera jornada del 5GForum Virtual, y su\u00a0Vicepresidente de ventas en Iberia e Italia, Ercole Rovida, hablar\u00e1 sobre el papel de las \u201cmega-tendencias\u201d en el futuro del 5G.  Adem\u00e1s, el proyecto 5GENESIS presentar\u00e1 las pruebas m\u00e1s punteras que han desarrollado, entre las que se encuentran las realizadas con cuerpos de seguridad, como la polic\u00eda local de M\u00e1laga. Ser\u00e1\u00a0Pedro Merino, director, y \u00d3scar Fajardo, CEO de Nemergent Solutions, quienes lo expongan.  VISI\u00d3N DE LOS OPERADORES, PROYECTOS EUROPEOS Y SITUACI\u00d3N EN ESPA\u00d1A  La segunda jornada del 5G Forum Virtual 2020, abrir\u00e1 con\u00a0Jos\u00e9 Capote, Director de Soluciones Integradas de la Unidad de Negocio de Operadores de Huawei Espa\u00f1a, que presentar\u00e1 su visi\u00f3n sobre el 5G y casos de uso. Le seguir\u00e1n\u00a0Telef\u00f3nica, representada por Mercedes Fern\u00e1ndez, Gerente de Innovaci\u00f3n; y\u00a0Orange, con Luis Delgado, Director del Programa 5G.\u00a0  Hispasat, de la mano de In\u00e9s Sanz, Gerente de Ingenier\u00eda de Clientes, explicar\u00e1 por qu\u00e9 el sat\u00e9lite es clave para llevar el 5G a zonas remotas. Por su parte,\u00a0Axi\u00f3n\u00a0har\u00e1 una breve introducci\u00f3n a los sistemas de cobertura en zonas con alta densidad de usuarios.  Adem\u00e1s, el\u00a0proyecto paneuropeo 5G-IA\u00a0dar\u00e1 una visi\u00f3n panor\u00e1mica de las experiencias 5G paneuropeas, representado por uno de sus Board Members,\u00a0Carles Ant\u00f3n-Haro.  Uno de los proyectos H2020, Locus, ser\u00e1 presentado por\u00a0Raquel Barco, vicerrectora del Smart Campus de la Universidad de M\u00e1laga. Tambi\u00e9n estar\u00e1 presente la\u00a0Universidad Polit\u00e9cnica de Valencia, de la mano de Narc\u00eds Cardona, director del i-Team.  La difusi\u00f3n lineal de contenidos a trav\u00e9s de redes 5G ser\u00e1 un tema abordado por\u00a0Impulsa Visi\u00f3n RTVE, concretamente por Esteban Mayoral, Subdirector de Gesti\u00f3n de Centro de Innovaci\u00f3n de Impulsa Visi\u00f3n RTVE, Adolfo Mu\u00f1oz, director de Redes y Emisi\u00f3n de RTVE, Mar\u00eda del Carmen Aguayo, catedr\u00e1tica de la Universidad de M\u00e1laga, y David Jim\u00e9nez, alumno de la Universidad de M\u00e1laga.  Tambi\u00e9n\u00a0Pere Vila, director de Estrategia Tecnol\u00f3gica e Innovaci\u00f3n Digital de RTVE\u00a0expondr\u00e1 las nuevas actividades de RTVE en el \u00e1mbito del 5G.  Por parte de la Uni\u00f3n Europea de Radiodifusi\u00f3n (UER), con sede en Suiza, participar\u00e1\u00a0Elena Puigrefagut, Senior Project Manager de la EBU-UER,\u00a0para hablar del proyecto \u201c5G Media Action Group (5G-MAG)\u201d que recientemente han puesto en marcha las televisiones p\u00fablicas europeas.  Antonio Fern\u00e1ndez-Paniagua, S.G. de Planificaci\u00f3n y Gesti\u00f3n del Espectro Radioel\u00e9ctrico,\u00a0y el principal experto del Ministerio en tecnolog\u00eda 5G, hablar\u00e1 sobre la situaci\u00f3n del 5G en Espa\u00f1a y sobre el proceso de liberalizaci\u00f3n del segundo dividendo digital.  El 5GForum Virtual tambi\u00e9n cuenta con el apoyo de colaboradores como\u00a0EXTENDA (Agencia Andaluza de Promoci\u00f3n Exterior), Grupo Solutia, la Universidad de M\u00e1laga (UMA), el Colegio Oficial de Graduados e Ingenieros T\u00e9cnicos de Telecomunicaciones de Andaluc\u00eda (COITTA-AAGIT), AOTEC, Fundaci\u00f3n AVA, Cities Forum y la Universidad Polit\u00e9cnica de Valencia (UPV).  El 5GForum tambi\u00e9n cuenta como Media Partners con\u00a0Panorama Audiovisual, RTVE, Canal Sur, COPE y Factor\u00eda del Futuro.  https:\/\/vimeo.com\/407180683\" \/>\n<meta property=\"og:url\" content=\"https:\/\/www.medinamediaevents.com\/es\/el-5gforum-virtual-abre-registro-y-publica-su-agenda\/\" \/>\n<meta property=\"og:site_name\" content=\"Medina Media EVENTS\" \/>\n<meta property=\"article:published_time\" content=\"2020-04-14T07:03:15+00:00\" \/>\n<meta property=\"og:image\" content=\"https:\/\/www.medinamediaevents.com\/web\/wp-content\/uploads\/2020\/04\/b01f6ad5-337f-4160-bedb-e699abd481f6.png\" \/>\n\t<meta property=\"og:image:width\" content=\"3035\" \/>\n\t<meta property=\"og:image:height\" content=\"1920\" \/>\n\t<meta property=\"og:image:type\" content=\"image\/png\" \/>\n<meta name=\"author\" content=\"MME\" \/>\n<meta name=\"twitter:card\" content=\"summary_large_image\" \/>\n<meta name=\"twitter:label1\" content=\"Escrito por\" \/>\n\t<meta name=\"twitter:data1\" content=\"MME\" \/>\n\t<meta name=\"twitter:label2\" content=\"Tiempo de lectura\" \/>\n\t<meta name=\"twitter:data2\" content=\"5 minutos\" \/>\n<script type=\"application\/ld+json\" class=\"yoast-schema-graph\">{\"@context\":\"https:\\\/\\\/schema.org\",\"@graph\":[{\"@type\":\"Article\",\"@id\":\"https:\\\/\\\/www.medinamediaevents.com\\\/es\\\/el-5gforum-virtual-abre-registro-y-publica-su-agenda\\\/#article\",\"isPartOf\":{\"@id\":\"https:\\\/\\\/www.medinamediaevents.com\\\/es\\\/el-5gforum-virtual-abre-registro-y-publica-su-agenda\\\/\"},\"author\":{\"name\":\"MME\",\"@id\":\"https:\\\/\\\/www.medinamediaevents.com\\\/es\\\/#\\\/schema\\\/person\\\/7d2bf7ca8ea9d145a6e6ec897c79311c\"},\"headline\":\"EL 5GFORUM VIRTUAL ABRE REGISTRO Y PUBLICA SU AGENDA\",\"datePublished\":\"2020-04-14T07:03:15+00:00\",\"mainEntityOfPage\":{\"@id\":\"https:\\\/\\\/www.medinamediaevents.com\\\/es\\\/el-5gforum-virtual-abre-registro-y-publica-su-agenda\\\/\"},\"wordCount\":1056,\"commentCount\":0,\"publisher\":{\"@id\":\"https:\\\/\\\/www.medinamediaevents.com\\\/es\\\/#organization\"},\"image\":{\"@id\":\"https:\\\/\\\/www.medinamediaevents.com\\\/es\\\/el-5gforum-virtual-abre-registro-y-publica-su-agenda\\\/#primaryimage\"},\"thumbnailUrl\":\"https:\\\/\\\/www.medinamediaevents.com\\\/web\\\/wp-content\\\/uploads\\\/2020\\\/04\\\/b01f6ad5-337f-4160-bedb-e699abd481f6.png\",\"articleSection\":[\"5G FORUM\"],\"inLanguage\":\"es\"},{\"@type\":\"WebPage\",\"@id\":\"https:\\\/\\\/www.medinamediaevents.com\\\/es\\\/el-5gforum-virtual-abre-registro-y-publica-su-agenda\\\/\",\"url\":\"https:\\\/\\\/www.medinamediaevents.com\\\/es\\\/el-5gforum-virtual-abre-registro-y-publica-su-agenda\\\/\",\"name\":\"EL 5GFORUM VIRTUAL ABRE REGISTRO Y PUBLICA SU AGENDA - Medina Media EVENTS\",\"isPartOf\":{\"@id\":\"https:\\\/\\\/www.medinamediaevents.com\\\/es\\\/#website\"},\"primaryImageOfPage\":{\"@id\":\"https:\\\/\\\/www.medinamediaevents.com\\\/es\\\/el-5gforum-virtual-abre-registro-y-publica-su-agenda\\\/#primaryimage\"},\"image\":{\"@id\":\"https:\\\/\\\/www.medinamediaevents.com\\\/es\\\/el-5gforum-virtual-abre-registro-y-publica-su-agenda\\\/#primaryimage\"},\"thumbnailUrl\":\"https:\\\/\\\/www.medinamediaevents.com\\\/web\\\/wp-content\\\/uploads\\\/2020\\\/04\\\/b01f6ad5-337f-4160-bedb-e699abd481f6.png\",\"datePublished\":\"2020-04-14T07:03:15+00:00\",\"breadcrumb\":{\"@id\":\"https:\\\/\\\/www.medinamediaevents.com\\\/es\\\/el-5gforum-virtual-abre-registro-y-publica-su-agenda\\\/#breadcrumb\"},\"inLanguage\":\"es\",\"potentialAction\":[{\"@type\":\"ReadAction\",\"target\":[\"https:\\\/\\\/www.medinamediaevents.com\\\/es\\\/el-5gforum-virtual-abre-registro-y-publica-su-agenda\\\/\"]}]},{\"@type\":\"ImageObject\",\"inLanguage\":\"es\",\"@id\":\"https:\\\/\\\/www.medinamediaevents.com\\\/es\\\/el-5gforum-virtual-abre-registro-y-publica-su-agenda\\\/#primaryimage\",\"url\":\"https:\\\/\\\/www.medinamediaevents.com\\\/web\\\/wp-content\\\/uploads\\\/2020\\\/04\\\/b01f6ad5-337f-4160-bedb-e699abd481f6.png\",\"contentUrl\":\"https:\\\/\\\/www.medinamediaevents.com\\\/web\\\/wp-content\\\/uploads\\\/2020\\\/04\\\/b01f6ad5-337f-4160-bedb-e699abd481f6.png\",\"width\":3035,\"height\":1920},{\"@type\":\"BreadcrumbList\",\"@id\":\"https:\\\/\\\/www.medinamediaevents.com\\\/es\\\/el-5gforum-virtual-abre-registro-y-publica-su-agenda\\\/#breadcrumb\",\"itemListElement\":[{\"@type\":\"ListItem\",\"position\":1,\"name\":\"Home\",\"item\":\"https:\\\/\\\/www.medinamediaevents.com\\\/es\\\/\"},{\"@type\":\"ListItem\",\"position\":2,\"name\":\"EL 5GFORUM VIRTUAL ABRE REGISTRO Y PUBLICA SU AGENDA\"}]},{\"@type\":\"WebSite\",\"@id\":\"https:\\\/\\\/www.medinamediaevents.com\\\/es\\\/#website\",\"url\":\"https:\\\/\\\/www.medinamediaevents.com\\\/es\\\/\",\"name\":\"Medina Media EVENTS\",\"description\":\"\",\"publisher\":{\"@id\":\"https:\\\/\\\/www.medinamediaevents.com\\\/es\\\/#organization\"},\"potentialAction\":[{\"@type\":\"SearchAction\",\"target\":{\"@type\":\"EntryPoint\",\"urlTemplate\":\"https:\\\/\\\/www.medinamediaevents.com\\\/es\\\/?s={search_term_string}\"},\"query-input\":{\"@type\":\"PropertyValueSpecification\",\"valueRequired\":true,\"valueName\":\"search_term_string\"}}],\"inLanguage\":\"es\"},{\"@type\":\"Organization\",\"@id\":\"https:\\\/\\\/www.medinamediaevents.com\\\/es\\\/#organization\",\"name\":\"Medina Media Events\",\"url\":\"https:\\\/\\\/www.medinamediaevents.com\\\/es\\\/\",\"logo\":{\"@type\":\"ImageObject\",\"inLanguage\":\"es\",\"@id\":\"https:\\\/\\\/www.medinamediaevents.com\\\/es\\\/#\\\/schema\\\/logo\\\/image\\\/\",\"url\":\"https:\\\/\\\/www.medinamediaevents.com\\\/web\\\/wp-content\\\/uploads\\\/2018\\\/11\\\/mm_events_logo2018.png\",\"contentUrl\":\"https:\\\/\\\/www.medinamediaevents.com\\\/web\\\/wp-content\\\/uploads\\\/2018\\\/11\\\/mm_events_logo2018.png\",\"width\":1200,\"height\":750,\"caption\":\"Medina Media Events\"},\"image\":{\"@id\":\"https:\\\/\\\/www.medinamediaevents.com\\\/es\\\/#\\\/schema\\\/logo\\\/image\\\/\"}},{\"@type\":\"Person\",\"@id\":\"https:\\\/\\\/www.medinamediaevents.com\\\/es\\\/#\\\/schema\\\/person\\\/7d2bf7ca8ea9d145a6e6ec897c79311c\",\"name\":\"MME\"}]}<\/script>\n<!-- \/ Yoast SEO plugin. -->","yoast_head_json":{"title":"EL 5GFORUM VIRTUAL ABRE REGISTRO Y PUBLICA SU AGENDA - Medina Media EVENTS","robots":{"index":"index","follow":"follow","max-snippet":"max-snippet:-1","max-image-preview":"max-image-preview:large","max-video-preview":"max-video-preview:-1"},"canonical":"https:\/\/www.medinamediaevents.com\/es\/el-5gforum-virtual-abre-registro-y-publica-su-agenda\/","og_locale":"es_ES","og_type":"article","og_title":"EL 5GFORUM VIRTUAL ABRE REGISTRO Y PUBLICA SU AGENDA - Medina Media EVENTS","og_description":"Reunir\u00e1 virtualmente el 6 y 7 de mayo a los principales expertos, multinacionales y operadores 5G El 5GForum Virtual reunir\u00e1 los pr\u00f3ximos 6 y 7 de mayo a los principales expertos, multinacionales y operadores para hacer un\u00a0repaso de todas las novedades en torno al 5G, compartir opiniones y hacer \u201cnetworking\u201d.  El 5GForum Virtual es una oportunidad \u00fanica de conocer los \u00faltimos avances realizados en el \u00e1mbito del 5G, de la mano de profesionales y grandes compa\u00f1\u00edas como\u00a0Samsung, Vodafone Business, Cisco, 5Genesis, Intracom Telecom, Huawei, Hispasat, Impulsa Visi\u00f3n RTVE, Nokia y Axi\u00f3n, sponsors del evento.  \u201cLa cancelaci\u00f3n del Mobile World Congress de Barcelona, y de otras muchas mega-ferias mundiales, ha impedido que haya un lugar de encuentro donde todos los agentes del desarrollo en el mundo del\u00a05G pongan en com\u00fan sus experiencias, sus propuestas, sus ideas y sus avances.\u00a0Y el 5GForum 2020 s\u00ed lo ser\u00e1\u201d, afirma Ricardo Medina, CEO de Medina Media Events.  https:\/\/vimeo.com\/407218029  Para ello, Medina Media Events, organizadora del evento, ha habilitado una plataforma desde donde los inscritos podr\u00e1n\u00a0seguir las sesiones por streaming, adem\u00e1s de consultar demos y hacer networking, incluso organizar v\u00eddeo-reuniones\u00a0con ponentes y asistentes.  El 5GForum cuenta con el apoyo y la participaci\u00f3n de los principales \u201cspeakers\u201d del Gobierno central y de los organismos europeos. Ser\u00e1\u00a0Peter Stuckmann, Jefe de Unidad de Sistemas de Conectividad Futura en la Comisi\u00f3n Europea, quien abrir\u00e1 el principal evento de 5G en Espa\u00f1a, y el primero virtual.  Maite Arcos, la Directora General de Telecomunicaciones y Ordenaci\u00f3n de los Servicios de Comunicaci\u00f3n Audiovisual, tambi\u00e9n dar\u00e1 la bienvenida a todos los asistentes virtuales al evento.  Federico Ruiz, Director del Observatorio Nacional del 5G (ON5G),\u00a0le seguir\u00e1 con un informe sobre el 5G en un momento tan clave como es el actual.  CASOS DE USO 5G, DE LA MANO DE GRANDES MULTINACIONALES  David Cierco, director general de Red.es, har\u00e1 la introducci\u00f3n a la participaci\u00f3n de\u00a0Vodafone Business que, a trav\u00e9s del Director General de Empresas de Vodafone Espa\u00f1a, Daniel Jim\u00e9nez,\u00a0mostrar\u00e1 algunos de los 32 casos pr\u00e1cticos de uso en los que la operadora est\u00e1 aplicando los beneficios de la tecnolog\u00eda 5G en los sectores de energ\u00eda, industria, ciudades inteligentes, turismo, agricultura, sanidad y dependencia, seguridad, emergencias y defensa, sociedad y econom\u00eda digital.  Otras grandes multinacionales como\u00a0Cisco, a trav\u00e9s de Jos\u00e9 \u00c1ngel L\u00f3pez Mayoralas, Jefe de Servicios de Validaci\u00f3n de Soluciones, presentar\u00e1 el caso de uso de Rakuten: primera red m\u00f3vil 5G basada en Software.  Samsung Networks Europe tambi\u00e9n participar\u00e1 un a\u00f1o m\u00e1s. Ser\u00e1 Daniel Borr\u00e1s, director de M\u00e1rketing y Desarrollo de Negocio, quien exponga la visi\u00f3n de la multinacional coreana.  Por su parte\u00a0Nokia, de la mano de \u00c1lvaro Villegas, director del Nokia Bell Labs en Espa\u00f1a, presentar\u00e1 distintos casos de uso del 5G, como un proyecto de \"telepresencia inmersiva\" y otro sobre conducci\u00f3n remota.  Intracom Telecom, tambi\u00e9n participar\u00e1 en la primera jornada del 5GForum Virtual, y su\u00a0Vicepresidente de ventas en Iberia e Italia, Ercole Rovida, hablar\u00e1 sobre el papel de las \u201cmega-tendencias\u201d en el futuro del 5G.  Adem\u00e1s, el proyecto 5GENESIS presentar\u00e1 las pruebas m\u00e1s punteras que han desarrollado, entre las que se encuentran las realizadas con cuerpos de seguridad, como la polic\u00eda local de M\u00e1laga. Ser\u00e1\u00a0Pedro Merino, director, y \u00d3scar Fajardo, CEO de Nemergent Solutions, quienes lo expongan.  VISI\u00d3N DE LOS OPERADORES, PROYECTOS EUROPEOS Y SITUACI\u00d3N EN ESPA\u00d1A  La segunda jornada del 5G Forum Virtual 2020, abrir\u00e1 con\u00a0Jos\u00e9 Capote, Director de Soluciones Integradas de la Unidad de Negocio de Operadores de Huawei Espa\u00f1a, que presentar\u00e1 su visi\u00f3n sobre el 5G y casos de uso. Le seguir\u00e1n\u00a0Telef\u00f3nica, representada por Mercedes Fern\u00e1ndez, Gerente de Innovaci\u00f3n; y\u00a0Orange, con Luis Delgado, Director del Programa 5G.\u00a0  Hispasat, de la mano de In\u00e9s Sanz, Gerente de Ingenier\u00eda de Clientes, explicar\u00e1 por qu\u00e9 el sat\u00e9lite es clave para llevar el 5G a zonas remotas. Por su parte,\u00a0Axi\u00f3n\u00a0har\u00e1 una breve introducci\u00f3n a los sistemas de cobertura en zonas con alta densidad de usuarios.  Adem\u00e1s, el\u00a0proyecto paneuropeo 5G-IA\u00a0dar\u00e1 una visi\u00f3n panor\u00e1mica de las experiencias 5G paneuropeas, representado por uno de sus Board Members,\u00a0Carles Ant\u00f3n-Haro.  Uno de los proyectos H2020, Locus, ser\u00e1 presentado por\u00a0Raquel Barco, vicerrectora del Smart Campus de la Universidad de M\u00e1laga. Tambi\u00e9n estar\u00e1 presente la\u00a0Universidad Polit\u00e9cnica de Valencia, de la mano de Narc\u00eds Cardona, director del i-Team.  La difusi\u00f3n lineal de contenidos a trav\u00e9s de redes 5G ser\u00e1 un tema abordado por\u00a0Impulsa Visi\u00f3n RTVE, concretamente por Esteban Mayoral, Subdirector de Gesti\u00f3n de Centro de Innovaci\u00f3n de Impulsa Visi\u00f3n RTVE, Adolfo Mu\u00f1oz, director de Redes y Emisi\u00f3n de RTVE, Mar\u00eda del Carmen Aguayo, catedr\u00e1tica de la Universidad de M\u00e1laga, y David Jim\u00e9nez, alumno de la Universidad de M\u00e1laga.  Tambi\u00e9n\u00a0Pere Vila, director de Estrategia Tecnol\u00f3gica e Innovaci\u00f3n Digital de RTVE\u00a0expondr\u00e1 las nuevas actividades de RTVE en el \u00e1mbito del 5G.  Por parte de la Uni\u00f3n Europea de Radiodifusi\u00f3n (UER), con sede en Suiza, participar\u00e1\u00a0Elena Puigrefagut, Senior Project Manager de la EBU-UER,\u00a0para hablar del proyecto \u201c5G Media Action Group (5G-MAG)\u201d que recientemente han puesto en marcha las televisiones p\u00fablicas europeas.  Antonio Fern\u00e1ndez-Paniagua, S.G. de Planificaci\u00f3n y Gesti\u00f3n del Espectro Radioel\u00e9ctrico,\u00a0y el principal experto del Ministerio en tecnolog\u00eda 5G, hablar\u00e1 sobre la situaci\u00f3n del 5G en Espa\u00f1a y sobre el proceso de liberalizaci\u00f3n del segundo dividendo digital.  El 5GForum Virtual tambi\u00e9n cuenta con el apoyo de colaboradores como\u00a0EXTENDA (Agencia Andaluza de Promoci\u00f3n Exterior), Grupo Solutia, la Universidad de M\u00e1laga (UMA), el Colegio Oficial de Graduados e Ingenieros T\u00e9cnicos de Telecomunicaciones de Andaluc\u00eda (COITTA-AAGIT), AOTEC, Fundaci\u00f3n AVA, Cities Forum y la Universidad Polit\u00e9cnica de Valencia (UPV).  El 5GForum tambi\u00e9n cuenta como Media Partners con\u00a0Panorama Audiovisual, RTVE, Canal Sur, COPE y Factor\u00eda del Futuro.  https:\/\/vimeo.com\/407180683","og_url":"https:\/\/www.medinamediaevents.com\/es\/el-5gforum-virtual-abre-registro-y-publica-su-agenda\/","og_site_name":"Medina Media EVENTS","article_published_time":"2020-04-14T07:03:15+00:00","og_image":[{"width":3035,"height":1920,"url":"https:\/\/www.medinamediaevents.com\/web\/wp-content\/uploads\/2020\/04\/b01f6ad5-337f-4160-bedb-e699abd481f6.png","type":"image\/png"}],"author":"MME","twitter_card":"summary_large_image","twitter_misc":{"Escrito por":"MME","Tiempo de lectura":"5 minutos"},"schema":{"@context":"https:\/\/schema.org","@graph":[{"@type":"Article","@id":"https:\/\/www.medinamediaevents.com\/es\/el-5gforum-virtual-abre-registro-y-publica-su-agenda\/#article","isPartOf":{"@id":"https:\/\/www.medinamediaevents.com\/es\/el-5gforum-virtual-abre-registro-y-publica-su-agenda\/"},"author":{"name":"MME","@id":"https:\/\/www.medinamediaevents.com\/es\/#\/schema\/person\/7d2bf7ca8ea9d145a6e6ec897c79311c"},"headline":"EL 5GFORUM VIRTUAL ABRE REGISTRO Y PUBLICA SU AGENDA","datePublished":"2020-04-14T07:03:15+00:00","mainEntityOfPage":{"@id":"https:\/\/www.medinamediaevents.com\/es\/el-5gforum-virtual-abre-registro-y-publica-su-agenda\/"},"wordCount":1056,"commentCount":0,"publisher":{"@id":"https:\/\/www.medinamediaevents.com\/es\/#organization"},"image":{"@id":"https:\/\/www.medinamediaevents.com\/es\/el-5gforum-virtual-abre-registro-y-publica-su-agenda\/#primaryimage"},"thumbnailUrl":"https:\/\/www.medinamediaevents.com\/web\/wp-content\/uploads\/2020\/04\/b01f6ad5-337f-4160-bedb-e699abd481f6.png","articleSection":["5G FORUM"],"inLanguage":"es"},{"@type":"WebPage","@id":"https:\/\/www.medinamediaevents.com\/es\/el-5gforum-virtual-abre-registro-y-publica-su-agenda\/","url":"https:\/\/www.medinamediaevents.com\/es\/el-5gforum-virtual-abre-registro-y-publica-su-agenda\/","name":"EL 5GFORUM VIRTUAL ABRE REGISTRO Y PUBLICA SU AGENDA - Medina Media EVENTS","isPartOf":{"@id":"https:\/\/www.medinamediaevents.com\/es\/#website"},"primaryImageOfPage":{"@id":"https:\/\/www.medinamediaevents.com\/es\/el-5gforum-virtual-abre-registro-y-publica-su-agenda\/#primaryimage"},"image":{"@id":"https:\/\/www.medinamediaevents.com\/es\/el-5gforum-virtual-abre-registro-y-publica-su-agenda\/#primaryimage"},"thumbnailUrl":"https:\/\/www.medinamediaevents.com\/web\/wp-content\/uploads\/2020\/04\/b01f6ad5-337f-4160-bedb-e699abd481f6.png","datePublished":"2020-04-14T07:03:15+00:00","breadcrumb":{"@id":"https:\/\/www.medinamediaevents.com\/es\/el-5gforum-virtual-abre-registro-y-publica-su-agenda\/#breadcrumb"},"inLanguage":"es","potentialAction":[{"@type":"ReadAction","target":["https:\/\/www.medinamediaevents.com\/es\/el-5gforum-virtual-abre-registro-y-publica-su-agenda\/"]}]},{"@type":"ImageObject","inLanguage":"es","@id":"https:\/\/www.medinamediaevents.com\/es\/el-5gforum-virtual-abre-registro-y-publica-su-agenda\/#primaryimage","url":"https:\/\/www.medinamediaevents.com\/web\/wp-content\/uploads\/2020\/04\/b01f6ad5-337f-4160-bedb-e699abd481f6.png","contentUrl":"https:\/\/www.medinamediaevents.com\/web\/wp-content\/uploads\/2020\/04\/b01f6ad5-337f-4160-bedb-e699abd481f6.png","width":3035,"height":1920},{"@type":"BreadcrumbList","@id":"https:\/\/www.medinamediaevents.com\/es\/el-5gforum-virtual-abre-registro-y-publica-su-agenda\/#breadcrumb","itemListElement":[{"@type":"ListItem","position":1,"name":"Home","item":"https:\/\/www.medinamediaevents.com\/es\/"},{"@type":"ListItem","position":2,"name":"EL 5GFORUM VIRTUAL ABRE REGISTRO Y PUBLICA SU AGENDA"}]},{"@type":"WebSite","@id":"https:\/\/www.medinamediaevents.com\/es\/#website","url":"https:\/\/www.medinamediaevents.com\/es\/","name":"Medina Media EVENTS","description":"","publisher":{"@id":"https:\/\/www.medinamediaevents.com\/es\/#organization"},"potentialAction":[{"@type":"SearchAction","target":{"@type":"EntryPoint","urlTemplate":"https:\/\/www.medinamediaevents.com\/es\/?s={search_term_string}"},"query-input":{"@type":"PropertyValueSpecification","valueRequired":true,"valueName":"search_term_string"}}],"inLanguage":"es"},{"@type":"Organization","@id":"https:\/\/www.medinamediaevents.com\/es\/#organization","name":"Medina Media Events","url":"https:\/\/www.medinamediaevents.com\/es\/","logo":{"@type":"ImageObject","inLanguage":"es","@id":"https:\/\/www.medinamediaevents.com\/es\/#\/schema\/logo\/image\/","url":"https:\/\/www.medinamediaevents.com\/web\/wp-content\/uploads\/2018\/11\/mm_events_logo2018.png","contentUrl":"https:\/\/www.medinamediaevents.com\/web\/wp-content\/uploads\/2018\/11\/mm_events_logo2018.png","width":1200,"height":750,"caption":"Medina Media Events"},"image":{"@id":"https:\/\/www.medinamediaevents.com\/es\/#\/schema\/logo\/image\/"}},{"@type":"Person","@id":"https:\/\/www.medinamediaevents.com\/es\/#\/schema\/person\/7d2bf7ca8ea9d145a6e6ec897c79311c","name":"MME"}]}},"_links":{"self":[{"href":"https:\/\/www.medinamediaevents.com\/es\/wp-json\/wp\/v2\/posts\/1796","targetHints":{"allow":["GET"]}}],"collection":[{"href":"https:\/\/www.medinamediaevents.com\/es\/wp-json\/wp\/v2\/posts"}],"about":[{"href":"https:\/\/www.medinamediaevents.com\/es\/wp-json\/wp\/v2\/types\/post"}],"author":[{"embeddable":true,"href":"https:\/\/www.medinamediaevents.com\/es\/wp-json\/wp\/v2\/users\/2"}],"replies":[{"embeddable":true,"href":"https:\/\/www.medinamediaevents.com\/es\/wp-json\/wp\/v2\/comments?post=1796"}],"version-history":[{"count":0,"href":"https:\/\/www.medinamediaevents.com\/es\/wp-json\/wp\/v2\/posts\/1796\/revisions"}],"wp:featuredmedia":[{"embeddable":true,"href":"https:\/\/www.medinamediaevents.com\/es\/wp-json\/wp\/v2\/media\/1798"}],"wp:attachment":[{"href":"https:\/\/www.medinamediaevents.com\/es\/wp-json\/wp\/v2\/media?parent=1796"}],"wp:term":[{"taxonomy":"category","embeddable":true,"href":"https:\/\/www.medinamediaevents.com\/es\/wp-json\/wp\/v2\/categories?post=1796"},{"taxonomy":"post_tag","embeddable":true,"href":"https:\/\/www.medinamediaevents.com\/es\/wp-json\/wp\/v2\/tags?post=1796"}],"curies":[{"name":"wp","href":"https:\/\/api.w.org\/{rel}","templated":true}]}}