{"id":1772,"date":"2020-03-24T08:42:04","date_gmt":"2020-03-24T07:42:04","guid":{"rendered":"https:\/\/www.medinamediaevents.com\/?p=1772"},"modified":"2020-03-24T08:42:04","modified_gmt":"2020-03-24T07:42:04","slug":"5gforum-virtual-apoyo-y-participacion-de-los-speakers-del-gobierno-y-de-europa","status":"publish","type":"post","link":"https:\/\/www.medinamediaevents.com\/es\/5gforum-virtual-apoyo-y-participacion-de-los-speakers-del-gobierno-y-de-europa\/","title":{"rendered":"5GFORUM VIRTUAL: APOYO Y PARTICIPACI\u00d3N DE LOS SPEAKERS DEL GOBIERNO Y DE EUROPA"},"content":{"rendered":"<p>El 5GForum, el principal encuentro sobre la tecnolog\u00eda 5G que se celebra en Espa\u00f1a, que mantiene su convocatoria para el 6 y el 7 de mayo y que ser\u00e1 totalmente virtual, ha confirmado hoy\u00a0<strong>el apoyo y la participaci\u00f3n de los principales \u201cspeakers\u201d del Gobierno central y de los organismos europeos<\/strong>.<\/p>\n<p>Por parte del Ministerio de Asuntos Econ\u00f3micos y de Transformaci\u00f3n Digital ser\u00e1\u00a0<strong>Maite Arcos, la Directora General de Telecomunicaciones y Ordenaci\u00f3n de los Servicios de Comunicaci\u00f3n Audiovisual<\/strong>, quien d\u00e9 la bienvenida al evento, el primero virtual que se celebra en Espa\u00f1a sobre 5G.<\/p>\n<p><strong>Antonio Fern\u00e1ndez-Paniagua, el principal experto del Ministerio en esta nueva tecnolog\u00eda<\/strong>, hablar\u00e1 sobre la situaci\u00f3n del 5G en Espa\u00f1a y sobre el proceso de liberalizaci\u00f3n del segundo dividendo digital.<\/p>\n<p>Fern\u00e1ndez-Paniagua, que es\u00a0<strong>Subdirector General de Planificaci\u00f3n y Gesti\u00f3n del Espectro Radioel\u00e9ctrico<\/strong>, ser\u00e1 un a\u00f1o m\u00e1s uno de los \u201cspeakers\u201d estrella del 5GForum, cuyas dos ediciones anteriores se celebraron presencialmente en el Polo Nacional de Contenidos Digitales de M\u00e1laga.<\/p>\n<p><strong>Federico Ruiz, Director del Observatorio Nacional del 5G (ON5G)<\/strong>, tambi\u00e9n ha confirmado su participaci\u00f3n en el 5GForum 2020 para compartir con todos los participantes virtuales el impacto que el 5G est\u00e1 teniendo en Espa\u00f1a, el pa\u00eds europeo que cuenta con la mayor red de fibra \u00f3ptica hasta los hogares.<\/p>\n<p>Por parte de la Uni\u00f3n Europea de Radiodifusi\u00f3n (UER), con sede en Suiza, participar\u00e1\u00a0<strong>Elena Puigrefagut, Senior Project Manager de la EBU-UER<\/strong>, para hablar del proyecto \u201c5G MAG\u201d que recientemente han puesto en marcha las televisiones p\u00fablicas europeas.<\/p>\n<p>Adem\u00e1s, el proyecto paneuropeo 5G-IA contar\u00e1 sus experiencias en el 5GForum a trav\u00e9s de uno de sus Board Members,\u00a0<strong>Carles Ant\u00f3n-Haro<\/strong>.<\/p>\n<p>En los pr\u00f3ximas d\u00edas, la organizaci\u00f3n del 5GForum 2020 anunciar\u00e1 la\u00a0<strong>participaci\u00f3n de las multinacionales, empresas y universidades que ya han confirmado su apoyo\u00a0<\/strong>como patrocinadores en este evento pionero que, frente al imparable n\u00famero de ferias y convenciones que ya se han cancelado por la pandemia del coronavirus, mantiene su cita anual, esta vez de forma virtual.<\/p>\n<p>Medina Media Events, la empresa organizadora del 5GForum,\u00a0<strong>reconfirm\u00f3 el pasado lunes la celebraci\u00f3n de la tercera edici\u00f3n del evento que re\u00fane en su agenda a los principales expertos en Espa\u00f1a de esta Nueva Tecnolog\u00eda<\/strong>, llamada a cambiar la actividad laboral en numerosos sectores de la econom\u00eda digital del siglo XXI.<\/p>\n<p><em>\u201cLa cancelaci\u00f3n del Mobile World Congress de Barcelona, y de otras muchas mega-ferias mundiales, ha impedido que haya un lugar de encuentro donde todos los agentes del desarrollo en el mundo del 5G pongan en com\u00fan sus experiencias, sus propuestas, sus ideas y sus avances. Y el 5GForum 2020 s\u00ed lo ser\u00e1\u201d<\/em>, afirm\u00f3\u00a0<strong>Ricardo Medina, CEO de Medina Media Events<\/strong>.<\/p>\n<p>Medina Media Events, y varias empresas colaboradoras, est\u00e1\u00a0<strong>seleccionando la soluci\u00f3n tecnol\u00f3gica con la que trabajar\u00e1 en la tercera edici\u00f3n del 5GForum<\/strong>.<\/p>\n<p>La agenda oficial del 5GForum 2020 ofrecer\u00e1\u00a0<strong>m\u00e1s de 20 ponencias y varias \u201cmesas redondas\u201d<\/strong>, y adem\u00e1s organizar\u00e1\u00a0<strong>\u201csalas de reuniones virtuales\u201d<\/strong>\u00a0para que los inscritos celebren encuentros de 15 minutos con los \u201cspeakers\u201d o con otros \u201casistentes\u201d con los que quieran establecer contacto y proponerles oportunidades de negocio.<\/p>\n","protected":false},"excerpt":{"rendered":"<p>El 5GForum, el principal encuentro sobre la tecnolog\u00eda 5G que se celebra en Espa\u00f1a, que mantiene su convocatoria para el 6 y el 7 de mayo y que ser\u00e1 totalmente virtual, ha confirmado hoy\u00a0<strong>el apoyo y la participaci\u00f3n de los principales \u201cspeakers\u201d del Gobierno central y de los organismos europeos<\/strong>.<\/p>\n<p>Por parte del Ministerio de Asuntos Econ\u00f3micos y de Transformaci\u00f3n Digital ser\u00e1\u00a0<strong>Maite Arcos, la Directora General de Telecomunicaciones y Ordenaci\u00f3n de los Servicios de Comunicaci\u00f3n Audiovisual<\/strong>, quien d\u00e9 la bienvenida al evento, el primero virtual que se celebra en Espa\u00f1a sobre 5G.<\/p>\n<p><strong>Antonio Fern\u00e1ndez-Paniagua, el principal experto del Ministerio en esta nueva tecnolog\u00eda<\/strong>, hablar\u00e1 sobre la situaci\u00f3n del 5G en Espa\u00f1a y sobre el proceso de liberalizaci\u00f3n del segundo dividendo digital.<\/p>\n<p>Fern\u00e1ndez-Paniagua, que es\u00a0<strong>Subdirector General de Planificaci\u00f3n y Gesti\u00f3n del Espectro Radioel\u00e9ctrico<\/strong>, ser\u00e1 un a\u00f1o m\u00e1s uno de los \u201cspeakers\u201d estrella del 5GForum, cuyas dos ediciones anteriores se celebraron presencialmente en el Polo Nacional de Contenidos Digitales de M\u00e1laga.<\/p>\n<p><strong>Federico Ruiz, Director del Observatorio Nacional del 5G (ON5G)<\/strong>, tambi\u00e9n ha confirmado su participaci\u00f3n en el 5GForum 2020 para compartir con todos los participantes virtuales el impacto que el 5G est\u00e1 teniendo en Espa\u00f1a, el pa\u00eds europeo que cuenta con la mayor red de fibra \u00f3ptica hasta los hogares.<\/p>\n<p>Por parte de la Uni\u00f3n Europea de Radiodifusi\u00f3n (UER), con sede en Suiza, participar\u00e1\u00a0<strong>Elena Puigrefagut, Senior Project Manager de la EBU-UER<\/strong>, para hablar del proyecto \u201c5G MAG\u201d que recientemente han puesto en marcha las televisiones p\u00fablicas europeas.<\/p>\n<p>Adem\u00e1s, el proyecto paneuropeo 5G-IA contar\u00e1 sus experiencias en el 5GForum a trav\u00e9s de uno de sus Board Members,\u00a0<strong>Carles Ant\u00f3n-Haro<\/strong>.<\/p>\n<p>En los pr\u00f3ximas d\u00edas, la organizaci\u00f3n del 5GForum 2020 anunciar\u00e1 la\u00a0<strong>participaci\u00f3n de las multinacionales, empresas y universidades que ya han confirmado su apoyo\u00a0<\/strong>como patrocinadores en este evento pionero que, frente al imparable n\u00famero de ferias y convenciones que ya se han cancelado por la pandemia del coronavirus, mantiene su cita anual, esta vez de forma virtual.<\/p>\n<p>Medina Media Events, la empresa organizadora del 5GForum,\u00a0<strong>reconfirm\u00f3 el pasado lunes la celebraci\u00f3n de la tercera edici\u00f3n del evento que re\u00fane en su agenda a los principales expertos en Espa\u00f1a de esta Nueva Tecnolog\u00eda<\/strong>, llamada a cambiar la actividad laboral en numerosos sectores de la econom\u00eda digital del siglo XXI.<\/p>\n<p><em>\u201cLa cancelaci\u00f3n del Mobile World Congress de Barcelona, y de otras muchas mega-ferias mundiales, ha impedido que haya un lugar de encuentro donde todos los agentes del desarrollo en el mundo del 5G pongan en com\u00fan sus experiencias, sus propuestas, sus ideas y sus avances. Y el 5GForum 2020 s\u00ed lo ser\u00e1\u201d<\/em>, afirm\u00f3\u00a0<strong>Ricardo Medina, CEO de Medina Media Events<\/strong>.<\/p>\n<p>Medina Media Events, y varias empresas colaboradoras, est\u00e1\u00a0<strong>seleccionando la soluci\u00f3n tecnol\u00f3gica con la que trabajar\u00e1 en la tercera edici\u00f3n del 5GForum<\/strong>.<\/p>\n<p>La agenda oficial del 5GForum 2020 ofrecer\u00e1\u00a0<strong>m\u00e1s de 20 ponencias y varias \u201cmesas redondas\u201d<\/strong>, y adem\u00e1s organizar\u00e1\u00a0<strong>\u201csalas de reuniones virtuales\u201d<\/strong>\u00a0para que los inscritos celebren encuentros de 15 minutos con los \u201cspeakers\u201d o con otros \u201casistentes\u201d con los que quieran establecer contacto y proponerles oportunidades de negocio.<\/p>\n","protected":false},"author":2,"featured_media":1773,"comment_status":"open","ping_status":"closed","sticky":false,"template":"","format":"standard","meta":{"_acf_changed":false,"footnotes":""},"categories":[14],"tags":[],"class_list":["post-1772","post","type-post","status-publish","format-standard","has-post-thumbnail","hentry","category-noticias-5g-forum"],"acf":[],"yoast_head":"<!-- This site is optimized with the Yoast SEO plugin v27.5 - https:\/\/yoast.com\/product\/yoast-seo-wordpress\/ -->\n<title>5GFORUM VIRTUAL: APOYO Y PARTICIPACI\u00d3N DE LOS SPEAKERS DEL GOBIERNO Y DE EUROPA - Medina Media EVENTS<\/title>\n<meta name=\"robots\" content=\"index, follow, max-snippet:-1, max-image-preview:large, max-video-preview:-1\" \/>\n<link rel=\"canonical\" href=\"https:\/\/www.medinamediaevents.com\/es\/5gforum-virtual-apoyo-y-participacion-de-los-speakers-del-gobierno-y-de-europa\/\" \/>\n<meta property=\"og:locale\" content=\"es_ES\" \/>\n<meta property=\"og:type\" content=\"article\" \/>\n<meta property=\"og:title\" content=\"5GFORUM VIRTUAL: APOYO Y PARTICIPACI\u00d3N DE LOS SPEAKERS DEL GOBIERNO Y DE EUROPA - Medina Media EVENTS\" \/>\n<meta property=\"og:description\" content=\"El 5GForum, el principal encuentro sobre la tecnolog\u00eda 5G que se celebra en Espa\u00f1a, que mantiene su convocatoria para el 6 y el 7 de mayo y que ser\u00e1 totalmente virtual, ha confirmado hoy\u00a0el apoyo y la participaci\u00f3n de los principales \u201cspeakers\u201d del Gobierno central y de los organismos europeos.  Por parte del Ministerio de Asuntos Econ\u00f3micos y de Transformaci\u00f3n Digital ser\u00e1\u00a0Maite Arcos, la Directora General de Telecomunicaciones y Ordenaci\u00f3n de los Servicios de Comunicaci\u00f3n Audiovisual, quien d\u00e9 la bienvenida al evento, el primero virtual que se celebra en Espa\u00f1a sobre 5G.  Antonio Fern\u00e1ndez-Paniagua, el principal experto del Ministerio en esta nueva tecnolog\u00eda, hablar\u00e1 sobre la situaci\u00f3n del 5G en Espa\u00f1a y sobre el proceso de liberalizaci\u00f3n del segundo dividendo digital.  Fern\u00e1ndez-Paniagua, que es\u00a0Subdirector General de Planificaci\u00f3n y Gesti\u00f3n del Espectro Radioel\u00e9ctrico, ser\u00e1 un a\u00f1o m\u00e1s uno de los \u201cspeakers\u201d estrella del 5GForum, cuyas dos ediciones anteriores se celebraron presencialmente en el Polo Nacional de Contenidos Digitales de M\u00e1laga.  Federico Ruiz, Director del Observatorio Nacional del 5G (ON5G), tambi\u00e9n ha confirmado su participaci\u00f3n en el 5GForum 2020 para compartir con todos los participantes virtuales el impacto que el 5G est\u00e1 teniendo en Espa\u00f1a, el pa\u00eds europeo que cuenta con la mayor red de fibra \u00f3ptica hasta los hogares.  Por parte de la Uni\u00f3n Europea de Radiodifusi\u00f3n (UER), con sede en Suiza, participar\u00e1\u00a0Elena Puigrefagut, Senior Project Manager de la EBU-UER, para hablar del proyecto \u201c5G MAG\u201d que recientemente han puesto en marcha las televisiones p\u00fablicas europeas.  Adem\u00e1s, el proyecto paneuropeo 5G-IA contar\u00e1 sus experiencias en el 5GForum a trav\u00e9s de uno de sus Board Members,\u00a0Carles Ant\u00f3n-Haro.  En los pr\u00f3ximas d\u00edas, la organizaci\u00f3n del 5GForum 2020 anunciar\u00e1 la\u00a0participaci\u00f3n de las multinacionales, empresas y universidades que ya han confirmado su apoyo\u00a0como patrocinadores en este evento pionero que, frente al imparable n\u00famero de ferias y convenciones que ya se han cancelado por la pandemia del coronavirus, mantiene su cita anual, esta vez de forma virtual.  Medina Media Events, la empresa organizadora del 5GForum,\u00a0reconfirm\u00f3 el pasado lunes la celebraci\u00f3n de la tercera edici\u00f3n del evento que re\u00fane en su agenda a los principales expertos en Espa\u00f1a de esta Nueva Tecnolog\u00eda, llamada a cambiar la actividad laboral en numerosos sectores de la econom\u00eda digital del siglo XXI.  \u201cLa cancelaci\u00f3n del Mobile World Congress de Barcelona, y de otras muchas mega-ferias mundiales, ha impedido que haya un lugar de encuentro donde todos los agentes del desarrollo en el mundo del 5G pongan en com\u00fan sus experiencias, sus propuestas, sus ideas y sus avances. Y el 5GForum 2020 s\u00ed lo ser\u00e1\u201d, afirm\u00f3\u00a0Ricardo Medina, CEO de Medina Media Events.  Medina Media Events, y varias empresas colaboradoras, est\u00e1\u00a0seleccionando la soluci\u00f3n tecnol\u00f3gica con la que trabajar\u00e1 en la tercera edici\u00f3n del 5GForum.  La agenda oficial del 5GForum 2020 ofrecer\u00e1\u00a0m\u00e1s de 20 ponencias y varias \u201cmesas redondas\u201d, y adem\u00e1s organizar\u00e1\u00a0\u201csalas de reuniones virtuales\u201d\u00a0para que los inscritos celebren encuentros de 15 minutos con los \u201cspeakers\u201d o con otros \u201casistentes\u201d con los que quieran establecer contacto y proponerles oportunidades de negocio.\" \/>\n<meta property=\"og:url\" content=\"https:\/\/www.medinamediaevents.com\/es\/5gforum-virtual-apoyo-y-participacion-de-los-speakers-del-gobierno-y-de-europa\/\" \/>\n<meta property=\"og:site_name\" content=\"Medina Media EVENTS\" \/>\n<meta property=\"article:published_time\" content=\"2020-03-24T07:42:04+00:00\" \/>\n<meta property=\"og:image\" content=\"https:\/\/www.medinamediaevents.com\/web\/wp-content\/uploads\/2020\/03\/47689777472_fef6a4ed9c_c.jpg\" \/>\n\t<meta property=\"og:image:width\" content=\"799\" \/>\n\t<meta property=\"og:image:height\" content=\"533\" \/>\n\t<meta property=\"og:image:type\" content=\"image\/jpeg\" \/>\n<meta name=\"author\" content=\"MME\" \/>\n<meta name=\"twitter:card\" content=\"summary_large_image\" \/>\n<meta name=\"twitter:label1\" content=\"Escrito por\" \/>\n\t<meta name=\"twitter:data1\" content=\"MME\" \/>\n\t<meta name=\"twitter:label2\" content=\"Tiempo de lectura\" \/>\n\t<meta name=\"twitter:data2\" content=\"3 minutos\" \/>\n<script type=\"application\/ld+json\" class=\"yoast-schema-graph\">{\"@context\":\"https:\\\/\\\/schema.org\",\"@graph\":[{\"@type\":\"Article\",\"@id\":\"https:\\\/\\\/www.medinamediaevents.com\\\/es\\\/5gforum-virtual-apoyo-y-participacion-de-los-speakers-del-gobierno-y-de-europa\\\/#article\",\"isPartOf\":{\"@id\":\"https:\\\/\\\/www.medinamediaevents.com\\\/es\\\/5gforum-virtual-apoyo-y-participacion-de-los-speakers-del-gobierno-y-de-europa\\\/\"},\"author\":{\"name\":\"MME\",\"@id\":\"https:\\\/\\\/www.medinamediaevents.com\\\/es\\\/#\\\/schema\\\/person\\\/7d2bf7ca8ea9d145a6e6ec897c79311c\"},\"headline\":\"5GFORUM VIRTUAL: APOYO Y PARTICIPACI\u00d3N DE LOS SPEAKERS DEL GOBIERNO Y DE EUROPA\",\"datePublished\":\"2020-03-24T07:42:04+00:00\",\"mainEntityOfPage\":{\"@id\":\"https:\\\/\\\/www.medinamediaevents.com\\\/es\\\/5gforum-virtual-apoyo-y-participacion-de-los-speakers-del-gobierno-y-de-europa\\\/\"},\"wordCount\":565,\"commentCount\":0,\"publisher\":{\"@id\":\"https:\\\/\\\/www.medinamediaevents.com\\\/es\\\/#organization\"},\"image\":{\"@id\":\"https:\\\/\\\/www.medinamediaevents.com\\\/es\\\/5gforum-virtual-apoyo-y-participacion-de-los-speakers-del-gobierno-y-de-europa\\\/#primaryimage\"},\"thumbnailUrl\":\"https:\\\/\\\/www.medinamediaevents.com\\\/web\\\/wp-content\\\/uploads\\\/2020\\\/03\\\/47689777472_fef6a4ed9c_c.jpg\",\"articleSection\":[\"5G FORUM\"],\"inLanguage\":\"es\"},{\"@type\":\"WebPage\",\"@id\":\"https:\\\/\\\/www.medinamediaevents.com\\\/es\\\/5gforum-virtual-apoyo-y-participacion-de-los-speakers-del-gobierno-y-de-europa\\\/\",\"url\":\"https:\\\/\\\/www.medinamediaevents.com\\\/es\\\/5gforum-virtual-apoyo-y-participacion-de-los-speakers-del-gobierno-y-de-europa\\\/\",\"name\":\"5GFORUM VIRTUAL: APOYO Y PARTICIPACI\u00d3N DE LOS SPEAKERS DEL GOBIERNO Y DE EUROPA - Medina Media EVENTS\",\"isPartOf\":{\"@id\":\"https:\\\/\\\/www.medinamediaevents.com\\\/es\\\/#website\"},\"primaryImageOfPage\":{\"@id\":\"https:\\\/\\\/www.medinamediaevents.com\\\/es\\\/5gforum-virtual-apoyo-y-participacion-de-los-speakers-del-gobierno-y-de-europa\\\/#primaryimage\"},\"image\":{\"@id\":\"https:\\\/\\\/www.medinamediaevents.com\\\/es\\\/5gforum-virtual-apoyo-y-participacion-de-los-speakers-del-gobierno-y-de-europa\\\/#primaryimage\"},\"thumbnailUrl\":\"https:\\\/\\\/www.medinamediaevents.com\\\/web\\\/wp-content\\\/uploads\\\/2020\\\/03\\\/47689777472_fef6a4ed9c_c.jpg\",\"datePublished\":\"2020-03-24T07:42:04+00:00\",\"breadcrumb\":{\"@id\":\"https:\\\/\\\/www.medinamediaevents.com\\\/es\\\/5gforum-virtual-apoyo-y-participacion-de-los-speakers-del-gobierno-y-de-europa\\\/#breadcrumb\"},\"inLanguage\":\"es\",\"potentialAction\":[{\"@type\":\"ReadAction\",\"target\":[\"https:\\\/\\\/www.medinamediaevents.com\\\/es\\\/5gforum-virtual-apoyo-y-participacion-de-los-speakers-del-gobierno-y-de-europa\\\/\"]}]},{\"@type\":\"ImageObject\",\"inLanguage\":\"es\",\"@id\":\"https:\\\/\\\/www.medinamediaevents.com\\\/es\\\/5gforum-virtual-apoyo-y-participacion-de-los-speakers-del-gobierno-y-de-europa\\\/#primaryimage\",\"url\":\"https:\\\/\\\/www.medinamediaevents.com\\\/web\\\/wp-content\\\/uploads\\\/2020\\\/03\\\/47689777472_fef6a4ed9c_c.jpg\",\"contentUrl\":\"https:\\\/\\\/www.medinamediaevents.com\\\/web\\\/wp-content\\\/uploads\\\/2020\\\/03\\\/47689777472_fef6a4ed9c_c.jpg\",\"width\":799,\"height\":533},{\"@type\":\"BreadcrumbList\",\"@id\":\"https:\\\/\\\/www.medinamediaevents.com\\\/es\\\/5gforum-virtual-apoyo-y-participacion-de-los-speakers-del-gobierno-y-de-europa\\\/#breadcrumb\",\"itemListElement\":[{\"@type\":\"ListItem\",\"position\":1,\"name\":\"Home\",\"item\":\"https:\\\/\\\/www.medinamediaevents.com\\\/es\\\/\"},{\"@type\":\"ListItem\",\"position\":2,\"name\":\"5GFORUM VIRTUAL: APOYO Y PARTICIPACI\u00d3N DE LOS SPEAKERS DEL GOBIERNO Y DE EUROPA\"}]},{\"@type\":\"WebSite\",\"@id\":\"https:\\\/\\\/www.medinamediaevents.com\\\/es\\\/#website\",\"url\":\"https:\\\/\\\/www.medinamediaevents.com\\\/es\\\/\",\"name\":\"Medina Media EVENTS\",\"description\":\"\",\"publisher\":{\"@id\":\"https:\\\/\\\/www.medinamediaevents.com\\\/es\\\/#organization\"},\"potentialAction\":[{\"@type\":\"SearchAction\",\"target\":{\"@type\":\"EntryPoint\",\"urlTemplate\":\"https:\\\/\\\/www.medinamediaevents.com\\\/es\\\/?s={search_term_string}\"},\"query-input\":{\"@type\":\"PropertyValueSpecification\",\"valueRequired\":true,\"valueName\":\"search_term_string\"}}],\"inLanguage\":\"es\"},{\"@type\":\"Organization\",\"@id\":\"https:\\\/\\\/www.medinamediaevents.com\\\/es\\\/#organization\",\"name\":\"Medina Media Events\",\"url\":\"https:\\\/\\\/www.medinamediaevents.com\\\/es\\\/\",\"logo\":{\"@type\":\"ImageObject\",\"inLanguage\":\"es\",\"@id\":\"https:\\\/\\\/www.medinamediaevents.com\\\/es\\\/#\\\/schema\\\/logo\\\/image\\\/\",\"url\":\"https:\\\/\\\/www.medinamediaevents.com\\\/web\\\/wp-content\\\/uploads\\\/2018\\\/11\\\/mm_events_logo2018.png\",\"contentUrl\":\"https:\\\/\\\/www.medinamediaevents.com\\\/web\\\/wp-content\\\/uploads\\\/2018\\\/11\\\/mm_events_logo2018.png\",\"width\":1200,\"height\":750,\"caption\":\"Medina Media Events\"},\"image\":{\"@id\":\"https:\\\/\\\/www.medinamediaevents.com\\\/es\\\/#\\\/schema\\\/logo\\\/image\\\/\"}},{\"@type\":\"Person\",\"@id\":\"https:\\\/\\\/www.medinamediaevents.com\\\/es\\\/#\\\/schema\\\/person\\\/7d2bf7ca8ea9d145a6e6ec897c79311c\",\"name\":\"MME\"}]}<\/script>\n<!-- \/ Yoast SEO plugin. -->","yoast_head_json":{"title":"5GFORUM VIRTUAL: APOYO Y PARTICIPACI\u00d3N DE LOS SPEAKERS DEL GOBIERNO Y DE EUROPA - Medina Media EVENTS","robots":{"index":"index","follow":"follow","max-snippet":"max-snippet:-1","max-image-preview":"max-image-preview:large","max-video-preview":"max-video-preview:-1"},"canonical":"https:\/\/www.medinamediaevents.com\/es\/5gforum-virtual-apoyo-y-participacion-de-los-speakers-del-gobierno-y-de-europa\/","og_locale":"es_ES","og_type":"article","og_title":"5GFORUM VIRTUAL: APOYO Y PARTICIPACI\u00d3N DE LOS SPEAKERS DEL GOBIERNO Y DE EUROPA - Medina Media EVENTS","og_description":"El 5GForum, el principal encuentro sobre la tecnolog\u00eda 5G que se celebra en Espa\u00f1a, que mantiene su convocatoria para el 6 y el 7 de mayo y que ser\u00e1 totalmente virtual, ha confirmado hoy\u00a0el apoyo y la participaci\u00f3n de los principales \u201cspeakers\u201d del Gobierno central y de los organismos europeos.  Por parte del Ministerio de Asuntos Econ\u00f3micos y de Transformaci\u00f3n Digital ser\u00e1\u00a0Maite Arcos, la Directora General de Telecomunicaciones y Ordenaci\u00f3n de los Servicios de Comunicaci\u00f3n Audiovisual, quien d\u00e9 la bienvenida al evento, el primero virtual que se celebra en Espa\u00f1a sobre 5G.  Antonio Fern\u00e1ndez-Paniagua, el principal experto del Ministerio en esta nueva tecnolog\u00eda, hablar\u00e1 sobre la situaci\u00f3n del 5G en Espa\u00f1a y sobre el proceso de liberalizaci\u00f3n del segundo dividendo digital.  Fern\u00e1ndez-Paniagua, que es\u00a0Subdirector General de Planificaci\u00f3n y Gesti\u00f3n del Espectro Radioel\u00e9ctrico, ser\u00e1 un a\u00f1o m\u00e1s uno de los \u201cspeakers\u201d estrella del 5GForum, cuyas dos ediciones anteriores se celebraron presencialmente en el Polo Nacional de Contenidos Digitales de M\u00e1laga.  Federico Ruiz, Director del Observatorio Nacional del 5G (ON5G), tambi\u00e9n ha confirmado su participaci\u00f3n en el 5GForum 2020 para compartir con todos los participantes virtuales el impacto que el 5G est\u00e1 teniendo en Espa\u00f1a, el pa\u00eds europeo que cuenta con la mayor red de fibra \u00f3ptica hasta los hogares.  Por parte de la Uni\u00f3n Europea de Radiodifusi\u00f3n (UER), con sede en Suiza, participar\u00e1\u00a0Elena Puigrefagut, Senior Project Manager de la EBU-UER, para hablar del proyecto \u201c5G MAG\u201d que recientemente han puesto en marcha las televisiones p\u00fablicas europeas.  Adem\u00e1s, el proyecto paneuropeo 5G-IA contar\u00e1 sus experiencias en el 5GForum a trav\u00e9s de uno de sus Board Members,\u00a0Carles Ant\u00f3n-Haro.  En los pr\u00f3ximas d\u00edas, la organizaci\u00f3n del 5GForum 2020 anunciar\u00e1 la\u00a0participaci\u00f3n de las multinacionales, empresas y universidades que ya han confirmado su apoyo\u00a0como patrocinadores en este evento pionero que, frente al imparable n\u00famero de ferias y convenciones que ya se han cancelado por la pandemia del coronavirus, mantiene su cita anual, esta vez de forma virtual.  Medina Media Events, la empresa organizadora del 5GForum,\u00a0reconfirm\u00f3 el pasado lunes la celebraci\u00f3n de la tercera edici\u00f3n del evento que re\u00fane en su agenda a los principales expertos en Espa\u00f1a de esta Nueva Tecnolog\u00eda, llamada a cambiar la actividad laboral en numerosos sectores de la econom\u00eda digital del siglo XXI.  \u201cLa cancelaci\u00f3n del Mobile World Congress de Barcelona, y de otras muchas mega-ferias mundiales, ha impedido que haya un lugar de encuentro donde todos los agentes del desarrollo en el mundo del 5G pongan en com\u00fan sus experiencias, sus propuestas, sus ideas y sus avances. Y el 5GForum 2020 s\u00ed lo ser\u00e1\u201d, afirm\u00f3\u00a0Ricardo Medina, CEO de Medina Media Events.  Medina Media Events, y varias empresas colaboradoras, est\u00e1\u00a0seleccionando la soluci\u00f3n tecnol\u00f3gica con la que trabajar\u00e1 en la tercera edici\u00f3n del 5GForum.  La agenda oficial del 5GForum 2020 ofrecer\u00e1\u00a0m\u00e1s de 20 ponencias y varias \u201cmesas redondas\u201d, y adem\u00e1s organizar\u00e1\u00a0\u201csalas de reuniones virtuales\u201d\u00a0para que los inscritos celebren encuentros de 15 minutos con los \u201cspeakers\u201d o con otros \u201casistentes\u201d con los que quieran establecer contacto y proponerles oportunidades de negocio.","og_url":"https:\/\/www.medinamediaevents.com\/es\/5gforum-virtual-apoyo-y-participacion-de-los-speakers-del-gobierno-y-de-europa\/","og_site_name":"Medina Media EVENTS","article_published_time":"2020-03-24T07:42:04+00:00","og_image":[{"width":799,"height":533,"url":"https:\/\/www.medinamediaevents.com\/web\/wp-content\/uploads\/2020\/03\/47689777472_fef6a4ed9c_c.jpg","type":"image\/jpeg"}],"author":"MME","twitter_card":"summary_large_image","twitter_misc":{"Escrito por":"MME","Tiempo de lectura":"3 minutos"},"schema":{"@context":"https:\/\/schema.org","@graph":[{"@type":"Article","@id":"https:\/\/www.medinamediaevents.com\/es\/5gforum-virtual-apoyo-y-participacion-de-los-speakers-del-gobierno-y-de-europa\/#article","isPartOf":{"@id":"https:\/\/www.medinamediaevents.com\/es\/5gforum-virtual-apoyo-y-participacion-de-los-speakers-del-gobierno-y-de-europa\/"},"author":{"name":"MME","@id":"https:\/\/www.medinamediaevents.com\/es\/#\/schema\/person\/7d2bf7ca8ea9d145a6e6ec897c79311c"},"headline":"5GFORUM VIRTUAL: APOYO Y PARTICIPACI\u00d3N DE LOS SPEAKERS DEL GOBIERNO Y DE EUROPA","datePublished":"2020-03-24T07:42:04+00:00","mainEntityOfPage":{"@id":"https:\/\/www.medinamediaevents.com\/es\/5gforum-virtual-apoyo-y-participacion-de-los-speakers-del-gobierno-y-de-europa\/"},"wordCount":565,"commentCount":0,"publisher":{"@id":"https:\/\/www.medinamediaevents.com\/es\/#organization"},"image":{"@id":"https:\/\/www.medinamediaevents.com\/es\/5gforum-virtual-apoyo-y-participacion-de-los-speakers-del-gobierno-y-de-europa\/#primaryimage"},"thumbnailUrl":"https:\/\/www.medinamediaevents.com\/web\/wp-content\/uploads\/2020\/03\/47689777472_fef6a4ed9c_c.jpg","articleSection":["5G FORUM"],"inLanguage":"es"},{"@type":"WebPage","@id":"https:\/\/www.medinamediaevents.com\/es\/5gforum-virtual-apoyo-y-participacion-de-los-speakers-del-gobierno-y-de-europa\/","url":"https:\/\/www.medinamediaevents.com\/es\/5gforum-virtual-apoyo-y-participacion-de-los-speakers-del-gobierno-y-de-europa\/","name":"5GFORUM VIRTUAL: APOYO Y PARTICIPACI\u00d3N DE LOS SPEAKERS DEL GOBIERNO Y DE EUROPA - Medina Media EVENTS","isPartOf":{"@id":"https:\/\/www.medinamediaevents.com\/es\/#website"},"primaryImageOfPage":{"@id":"https:\/\/www.medinamediaevents.com\/es\/5gforum-virtual-apoyo-y-participacion-de-los-speakers-del-gobierno-y-de-europa\/#primaryimage"},"image":{"@id":"https:\/\/www.medinamediaevents.com\/es\/5gforum-virtual-apoyo-y-participacion-de-los-speakers-del-gobierno-y-de-europa\/#primaryimage"},"thumbnailUrl":"https:\/\/www.medinamediaevents.com\/web\/wp-content\/uploads\/2020\/03\/47689777472_fef6a4ed9c_c.jpg","datePublished":"2020-03-24T07:42:04+00:00","breadcrumb":{"@id":"https:\/\/www.medinamediaevents.com\/es\/5gforum-virtual-apoyo-y-participacion-de-los-speakers-del-gobierno-y-de-europa\/#breadcrumb"},"inLanguage":"es","potentialAction":[{"@type":"ReadAction","target":["https:\/\/www.medinamediaevents.com\/es\/5gforum-virtual-apoyo-y-participacion-de-los-speakers-del-gobierno-y-de-europa\/"]}]},{"@type":"ImageObject","inLanguage":"es","@id":"https:\/\/www.medinamediaevents.com\/es\/5gforum-virtual-apoyo-y-participacion-de-los-speakers-del-gobierno-y-de-europa\/#primaryimage","url":"https:\/\/www.medinamediaevents.com\/web\/wp-content\/uploads\/2020\/03\/47689777472_fef6a4ed9c_c.jpg","contentUrl":"https:\/\/www.medinamediaevents.com\/web\/wp-content\/uploads\/2020\/03\/47689777472_fef6a4ed9c_c.jpg","width":799,"height":533},{"@type":"BreadcrumbList","@id":"https:\/\/www.medinamediaevents.com\/es\/5gforum-virtual-apoyo-y-participacion-de-los-speakers-del-gobierno-y-de-europa\/#breadcrumb","itemListElement":[{"@type":"ListItem","position":1,"name":"Home","item":"https:\/\/www.medinamediaevents.com\/es\/"},{"@type":"ListItem","position":2,"name":"5GFORUM VIRTUAL: APOYO Y PARTICIPACI\u00d3N DE LOS SPEAKERS DEL GOBIERNO Y DE EUROPA"}]},{"@type":"WebSite","@id":"https:\/\/www.medinamediaevents.com\/es\/#website","url":"https:\/\/www.medinamediaevents.com\/es\/","name":"Medina Media EVENTS","description":"","publisher":{"@id":"https:\/\/www.medinamediaevents.com\/es\/#organization"},"potentialAction":[{"@type":"SearchAction","target":{"@type":"EntryPoint","urlTemplate":"https:\/\/www.medinamediaevents.com\/es\/?s={search_term_string}"},"query-input":{"@type":"PropertyValueSpecification","valueRequired":true,"valueName":"search_term_string"}}],"inLanguage":"es"},{"@type":"Organization","@id":"https:\/\/www.medinamediaevents.com\/es\/#organization","name":"Medina Media Events","url":"https:\/\/www.medinamediaevents.com\/es\/","logo":{"@type":"ImageObject","inLanguage":"es","@id":"https:\/\/www.medinamediaevents.com\/es\/#\/schema\/logo\/image\/","url":"https:\/\/www.medinamediaevents.com\/web\/wp-content\/uploads\/2018\/11\/mm_events_logo2018.png","contentUrl":"https:\/\/www.medinamediaevents.com\/web\/wp-content\/uploads\/2018\/11\/mm_events_logo2018.png","width":1200,"height":750,"caption":"Medina Media Events"},"image":{"@id":"https:\/\/www.medinamediaevents.com\/es\/#\/schema\/logo\/image\/"}},{"@type":"Person","@id":"https:\/\/www.medinamediaevents.com\/es\/#\/schema\/person\/7d2bf7ca8ea9d145a6e6ec897c79311c","name":"MME"}]}},"_links":{"self":[{"href":"https:\/\/www.medinamediaevents.com\/es\/wp-json\/wp\/v2\/posts\/1772","targetHints":{"allow":["GET"]}}],"collection":[{"href":"https:\/\/www.medinamediaevents.com\/es\/wp-json\/wp\/v2\/posts"}],"about":[{"href":"https:\/\/www.medinamediaevents.com\/es\/wp-json\/wp\/v2\/types\/post"}],"author":[{"embeddable":true,"href":"https:\/\/www.medinamediaevents.com\/es\/wp-json\/wp\/v2\/users\/2"}],"replies":[{"embeddable":true,"href":"https:\/\/www.medinamediaevents.com\/es\/wp-json\/wp\/v2\/comments?post=1772"}],"version-history":[{"count":0,"href":"https:\/\/www.medinamediaevents.com\/es\/wp-json\/wp\/v2\/posts\/1772\/revisions"}],"wp:featuredmedia":[{"embeddable":true,"href":"https:\/\/www.medinamediaevents.com\/es\/wp-json\/wp\/v2\/media\/1773"}],"wp:attachment":[{"href":"https:\/\/www.medinamediaevents.com\/es\/wp-json\/wp\/v2\/media?parent=1772"}],"wp:term":[{"taxonomy":"category","embeddable":true,"href":"https:\/\/www.medinamediaevents.com\/es\/wp-json\/wp\/v2\/categories?post=1772"},{"taxonomy":"post_tag","embeddable":true,"href":"https:\/\/www.medinamediaevents.com\/es\/wp-json\/wp\/v2\/tags?post=1772"}],"curies":[{"name":"wp","href":"https:\/\/api.w.org\/{rel}","templated":true}]}}