{"id":1766,"date":"2020-03-18T09:48:19","date_gmt":"2020-03-18T08:48:19","guid":{"rendered":"https:\/\/www.medinamediaevents.com\/?p=1766"},"modified":"2020-03-18T09:48:19","modified_gmt":"2020-03-18T08:48:19","slug":"el-5gforum-de-malaga-sera-totalmente-virtual-y-con-5g","status":"publish","type":"post","link":"https:\/\/www.medinamediaevents.com\/es\/el-5gforum-de-malaga-sera-totalmente-virtual-y-con-5g\/","title":{"rendered":"EL 5GFORUM DE M\u00c1LAGA SER\u00c1 TOTALMENTE VIRTUAL Y CON 5G"},"content":{"rendered":"<p>El 5GForum, el principal evento sobre la nueva tecnolog\u00eda 5G que se celebra en 2020 en Espa\u00f1a,\u00a0<strong>mantiene su convocatoria para el 6 y el 7 de mayo en M\u00e1laga y ser\u00e1 totalmente virtual<\/strong>, con los ponentes y los asistentes interviniendo y participando desde sus lugares habituales de trabajo a trav\u00e9s de la red.<\/p>\n<p><em>\u201cNunca hemos considerado la cancelaci\u00f3n del \u00a05GForum. El \u201ccoronavirus\u201d ha supuesto un reto a la imaginaci\u00f3n de c\u00f3mo hacer que los avances y la puesta en marcha del 5G en Espa\u00f1a sean compartidos por toda la comunidad tecnol\u00f3gica, cient\u00edfica, industrial y empresarial. Hab\u00eda que encontrar una alternativa innovadora, aprovechando las posibilidades que los abre la era digital y el 5G\u201d<\/em>, asegura\u00a0<strong>Ricardo Medina, CEO de Medina Media Events<\/strong>, organizadora del evento.<\/p>\n<p><em>\u201cLa cancelaci\u00f3n del Mobile World Congress de Barcelona, y de otras muchas mega-ferias mundiales, han impedido que haya un lugar de encuentro donde todos los agentes del desarrollo en el mundo del 5G pongan en com\u00fan sus experiencias, sus propuestas, sus ideas y sus avances. Y el 5GForum 2020 s\u00ed lo ser\u00e1\u201d<\/em>, destaca Medina.<\/p>\n<p>En las pr\u00f3ximas semanas, Medina Media Events seleccionar\u00e1 la soluci\u00f3n tecnol\u00f3gica con la que trabajar\u00e1 en la tercera edici\u00f3n del 5GForum.<br \/>\nLa agenda oficial del 5GForum 2020 ofrecer\u00e1\u00a0<strong>m\u00e1s de 20 ponencias y varias \u201cmesas redondas\u201d<\/strong>, y adem\u00e1s organizar\u00e1\u00a0<strong>\u201csalas de reuniones virtuales\u201d<\/strong>\u00a0para que los inscritos celebren encuentros de 15 minutos con los \u201cspeakers\u201d o con otros \u201casistentes\u201d con los que quieran establecer contacto y proponerles oportunidades de negocio.<\/p>\n<p><em>\u201cAunque perdamos demostraciones reales en nuestra \u201cDemo Area\u201d, y renunciemos al \u201cnetworking\u201d piel con piel entre ponentes y asistentes, creemos que merece la pena apostar por compartir el conocimiento, a trav\u00e9s de las ponencias por videoconferencias, y aceptar el reto de utilizar las posibilidades del 5G y de las Nuevas Tecnolog\u00edas para superar los problemas que ha causado la primera pandemia del siglo XXI\u201d<\/em>, dice Medina.<\/p>\n<p>El 5GForum 2020 es el<strong>\u00a0principal evento espec\u00edfico sobre 5G que se celebra en Espa\u00f1a<\/strong>, y que desde 2018 re\u00fane anualmente en el Polo Nacional de Contenidos Digitales de M\u00e1laga a los principales expertos, empresas y multinacionales involucradas en el desarrollo de esta nueva tecnolog\u00eda, que permite una mayor velocidad en las Telecomunicaciones y que ser\u00e1 aplicada a pr\u00e1cticamente la totalidad de los sectores industriales de la nueva era digital.<\/p>\n","protected":false},"excerpt":{"rendered":"<p>El 5GForum, el principal evento sobre la nueva tecnolog\u00eda 5G que se celebra en 2020 en Espa\u00f1a,\u00a0<strong>mantiene su convocatoria para el 6 y el 7 de mayo en M\u00e1laga y ser\u00e1 totalmente virtual<\/strong>, con los ponentes y los asistentes interviniendo y participando desde sus lugares habituales de trabajo a trav\u00e9s de la red.<\/p>\n<p><em>\u201cNunca hemos considerado la cancelaci\u00f3n del \u00a05GForum. El \u201ccoronavirus\u201d ha supuesto un reto a la imaginaci\u00f3n de c\u00f3mo hacer que los avances y la puesta en marcha del 5G en Espa\u00f1a sean compartidos por toda la comunidad tecnol\u00f3gica, cient\u00edfica, industrial y empresarial. Hab\u00eda que encontrar una alternativa innovadora, aprovechando las posibilidades que los abre la era digital y el 5G\u201d<\/em>, asegura\u00a0<strong>Ricardo Medina, CEO de Medina Media Events<\/strong>, organizadora del evento.<\/p>\n<p><em>\u201cLa cancelaci\u00f3n del Mobile World Congress de Barcelona, y de otras muchas mega-ferias mundiales, han impedido que haya un lugar de encuentro donde todos los agentes del desarrollo en el mundo del 5G pongan en com\u00fan sus experiencias, sus propuestas, sus ideas y sus avances. Y el 5GForum 2020 s\u00ed lo ser\u00e1\u201d<\/em>, destaca Medina.<\/p>\n<p>En las pr\u00f3ximas semanas, Medina Media Events seleccionar\u00e1 la soluci\u00f3n tecnol\u00f3gica con la que trabajar\u00e1 en la tercera edici\u00f3n del 5GForum.<br \/>\nLa agenda oficial del 5GForum 2020 ofrecer\u00e1\u00a0<strong>m\u00e1s de 20 ponencias y varias \u201cmesas redondas\u201d<\/strong>, y adem\u00e1s organizar\u00e1\u00a0<strong>\u201csalas de reuniones virtuales\u201d<\/strong>\u00a0para que los inscritos celebren encuentros de 15 minutos con los \u201cspeakers\u201d o con otros \u201casistentes\u201d con los que quieran establecer contacto y proponerles oportunidades de negocio.<\/p>\n<p><em>\u201cAunque perdamos demostraciones reales en nuestra \u201cDemo Area\u201d, y renunciemos al \u201cnetworking\u201d piel con piel entre ponentes y asistentes, creemos que merece la pena apostar por compartir el conocimiento, a trav\u00e9s de las ponencias por videoconferencias, y aceptar el reto de utilizar las posibilidades del 5G y de las Nuevas Tecnolog\u00edas para superar los problemas que ha causado la primera pandemia del siglo XXI\u201d<\/em>, dice Medina.<\/p>\n<p>El 5GForum 2020 es el<strong>\u00a0principal evento espec\u00edfico sobre 5G que se celebra en Espa\u00f1a<\/strong>, y que desde 2018 re\u00fane anualmente en el Polo Nacional de Contenidos Digitales de M\u00e1laga a los principales expertos, empresas y multinacionales involucradas en el desarrollo de esta nueva tecnolog\u00eda, que permite una mayor velocidad en las Telecomunicaciones y que ser\u00e1 aplicada a pr\u00e1cticamente la totalidad de los sectores industriales de la nueva era digital.<\/p>\n","protected":false},"author":2,"featured_media":1767,"comment_status":"open","ping_status":"closed","sticky":false,"template":"","format":"standard","meta":{"_acf_changed":false,"footnotes":""},"categories":[14],"tags":[],"class_list":["post-1766","post","type-post","status-publish","format-standard","has-post-thumbnail","hentry","category-noticias-5g-forum"],"acf":[],"yoast_head":"<!-- This site is optimized with the Yoast SEO plugin v27.5 - https:\/\/yoast.com\/product\/yoast-seo-wordpress\/ -->\n<title>EL 5GFORUM DE M\u00c1LAGA SER\u00c1 TOTALMENTE VIRTUAL Y CON 5G - Medina Media EVENTS<\/title>\n<meta name=\"robots\" content=\"index, follow, max-snippet:-1, max-image-preview:large, max-video-preview:-1\" \/>\n<link rel=\"canonical\" href=\"https:\/\/www.medinamediaevents.com\/es\/el-5gforum-de-malaga-sera-totalmente-virtual-y-con-5g\/\" \/>\n<meta property=\"og:locale\" content=\"es_ES\" \/>\n<meta property=\"og:type\" content=\"article\" \/>\n<meta property=\"og:title\" content=\"EL 5GFORUM DE M\u00c1LAGA SER\u00c1 TOTALMENTE VIRTUAL Y CON 5G - Medina Media EVENTS\" \/>\n<meta property=\"og:description\" content=\"El 5GForum, el principal evento sobre la nueva tecnolog\u00eda 5G que se celebra en 2020 en Espa\u00f1a,\u00a0mantiene su convocatoria para el 6 y el 7 de mayo en M\u00e1laga y ser\u00e1 totalmente virtual, con los ponentes y los asistentes interviniendo y participando desde sus lugares habituales de trabajo a trav\u00e9s de la red.  \u201cNunca hemos considerado la cancelaci\u00f3n del \u00a05GForum. El \u201ccoronavirus\u201d ha supuesto un reto a la imaginaci\u00f3n de c\u00f3mo hacer que los avances y la puesta en marcha del 5G en Espa\u00f1a sean compartidos por toda la comunidad tecnol\u00f3gica, cient\u00edfica, industrial y empresarial. Hab\u00eda que encontrar una alternativa innovadora, aprovechando las posibilidades que los abre la era digital y el 5G\u201d, asegura\u00a0Ricardo Medina, CEO de Medina Media Events, organizadora del evento.  \u201cLa cancelaci\u00f3n del Mobile World Congress de Barcelona, y de otras muchas mega-ferias mundiales, han impedido que haya un lugar de encuentro donde todos los agentes del desarrollo en el mundo del 5G pongan en com\u00fan sus experiencias, sus propuestas, sus ideas y sus avances. Y el 5GForum 2020 s\u00ed lo ser\u00e1\u201d, destaca Medina.  En las pr\u00f3ximas semanas, Medina Media Events seleccionar\u00e1 la soluci\u00f3n tecnol\u00f3gica con la que trabajar\u00e1 en la tercera edici\u00f3n del 5GForum. La agenda oficial del 5GForum 2020 ofrecer\u00e1\u00a0m\u00e1s de 20 ponencias y varias \u201cmesas redondas\u201d, y adem\u00e1s organizar\u00e1\u00a0\u201csalas de reuniones virtuales\u201d\u00a0para que los inscritos celebren encuentros de 15 minutos con los \u201cspeakers\u201d o con otros \u201casistentes\u201d con los que quieran establecer contacto y proponerles oportunidades de negocio.  \u201cAunque perdamos demostraciones reales en nuestra \u201cDemo Area\u201d, y renunciemos al \u201cnetworking\u201d piel con piel entre ponentes y asistentes, creemos que merece la pena apostar por compartir el conocimiento, a trav\u00e9s de las ponencias por videoconferencias, y aceptar el reto de utilizar las posibilidades del 5G y de las Nuevas Tecnolog\u00edas para superar los problemas que ha causado la primera pandemia del siglo XXI\u201d, dice Medina.  El 5GForum 2020 es el\u00a0principal evento espec\u00edfico sobre 5G que se celebra en Espa\u00f1a, y que desde 2018 re\u00fane anualmente en el Polo Nacional de Contenidos Digitales de M\u00e1laga a los principales expertos, empresas y multinacionales involucradas en el desarrollo de esta nueva tecnolog\u00eda, que permite una mayor velocidad en las Telecomunicaciones y que ser\u00e1 aplicada a pr\u00e1cticamente la totalidad de los sectores industriales de la nueva era digital.\" \/>\n<meta property=\"og:url\" content=\"https:\/\/www.medinamediaevents.com\/es\/el-5gforum-de-malaga-sera-totalmente-virtual-y-con-5g\/\" \/>\n<meta property=\"og:site_name\" content=\"Medina Media EVENTS\" \/>\n<meta property=\"article:published_time\" content=\"2020-03-18T08:48:19+00:00\" \/>\n<meta property=\"og:image\" content=\"https:\/\/www.medinamediaevents.com\/web\/wp-content\/uploads\/2020\/03\/46825876755_03bea48364_c.jpg\" \/>\n\t<meta property=\"og:image:width\" content=\"799\" \/>\n\t<meta property=\"og:image:height\" content=\"533\" \/>\n\t<meta property=\"og:image:type\" content=\"image\/jpeg\" \/>\n<meta name=\"author\" content=\"MME\" \/>\n<meta name=\"twitter:card\" content=\"summary_large_image\" \/>\n<meta name=\"twitter:label1\" content=\"Escrito por\" \/>\n\t<meta name=\"twitter:data1\" content=\"MME\" \/>\n\t<meta name=\"twitter:label2\" content=\"Tiempo de lectura\" \/>\n\t<meta name=\"twitter:data2\" content=\"2 minutos\" \/>\n<script type=\"application\/ld+json\" class=\"yoast-schema-graph\">{\"@context\":\"https:\\\/\\\/schema.org\",\"@graph\":[{\"@type\":\"Article\",\"@id\":\"https:\\\/\\\/www.medinamediaevents.com\\\/es\\\/el-5gforum-de-malaga-sera-totalmente-virtual-y-con-5g\\\/#article\",\"isPartOf\":{\"@id\":\"https:\\\/\\\/www.medinamediaevents.com\\\/es\\\/el-5gforum-de-malaga-sera-totalmente-virtual-y-con-5g\\\/\"},\"author\":{\"name\":\"MME\",\"@id\":\"https:\\\/\\\/www.medinamediaevents.com\\\/es\\\/#\\\/schema\\\/person\\\/7d2bf7ca8ea9d145a6e6ec897c79311c\"},\"headline\":\"EL 5GFORUM DE M\u00c1LAGA SER\u00c1 TOTALMENTE VIRTUAL Y CON 5G\",\"datePublished\":\"2020-03-18T08:48:19+00:00\",\"mainEntityOfPage\":{\"@id\":\"https:\\\/\\\/www.medinamediaevents.com\\\/es\\\/el-5gforum-de-malaga-sera-totalmente-virtual-y-con-5g\\\/\"},\"wordCount\":414,\"commentCount\":0,\"publisher\":{\"@id\":\"https:\\\/\\\/www.medinamediaevents.com\\\/es\\\/#organization\"},\"image\":{\"@id\":\"https:\\\/\\\/www.medinamediaevents.com\\\/es\\\/el-5gforum-de-malaga-sera-totalmente-virtual-y-con-5g\\\/#primaryimage\"},\"thumbnailUrl\":\"https:\\\/\\\/www.medinamediaevents.com\\\/web\\\/wp-content\\\/uploads\\\/2020\\\/03\\\/46825876755_03bea48364_c.jpg\",\"articleSection\":[\"5G FORUM\"],\"inLanguage\":\"es\"},{\"@type\":\"WebPage\",\"@id\":\"https:\\\/\\\/www.medinamediaevents.com\\\/es\\\/el-5gforum-de-malaga-sera-totalmente-virtual-y-con-5g\\\/\",\"url\":\"https:\\\/\\\/www.medinamediaevents.com\\\/es\\\/el-5gforum-de-malaga-sera-totalmente-virtual-y-con-5g\\\/\",\"name\":\"EL 5GFORUM DE M\u00c1LAGA SER\u00c1 TOTALMENTE VIRTUAL Y CON 5G - Medina Media EVENTS\",\"isPartOf\":{\"@id\":\"https:\\\/\\\/www.medinamediaevents.com\\\/es\\\/#website\"},\"primaryImageOfPage\":{\"@id\":\"https:\\\/\\\/www.medinamediaevents.com\\\/es\\\/el-5gforum-de-malaga-sera-totalmente-virtual-y-con-5g\\\/#primaryimage\"},\"image\":{\"@id\":\"https:\\\/\\\/www.medinamediaevents.com\\\/es\\\/el-5gforum-de-malaga-sera-totalmente-virtual-y-con-5g\\\/#primaryimage\"},\"thumbnailUrl\":\"https:\\\/\\\/www.medinamediaevents.com\\\/web\\\/wp-content\\\/uploads\\\/2020\\\/03\\\/46825876755_03bea48364_c.jpg\",\"datePublished\":\"2020-03-18T08:48:19+00:00\",\"breadcrumb\":{\"@id\":\"https:\\\/\\\/www.medinamediaevents.com\\\/es\\\/el-5gforum-de-malaga-sera-totalmente-virtual-y-con-5g\\\/#breadcrumb\"},\"inLanguage\":\"es\",\"potentialAction\":[{\"@type\":\"ReadAction\",\"target\":[\"https:\\\/\\\/www.medinamediaevents.com\\\/es\\\/el-5gforum-de-malaga-sera-totalmente-virtual-y-con-5g\\\/\"]}]},{\"@type\":\"ImageObject\",\"inLanguage\":\"es\",\"@id\":\"https:\\\/\\\/www.medinamediaevents.com\\\/es\\\/el-5gforum-de-malaga-sera-totalmente-virtual-y-con-5g\\\/#primaryimage\",\"url\":\"https:\\\/\\\/www.medinamediaevents.com\\\/web\\\/wp-content\\\/uploads\\\/2020\\\/03\\\/46825876755_03bea48364_c.jpg\",\"contentUrl\":\"https:\\\/\\\/www.medinamediaevents.com\\\/web\\\/wp-content\\\/uploads\\\/2020\\\/03\\\/46825876755_03bea48364_c.jpg\",\"width\":799,\"height\":533},{\"@type\":\"BreadcrumbList\",\"@id\":\"https:\\\/\\\/www.medinamediaevents.com\\\/es\\\/el-5gforum-de-malaga-sera-totalmente-virtual-y-con-5g\\\/#breadcrumb\",\"itemListElement\":[{\"@type\":\"ListItem\",\"position\":1,\"name\":\"Home\",\"item\":\"https:\\\/\\\/www.medinamediaevents.com\\\/es\\\/\"},{\"@type\":\"ListItem\",\"position\":2,\"name\":\"EL 5GFORUM DE M\u00c1LAGA SER\u00c1 TOTALMENTE VIRTUAL Y CON 5G\"}]},{\"@type\":\"WebSite\",\"@id\":\"https:\\\/\\\/www.medinamediaevents.com\\\/es\\\/#website\",\"url\":\"https:\\\/\\\/www.medinamediaevents.com\\\/es\\\/\",\"name\":\"Medina Media EVENTS\",\"description\":\"\",\"publisher\":{\"@id\":\"https:\\\/\\\/www.medinamediaevents.com\\\/es\\\/#organization\"},\"potentialAction\":[{\"@type\":\"SearchAction\",\"target\":{\"@type\":\"EntryPoint\",\"urlTemplate\":\"https:\\\/\\\/www.medinamediaevents.com\\\/es\\\/?s={search_term_string}\"},\"query-input\":{\"@type\":\"PropertyValueSpecification\",\"valueRequired\":true,\"valueName\":\"search_term_string\"}}],\"inLanguage\":\"es\"},{\"@type\":\"Organization\",\"@id\":\"https:\\\/\\\/www.medinamediaevents.com\\\/es\\\/#organization\",\"name\":\"Medina Media Events\",\"url\":\"https:\\\/\\\/www.medinamediaevents.com\\\/es\\\/\",\"logo\":{\"@type\":\"ImageObject\",\"inLanguage\":\"es\",\"@id\":\"https:\\\/\\\/www.medinamediaevents.com\\\/es\\\/#\\\/schema\\\/logo\\\/image\\\/\",\"url\":\"https:\\\/\\\/www.medinamediaevents.com\\\/web\\\/wp-content\\\/uploads\\\/2018\\\/11\\\/mm_events_logo2018.png\",\"contentUrl\":\"https:\\\/\\\/www.medinamediaevents.com\\\/web\\\/wp-content\\\/uploads\\\/2018\\\/11\\\/mm_events_logo2018.png\",\"width\":1200,\"height\":750,\"caption\":\"Medina Media Events\"},\"image\":{\"@id\":\"https:\\\/\\\/www.medinamediaevents.com\\\/es\\\/#\\\/schema\\\/logo\\\/image\\\/\"}},{\"@type\":\"Person\",\"@id\":\"https:\\\/\\\/www.medinamediaevents.com\\\/es\\\/#\\\/schema\\\/person\\\/7d2bf7ca8ea9d145a6e6ec897c79311c\",\"name\":\"MME\"}]}<\/script>\n<!-- \/ Yoast SEO plugin. -->","yoast_head_json":{"title":"EL 5GFORUM DE M\u00c1LAGA SER\u00c1 TOTALMENTE VIRTUAL Y CON 5G - Medina Media EVENTS","robots":{"index":"index","follow":"follow","max-snippet":"max-snippet:-1","max-image-preview":"max-image-preview:large","max-video-preview":"max-video-preview:-1"},"canonical":"https:\/\/www.medinamediaevents.com\/es\/el-5gforum-de-malaga-sera-totalmente-virtual-y-con-5g\/","og_locale":"es_ES","og_type":"article","og_title":"EL 5GFORUM DE M\u00c1LAGA SER\u00c1 TOTALMENTE VIRTUAL Y CON 5G - Medina Media EVENTS","og_description":"El 5GForum, el principal evento sobre la nueva tecnolog\u00eda 5G que se celebra en 2020 en Espa\u00f1a,\u00a0mantiene su convocatoria para el 6 y el 7 de mayo en M\u00e1laga y ser\u00e1 totalmente virtual, con los ponentes y los asistentes interviniendo y participando desde sus lugares habituales de trabajo a trav\u00e9s de la red.  \u201cNunca hemos considerado la cancelaci\u00f3n del \u00a05GForum. El \u201ccoronavirus\u201d ha supuesto un reto a la imaginaci\u00f3n de c\u00f3mo hacer que los avances y la puesta en marcha del 5G en Espa\u00f1a sean compartidos por toda la comunidad tecnol\u00f3gica, cient\u00edfica, industrial y empresarial. Hab\u00eda que encontrar una alternativa innovadora, aprovechando las posibilidades que los abre la era digital y el 5G\u201d, asegura\u00a0Ricardo Medina, CEO de Medina Media Events, organizadora del evento.  \u201cLa cancelaci\u00f3n del Mobile World Congress de Barcelona, y de otras muchas mega-ferias mundiales, han impedido que haya un lugar de encuentro donde todos los agentes del desarrollo en el mundo del 5G pongan en com\u00fan sus experiencias, sus propuestas, sus ideas y sus avances. Y el 5GForum 2020 s\u00ed lo ser\u00e1\u201d, destaca Medina.  En las pr\u00f3ximas semanas, Medina Media Events seleccionar\u00e1 la soluci\u00f3n tecnol\u00f3gica con la que trabajar\u00e1 en la tercera edici\u00f3n del 5GForum. La agenda oficial del 5GForum 2020 ofrecer\u00e1\u00a0m\u00e1s de 20 ponencias y varias \u201cmesas redondas\u201d, y adem\u00e1s organizar\u00e1\u00a0\u201csalas de reuniones virtuales\u201d\u00a0para que los inscritos celebren encuentros de 15 minutos con los \u201cspeakers\u201d o con otros \u201casistentes\u201d con los que quieran establecer contacto y proponerles oportunidades de negocio.  \u201cAunque perdamos demostraciones reales en nuestra \u201cDemo Area\u201d, y renunciemos al \u201cnetworking\u201d piel con piel entre ponentes y asistentes, creemos que merece la pena apostar por compartir el conocimiento, a trav\u00e9s de las ponencias por videoconferencias, y aceptar el reto de utilizar las posibilidades del 5G y de las Nuevas Tecnolog\u00edas para superar los problemas que ha causado la primera pandemia del siglo XXI\u201d, dice Medina.  El 5GForum 2020 es el\u00a0principal evento espec\u00edfico sobre 5G que se celebra en Espa\u00f1a, y que desde 2018 re\u00fane anualmente en el Polo Nacional de Contenidos Digitales de M\u00e1laga a los principales expertos, empresas y multinacionales involucradas en el desarrollo de esta nueva tecnolog\u00eda, que permite una mayor velocidad en las Telecomunicaciones y que ser\u00e1 aplicada a pr\u00e1cticamente la totalidad de los sectores industriales de la nueva era digital.","og_url":"https:\/\/www.medinamediaevents.com\/es\/el-5gforum-de-malaga-sera-totalmente-virtual-y-con-5g\/","og_site_name":"Medina Media EVENTS","article_published_time":"2020-03-18T08:48:19+00:00","og_image":[{"width":799,"height":533,"url":"https:\/\/www.medinamediaevents.com\/web\/wp-content\/uploads\/2020\/03\/46825876755_03bea48364_c.jpg","type":"image\/jpeg"}],"author":"MME","twitter_card":"summary_large_image","twitter_misc":{"Escrito por":"MME","Tiempo de lectura":"2 minutos"},"schema":{"@context":"https:\/\/schema.org","@graph":[{"@type":"Article","@id":"https:\/\/www.medinamediaevents.com\/es\/el-5gforum-de-malaga-sera-totalmente-virtual-y-con-5g\/#article","isPartOf":{"@id":"https:\/\/www.medinamediaevents.com\/es\/el-5gforum-de-malaga-sera-totalmente-virtual-y-con-5g\/"},"author":{"name":"MME","@id":"https:\/\/www.medinamediaevents.com\/es\/#\/schema\/person\/7d2bf7ca8ea9d145a6e6ec897c79311c"},"headline":"EL 5GFORUM DE M\u00c1LAGA SER\u00c1 TOTALMENTE VIRTUAL Y CON 5G","datePublished":"2020-03-18T08:48:19+00:00","mainEntityOfPage":{"@id":"https:\/\/www.medinamediaevents.com\/es\/el-5gforum-de-malaga-sera-totalmente-virtual-y-con-5g\/"},"wordCount":414,"commentCount":0,"publisher":{"@id":"https:\/\/www.medinamediaevents.com\/es\/#organization"},"image":{"@id":"https:\/\/www.medinamediaevents.com\/es\/el-5gforum-de-malaga-sera-totalmente-virtual-y-con-5g\/#primaryimage"},"thumbnailUrl":"https:\/\/www.medinamediaevents.com\/web\/wp-content\/uploads\/2020\/03\/46825876755_03bea48364_c.jpg","articleSection":["5G FORUM"],"inLanguage":"es"},{"@type":"WebPage","@id":"https:\/\/www.medinamediaevents.com\/es\/el-5gforum-de-malaga-sera-totalmente-virtual-y-con-5g\/","url":"https:\/\/www.medinamediaevents.com\/es\/el-5gforum-de-malaga-sera-totalmente-virtual-y-con-5g\/","name":"EL 5GFORUM DE M\u00c1LAGA SER\u00c1 TOTALMENTE VIRTUAL Y CON 5G - Medina Media EVENTS","isPartOf":{"@id":"https:\/\/www.medinamediaevents.com\/es\/#website"},"primaryImageOfPage":{"@id":"https:\/\/www.medinamediaevents.com\/es\/el-5gforum-de-malaga-sera-totalmente-virtual-y-con-5g\/#primaryimage"},"image":{"@id":"https:\/\/www.medinamediaevents.com\/es\/el-5gforum-de-malaga-sera-totalmente-virtual-y-con-5g\/#primaryimage"},"thumbnailUrl":"https:\/\/www.medinamediaevents.com\/web\/wp-content\/uploads\/2020\/03\/46825876755_03bea48364_c.jpg","datePublished":"2020-03-18T08:48:19+00:00","breadcrumb":{"@id":"https:\/\/www.medinamediaevents.com\/es\/el-5gforum-de-malaga-sera-totalmente-virtual-y-con-5g\/#breadcrumb"},"inLanguage":"es","potentialAction":[{"@type":"ReadAction","target":["https:\/\/www.medinamediaevents.com\/es\/el-5gforum-de-malaga-sera-totalmente-virtual-y-con-5g\/"]}]},{"@type":"ImageObject","inLanguage":"es","@id":"https:\/\/www.medinamediaevents.com\/es\/el-5gforum-de-malaga-sera-totalmente-virtual-y-con-5g\/#primaryimage","url":"https:\/\/www.medinamediaevents.com\/web\/wp-content\/uploads\/2020\/03\/46825876755_03bea48364_c.jpg","contentUrl":"https:\/\/www.medinamediaevents.com\/web\/wp-content\/uploads\/2020\/03\/46825876755_03bea48364_c.jpg","width":799,"height":533},{"@type":"BreadcrumbList","@id":"https:\/\/www.medinamediaevents.com\/es\/el-5gforum-de-malaga-sera-totalmente-virtual-y-con-5g\/#breadcrumb","itemListElement":[{"@type":"ListItem","position":1,"name":"Home","item":"https:\/\/www.medinamediaevents.com\/es\/"},{"@type":"ListItem","position":2,"name":"EL 5GFORUM DE M\u00c1LAGA SER\u00c1 TOTALMENTE VIRTUAL Y CON 5G"}]},{"@type":"WebSite","@id":"https:\/\/www.medinamediaevents.com\/es\/#website","url":"https:\/\/www.medinamediaevents.com\/es\/","name":"Medina Media EVENTS","description":"","publisher":{"@id":"https:\/\/www.medinamediaevents.com\/es\/#organization"},"potentialAction":[{"@type":"SearchAction","target":{"@type":"EntryPoint","urlTemplate":"https:\/\/www.medinamediaevents.com\/es\/?s={search_term_string}"},"query-input":{"@type":"PropertyValueSpecification","valueRequired":true,"valueName":"search_term_string"}}],"inLanguage":"es"},{"@type":"Organization","@id":"https:\/\/www.medinamediaevents.com\/es\/#organization","name":"Medina Media Events","url":"https:\/\/www.medinamediaevents.com\/es\/","logo":{"@type":"ImageObject","inLanguage":"es","@id":"https:\/\/www.medinamediaevents.com\/es\/#\/schema\/logo\/image\/","url":"https:\/\/www.medinamediaevents.com\/web\/wp-content\/uploads\/2018\/11\/mm_events_logo2018.png","contentUrl":"https:\/\/www.medinamediaevents.com\/web\/wp-content\/uploads\/2018\/11\/mm_events_logo2018.png","width":1200,"height":750,"caption":"Medina Media Events"},"image":{"@id":"https:\/\/www.medinamediaevents.com\/es\/#\/schema\/logo\/image\/"}},{"@type":"Person","@id":"https:\/\/www.medinamediaevents.com\/es\/#\/schema\/person\/7d2bf7ca8ea9d145a6e6ec897c79311c","name":"MME"}]}},"_links":{"self":[{"href":"https:\/\/www.medinamediaevents.com\/es\/wp-json\/wp\/v2\/posts\/1766","targetHints":{"allow":["GET"]}}],"collection":[{"href":"https:\/\/www.medinamediaevents.com\/es\/wp-json\/wp\/v2\/posts"}],"about":[{"href":"https:\/\/www.medinamediaevents.com\/es\/wp-json\/wp\/v2\/types\/post"}],"author":[{"embeddable":true,"href":"https:\/\/www.medinamediaevents.com\/es\/wp-json\/wp\/v2\/users\/2"}],"replies":[{"embeddable":true,"href":"https:\/\/www.medinamediaevents.com\/es\/wp-json\/wp\/v2\/comments?post=1766"}],"version-history":[{"count":0,"href":"https:\/\/www.medinamediaevents.com\/es\/wp-json\/wp\/v2\/posts\/1766\/revisions"}],"wp:featuredmedia":[{"embeddable":true,"href":"https:\/\/www.medinamediaevents.com\/es\/wp-json\/wp\/v2\/media\/1767"}],"wp:attachment":[{"href":"https:\/\/www.medinamediaevents.com\/es\/wp-json\/wp\/v2\/media?parent=1766"}],"wp:term":[{"taxonomy":"category","embeddable":true,"href":"https:\/\/www.medinamediaevents.com\/es\/wp-json\/wp\/v2\/categories?post=1766"},{"taxonomy":"post_tag","embeddable":true,"href":"https:\/\/www.medinamediaevents.com\/es\/wp-json\/wp\/v2\/tags?post=1766"}],"curies":[{"name":"wp","href":"https:\/\/api.w.org\/{rel}","templated":true}]}}