{"id":1561,"date":"2019-10-11T09:53:37","date_gmt":"2019-10-11T07:53:37","guid":{"rendered":"https:\/\/www.medinamediaevents.com\/?p=1561"},"modified":"2019-11-25T09:55:57","modified_gmt":"2019-11-25T08:55:57","slug":"los-gigantes-de-la-electronica-de-consumo-expondran-el-ecosistema-8k-en-la-4k-hdr-summit-de-malaga","status":"publish","type":"post","link":"https:\/\/www.medinamediaevents.com\/es\/los-gigantes-de-la-electronica-de-consumo-expondran-el-ecosistema-8k-en-la-4k-hdr-summit-de-malaga\/","title":{"rendered":"LOS GIGANTES DE LA ELECTR\u00d3NICA DE CONSUMO EXPONDR\u00c1N EL ECOSISTEMA 8K EN LA 4K-HDR SUMMIT DE M\u00c1LAGA"},"content":{"rendered":"<p>La\u00a0<strong>Asociaci\u00f3n mundial 8K (8KA)<\/strong>, que agrupa a las 5 principales marcas de tecnolog\u00eda de pantallas 8K del mundo\u00a0<strong>(Samsung, Hisense, TCL, Panasonic y AU Optronics),\u00a0<\/strong><strong>expondr\u00e1n el ecosistema 8K en la 4K-HDR Summit,<\/strong>\u00a0que se celebrar\u00e1\u00a0<strong>del 6 al 8 de noviembre en el Polo Nacional de Contenidos Digitales de M\u00e1laga.<\/strong><\/p>\n<p>La 8K Association se constituy\u00f3 en el CES de Las Vegas 2019 agrupando a los gigantes de la electr\u00f3nica de consumo, y esta ser\u00e1 una de sus primeras presentaciones en sociedad.<\/p>\n<p><strong>La 4K-HDR Summit de M\u00e1laga<\/strong>, que celebra este a\u00f1o su quinta edici\u00f3n, es el\u00a0<strong>evento internacional m\u00e1s importante sobre la Ultra Alta Definici\u00f3n\u00a0<\/strong>y re\u00fane anualmente a los\u00a0<strong>250 principales ingenieros y productores de contenidos\u00a0<\/strong>de esta nueva tecnolog\u00eda de todo el mundo.<\/p>\n<p><img loading=\"lazy\" decoding=\"async\" class=\"aligncenter wp-image-1559 size-full\" src=\"https:\/\/www.medinamediaevents.com\/web\/wp-content\/uploads\/2019\/11\/Richard-Moreton-1024x954.png\" alt=\"\" width=\"1024\" height=\"954\" srcset=\"https:\/\/www.medinamediaevents.com\/web\/wp-content\/uploads\/2019\/11\/Richard-Moreton-1024x954.png 1024w, https:\/\/www.medinamediaevents.com\/web\/wp-content\/uploads\/2019\/11\/Richard-Moreton-1024x954-300x279.png 300w, https:\/\/www.medinamediaevents.com\/web\/wp-content\/uploads\/2019\/11\/Richard-Moreton-1024x954-768x716.png 768w\" sizes=\"auto, (max-width: 1024px) 100vw, 1024px\" \/><\/p>\n<p><strong>Richard Moreton<\/strong>, en representaci\u00f3n de la\u00a0<strong>8K Association (8KA)<\/strong>, hablar\u00e1 sobre la maduraci\u00f3n del ecosistema 8K y sobre su valor de creaci\u00f3n dentro del panorama actual de la fabricaci\u00f3n de dispositivos y de la producci\u00f3n de contenidos en Ultra Alta Definici\u00f3n.<\/p>\n<p><strong>Moreton<\/strong>\u00a0trabaja en el equipo de Desarrollo de Negocios y Asuntos Industriales del Instituto de Investigaci\u00f3n y Desarrollo de\u00a0<strong>Samsung<\/strong>, con base en Londres, desde donde apoya las actividades europeas de la multinacional surcoreana en el mercado de la televisi\u00f3n digital.<\/p>\n<p>La\u00a0<strong>4K-HDR Summit<\/strong>\u00a0re\u00fane cada a\u00f1o en Andaluc\u00eda desde 2015 a los principales speakers, multinacionales, productores, consultores y acad\u00e9micos de la Ultra Alta Definici\u00f3n de 20 pa\u00edses de todo el mundo, con\u00a0<strong>30 seleccionadas ponencias y paneles, y un \u201cnetworking\u201d exclusivo<\/strong>\u00a0de primer nivel.<\/p>\n<p>Para asistir a la\u00a0<strong>4K-HDR Summit\u00a0<\/strong>y disfrutar de todo lo que esta cumbre mundial sobre el 4K y el HDR puede ofrecerte, s\u00f3lo tienes que registrarte\u00a0<a href=\"https:\/\/www.4ksummit.com\/es\/?page_id=1772\" target=\"_blank\" rel=\"noopener noreferrer\">aqu\u00ed<\/a>.<\/p>\n<p>Adem\u00e1s, los asistentes a la\u00a0<strong>4K-HDR Summit podr\u00e1n conocer de forma gratuita demostraciones y workshops<\/strong>, exprimiendo todas sus posibilidades creativas y profesionales y compartiendo en tiempo real sus impresiones con otros asistentes. Reg\u00edstrate para visitar la Demo \u00c1rea y los Workshops de forma gratuita\u00a0<a href=\"https:\/\/www.4ksummit.com\/es\/?page_id=2624\" target=\"_blank\" rel=\"noopener noreferrer\">aqu\u00ed<\/a>.<\/p>\n","protected":false},"excerpt":{"rendered":"<p>La\u00a0<strong>Asociaci\u00f3n mundial 8K (8KA)<\/strong>, que agrupa a las 5 principales marcas de tecnolog\u00eda de pantallas 8K del mundo\u00a0<strong>(Samsung, Hisense, TCL, Panasonic y AU Optronics),\u00a0<\/strong><strong>expondr\u00e1n el ecosistema 8K en la 4K-HDR Summit,<\/strong>\u00a0que se celebrar\u00e1\u00a0<strong>del 6 al 8 de noviembre en el Polo Nacional de Contenidos Digitales de M\u00e1laga.<\/strong><\/p>\n<p>La 8K Association se constituy\u00f3 en el CES de Las Vegas 2019 agrupando a los gigantes de la electr\u00f3nica de consumo, y esta ser\u00e1 una de sus primeras presentaciones en sociedad.<\/p>\n<p><strong>La 4K-HDR Summit de M\u00e1laga<\/strong>, que celebra este a\u00f1o su quinta edici\u00f3n, es el\u00a0<strong>evento internacional m\u00e1s importante sobre la Ultra Alta Definici\u00f3n\u00a0<\/strong>y re\u00fane anualmente a los\u00a0<strong>250 principales ingenieros y productores de contenidos\u00a0<\/strong>de esta nueva tecnolog\u00eda de todo el mundo.<\/p>\n<p><img loading=\"lazy\" decoding=\"async\" class=\"aligncenter wp-image-1559 size-full\" src=\"https:\/\/www.medinamediaevents.com\/web\/wp-content\/uploads\/2019\/11\/Richard-Moreton-1024x954.png\" alt=\"\" width=\"1024\" height=\"954\" srcset=\"https:\/\/www.medinamediaevents.com\/web\/wp-content\/uploads\/2019\/11\/Richard-Moreton-1024x954.png 1024w, https:\/\/www.medinamediaevents.com\/web\/wp-content\/uploads\/2019\/11\/Richard-Moreton-1024x954-300x279.png 300w, https:\/\/www.medinamediaevents.com\/web\/wp-content\/uploads\/2019\/11\/Richard-Moreton-1024x954-768x716.png 768w\" sizes=\"auto, (max-width: 1024px) 100vw, 1024px\" \/><\/p>\n<p><strong>Richard Moreton<\/strong>, en representaci\u00f3n de la\u00a0<strong>8K Association (8KA)<\/strong>, hablar\u00e1 sobre la maduraci\u00f3n del ecosistema 8K y sobre su valor de creaci\u00f3n dentro del panorama actual de la fabricaci\u00f3n de dispositivos y de la producci\u00f3n de contenidos en Ultra Alta Definici\u00f3n.<\/p>\n<p><strong>Moreton<\/strong>\u00a0trabaja en el equipo de Desarrollo de Negocios y Asuntos Industriales del Instituto de Investigaci\u00f3n y Desarrollo de\u00a0<strong>Samsung<\/strong>, con base en Londres, desde donde apoya las actividades europeas de la multinacional surcoreana en el mercado de la televisi\u00f3n digital.<\/p>\n<p>La\u00a0<strong>4K-HDR Summit<\/strong>\u00a0re\u00fane cada a\u00f1o en Andaluc\u00eda desde 2015 a los principales speakers, multinacionales, productores, consultores y acad\u00e9micos de la Ultra Alta Definici\u00f3n de 20 pa\u00edses de todo el mundo, con\u00a0<strong>30 seleccionadas ponencias y paneles, y un \u201cnetworking\u201d exclusivo<\/strong>\u00a0de primer nivel.<\/p>\n<p>Para asistir a la\u00a0<strong>4K-HDR Summit\u00a0<\/strong>y disfrutar de todo lo que esta cumbre mundial sobre el 4K y el HDR puede ofrecerte, s\u00f3lo tienes que registrarte\u00a0<a href=\"https:\/\/www.4ksummit.com\/es\/?page_id=1772\" target=\"_blank\" rel=\"noopener noreferrer\">aqu\u00ed<\/a>.<\/p>\n<p>Adem\u00e1s, los asistentes a la\u00a0<strong>4K-HDR Summit podr\u00e1n conocer de forma gratuita demostraciones y workshops<\/strong>, exprimiendo todas sus posibilidades creativas y profesionales y compartiendo en tiempo real sus impresiones con otros asistentes. Reg\u00edstrate para visitar la Demo \u00c1rea y los Workshops de forma gratuita\u00a0<a href=\"https:\/\/www.4ksummit.com\/es\/?page_id=2624\" target=\"_blank\" rel=\"noopener noreferrer\">aqu\u00ed<\/a>.<\/p>\n","protected":false},"author":2,"featured_media":1557,"comment_status":"open","ping_status":"closed","sticky":false,"template":"","format":"standard","meta":{"_acf_changed":false,"footnotes":""},"categories":[13],"tags":[],"class_list":["post-1561","post","type-post","status-publish","format-standard","has-post-thumbnail","hentry","category-noticias-4k-hdr-summit"],"acf":[],"yoast_head":"<!-- This site is optimized with the Yoast SEO plugin v27.5 - https:\/\/yoast.com\/product\/yoast-seo-wordpress\/ -->\n<title>LOS GIGANTES DE LA ELECTR\u00d3NICA DE CONSUMO EXPONDR\u00c1N EL ECOSISTEMA 8K EN LA 4K-HDR SUMMIT DE M\u00c1LAGA - Medina Media EVENTS<\/title>\n<meta name=\"robots\" content=\"index, follow, max-snippet:-1, max-image-preview:large, max-video-preview:-1\" \/>\n<link rel=\"canonical\" href=\"https:\/\/www.medinamediaevents.com\/es\/los-gigantes-de-la-electronica-de-consumo-expondran-el-ecosistema-8k-en-la-4k-hdr-summit-de-malaga\/\" \/>\n<meta property=\"og:locale\" content=\"es_ES\" \/>\n<meta property=\"og:type\" content=\"article\" \/>\n<meta property=\"og:title\" content=\"LOS GIGANTES DE LA ELECTR\u00d3NICA DE CONSUMO EXPONDR\u00c1N EL ECOSISTEMA 8K EN LA 4K-HDR SUMMIT DE M\u00c1LAGA - Medina Media EVENTS\" \/>\n<meta property=\"og:description\" content=\"La\u00a0Asociaci\u00f3n mundial 8K (8KA), que agrupa a las 5 principales marcas de tecnolog\u00eda de pantallas 8K del mundo\u00a0(Samsung, Hisense, TCL, Panasonic y AU Optronics),\u00a0expondr\u00e1n el ecosistema 8K en la 4K-HDR Summit,\u00a0que se celebrar\u00e1\u00a0del 6 al 8 de noviembre en el Polo Nacional de Contenidos Digitales de M\u00e1laga.  La 8K Association se constituy\u00f3 en el CES de Las Vegas 2019 agrupando a los gigantes de la electr\u00f3nica de consumo, y esta ser\u00e1 una de sus primeras presentaciones en sociedad.  La 4K-HDR Summit de M\u00e1laga, que celebra este a\u00f1o su quinta edici\u00f3n, es el\u00a0evento internacional m\u00e1s importante sobre la Ultra Alta Definici\u00f3n\u00a0y re\u00fane anualmente a los\u00a0250 principales ingenieros y productores de contenidos\u00a0de esta nueva tecnolog\u00eda de todo el mundo.    Richard Moreton, en representaci\u00f3n de la\u00a08K Association (8KA), hablar\u00e1 sobre la maduraci\u00f3n del ecosistema 8K y sobre su valor de creaci\u00f3n dentro del panorama actual de la fabricaci\u00f3n de dispositivos y de la producci\u00f3n de contenidos en Ultra Alta Definici\u00f3n.  Moreton\u00a0trabaja en el equipo de Desarrollo de Negocios y Asuntos Industriales del Instituto de Investigaci\u00f3n y Desarrollo de\u00a0Samsung, con base en Londres, desde donde apoya las actividades europeas de la multinacional surcoreana en el mercado de la televisi\u00f3n digital.  La\u00a04K-HDR Summit\u00a0re\u00fane cada a\u00f1o en Andaluc\u00eda desde 2015 a los principales speakers, multinacionales, productores, consultores y acad\u00e9micos de la Ultra Alta Definici\u00f3n de 20 pa\u00edses de todo el mundo, con\u00a030 seleccionadas ponencias y paneles, y un \u201cnetworking\u201d exclusivo\u00a0de primer nivel.  Para asistir a la\u00a04K-HDR Summit\u00a0y disfrutar de todo lo que esta cumbre mundial sobre el 4K y el HDR puede ofrecerte, s\u00f3lo tienes que registrarte\u00a0aqu\u00ed.  Adem\u00e1s, los asistentes a la\u00a04K-HDR Summit podr\u00e1n conocer de forma gratuita demostraciones y workshops, exprimiendo todas sus posibilidades creativas y profesionales y compartiendo en tiempo real sus impresiones con otros asistentes. Reg\u00edstrate para visitar la Demo \u00c1rea y los Workshops de forma gratuita\u00a0aqu\u00ed.\" \/>\n<meta property=\"og:url\" content=\"https:\/\/www.medinamediaevents.com\/es\/los-gigantes-de-la-electronica-de-consumo-expondran-el-ecosistema-8k-en-la-4k-hdr-summit-de-malaga\/\" \/>\n<meta property=\"og:site_name\" content=\"Medina Media EVENTS\" \/>\n<meta property=\"article:published_time\" content=\"2019-10-11T07:53:37+00:00\" \/>\n<meta property=\"article:modified_time\" content=\"2019-11-25T08:55:57+00:00\" \/>\n<meta property=\"og:image\" content=\"https:\/\/www.medinamediaevents.com\/web\/wp-content\/uploads\/2019\/11\/8K_Logo-TM-768x594.png\" \/>\n\t<meta property=\"og:image:width\" content=\"768\" \/>\n\t<meta property=\"og:image:height\" content=\"594\" \/>\n\t<meta property=\"og:image:type\" content=\"image\/png\" \/>\n<meta name=\"author\" content=\"MME\" \/>\n<meta name=\"twitter:card\" content=\"summary_large_image\" \/>\n<meta name=\"twitter:label1\" content=\"Escrito por\" \/>\n\t<meta name=\"twitter:data1\" content=\"MME\" \/>\n\t<meta name=\"twitter:label2\" content=\"Tiempo de lectura\" \/>\n\t<meta name=\"twitter:data2\" content=\"2 minutos\" \/>\n<script type=\"application\/ld+json\" class=\"yoast-schema-graph\">{\"@context\":\"https:\\\/\\\/schema.org\",\"@graph\":[{\"@type\":\"Article\",\"@id\":\"https:\\\/\\\/www.medinamediaevents.com\\\/es\\\/los-gigantes-de-la-electronica-de-consumo-expondran-el-ecosistema-8k-en-la-4k-hdr-summit-de-malaga\\\/#article\",\"isPartOf\":{\"@id\":\"https:\\\/\\\/www.medinamediaevents.com\\\/es\\\/los-gigantes-de-la-electronica-de-consumo-expondran-el-ecosistema-8k-en-la-4k-hdr-summit-de-malaga\\\/\"},\"author\":{\"name\":\"MME\",\"@id\":\"https:\\\/\\\/www.medinamediaevents.com\\\/es\\\/#\\\/schema\\\/person\\\/7d2bf7ca8ea9d145a6e6ec897c79311c\"},\"headline\":\"LOS GIGANTES DE LA ELECTR\u00d3NICA DE CONSUMO EXPONDR\u00c1N EL ECOSISTEMA 8K EN LA 4K-HDR SUMMIT DE M\u00c1LAGA\",\"datePublished\":\"2019-10-11T07:53:37+00:00\",\"dateModified\":\"2019-11-25T08:55:57+00:00\",\"mainEntityOfPage\":{\"@id\":\"https:\\\/\\\/www.medinamediaevents.com\\\/es\\\/los-gigantes-de-la-electronica-de-consumo-expondran-el-ecosistema-8k-en-la-4k-hdr-summit-de-malaga\\\/\"},\"wordCount\":367,\"commentCount\":0,\"publisher\":{\"@id\":\"https:\\\/\\\/www.medinamediaevents.com\\\/es\\\/#organization\"},\"image\":{\"@id\":\"https:\\\/\\\/www.medinamediaevents.com\\\/es\\\/los-gigantes-de-la-electronica-de-consumo-expondran-el-ecosistema-8k-en-la-4k-hdr-summit-de-malaga\\\/#primaryimage\"},\"thumbnailUrl\":\"https:\\\/\\\/www.medinamediaevents.com\\\/web\\\/wp-content\\\/uploads\\\/2019\\\/11\\\/8K_Logo-TM-768x594.png\",\"articleSection\":[\"4K HDR SUMMIT\"],\"inLanguage\":\"es\"},{\"@type\":\"WebPage\",\"@id\":\"https:\\\/\\\/www.medinamediaevents.com\\\/es\\\/los-gigantes-de-la-electronica-de-consumo-expondran-el-ecosistema-8k-en-la-4k-hdr-summit-de-malaga\\\/\",\"url\":\"https:\\\/\\\/www.medinamediaevents.com\\\/es\\\/los-gigantes-de-la-electronica-de-consumo-expondran-el-ecosistema-8k-en-la-4k-hdr-summit-de-malaga\\\/\",\"name\":\"LOS GIGANTES DE LA ELECTR\u00d3NICA DE CONSUMO EXPONDR\u00c1N EL ECOSISTEMA 8K EN LA 4K-HDR SUMMIT DE M\u00c1LAGA - Medina Media EVENTS\",\"isPartOf\":{\"@id\":\"https:\\\/\\\/www.medinamediaevents.com\\\/es\\\/#website\"},\"primaryImageOfPage\":{\"@id\":\"https:\\\/\\\/www.medinamediaevents.com\\\/es\\\/los-gigantes-de-la-electronica-de-consumo-expondran-el-ecosistema-8k-en-la-4k-hdr-summit-de-malaga\\\/#primaryimage\"},\"image\":{\"@id\":\"https:\\\/\\\/www.medinamediaevents.com\\\/es\\\/los-gigantes-de-la-electronica-de-consumo-expondran-el-ecosistema-8k-en-la-4k-hdr-summit-de-malaga\\\/#primaryimage\"},\"thumbnailUrl\":\"https:\\\/\\\/www.medinamediaevents.com\\\/web\\\/wp-content\\\/uploads\\\/2019\\\/11\\\/8K_Logo-TM-768x594.png\",\"datePublished\":\"2019-10-11T07:53:37+00:00\",\"dateModified\":\"2019-11-25T08:55:57+00:00\",\"breadcrumb\":{\"@id\":\"https:\\\/\\\/www.medinamediaevents.com\\\/es\\\/los-gigantes-de-la-electronica-de-consumo-expondran-el-ecosistema-8k-en-la-4k-hdr-summit-de-malaga\\\/#breadcrumb\"},\"inLanguage\":\"es\",\"potentialAction\":[{\"@type\":\"ReadAction\",\"target\":[\"https:\\\/\\\/www.medinamediaevents.com\\\/es\\\/los-gigantes-de-la-electronica-de-consumo-expondran-el-ecosistema-8k-en-la-4k-hdr-summit-de-malaga\\\/\"]}]},{\"@type\":\"ImageObject\",\"inLanguage\":\"es\",\"@id\":\"https:\\\/\\\/www.medinamediaevents.com\\\/es\\\/los-gigantes-de-la-electronica-de-consumo-expondran-el-ecosistema-8k-en-la-4k-hdr-summit-de-malaga\\\/#primaryimage\",\"url\":\"https:\\\/\\\/www.medinamediaevents.com\\\/web\\\/wp-content\\\/uploads\\\/2019\\\/11\\\/8K_Logo-TM-768x594.png\",\"contentUrl\":\"https:\\\/\\\/www.medinamediaevents.com\\\/web\\\/wp-content\\\/uploads\\\/2019\\\/11\\\/8K_Logo-TM-768x594.png\",\"width\":768,\"height\":594},{\"@type\":\"BreadcrumbList\",\"@id\":\"https:\\\/\\\/www.medinamediaevents.com\\\/es\\\/los-gigantes-de-la-electronica-de-consumo-expondran-el-ecosistema-8k-en-la-4k-hdr-summit-de-malaga\\\/#breadcrumb\",\"itemListElement\":[{\"@type\":\"ListItem\",\"position\":1,\"name\":\"Home\",\"item\":\"https:\\\/\\\/www.medinamediaevents.com\\\/es\\\/\"},{\"@type\":\"ListItem\",\"position\":2,\"name\":\"LOS GIGANTES DE LA ELECTR\u00d3NICA DE CONSUMO EXPONDR\u00c1N EL ECOSISTEMA 8K EN LA 4K-HDR SUMMIT DE M\u00c1LAGA\"}]},{\"@type\":\"WebSite\",\"@id\":\"https:\\\/\\\/www.medinamediaevents.com\\\/es\\\/#website\",\"url\":\"https:\\\/\\\/www.medinamediaevents.com\\\/es\\\/\",\"name\":\"Medina Media EVENTS\",\"description\":\"\",\"publisher\":{\"@id\":\"https:\\\/\\\/www.medinamediaevents.com\\\/es\\\/#organization\"},\"potentialAction\":[{\"@type\":\"SearchAction\",\"target\":{\"@type\":\"EntryPoint\",\"urlTemplate\":\"https:\\\/\\\/www.medinamediaevents.com\\\/es\\\/?s={search_term_string}\"},\"query-input\":{\"@type\":\"PropertyValueSpecification\",\"valueRequired\":true,\"valueName\":\"search_term_string\"}}],\"inLanguage\":\"es\"},{\"@type\":\"Organization\",\"@id\":\"https:\\\/\\\/www.medinamediaevents.com\\\/es\\\/#organization\",\"name\":\"Medina Media Events\",\"url\":\"https:\\\/\\\/www.medinamediaevents.com\\\/es\\\/\",\"logo\":{\"@type\":\"ImageObject\",\"inLanguage\":\"es\",\"@id\":\"https:\\\/\\\/www.medinamediaevents.com\\\/es\\\/#\\\/schema\\\/logo\\\/image\\\/\",\"url\":\"https:\\\/\\\/www.medinamediaevents.com\\\/web\\\/wp-content\\\/uploads\\\/2018\\\/11\\\/mm_events_logo2018.png\",\"contentUrl\":\"https:\\\/\\\/www.medinamediaevents.com\\\/web\\\/wp-content\\\/uploads\\\/2018\\\/11\\\/mm_events_logo2018.png\",\"width\":1200,\"height\":750,\"caption\":\"Medina Media Events\"},\"image\":{\"@id\":\"https:\\\/\\\/www.medinamediaevents.com\\\/es\\\/#\\\/schema\\\/logo\\\/image\\\/\"}},{\"@type\":\"Person\",\"@id\":\"https:\\\/\\\/www.medinamediaevents.com\\\/es\\\/#\\\/schema\\\/person\\\/7d2bf7ca8ea9d145a6e6ec897c79311c\",\"name\":\"MME\"}]}<\/script>\n<!-- \/ Yoast SEO plugin. -->","yoast_head_json":{"title":"LOS GIGANTES DE LA ELECTR\u00d3NICA DE CONSUMO EXPONDR\u00c1N EL ECOSISTEMA 8K EN LA 4K-HDR SUMMIT DE M\u00c1LAGA - Medina Media EVENTS","robots":{"index":"index","follow":"follow","max-snippet":"max-snippet:-1","max-image-preview":"max-image-preview:large","max-video-preview":"max-video-preview:-1"},"canonical":"https:\/\/www.medinamediaevents.com\/es\/los-gigantes-de-la-electronica-de-consumo-expondran-el-ecosistema-8k-en-la-4k-hdr-summit-de-malaga\/","og_locale":"es_ES","og_type":"article","og_title":"LOS GIGANTES DE LA ELECTR\u00d3NICA DE CONSUMO EXPONDR\u00c1N EL ECOSISTEMA 8K EN LA 4K-HDR SUMMIT DE M\u00c1LAGA - Medina Media EVENTS","og_description":"La\u00a0Asociaci\u00f3n mundial 8K (8KA), que agrupa a las 5 principales marcas de tecnolog\u00eda de pantallas 8K del mundo\u00a0(Samsung, Hisense, TCL, Panasonic y AU Optronics),\u00a0expondr\u00e1n el ecosistema 8K en la 4K-HDR Summit,\u00a0que se celebrar\u00e1\u00a0del 6 al 8 de noviembre en el Polo Nacional de Contenidos Digitales de M\u00e1laga.  La 8K Association se constituy\u00f3 en el CES de Las Vegas 2019 agrupando a los gigantes de la electr\u00f3nica de consumo, y esta ser\u00e1 una de sus primeras presentaciones en sociedad.  La 4K-HDR Summit de M\u00e1laga, que celebra este a\u00f1o su quinta edici\u00f3n, es el\u00a0evento internacional m\u00e1s importante sobre la Ultra Alta Definici\u00f3n\u00a0y re\u00fane anualmente a los\u00a0250 principales ingenieros y productores de contenidos\u00a0de esta nueva tecnolog\u00eda de todo el mundo.    Richard Moreton, en representaci\u00f3n de la\u00a08K Association (8KA), hablar\u00e1 sobre la maduraci\u00f3n del ecosistema 8K y sobre su valor de creaci\u00f3n dentro del panorama actual de la fabricaci\u00f3n de dispositivos y de la producci\u00f3n de contenidos en Ultra Alta Definici\u00f3n.  Moreton\u00a0trabaja en el equipo de Desarrollo de Negocios y Asuntos Industriales del Instituto de Investigaci\u00f3n y Desarrollo de\u00a0Samsung, con base en Londres, desde donde apoya las actividades europeas de la multinacional surcoreana en el mercado de la televisi\u00f3n digital.  La\u00a04K-HDR Summit\u00a0re\u00fane cada a\u00f1o en Andaluc\u00eda desde 2015 a los principales speakers, multinacionales, productores, consultores y acad\u00e9micos de la Ultra Alta Definici\u00f3n de 20 pa\u00edses de todo el mundo, con\u00a030 seleccionadas ponencias y paneles, y un \u201cnetworking\u201d exclusivo\u00a0de primer nivel.  Para asistir a la\u00a04K-HDR Summit\u00a0y disfrutar de todo lo que esta cumbre mundial sobre el 4K y el HDR puede ofrecerte, s\u00f3lo tienes que registrarte\u00a0aqu\u00ed.  Adem\u00e1s, los asistentes a la\u00a04K-HDR Summit podr\u00e1n conocer de forma gratuita demostraciones y workshops, exprimiendo todas sus posibilidades creativas y profesionales y compartiendo en tiempo real sus impresiones con otros asistentes. Reg\u00edstrate para visitar la Demo \u00c1rea y los Workshops de forma gratuita\u00a0aqu\u00ed.","og_url":"https:\/\/www.medinamediaevents.com\/es\/los-gigantes-de-la-electronica-de-consumo-expondran-el-ecosistema-8k-en-la-4k-hdr-summit-de-malaga\/","og_site_name":"Medina Media EVENTS","article_published_time":"2019-10-11T07:53:37+00:00","article_modified_time":"2019-11-25T08:55:57+00:00","og_image":[{"width":768,"height":594,"url":"https:\/\/www.medinamediaevents.com\/web\/wp-content\/uploads\/2019\/11\/8K_Logo-TM-768x594.png","type":"image\/png"}],"author":"MME","twitter_card":"summary_large_image","twitter_misc":{"Escrito por":"MME","Tiempo de lectura":"2 minutos"},"schema":{"@context":"https:\/\/schema.org","@graph":[{"@type":"Article","@id":"https:\/\/www.medinamediaevents.com\/es\/los-gigantes-de-la-electronica-de-consumo-expondran-el-ecosistema-8k-en-la-4k-hdr-summit-de-malaga\/#article","isPartOf":{"@id":"https:\/\/www.medinamediaevents.com\/es\/los-gigantes-de-la-electronica-de-consumo-expondran-el-ecosistema-8k-en-la-4k-hdr-summit-de-malaga\/"},"author":{"name":"MME","@id":"https:\/\/www.medinamediaevents.com\/es\/#\/schema\/person\/7d2bf7ca8ea9d145a6e6ec897c79311c"},"headline":"LOS GIGANTES DE LA ELECTR\u00d3NICA DE CONSUMO EXPONDR\u00c1N EL ECOSISTEMA 8K EN LA 4K-HDR SUMMIT DE M\u00c1LAGA","datePublished":"2019-10-11T07:53:37+00:00","dateModified":"2019-11-25T08:55:57+00:00","mainEntityOfPage":{"@id":"https:\/\/www.medinamediaevents.com\/es\/los-gigantes-de-la-electronica-de-consumo-expondran-el-ecosistema-8k-en-la-4k-hdr-summit-de-malaga\/"},"wordCount":367,"commentCount":0,"publisher":{"@id":"https:\/\/www.medinamediaevents.com\/es\/#organization"},"image":{"@id":"https:\/\/www.medinamediaevents.com\/es\/los-gigantes-de-la-electronica-de-consumo-expondran-el-ecosistema-8k-en-la-4k-hdr-summit-de-malaga\/#primaryimage"},"thumbnailUrl":"https:\/\/www.medinamediaevents.com\/web\/wp-content\/uploads\/2019\/11\/8K_Logo-TM-768x594.png","articleSection":["4K HDR SUMMIT"],"inLanguage":"es"},{"@type":"WebPage","@id":"https:\/\/www.medinamediaevents.com\/es\/los-gigantes-de-la-electronica-de-consumo-expondran-el-ecosistema-8k-en-la-4k-hdr-summit-de-malaga\/","url":"https:\/\/www.medinamediaevents.com\/es\/los-gigantes-de-la-electronica-de-consumo-expondran-el-ecosistema-8k-en-la-4k-hdr-summit-de-malaga\/","name":"LOS GIGANTES DE LA ELECTR\u00d3NICA DE CONSUMO EXPONDR\u00c1N EL ECOSISTEMA 8K EN LA 4K-HDR SUMMIT DE M\u00c1LAGA - Medina Media EVENTS","isPartOf":{"@id":"https:\/\/www.medinamediaevents.com\/es\/#website"},"primaryImageOfPage":{"@id":"https:\/\/www.medinamediaevents.com\/es\/los-gigantes-de-la-electronica-de-consumo-expondran-el-ecosistema-8k-en-la-4k-hdr-summit-de-malaga\/#primaryimage"},"image":{"@id":"https:\/\/www.medinamediaevents.com\/es\/los-gigantes-de-la-electronica-de-consumo-expondran-el-ecosistema-8k-en-la-4k-hdr-summit-de-malaga\/#primaryimage"},"thumbnailUrl":"https:\/\/www.medinamediaevents.com\/web\/wp-content\/uploads\/2019\/11\/8K_Logo-TM-768x594.png","datePublished":"2019-10-11T07:53:37+00:00","dateModified":"2019-11-25T08:55:57+00:00","breadcrumb":{"@id":"https:\/\/www.medinamediaevents.com\/es\/los-gigantes-de-la-electronica-de-consumo-expondran-el-ecosistema-8k-en-la-4k-hdr-summit-de-malaga\/#breadcrumb"},"inLanguage":"es","potentialAction":[{"@type":"ReadAction","target":["https:\/\/www.medinamediaevents.com\/es\/los-gigantes-de-la-electronica-de-consumo-expondran-el-ecosistema-8k-en-la-4k-hdr-summit-de-malaga\/"]}]},{"@type":"ImageObject","inLanguage":"es","@id":"https:\/\/www.medinamediaevents.com\/es\/los-gigantes-de-la-electronica-de-consumo-expondran-el-ecosistema-8k-en-la-4k-hdr-summit-de-malaga\/#primaryimage","url":"https:\/\/www.medinamediaevents.com\/web\/wp-content\/uploads\/2019\/11\/8K_Logo-TM-768x594.png","contentUrl":"https:\/\/www.medinamediaevents.com\/web\/wp-content\/uploads\/2019\/11\/8K_Logo-TM-768x594.png","width":768,"height":594},{"@type":"BreadcrumbList","@id":"https:\/\/www.medinamediaevents.com\/es\/los-gigantes-de-la-electronica-de-consumo-expondran-el-ecosistema-8k-en-la-4k-hdr-summit-de-malaga\/#breadcrumb","itemListElement":[{"@type":"ListItem","position":1,"name":"Home","item":"https:\/\/www.medinamediaevents.com\/es\/"},{"@type":"ListItem","position":2,"name":"LOS GIGANTES DE LA ELECTR\u00d3NICA DE CONSUMO EXPONDR\u00c1N EL ECOSISTEMA 8K EN LA 4K-HDR SUMMIT DE M\u00c1LAGA"}]},{"@type":"WebSite","@id":"https:\/\/www.medinamediaevents.com\/es\/#website","url":"https:\/\/www.medinamediaevents.com\/es\/","name":"Medina Media EVENTS","description":"","publisher":{"@id":"https:\/\/www.medinamediaevents.com\/es\/#organization"},"potentialAction":[{"@type":"SearchAction","target":{"@type":"EntryPoint","urlTemplate":"https:\/\/www.medinamediaevents.com\/es\/?s={search_term_string}"},"query-input":{"@type":"PropertyValueSpecification","valueRequired":true,"valueName":"search_term_string"}}],"inLanguage":"es"},{"@type":"Organization","@id":"https:\/\/www.medinamediaevents.com\/es\/#organization","name":"Medina Media Events","url":"https:\/\/www.medinamediaevents.com\/es\/","logo":{"@type":"ImageObject","inLanguage":"es","@id":"https:\/\/www.medinamediaevents.com\/es\/#\/schema\/logo\/image\/","url":"https:\/\/www.medinamediaevents.com\/web\/wp-content\/uploads\/2018\/11\/mm_events_logo2018.png","contentUrl":"https:\/\/www.medinamediaevents.com\/web\/wp-content\/uploads\/2018\/11\/mm_events_logo2018.png","width":1200,"height":750,"caption":"Medina Media Events"},"image":{"@id":"https:\/\/www.medinamediaevents.com\/es\/#\/schema\/logo\/image\/"}},{"@type":"Person","@id":"https:\/\/www.medinamediaevents.com\/es\/#\/schema\/person\/7d2bf7ca8ea9d145a6e6ec897c79311c","name":"MME"}]}},"_links":{"self":[{"href":"https:\/\/www.medinamediaevents.com\/es\/wp-json\/wp\/v2\/posts\/1561","targetHints":{"allow":["GET"]}}],"collection":[{"href":"https:\/\/www.medinamediaevents.com\/es\/wp-json\/wp\/v2\/posts"}],"about":[{"href":"https:\/\/www.medinamediaevents.com\/es\/wp-json\/wp\/v2\/types\/post"}],"author":[{"embeddable":true,"href":"https:\/\/www.medinamediaevents.com\/es\/wp-json\/wp\/v2\/users\/2"}],"replies":[{"embeddable":true,"href":"https:\/\/www.medinamediaevents.com\/es\/wp-json\/wp\/v2\/comments?post=1561"}],"version-history":[{"count":0,"href":"https:\/\/www.medinamediaevents.com\/es\/wp-json\/wp\/v2\/posts\/1561\/revisions"}],"wp:featuredmedia":[{"embeddable":true,"href":"https:\/\/www.medinamediaevents.com\/es\/wp-json\/wp\/v2\/media\/1557"}],"wp:attachment":[{"href":"https:\/\/www.medinamediaevents.com\/es\/wp-json\/wp\/v2\/media?parent=1561"}],"wp:term":[{"taxonomy":"category","embeddable":true,"href":"https:\/\/www.medinamediaevents.com\/es\/wp-json\/wp\/v2\/categories?post=1561"},{"taxonomy":"post_tag","embeddable":true,"href":"https:\/\/www.medinamediaevents.com\/es\/wp-json\/wp\/v2\/tags?post=1561"}],"curies":[{"name":"wp","href":"https:\/\/api.w.org\/{rel}","templated":true}]}}