{"id":1531,"date":"2019-09-10T09:32:56","date_gmt":"2019-09-10T07:32:56","guid":{"rendered":"https:\/\/www.medinamediaevents.com\/?p=1531"},"modified":"2019-11-25T09:34:19","modified_gmt":"2019-11-25T08:34:19","slug":"la-4k-summit-2019-abre-inscripciones-a-asistentes-profesionales-para-su-5a-edicion","status":"publish","type":"post","link":"https:\/\/www.medinamediaevents.com\/es\/la-4k-summit-2019-abre-inscripciones-a-asistentes-profesionales-para-su-5a-edicion\/","title":{"rendered":"LA 4K SUMMIT 2019 ABRE INSCRIPCIONES A ASISTENTES PROFESIONALES PARA SU 5\u00aa EDICI\u00d3N"},"content":{"rendered":"<p>La\u00a0<strong>4K-HDR Summit 2019<\/strong>\u00a0ha abierto hoy las inscripciones para los\u00a0<strong>250 asistentes exclusivos\u00a0<\/strong>que se reunir\u00e1n en la quinta edici\u00f3n de la\u00a0<strong>principal cumbre internacional sobre la Ultra Alta Definici\u00f3n (UHD)<\/strong>, que tendr\u00e1 lugar del\u00a0<strong>6 al 8 de noviembre en el Polo Nacional de Contenidos Digitales de M\u00e1laga<\/strong>.<\/p>\n<p>La 4K Summit\u00a0celebr\u00f3 su primera edici\u00f3n en 2015\u00a0y desde entonces se ha\u00a0consolidado como la\u00a0<strong>cita anual m\u00e1s relevante para las multinacionales de la tecnolog\u00eda y de los productores de contenidos\u00a0<\/strong>que lideran el desarrollo a nivel mundial de la Ultra Alta Definici\u00f3n (UHD).<\/p>\n<p>En este\u00a0exclusivo encuentro, organizado por<strong>\u00a0Medina Media Events<\/strong>, los\u00a0<strong>\u201ctop engineers\u201d<\/strong>\u00a0y los \u201c<strong>top content producers\u201d<\/strong>\u00a0del\u00a0<strong>4K, del HDR (Alto Rango Din\u00e1mico) y del 8K<\/strong>,\u00a0compartir\u00e1n durante 3 d\u00edas en la capital de la Costa del Sol sus\u00a0avances y novedades\u00a0de este a\u00f1o en un ambiente relajado, donde el networking y el acceso a los ponentes son se\u00f1as de identidad.<\/p>\n<p><img loading=\"lazy\" decoding=\"async\" class=\"aligncenter wp-image-1527 size-full\" src=\"https:\/\/www.medinamediaevents.com\/web\/wp-content\/uploads\/2019\/11\/45784055652_07726b7e40_k-1024x683.jpg\" alt=\"\" width=\"1024\" height=\"683\" srcset=\"https:\/\/www.medinamediaevents.com\/web\/wp-content\/uploads\/2019\/11\/45784055652_07726b7e40_k-1024x683.jpg 1024w, https:\/\/www.medinamediaevents.com\/web\/wp-content\/uploads\/2019\/11\/45784055652_07726b7e40_k-1024x683-300x200.jpg 300w, https:\/\/www.medinamediaevents.com\/web\/wp-content\/uploads\/2019\/11\/45784055652_07726b7e40_k-1024x683-768x512.jpg 768w\" sizes=\"auto, (max-width: 1024px) 100vw, 1024px\" \/><\/p>\n<p>En 2018, la 4K-HDR Summit \u00a0cont\u00f3 con\u00a0<strong>representantes de m\u00e1s de 20 pa\u00edses y con casi 30 patrocinadores<\/strong>\u00a0como\u00a0<strong>Movistar, Samsung, Huawei, Eutelsat, Sony, RTVE, Franhoufer, Canal Sur, Dolby, Vestel, HBS, Ateme, AJA, Hispasat, Grass Valley, Canon, Cellnex, Rohde&amp;Schwarz, Panasonic, Fujinon, Axi\u00f3n, Media Kind, Mome, Nokia, Sono, Hur\u00ed, Tedial, Diputaci\u00f3n de M\u00e1laga, Sabor a M\u00e1laga \u201cEl sabor que nos une\u201d y Prom\u00e1laga<\/strong>.<\/p>\n<p>Adem\u00e1s, participaron en esta Summit el\u00a0<strong>Ultra HD Forum, la NHK, Sky, EBU (European Broadcasting Union) y la BBC<\/strong>.<\/p>\n<p>La 4K Summit 2018 cont\u00f3 tambi\u00e9n con la colaboraci\u00f3n de\u00a0<strong>Extenda (Agencia Andaluza de Promoci\u00f3n Exterior), Europa Creativa, Harmonic, Ayuntamiento de M\u00e1laga, Cerveza Victoria, Esca Catering, BCMA Spain, 3IN-Tech, Ametic, Universidad de M\u00e1laga, Provideo, Ontario Soluciones y Renfe<\/strong>.<\/p>\n<p>Este a\u00f1o, la quinta edici\u00f3n de la 4K-HDR Summit\u00a0<strong>coincidir\u00e1 con\u00a0<\/strong>la celebraci\u00f3n de la gala de entrega de premios del\u00a0<strong>M\u00e1laga 4KFest<\/strong>, la constituci\u00f3n de la asociaci\u00f3n\u00a0<strong>UHD Spain<\/strong>, y con el festival de m\u00fasica\u00a0<strong>M\u00e1laga-Jazz<\/strong>, eventos que pretenden convertir a M\u00e1laga en capital art\u00edstica-tecnol\u00f3gica-audiovisual del Sur de Europa durante todo esa semana.<\/p>\n<p>\u00danete ahora a la\u00a0<strong>4K Summit 2019<\/strong>\u00a0y disfruta durante 3 d\u00edas de un evento \u00fanico con interesantes descuentos en la acreditaci\u00f3n, alojamiento y AVE.<\/p>\n","protected":false},"excerpt":{"rendered":"<p>La\u00a0<strong>4K-HDR Summit 2019<\/strong>\u00a0ha abierto hoy las inscripciones para los\u00a0<strong>250 asistentes exclusivos\u00a0<\/strong>que se reunir\u00e1n en la quinta edici\u00f3n de la\u00a0<strong>principal cumbre internacional sobre la Ultra Alta Definici\u00f3n (UHD)<\/strong>, que tendr\u00e1 lugar del\u00a0<strong>6 al 8 de noviembre en el Polo Nacional de Contenidos Digitales de M\u00e1laga<\/strong>.<\/p>\n<p>La 4K Summit\u00a0celebr\u00f3 su primera edici\u00f3n en 2015\u00a0y desde entonces se ha\u00a0consolidado como la\u00a0<strong>cita anual m\u00e1s relevante para las multinacionales de la tecnolog\u00eda y de los productores de contenidos\u00a0<\/strong>que lideran el desarrollo a nivel mundial de la Ultra Alta Definici\u00f3n (UHD).<\/p>\n<p>En este\u00a0exclusivo encuentro, organizado por<strong>\u00a0Medina Media Events<\/strong>, los\u00a0<strong>\u201ctop engineers\u201d<\/strong>\u00a0y los \u201c<strong>top content producers\u201d<\/strong>\u00a0del\u00a0<strong>4K, del HDR (Alto Rango Din\u00e1mico) y del 8K<\/strong>,\u00a0compartir\u00e1n durante 3 d\u00edas en la capital de la Costa del Sol sus\u00a0avances y novedades\u00a0de este a\u00f1o en un ambiente relajado, donde el networking y el acceso a los ponentes son se\u00f1as de identidad.<\/p>\n<p><img loading=\"lazy\" decoding=\"async\" class=\"aligncenter wp-image-1527 size-full\" src=\"https:\/\/www.medinamediaevents.com\/web\/wp-content\/uploads\/2019\/11\/45784055652_07726b7e40_k-1024x683.jpg\" alt=\"\" width=\"1024\" height=\"683\" srcset=\"https:\/\/www.medinamediaevents.com\/web\/wp-content\/uploads\/2019\/11\/45784055652_07726b7e40_k-1024x683.jpg 1024w, https:\/\/www.medinamediaevents.com\/web\/wp-content\/uploads\/2019\/11\/45784055652_07726b7e40_k-1024x683-300x200.jpg 300w, https:\/\/www.medinamediaevents.com\/web\/wp-content\/uploads\/2019\/11\/45784055652_07726b7e40_k-1024x683-768x512.jpg 768w\" sizes=\"auto, (max-width: 1024px) 100vw, 1024px\" \/><\/p>\n<p>En 2018, la 4K-HDR Summit \u00a0cont\u00f3 con\u00a0<strong>representantes de m\u00e1s de 20 pa\u00edses y con casi 30 patrocinadores<\/strong>\u00a0como\u00a0<strong>Movistar, Samsung, Huawei, Eutelsat, Sony, RTVE, Franhoufer, Canal Sur, Dolby, Vestel, HBS, Ateme, AJA, Hispasat, Grass Valley, Canon, Cellnex, Rohde&amp;Schwarz, Panasonic, Fujinon, Axi\u00f3n, Media Kind, Mome, Nokia, Sono, Hur\u00ed, Tedial, Diputaci\u00f3n de M\u00e1laga, Sabor a M\u00e1laga \u201cEl sabor que nos une\u201d y Prom\u00e1laga<\/strong>.<\/p>\n<p>Adem\u00e1s, participaron en esta Summit el\u00a0<strong>Ultra HD Forum, la NHK, Sky, EBU (European Broadcasting Union) y la BBC<\/strong>.<\/p>\n<p>La 4K Summit 2018 cont\u00f3 tambi\u00e9n con la colaboraci\u00f3n de\u00a0<strong>Extenda (Agencia Andaluza de Promoci\u00f3n Exterior), Europa Creativa, Harmonic, Ayuntamiento de M\u00e1laga, Cerveza Victoria, Esca Catering, BCMA Spain, 3IN-Tech, Ametic, Universidad de M\u00e1laga, Provideo, Ontario Soluciones y Renfe<\/strong>.<\/p>\n<p>Este a\u00f1o, la quinta edici\u00f3n de la 4K-HDR Summit\u00a0<strong>coincidir\u00e1 con\u00a0<\/strong>la celebraci\u00f3n de la gala de entrega de premios del\u00a0<strong>M\u00e1laga 4KFest<\/strong>, la constituci\u00f3n de la asociaci\u00f3n\u00a0<strong>UHD Spain<\/strong>, y con el festival de m\u00fasica\u00a0<strong>M\u00e1laga-Jazz<\/strong>, eventos que pretenden convertir a M\u00e1laga en capital art\u00edstica-tecnol\u00f3gica-audiovisual del Sur de Europa durante todo esa semana.<\/p>\n<p>\u00danete ahora a la\u00a0<strong>4K Summit 2019<\/strong>\u00a0y disfruta durante 3 d\u00edas de un evento \u00fanico con interesantes descuentos en la acreditaci\u00f3n, alojamiento y AVE.<\/p>\n","protected":false},"author":2,"featured_media":1529,"comment_status":"open","ping_status":"closed","sticky":false,"template":"","format":"standard","meta":{"_acf_changed":false,"footnotes":""},"categories":[13],"tags":[],"class_list":["post-1531","post","type-post","status-publish","format-standard","has-post-thumbnail","hentry","category-noticias-4k-hdr-summit"],"acf":[],"yoast_head":"<!-- This site is optimized with the Yoast SEO plugin v27.5 - https:\/\/yoast.com\/product\/yoast-seo-wordpress\/ -->\n<title>LA 4K SUMMIT 2019 ABRE INSCRIPCIONES A ASISTENTES PROFESIONALES PARA SU 5\u00aa EDICI\u00d3N - Medina Media EVENTS<\/title>\n<meta name=\"robots\" content=\"index, follow, max-snippet:-1, max-image-preview:large, max-video-preview:-1\" \/>\n<link rel=\"canonical\" href=\"https:\/\/www.medinamediaevents.com\/es\/la-4k-summit-2019-abre-inscripciones-a-asistentes-profesionales-para-su-5a-edicion\/\" \/>\n<meta property=\"og:locale\" content=\"es_ES\" \/>\n<meta property=\"og:type\" content=\"article\" \/>\n<meta property=\"og:title\" content=\"LA 4K SUMMIT 2019 ABRE INSCRIPCIONES A ASISTENTES PROFESIONALES PARA SU 5\u00aa EDICI\u00d3N - Medina Media EVENTS\" \/>\n<meta property=\"og:description\" content=\"La\u00a04K-HDR Summit 2019\u00a0ha abierto hoy las inscripciones para los\u00a0250 asistentes exclusivos\u00a0que se reunir\u00e1n en la quinta edici\u00f3n de la\u00a0principal cumbre internacional sobre la Ultra Alta Definici\u00f3n (UHD), que tendr\u00e1 lugar del\u00a06 al 8 de noviembre en el Polo Nacional de Contenidos Digitales de M\u00e1laga.  La 4K Summit\u00a0celebr\u00f3 su primera edici\u00f3n en 2015\u00a0y desde entonces se ha\u00a0consolidado como la\u00a0cita anual m\u00e1s relevante para las multinacionales de la tecnolog\u00eda y de los productores de contenidos\u00a0que lideran el desarrollo a nivel mundial de la Ultra Alta Definici\u00f3n (UHD).  En este\u00a0exclusivo encuentro, organizado por\u00a0Medina Media Events, los\u00a0\u201ctop engineers\u201d\u00a0y los \u201ctop content producers\u201d\u00a0del\u00a04K, del HDR (Alto Rango Din\u00e1mico) y del 8K,\u00a0compartir\u00e1n durante 3 d\u00edas en la capital de la Costa del Sol sus\u00a0avances y novedades\u00a0de este a\u00f1o en un ambiente relajado, donde el networking y el acceso a los ponentes son se\u00f1as de identidad.    En 2018, la 4K-HDR Summit \u00a0cont\u00f3 con\u00a0representantes de m\u00e1s de 20 pa\u00edses y con casi 30 patrocinadores\u00a0como\u00a0Movistar, Samsung, Huawei, Eutelsat, Sony, RTVE, Franhoufer, Canal Sur, Dolby, Vestel, HBS, Ateme, AJA, Hispasat, Grass Valley, Canon, Cellnex, Rohde&amp;Schwarz, Panasonic, Fujinon, Axi\u00f3n, Media Kind, Mome, Nokia, Sono, Hur\u00ed, Tedial, Diputaci\u00f3n de M\u00e1laga, Sabor a M\u00e1laga \u201cEl sabor que nos une\u201d y Prom\u00e1laga.  Adem\u00e1s, participaron en esta Summit el\u00a0Ultra HD Forum, la NHK, Sky, EBU (European Broadcasting Union) y la BBC.  La 4K Summit 2018 cont\u00f3 tambi\u00e9n con la colaboraci\u00f3n de\u00a0Extenda (Agencia Andaluza de Promoci\u00f3n Exterior), Europa Creativa, Harmonic, Ayuntamiento de M\u00e1laga, Cerveza Victoria, Esca Catering, BCMA Spain, 3IN-Tech, Ametic, Universidad de M\u00e1laga, Provideo, Ontario Soluciones y Renfe.  Este a\u00f1o, la quinta edici\u00f3n de la 4K-HDR Summit\u00a0coincidir\u00e1 con\u00a0la celebraci\u00f3n de la gala de entrega de premios del\u00a0M\u00e1laga 4KFest, la constituci\u00f3n de la asociaci\u00f3n\u00a0UHD Spain, y con el festival de m\u00fasica\u00a0M\u00e1laga-Jazz, eventos que pretenden convertir a M\u00e1laga en capital art\u00edstica-tecnol\u00f3gica-audiovisual del Sur de Europa durante todo esa semana.  \u00danete ahora a la\u00a04K Summit 2019\u00a0y disfruta durante 3 d\u00edas de un evento \u00fanico con interesantes descuentos en la acreditaci\u00f3n, alojamiento y AVE.\" \/>\n<meta property=\"og:url\" content=\"https:\/\/www.medinamediaevents.com\/es\/la-4k-summit-2019-abre-inscripciones-a-asistentes-profesionales-para-su-5a-edicion\/\" \/>\n<meta property=\"og:site_name\" content=\"Medina Media EVENTS\" \/>\n<meta property=\"article:published_time\" content=\"2019-09-10T07:32:56+00:00\" \/>\n<meta property=\"article:modified_time\" content=\"2019-11-25T08:34:19+00:00\" \/>\n<meta property=\"og:image\" content=\"https:\/\/www.medinamediaevents.com\/web\/wp-content\/uploads\/2019\/11\/8afa1273-5de2-4197-82a5-732ee1ed812e-768x512.jpg\" \/>\n\t<meta property=\"og:image:width\" content=\"768\" \/>\n\t<meta property=\"og:image:height\" content=\"512\" \/>\n\t<meta property=\"og:image:type\" content=\"image\/jpeg\" \/>\n<meta name=\"author\" content=\"MME\" \/>\n<meta name=\"twitter:card\" content=\"summary_large_image\" \/>\n<meta name=\"twitter:label1\" content=\"Escrito por\" \/>\n\t<meta name=\"twitter:data1\" content=\"MME\" \/>\n\t<meta name=\"twitter:label2\" content=\"Tiempo de lectura\" \/>\n\t<meta name=\"twitter:data2\" content=\"2 minutos\" \/>\n<script type=\"application\/ld+json\" class=\"yoast-schema-graph\">{\"@context\":\"https:\\\/\\\/schema.org\",\"@graph\":[{\"@type\":\"Article\",\"@id\":\"https:\\\/\\\/www.medinamediaevents.com\\\/es\\\/la-4k-summit-2019-abre-inscripciones-a-asistentes-profesionales-para-su-5a-edicion\\\/#article\",\"isPartOf\":{\"@id\":\"https:\\\/\\\/www.medinamediaevents.com\\\/es\\\/la-4k-summit-2019-abre-inscripciones-a-asistentes-profesionales-para-su-5a-edicion\\\/\"},\"author\":{\"name\":\"MME\",\"@id\":\"https:\\\/\\\/www.medinamediaevents.com\\\/es\\\/#\\\/schema\\\/person\\\/7d2bf7ca8ea9d145a6e6ec897c79311c\"},\"headline\":\"LA 4K SUMMIT 2019 ABRE INSCRIPCIONES A ASISTENTES PROFESIONALES PARA SU 5\u00aa EDICI\u00d3N\",\"datePublished\":\"2019-09-10T07:32:56+00:00\",\"dateModified\":\"2019-11-25T08:34:19+00:00\",\"mainEntityOfPage\":{\"@id\":\"https:\\\/\\\/www.medinamediaevents.com\\\/es\\\/la-4k-summit-2019-abre-inscripciones-a-asistentes-profesionales-para-su-5a-edicion\\\/\"},\"wordCount\":398,\"commentCount\":0,\"publisher\":{\"@id\":\"https:\\\/\\\/www.medinamediaevents.com\\\/es\\\/#organization\"},\"image\":{\"@id\":\"https:\\\/\\\/www.medinamediaevents.com\\\/es\\\/la-4k-summit-2019-abre-inscripciones-a-asistentes-profesionales-para-su-5a-edicion\\\/#primaryimage\"},\"thumbnailUrl\":\"https:\\\/\\\/www.medinamediaevents.com\\\/web\\\/wp-content\\\/uploads\\\/2019\\\/11\\\/8afa1273-5de2-4197-82a5-732ee1ed812e-768x512.jpg\",\"articleSection\":[\"4K HDR SUMMIT\"],\"inLanguage\":\"es\"},{\"@type\":\"WebPage\",\"@id\":\"https:\\\/\\\/www.medinamediaevents.com\\\/es\\\/la-4k-summit-2019-abre-inscripciones-a-asistentes-profesionales-para-su-5a-edicion\\\/\",\"url\":\"https:\\\/\\\/www.medinamediaevents.com\\\/es\\\/la-4k-summit-2019-abre-inscripciones-a-asistentes-profesionales-para-su-5a-edicion\\\/\",\"name\":\"LA 4K SUMMIT 2019 ABRE INSCRIPCIONES A ASISTENTES PROFESIONALES PARA SU 5\u00aa EDICI\u00d3N - Medina Media EVENTS\",\"isPartOf\":{\"@id\":\"https:\\\/\\\/www.medinamediaevents.com\\\/es\\\/#website\"},\"primaryImageOfPage\":{\"@id\":\"https:\\\/\\\/www.medinamediaevents.com\\\/es\\\/la-4k-summit-2019-abre-inscripciones-a-asistentes-profesionales-para-su-5a-edicion\\\/#primaryimage\"},\"image\":{\"@id\":\"https:\\\/\\\/www.medinamediaevents.com\\\/es\\\/la-4k-summit-2019-abre-inscripciones-a-asistentes-profesionales-para-su-5a-edicion\\\/#primaryimage\"},\"thumbnailUrl\":\"https:\\\/\\\/www.medinamediaevents.com\\\/web\\\/wp-content\\\/uploads\\\/2019\\\/11\\\/8afa1273-5de2-4197-82a5-732ee1ed812e-768x512.jpg\",\"datePublished\":\"2019-09-10T07:32:56+00:00\",\"dateModified\":\"2019-11-25T08:34:19+00:00\",\"breadcrumb\":{\"@id\":\"https:\\\/\\\/www.medinamediaevents.com\\\/es\\\/la-4k-summit-2019-abre-inscripciones-a-asistentes-profesionales-para-su-5a-edicion\\\/#breadcrumb\"},\"inLanguage\":\"es\",\"potentialAction\":[{\"@type\":\"ReadAction\",\"target\":[\"https:\\\/\\\/www.medinamediaevents.com\\\/es\\\/la-4k-summit-2019-abre-inscripciones-a-asistentes-profesionales-para-su-5a-edicion\\\/\"]}]},{\"@type\":\"ImageObject\",\"inLanguage\":\"es\",\"@id\":\"https:\\\/\\\/www.medinamediaevents.com\\\/es\\\/la-4k-summit-2019-abre-inscripciones-a-asistentes-profesionales-para-su-5a-edicion\\\/#primaryimage\",\"url\":\"https:\\\/\\\/www.medinamediaevents.com\\\/web\\\/wp-content\\\/uploads\\\/2019\\\/11\\\/8afa1273-5de2-4197-82a5-732ee1ed812e-768x512.jpg\",\"contentUrl\":\"https:\\\/\\\/www.medinamediaevents.com\\\/web\\\/wp-content\\\/uploads\\\/2019\\\/11\\\/8afa1273-5de2-4197-82a5-732ee1ed812e-768x512.jpg\",\"width\":768,\"height\":512},{\"@type\":\"BreadcrumbList\",\"@id\":\"https:\\\/\\\/www.medinamediaevents.com\\\/es\\\/la-4k-summit-2019-abre-inscripciones-a-asistentes-profesionales-para-su-5a-edicion\\\/#breadcrumb\",\"itemListElement\":[{\"@type\":\"ListItem\",\"position\":1,\"name\":\"Home\",\"item\":\"https:\\\/\\\/www.medinamediaevents.com\\\/es\\\/\"},{\"@type\":\"ListItem\",\"position\":2,\"name\":\"LA 4K SUMMIT 2019 ABRE INSCRIPCIONES A ASISTENTES PROFESIONALES PARA SU 5\u00aa EDICI\u00d3N\"}]},{\"@type\":\"WebSite\",\"@id\":\"https:\\\/\\\/www.medinamediaevents.com\\\/es\\\/#website\",\"url\":\"https:\\\/\\\/www.medinamediaevents.com\\\/es\\\/\",\"name\":\"Medina Media EVENTS\",\"description\":\"\",\"publisher\":{\"@id\":\"https:\\\/\\\/www.medinamediaevents.com\\\/es\\\/#organization\"},\"potentialAction\":[{\"@type\":\"SearchAction\",\"target\":{\"@type\":\"EntryPoint\",\"urlTemplate\":\"https:\\\/\\\/www.medinamediaevents.com\\\/es\\\/?s={search_term_string}\"},\"query-input\":{\"@type\":\"PropertyValueSpecification\",\"valueRequired\":true,\"valueName\":\"search_term_string\"}}],\"inLanguage\":\"es\"},{\"@type\":\"Organization\",\"@id\":\"https:\\\/\\\/www.medinamediaevents.com\\\/es\\\/#organization\",\"name\":\"Medina Media Events\",\"url\":\"https:\\\/\\\/www.medinamediaevents.com\\\/es\\\/\",\"logo\":{\"@type\":\"ImageObject\",\"inLanguage\":\"es\",\"@id\":\"https:\\\/\\\/www.medinamediaevents.com\\\/es\\\/#\\\/schema\\\/logo\\\/image\\\/\",\"url\":\"https:\\\/\\\/www.medinamediaevents.com\\\/web\\\/wp-content\\\/uploads\\\/2018\\\/11\\\/mm_events_logo2018.png\",\"contentUrl\":\"https:\\\/\\\/www.medinamediaevents.com\\\/web\\\/wp-content\\\/uploads\\\/2018\\\/11\\\/mm_events_logo2018.png\",\"width\":1200,\"height\":750,\"caption\":\"Medina Media Events\"},\"image\":{\"@id\":\"https:\\\/\\\/www.medinamediaevents.com\\\/es\\\/#\\\/schema\\\/logo\\\/image\\\/\"}},{\"@type\":\"Person\",\"@id\":\"https:\\\/\\\/www.medinamediaevents.com\\\/es\\\/#\\\/schema\\\/person\\\/7d2bf7ca8ea9d145a6e6ec897c79311c\",\"name\":\"MME\"}]}<\/script>\n<!-- \/ Yoast SEO plugin. -->","yoast_head_json":{"title":"LA 4K SUMMIT 2019 ABRE INSCRIPCIONES A ASISTENTES PROFESIONALES PARA SU 5\u00aa EDICI\u00d3N - Medina Media EVENTS","robots":{"index":"index","follow":"follow","max-snippet":"max-snippet:-1","max-image-preview":"max-image-preview:large","max-video-preview":"max-video-preview:-1"},"canonical":"https:\/\/www.medinamediaevents.com\/es\/la-4k-summit-2019-abre-inscripciones-a-asistentes-profesionales-para-su-5a-edicion\/","og_locale":"es_ES","og_type":"article","og_title":"LA 4K SUMMIT 2019 ABRE INSCRIPCIONES A ASISTENTES PROFESIONALES PARA SU 5\u00aa EDICI\u00d3N - Medina Media EVENTS","og_description":"La\u00a04K-HDR Summit 2019\u00a0ha abierto hoy las inscripciones para los\u00a0250 asistentes exclusivos\u00a0que se reunir\u00e1n en la quinta edici\u00f3n de la\u00a0principal cumbre internacional sobre la Ultra Alta Definici\u00f3n (UHD), que tendr\u00e1 lugar del\u00a06 al 8 de noviembre en el Polo Nacional de Contenidos Digitales de M\u00e1laga.  La 4K Summit\u00a0celebr\u00f3 su primera edici\u00f3n en 2015\u00a0y desde entonces se ha\u00a0consolidado como la\u00a0cita anual m\u00e1s relevante para las multinacionales de la tecnolog\u00eda y de los productores de contenidos\u00a0que lideran el desarrollo a nivel mundial de la Ultra Alta Definici\u00f3n (UHD).  En este\u00a0exclusivo encuentro, organizado por\u00a0Medina Media Events, los\u00a0\u201ctop engineers\u201d\u00a0y los \u201ctop content producers\u201d\u00a0del\u00a04K, del HDR (Alto Rango Din\u00e1mico) y del 8K,\u00a0compartir\u00e1n durante 3 d\u00edas en la capital de la Costa del Sol sus\u00a0avances y novedades\u00a0de este a\u00f1o en un ambiente relajado, donde el networking y el acceso a los ponentes son se\u00f1as de identidad.    En 2018, la 4K-HDR Summit \u00a0cont\u00f3 con\u00a0representantes de m\u00e1s de 20 pa\u00edses y con casi 30 patrocinadores\u00a0como\u00a0Movistar, Samsung, Huawei, Eutelsat, Sony, RTVE, Franhoufer, Canal Sur, Dolby, Vestel, HBS, Ateme, AJA, Hispasat, Grass Valley, Canon, Cellnex, Rohde&amp;Schwarz, Panasonic, Fujinon, Axi\u00f3n, Media Kind, Mome, Nokia, Sono, Hur\u00ed, Tedial, Diputaci\u00f3n de M\u00e1laga, Sabor a M\u00e1laga \u201cEl sabor que nos une\u201d y Prom\u00e1laga.  Adem\u00e1s, participaron en esta Summit el\u00a0Ultra HD Forum, la NHK, Sky, EBU (European Broadcasting Union) y la BBC.  La 4K Summit 2018 cont\u00f3 tambi\u00e9n con la colaboraci\u00f3n de\u00a0Extenda (Agencia Andaluza de Promoci\u00f3n Exterior), Europa Creativa, Harmonic, Ayuntamiento de M\u00e1laga, Cerveza Victoria, Esca Catering, BCMA Spain, 3IN-Tech, Ametic, Universidad de M\u00e1laga, Provideo, Ontario Soluciones y Renfe.  Este a\u00f1o, la quinta edici\u00f3n de la 4K-HDR Summit\u00a0coincidir\u00e1 con\u00a0la celebraci\u00f3n de la gala de entrega de premios del\u00a0M\u00e1laga 4KFest, la constituci\u00f3n de la asociaci\u00f3n\u00a0UHD Spain, y con el festival de m\u00fasica\u00a0M\u00e1laga-Jazz, eventos que pretenden convertir a M\u00e1laga en capital art\u00edstica-tecnol\u00f3gica-audiovisual del Sur de Europa durante todo esa semana.  \u00danete ahora a la\u00a04K Summit 2019\u00a0y disfruta durante 3 d\u00edas de un evento \u00fanico con interesantes descuentos en la acreditaci\u00f3n, alojamiento y AVE.","og_url":"https:\/\/www.medinamediaevents.com\/es\/la-4k-summit-2019-abre-inscripciones-a-asistentes-profesionales-para-su-5a-edicion\/","og_site_name":"Medina Media EVENTS","article_published_time":"2019-09-10T07:32:56+00:00","article_modified_time":"2019-11-25T08:34:19+00:00","og_image":[{"width":768,"height":512,"url":"https:\/\/www.medinamediaevents.com\/web\/wp-content\/uploads\/2019\/11\/8afa1273-5de2-4197-82a5-732ee1ed812e-768x512.jpg","type":"image\/jpeg"}],"author":"MME","twitter_card":"summary_large_image","twitter_misc":{"Escrito por":"MME","Tiempo de lectura":"2 minutos"},"schema":{"@context":"https:\/\/schema.org","@graph":[{"@type":"Article","@id":"https:\/\/www.medinamediaevents.com\/es\/la-4k-summit-2019-abre-inscripciones-a-asistentes-profesionales-para-su-5a-edicion\/#article","isPartOf":{"@id":"https:\/\/www.medinamediaevents.com\/es\/la-4k-summit-2019-abre-inscripciones-a-asistentes-profesionales-para-su-5a-edicion\/"},"author":{"name":"MME","@id":"https:\/\/www.medinamediaevents.com\/es\/#\/schema\/person\/7d2bf7ca8ea9d145a6e6ec897c79311c"},"headline":"LA 4K SUMMIT 2019 ABRE INSCRIPCIONES A ASISTENTES PROFESIONALES PARA SU 5\u00aa EDICI\u00d3N","datePublished":"2019-09-10T07:32:56+00:00","dateModified":"2019-11-25T08:34:19+00:00","mainEntityOfPage":{"@id":"https:\/\/www.medinamediaevents.com\/es\/la-4k-summit-2019-abre-inscripciones-a-asistentes-profesionales-para-su-5a-edicion\/"},"wordCount":398,"commentCount":0,"publisher":{"@id":"https:\/\/www.medinamediaevents.com\/es\/#organization"},"image":{"@id":"https:\/\/www.medinamediaevents.com\/es\/la-4k-summit-2019-abre-inscripciones-a-asistentes-profesionales-para-su-5a-edicion\/#primaryimage"},"thumbnailUrl":"https:\/\/www.medinamediaevents.com\/web\/wp-content\/uploads\/2019\/11\/8afa1273-5de2-4197-82a5-732ee1ed812e-768x512.jpg","articleSection":["4K HDR SUMMIT"],"inLanguage":"es"},{"@type":"WebPage","@id":"https:\/\/www.medinamediaevents.com\/es\/la-4k-summit-2019-abre-inscripciones-a-asistentes-profesionales-para-su-5a-edicion\/","url":"https:\/\/www.medinamediaevents.com\/es\/la-4k-summit-2019-abre-inscripciones-a-asistentes-profesionales-para-su-5a-edicion\/","name":"LA 4K SUMMIT 2019 ABRE INSCRIPCIONES A ASISTENTES PROFESIONALES PARA SU 5\u00aa EDICI\u00d3N - Medina Media EVENTS","isPartOf":{"@id":"https:\/\/www.medinamediaevents.com\/es\/#website"},"primaryImageOfPage":{"@id":"https:\/\/www.medinamediaevents.com\/es\/la-4k-summit-2019-abre-inscripciones-a-asistentes-profesionales-para-su-5a-edicion\/#primaryimage"},"image":{"@id":"https:\/\/www.medinamediaevents.com\/es\/la-4k-summit-2019-abre-inscripciones-a-asistentes-profesionales-para-su-5a-edicion\/#primaryimage"},"thumbnailUrl":"https:\/\/www.medinamediaevents.com\/web\/wp-content\/uploads\/2019\/11\/8afa1273-5de2-4197-82a5-732ee1ed812e-768x512.jpg","datePublished":"2019-09-10T07:32:56+00:00","dateModified":"2019-11-25T08:34:19+00:00","breadcrumb":{"@id":"https:\/\/www.medinamediaevents.com\/es\/la-4k-summit-2019-abre-inscripciones-a-asistentes-profesionales-para-su-5a-edicion\/#breadcrumb"},"inLanguage":"es","potentialAction":[{"@type":"ReadAction","target":["https:\/\/www.medinamediaevents.com\/es\/la-4k-summit-2019-abre-inscripciones-a-asistentes-profesionales-para-su-5a-edicion\/"]}]},{"@type":"ImageObject","inLanguage":"es","@id":"https:\/\/www.medinamediaevents.com\/es\/la-4k-summit-2019-abre-inscripciones-a-asistentes-profesionales-para-su-5a-edicion\/#primaryimage","url":"https:\/\/www.medinamediaevents.com\/web\/wp-content\/uploads\/2019\/11\/8afa1273-5de2-4197-82a5-732ee1ed812e-768x512.jpg","contentUrl":"https:\/\/www.medinamediaevents.com\/web\/wp-content\/uploads\/2019\/11\/8afa1273-5de2-4197-82a5-732ee1ed812e-768x512.jpg","width":768,"height":512},{"@type":"BreadcrumbList","@id":"https:\/\/www.medinamediaevents.com\/es\/la-4k-summit-2019-abre-inscripciones-a-asistentes-profesionales-para-su-5a-edicion\/#breadcrumb","itemListElement":[{"@type":"ListItem","position":1,"name":"Home","item":"https:\/\/www.medinamediaevents.com\/es\/"},{"@type":"ListItem","position":2,"name":"LA 4K SUMMIT 2019 ABRE INSCRIPCIONES A ASISTENTES PROFESIONALES PARA SU 5\u00aa EDICI\u00d3N"}]},{"@type":"WebSite","@id":"https:\/\/www.medinamediaevents.com\/es\/#website","url":"https:\/\/www.medinamediaevents.com\/es\/","name":"Medina Media EVENTS","description":"","publisher":{"@id":"https:\/\/www.medinamediaevents.com\/es\/#organization"},"potentialAction":[{"@type":"SearchAction","target":{"@type":"EntryPoint","urlTemplate":"https:\/\/www.medinamediaevents.com\/es\/?s={search_term_string}"},"query-input":{"@type":"PropertyValueSpecification","valueRequired":true,"valueName":"search_term_string"}}],"inLanguage":"es"},{"@type":"Organization","@id":"https:\/\/www.medinamediaevents.com\/es\/#organization","name":"Medina Media Events","url":"https:\/\/www.medinamediaevents.com\/es\/","logo":{"@type":"ImageObject","inLanguage":"es","@id":"https:\/\/www.medinamediaevents.com\/es\/#\/schema\/logo\/image\/","url":"https:\/\/www.medinamediaevents.com\/web\/wp-content\/uploads\/2018\/11\/mm_events_logo2018.png","contentUrl":"https:\/\/www.medinamediaevents.com\/web\/wp-content\/uploads\/2018\/11\/mm_events_logo2018.png","width":1200,"height":750,"caption":"Medina Media Events"},"image":{"@id":"https:\/\/www.medinamediaevents.com\/es\/#\/schema\/logo\/image\/"}},{"@type":"Person","@id":"https:\/\/www.medinamediaevents.com\/es\/#\/schema\/person\/7d2bf7ca8ea9d145a6e6ec897c79311c","name":"MME"}]}},"_links":{"self":[{"href":"https:\/\/www.medinamediaevents.com\/es\/wp-json\/wp\/v2\/posts\/1531","targetHints":{"allow":["GET"]}}],"collection":[{"href":"https:\/\/www.medinamediaevents.com\/es\/wp-json\/wp\/v2\/posts"}],"about":[{"href":"https:\/\/www.medinamediaevents.com\/es\/wp-json\/wp\/v2\/types\/post"}],"author":[{"embeddable":true,"href":"https:\/\/www.medinamediaevents.com\/es\/wp-json\/wp\/v2\/users\/2"}],"replies":[{"embeddable":true,"href":"https:\/\/www.medinamediaevents.com\/es\/wp-json\/wp\/v2\/comments?post=1531"}],"version-history":[{"count":0,"href":"https:\/\/www.medinamediaevents.com\/es\/wp-json\/wp\/v2\/posts\/1531\/revisions"}],"wp:featuredmedia":[{"embeddable":true,"href":"https:\/\/www.medinamediaevents.com\/es\/wp-json\/wp\/v2\/media\/1529"}],"wp:attachment":[{"href":"https:\/\/www.medinamediaevents.com\/es\/wp-json\/wp\/v2\/media?parent=1531"}],"wp:term":[{"taxonomy":"category","embeddable":true,"href":"https:\/\/www.medinamediaevents.com\/es\/wp-json\/wp\/v2\/categories?post=1531"},{"taxonomy":"post_tag","embeddable":true,"href":"https:\/\/www.medinamediaevents.com\/es\/wp-json\/wp\/v2\/tags?post=1531"}],"curies":[{"name":"wp","href":"https:\/\/api.w.org\/{rel}","templated":true}]}}