{"id":1441,"date":"2019-11-22T12:21:48","date_gmt":"2019-11-22T11:21:48","guid":{"rendered":"https:\/\/www.medinamediaevents.com\/?p=1441"},"modified":"2019-11-22T12:21:48","modified_gmt":"2019-11-22T11:21:48","slug":"mas-de-20-paises-estaran-presentes-en-la-primera-summit-sobre-turismo-espacial","status":"publish","type":"post","link":"https:\/\/www.medinamediaevents.com\/es\/mas-de-20-paises-estaran-presentes-en-la-primera-summit-sobre-turismo-espacial\/","title":{"rendered":"M\u00c1S DE 20 PA\u00cdSES ESTAR\u00c1N PRESENTES EN LA PRIMERA SUMMIT SOBRE TURISMO ESPACIAL"},"content":{"rendered":"<p><strong>M\u00e1s de 20 pa\u00edses estar\u00e1n presentes en la primera edici\u00f3n de la primera Summit sobre el turismo espacial<\/strong>, que se celebrar\u00e1 en\u00a0<strong>Les Roches Marbella<\/strong>\u00a0los d\u00edas 23 y 24 de septiembre, coincidiendo con el Equinoccio de Oto\u00f1o.<\/p>\n<p>A la primera edici\u00f3n de la Summit de Turismo Espacial en Les Roches Marbella se han apuntado asistentes de\u00a0<strong>Italia, Ucrania, Eslovenia, Chile, Suecia, Kazajist\u00e1n, Rusia, Francia, Jap\u00f3n, Noruega, Portugal, Kenya, Polonia, Alemania, USA y Espa\u00f1a<\/strong>.<\/p>\n<p>Entre los ponentes de SUTUS 2019 habr\u00e1 representaci\u00f3n de\u00a0<strong>Estados Unidos (NASA, Space Florida, Harris Corporation), Francia (ESA), Italia, Holanda y Espa\u00f1a<\/strong>.<\/p>\n<p>Adem\u00e1s, en SUTUS habr\u00e1 representantes de medios convencionales y digitales de\u00a0<strong>China, Italia, Colombia, Portugal, B\u00e9lgica y Espa\u00f1a<\/strong>.<\/p>\n<p>El evento est\u00e1 organizado por\u00a0<strong>Les Roches Marbella y Medina Media Events<\/strong>, y cuenta con la colaboraci\u00f3n de\u00a0<strong>Extenda (Agencia Andaluza de Promoci\u00f3n Exterior)<\/strong>, adem\u00e1s de\u00a0<strong>Turismo de la Costa del Sol, de la Mancomunidad de Municipios de M\u00e1laga y del Ayuntamiento de Marbella<\/strong>.<\/p>\n","protected":false},"excerpt":{"rendered":"<p><strong>M\u00e1s de 20 pa\u00edses estar\u00e1n presentes en la primera edici\u00f3n de la primera Summit sobre el turismo espacial<\/strong>, que se celebrar\u00e1 en\u00a0<strong>Les Roches Marbella<\/strong>\u00a0los d\u00edas 23 y 24 de septiembre, coincidiendo con el Equinoccio de Oto\u00f1o.<\/p>\n<p>A la primera edici\u00f3n de la Summit de Turismo Espacial en Les Roches Marbella se han apuntado asistentes de\u00a0<strong>Italia, Ucrania, Eslovenia, Chile, Suecia, Kazajist\u00e1n, Rusia, Francia, Jap\u00f3n, Noruega, Portugal, Kenya, Polonia, Alemania, USA y Espa\u00f1a<\/strong>.<\/p>\n<p>Entre los ponentes de SUTUS 2019 habr\u00e1 representaci\u00f3n de\u00a0<strong>Estados Unidos (NASA, Space Florida, Harris Corporation), Francia (ESA), Italia, Holanda y Espa\u00f1a<\/strong>.<\/p>\n<p>Adem\u00e1s, en SUTUS habr\u00e1 representantes de medios convencionales y digitales de\u00a0<strong>China, Italia, Colombia, Portugal, B\u00e9lgica y Espa\u00f1a<\/strong>.<\/p>\n<p>El evento est\u00e1 organizado por\u00a0<strong>Les Roches Marbella y Medina Media Events<\/strong>, y cuenta con la colaboraci\u00f3n de\u00a0<strong>Extenda (Agencia Andaluza de Promoci\u00f3n Exterior)<\/strong>, adem\u00e1s de\u00a0<strong>Turismo de la Costa del Sol, de la Mancomunidad de Municipios de M\u00e1laga y del Ayuntamiento de Marbella<\/strong>.<\/p>\n","protected":false},"author":2,"featured_media":1439,"comment_status":"open","ping_status":"closed","sticky":false,"template":"","format":"standard","meta":{"_acf_changed":false,"footnotes":""},"categories":[21],"tags":[],"class_list":["post-1441","post","type-post","status-publish","format-standard","has-post-thumbnail","hentry","category-noticias-sutus"],"acf":[],"yoast_head":"<!-- This site is optimized with the Yoast SEO plugin v27.5 - https:\/\/yoast.com\/product\/yoast-seo-wordpress\/ -->\n<title>M\u00c1S DE 20 PA\u00cdSES ESTAR\u00c1N PRESENTES EN LA PRIMERA SUMMIT SOBRE TURISMO ESPACIAL - Medina Media EVENTS<\/title>\n<meta name=\"robots\" content=\"index, follow, max-snippet:-1, max-image-preview:large, max-video-preview:-1\" \/>\n<link rel=\"canonical\" href=\"https:\/\/www.medinamediaevents.com\/es\/mas-de-20-paises-estaran-presentes-en-la-primera-summit-sobre-turismo-espacial\/\" \/>\n<meta property=\"og:locale\" content=\"es_ES\" \/>\n<meta property=\"og:type\" content=\"article\" \/>\n<meta property=\"og:title\" content=\"M\u00c1S DE 20 PA\u00cdSES ESTAR\u00c1N PRESENTES EN LA PRIMERA SUMMIT SOBRE TURISMO ESPACIAL - Medina Media EVENTS\" \/>\n<meta property=\"og:description\" content=\"M\u00e1s de 20 pa\u00edses estar\u00e1n presentes en la primera edici\u00f3n de la primera Summit sobre el turismo espacial, que se celebrar\u00e1 en\u00a0Les Roches Marbella\u00a0los d\u00edas 23 y 24 de septiembre, coincidiendo con el Equinoccio de Oto\u00f1o.  A la primera edici\u00f3n de la Summit de Turismo Espacial en Les Roches Marbella se han apuntado asistentes de\u00a0Italia, Ucrania, Eslovenia, Chile, Suecia, Kazajist\u00e1n, Rusia, Francia, Jap\u00f3n, Noruega, Portugal, Kenya, Polonia, Alemania, USA y Espa\u00f1a.  Entre los ponentes de SUTUS 2019 habr\u00e1 representaci\u00f3n de\u00a0Estados Unidos (NASA, Space Florida, Harris Corporation), Francia (ESA), Italia, Holanda y Espa\u00f1a.  Adem\u00e1s, en SUTUS habr\u00e1 representantes de medios convencionales y digitales de\u00a0China, Italia, Colombia, Portugal, B\u00e9lgica y Espa\u00f1a.  El evento est\u00e1 organizado por\u00a0Les Roches Marbella y Medina Media Events, y cuenta con la colaboraci\u00f3n de\u00a0Extenda (Agencia Andaluza de Promoci\u00f3n Exterior), adem\u00e1s de\u00a0Turismo de la Costa del Sol, de la Mancomunidad de Municipios de M\u00e1laga y del Ayuntamiento de Marbella.\" \/>\n<meta property=\"og:url\" content=\"https:\/\/www.medinamediaevents.com\/es\/mas-de-20-paises-estaran-presentes-en-la-primera-summit-sobre-turismo-espacial\/\" \/>\n<meta property=\"og:site_name\" content=\"Medina Media EVENTS\" \/>\n<meta property=\"article:published_time\" content=\"2019-11-22T11:21:48+00:00\" \/>\n<meta property=\"og:image\" content=\"https:\/\/www.medinamediaevents.com\/web\/wp-content\/uploads\/2019\/11\/earth-11047_960_720-750x350.jpg\" \/>\n\t<meta property=\"og:image:width\" content=\"750\" \/>\n\t<meta property=\"og:image:height\" content=\"350\" \/>\n\t<meta property=\"og:image:type\" content=\"image\/jpeg\" \/>\n<meta name=\"author\" content=\"MME\" \/>\n<meta name=\"twitter:card\" content=\"summary_large_image\" \/>\n<meta name=\"twitter:label1\" content=\"Escrito por\" \/>\n\t<meta name=\"twitter:data1\" content=\"MME\" \/>\n\t<meta name=\"twitter:label2\" content=\"Tiempo de lectura\" \/>\n\t<meta name=\"twitter:data2\" content=\"1 minuto\" \/>\n<script type=\"application\/ld+json\" class=\"yoast-schema-graph\">{\"@context\":\"https:\\\/\\\/schema.org\",\"@graph\":[{\"@type\":\"Article\",\"@id\":\"https:\\\/\\\/www.medinamediaevents.com\\\/es\\\/mas-de-20-paises-estaran-presentes-en-la-primera-summit-sobre-turismo-espacial\\\/#article\",\"isPartOf\":{\"@id\":\"https:\\\/\\\/www.medinamediaevents.com\\\/es\\\/mas-de-20-paises-estaran-presentes-en-la-primera-summit-sobre-turismo-espacial\\\/\"},\"author\":{\"name\":\"MME\",\"@id\":\"https:\\\/\\\/www.medinamediaevents.com\\\/es\\\/#\\\/schema\\\/person\\\/7d2bf7ca8ea9d145a6e6ec897c79311c\"},\"headline\":\"M\u00c1S DE 20 PA\u00cdSES ESTAR\u00c1N PRESENTES EN LA PRIMERA SUMMIT SOBRE TURISMO ESPACIAL\",\"datePublished\":\"2019-11-22T11:21:48+00:00\",\"mainEntityOfPage\":{\"@id\":\"https:\\\/\\\/www.medinamediaevents.com\\\/es\\\/mas-de-20-paises-estaran-presentes-en-la-primera-summit-sobre-turismo-espacial\\\/\"},\"wordCount\":188,\"commentCount\":0,\"publisher\":{\"@id\":\"https:\\\/\\\/www.medinamediaevents.com\\\/es\\\/#organization\"},\"image\":{\"@id\":\"https:\\\/\\\/www.medinamediaevents.com\\\/es\\\/mas-de-20-paises-estaran-presentes-en-la-primera-summit-sobre-turismo-espacial\\\/#primaryimage\"},\"thumbnailUrl\":\"https:\\\/\\\/www.medinamediaevents.com\\\/web\\\/wp-content\\\/uploads\\\/2019\\\/11\\\/earth-11047_960_720-750x350.jpg\",\"articleSection\":[\"SUTUS\"],\"inLanguage\":\"es\"},{\"@type\":\"WebPage\",\"@id\":\"https:\\\/\\\/www.medinamediaevents.com\\\/es\\\/mas-de-20-paises-estaran-presentes-en-la-primera-summit-sobre-turismo-espacial\\\/\",\"url\":\"https:\\\/\\\/www.medinamediaevents.com\\\/es\\\/mas-de-20-paises-estaran-presentes-en-la-primera-summit-sobre-turismo-espacial\\\/\",\"name\":\"M\u00c1S DE 20 PA\u00cdSES ESTAR\u00c1N PRESENTES EN LA PRIMERA SUMMIT SOBRE TURISMO ESPACIAL - Medina Media EVENTS\",\"isPartOf\":{\"@id\":\"https:\\\/\\\/www.medinamediaevents.com\\\/es\\\/#website\"},\"primaryImageOfPage\":{\"@id\":\"https:\\\/\\\/www.medinamediaevents.com\\\/es\\\/mas-de-20-paises-estaran-presentes-en-la-primera-summit-sobre-turismo-espacial\\\/#primaryimage\"},\"image\":{\"@id\":\"https:\\\/\\\/www.medinamediaevents.com\\\/es\\\/mas-de-20-paises-estaran-presentes-en-la-primera-summit-sobre-turismo-espacial\\\/#primaryimage\"},\"thumbnailUrl\":\"https:\\\/\\\/www.medinamediaevents.com\\\/web\\\/wp-content\\\/uploads\\\/2019\\\/11\\\/earth-11047_960_720-750x350.jpg\",\"datePublished\":\"2019-11-22T11:21:48+00:00\",\"breadcrumb\":{\"@id\":\"https:\\\/\\\/www.medinamediaevents.com\\\/es\\\/mas-de-20-paises-estaran-presentes-en-la-primera-summit-sobre-turismo-espacial\\\/#breadcrumb\"},\"inLanguage\":\"es\",\"potentialAction\":[{\"@type\":\"ReadAction\",\"target\":[\"https:\\\/\\\/www.medinamediaevents.com\\\/es\\\/mas-de-20-paises-estaran-presentes-en-la-primera-summit-sobre-turismo-espacial\\\/\"]}]},{\"@type\":\"ImageObject\",\"inLanguage\":\"es\",\"@id\":\"https:\\\/\\\/www.medinamediaevents.com\\\/es\\\/mas-de-20-paises-estaran-presentes-en-la-primera-summit-sobre-turismo-espacial\\\/#primaryimage\",\"url\":\"https:\\\/\\\/www.medinamediaevents.com\\\/web\\\/wp-content\\\/uploads\\\/2019\\\/11\\\/earth-11047_960_720-750x350.jpg\",\"contentUrl\":\"https:\\\/\\\/www.medinamediaevents.com\\\/web\\\/wp-content\\\/uploads\\\/2019\\\/11\\\/earth-11047_960_720-750x350.jpg\",\"width\":750,\"height\":350},{\"@type\":\"BreadcrumbList\",\"@id\":\"https:\\\/\\\/www.medinamediaevents.com\\\/es\\\/mas-de-20-paises-estaran-presentes-en-la-primera-summit-sobre-turismo-espacial\\\/#breadcrumb\",\"itemListElement\":[{\"@type\":\"ListItem\",\"position\":1,\"name\":\"Home\",\"item\":\"https:\\\/\\\/www.medinamediaevents.com\\\/es\\\/\"},{\"@type\":\"ListItem\",\"position\":2,\"name\":\"M\u00c1S DE 20 PA\u00cdSES ESTAR\u00c1N PRESENTES EN LA PRIMERA SUMMIT SOBRE TURISMO ESPACIAL\"}]},{\"@type\":\"WebSite\",\"@id\":\"https:\\\/\\\/www.medinamediaevents.com\\\/es\\\/#website\",\"url\":\"https:\\\/\\\/www.medinamediaevents.com\\\/es\\\/\",\"name\":\"Medina Media EVENTS\",\"description\":\"\",\"publisher\":{\"@id\":\"https:\\\/\\\/www.medinamediaevents.com\\\/es\\\/#organization\"},\"potentialAction\":[{\"@type\":\"SearchAction\",\"target\":{\"@type\":\"EntryPoint\",\"urlTemplate\":\"https:\\\/\\\/www.medinamediaevents.com\\\/es\\\/?s={search_term_string}\"},\"query-input\":{\"@type\":\"PropertyValueSpecification\",\"valueRequired\":true,\"valueName\":\"search_term_string\"}}],\"inLanguage\":\"es\"},{\"@type\":\"Organization\",\"@id\":\"https:\\\/\\\/www.medinamediaevents.com\\\/es\\\/#organization\",\"name\":\"Medina Media Events\",\"url\":\"https:\\\/\\\/www.medinamediaevents.com\\\/es\\\/\",\"logo\":{\"@type\":\"ImageObject\",\"inLanguage\":\"es\",\"@id\":\"https:\\\/\\\/www.medinamediaevents.com\\\/es\\\/#\\\/schema\\\/logo\\\/image\\\/\",\"url\":\"https:\\\/\\\/www.medinamediaevents.com\\\/web\\\/wp-content\\\/uploads\\\/2018\\\/11\\\/mm_events_logo2018.png\",\"contentUrl\":\"https:\\\/\\\/www.medinamediaevents.com\\\/web\\\/wp-content\\\/uploads\\\/2018\\\/11\\\/mm_events_logo2018.png\",\"width\":1200,\"height\":750,\"caption\":\"Medina Media Events\"},\"image\":{\"@id\":\"https:\\\/\\\/www.medinamediaevents.com\\\/es\\\/#\\\/schema\\\/logo\\\/image\\\/\"}},{\"@type\":\"Person\",\"@id\":\"https:\\\/\\\/www.medinamediaevents.com\\\/es\\\/#\\\/schema\\\/person\\\/7d2bf7ca8ea9d145a6e6ec897c79311c\",\"name\":\"MME\"}]}<\/script>\n<!-- \/ Yoast SEO plugin. -->","yoast_head_json":{"title":"M\u00c1S DE 20 PA\u00cdSES ESTAR\u00c1N PRESENTES EN LA PRIMERA SUMMIT SOBRE TURISMO ESPACIAL - Medina Media EVENTS","robots":{"index":"index","follow":"follow","max-snippet":"max-snippet:-1","max-image-preview":"max-image-preview:large","max-video-preview":"max-video-preview:-1"},"canonical":"https:\/\/www.medinamediaevents.com\/es\/mas-de-20-paises-estaran-presentes-en-la-primera-summit-sobre-turismo-espacial\/","og_locale":"es_ES","og_type":"article","og_title":"M\u00c1S DE 20 PA\u00cdSES ESTAR\u00c1N PRESENTES EN LA PRIMERA SUMMIT SOBRE TURISMO ESPACIAL - Medina Media EVENTS","og_description":"M\u00e1s de 20 pa\u00edses estar\u00e1n presentes en la primera edici\u00f3n de la primera Summit sobre el turismo espacial, que se celebrar\u00e1 en\u00a0Les Roches Marbella\u00a0los d\u00edas 23 y 24 de septiembre, coincidiendo con el Equinoccio de Oto\u00f1o.  A la primera edici\u00f3n de la Summit de Turismo Espacial en Les Roches Marbella se han apuntado asistentes de\u00a0Italia, Ucrania, Eslovenia, Chile, Suecia, Kazajist\u00e1n, Rusia, Francia, Jap\u00f3n, Noruega, Portugal, Kenya, Polonia, Alemania, USA y Espa\u00f1a.  Entre los ponentes de SUTUS 2019 habr\u00e1 representaci\u00f3n de\u00a0Estados Unidos (NASA, Space Florida, Harris Corporation), Francia (ESA), Italia, Holanda y Espa\u00f1a.  Adem\u00e1s, en SUTUS habr\u00e1 representantes de medios convencionales y digitales de\u00a0China, Italia, Colombia, Portugal, B\u00e9lgica y Espa\u00f1a.  El evento est\u00e1 organizado por\u00a0Les Roches Marbella y Medina Media Events, y cuenta con la colaboraci\u00f3n de\u00a0Extenda (Agencia Andaluza de Promoci\u00f3n Exterior), adem\u00e1s de\u00a0Turismo de la Costa del Sol, de la Mancomunidad de Municipios de M\u00e1laga y del Ayuntamiento de Marbella.","og_url":"https:\/\/www.medinamediaevents.com\/es\/mas-de-20-paises-estaran-presentes-en-la-primera-summit-sobre-turismo-espacial\/","og_site_name":"Medina Media EVENTS","article_published_time":"2019-11-22T11:21:48+00:00","og_image":[{"width":750,"height":350,"url":"https:\/\/www.medinamediaevents.com\/web\/wp-content\/uploads\/2019\/11\/earth-11047_960_720-750x350.jpg","type":"image\/jpeg"}],"author":"MME","twitter_card":"summary_large_image","twitter_misc":{"Escrito por":"MME","Tiempo de lectura":"1 minuto"},"schema":{"@context":"https:\/\/schema.org","@graph":[{"@type":"Article","@id":"https:\/\/www.medinamediaevents.com\/es\/mas-de-20-paises-estaran-presentes-en-la-primera-summit-sobre-turismo-espacial\/#article","isPartOf":{"@id":"https:\/\/www.medinamediaevents.com\/es\/mas-de-20-paises-estaran-presentes-en-la-primera-summit-sobre-turismo-espacial\/"},"author":{"name":"MME","@id":"https:\/\/www.medinamediaevents.com\/es\/#\/schema\/person\/7d2bf7ca8ea9d145a6e6ec897c79311c"},"headline":"M\u00c1S DE 20 PA\u00cdSES ESTAR\u00c1N PRESENTES EN LA PRIMERA SUMMIT SOBRE TURISMO ESPACIAL","datePublished":"2019-11-22T11:21:48+00:00","mainEntityOfPage":{"@id":"https:\/\/www.medinamediaevents.com\/es\/mas-de-20-paises-estaran-presentes-en-la-primera-summit-sobre-turismo-espacial\/"},"wordCount":188,"commentCount":0,"publisher":{"@id":"https:\/\/www.medinamediaevents.com\/es\/#organization"},"image":{"@id":"https:\/\/www.medinamediaevents.com\/es\/mas-de-20-paises-estaran-presentes-en-la-primera-summit-sobre-turismo-espacial\/#primaryimage"},"thumbnailUrl":"https:\/\/www.medinamediaevents.com\/web\/wp-content\/uploads\/2019\/11\/earth-11047_960_720-750x350.jpg","articleSection":["SUTUS"],"inLanguage":"es"},{"@type":"WebPage","@id":"https:\/\/www.medinamediaevents.com\/es\/mas-de-20-paises-estaran-presentes-en-la-primera-summit-sobre-turismo-espacial\/","url":"https:\/\/www.medinamediaevents.com\/es\/mas-de-20-paises-estaran-presentes-en-la-primera-summit-sobre-turismo-espacial\/","name":"M\u00c1S DE 20 PA\u00cdSES ESTAR\u00c1N PRESENTES EN LA PRIMERA SUMMIT SOBRE TURISMO ESPACIAL - Medina Media EVENTS","isPartOf":{"@id":"https:\/\/www.medinamediaevents.com\/es\/#website"},"primaryImageOfPage":{"@id":"https:\/\/www.medinamediaevents.com\/es\/mas-de-20-paises-estaran-presentes-en-la-primera-summit-sobre-turismo-espacial\/#primaryimage"},"image":{"@id":"https:\/\/www.medinamediaevents.com\/es\/mas-de-20-paises-estaran-presentes-en-la-primera-summit-sobre-turismo-espacial\/#primaryimage"},"thumbnailUrl":"https:\/\/www.medinamediaevents.com\/web\/wp-content\/uploads\/2019\/11\/earth-11047_960_720-750x350.jpg","datePublished":"2019-11-22T11:21:48+00:00","breadcrumb":{"@id":"https:\/\/www.medinamediaevents.com\/es\/mas-de-20-paises-estaran-presentes-en-la-primera-summit-sobre-turismo-espacial\/#breadcrumb"},"inLanguage":"es","potentialAction":[{"@type":"ReadAction","target":["https:\/\/www.medinamediaevents.com\/es\/mas-de-20-paises-estaran-presentes-en-la-primera-summit-sobre-turismo-espacial\/"]}]},{"@type":"ImageObject","inLanguage":"es","@id":"https:\/\/www.medinamediaevents.com\/es\/mas-de-20-paises-estaran-presentes-en-la-primera-summit-sobre-turismo-espacial\/#primaryimage","url":"https:\/\/www.medinamediaevents.com\/web\/wp-content\/uploads\/2019\/11\/earth-11047_960_720-750x350.jpg","contentUrl":"https:\/\/www.medinamediaevents.com\/web\/wp-content\/uploads\/2019\/11\/earth-11047_960_720-750x350.jpg","width":750,"height":350},{"@type":"BreadcrumbList","@id":"https:\/\/www.medinamediaevents.com\/es\/mas-de-20-paises-estaran-presentes-en-la-primera-summit-sobre-turismo-espacial\/#breadcrumb","itemListElement":[{"@type":"ListItem","position":1,"name":"Home","item":"https:\/\/www.medinamediaevents.com\/es\/"},{"@type":"ListItem","position":2,"name":"M\u00c1S DE 20 PA\u00cdSES ESTAR\u00c1N PRESENTES EN LA PRIMERA SUMMIT SOBRE TURISMO ESPACIAL"}]},{"@type":"WebSite","@id":"https:\/\/www.medinamediaevents.com\/es\/#website","url":"https:\/\/www.medinamediaevents.com\/es\/","name":"Medina Media EVENTS","description":"","publisher":{"@id":"https:\/\/www.medinamediaevents.com\/es\/#organization"},"potentialAction":[{"@type":"SearchAction","target":{"@type":"EntryPoint","urlTemplate":"https:\/\/www.medinamediaevents.com\/es\/?s={search_term_string}"},"query-input":{"@type":"PropertyValueSpecification","valueRequired":true,"valueName":"search_term_string"}}],"inLanguage":"es"},{"@type":"Organization","@id":"https:\/\/www.medinamediaevents.com\/es\/#organization","name":"Medina Media Events","url":"https:\/\/www.medinamediaevents.com\/es\/","logo":{"@type":"ImageObject","inLanguage":"es","@id":"https:\/\/www.medinamediaevents.com\/es\/#\/schema\/logo\/image\/","url":"https:\/\/www.medinamediaevents.com\/web\/wp-content\/uploads\/2018\/11\/mm_events_logo2018.png","contentUrl":"https:\/\/www.medinamediaevents.com\/web\/wp-content\/uploads\/2018\/11\/mm_events_logo2018.png","width":1200,"height":750,"caption":"Medina Media Events"},"image":{"@id":"https:\/\/www.medinamediaevents.com\/es\/#\/schema\/logo\/image\/"}},{"@type":"Person","@id":"https:\/\/www.medinamediaevents.com\/es\/#\/schema\/person\/7d2bf7ca8ea9d145a6e6ec897c79311c","name":"MME"}]}},"_links":{"self":[{"href":"https:\/\/www.medinamediaevents.com\/es\/wp-json\/wp\/v2\/posts\/1441","targetHints":{"allow":["GET"]}}],"collection":[{"href":"https:\/\/www.medinamediaevents.com\/es\/wp-json\/wp\/v2\/posts"}],"about":[{"href":"https:\/\/www.medinamediaevents.com\/es\/wp-json\/wp\/v2\/types\/post"}],"author":[{"embeddable":true,"href":"https:\/\/www.medinamediaevents.com\/es\/wp-json\/wp\/v2\/users\/2"}],"replies":[{"embeddable":true,"href":"https:\/\/www.medinamediaevents.com\/es\/wp-json\/wp\/v2\/comments?post=1441"}],"version-history":[{"count":0,"href":"https:\/\/www.medinamediaevents.com\/es\/wp-json\/wp\/v2\/posts\/1441\/revisions"}],"wp:featuredmedia":[{"embeddable":true,"href":"https:\/\/www.medinamediaevents.com\/es\/wp-json\/wp\/v2\/media\/1439"}],"wp:attachment":[{"href":"https:\/\/www.medinamediaevents.com\/es\/wp-json\/wp\/v2\/media?parent=1441"}],"wp:term":[{"taxonomy":"category","embeddable":true,"href":"https:\/\/www.medinamediaevents.com\/es\/wp-json\/wp\/v2\/categories?post=1441"},{"taxonomy":"post_tag","embeddable":true,"href":"https:\/\/www.medinamediaevents.com\/es\/wp-json\/wp\/v2\/tags?post=1441"}],"curies":[{"name":"wp","href":"https:\/\/api.w.org\/{rel}","templated":true}]}}