{"id":1380,"date":"2019-07-24T12:55:31","date_gmt":"2019-07-24T10:55:31","guid":{"rendered":"https:\/\/www.medinamediaevents.com\/?p=1380"},"modified":"2019-07-24T12:55:31","modified_gmt":"2019-07-24T10:55:31","slug":"sutus-celebrara-la-conmemoracion-del-50-aniversario-de-la-llegada-a-la-luna-con-una-experiencia-virtual-sobre-el-apolo-11","status":"publish","type":"post","link":"https:\/\/www.medinamediaevents.com\/es\/sutus-celebrara-la-conmemoracion-del-50-aniversario-de-la-llegada-a-la-luna-con-una-experiencia-virtual-sobre-el-apolo-11\/","title":{"rendered":"SUTUS CELEBRAR\u00c1 LA CONMEMORACI\u00d3N DEL 50 ANIVERSARIO DE LA LLEGADA A LA LUNA CON UNA EXPERIENCIA VIRTUAL SOBRE EL APOLO 11"},"content":{"rendered":"<p>Sentir virtualmente el viaje del\u00a0<strong>Apolo 11<\/strong>\u00a0y lo que\u00a0<strong>Armstrong\u00a0<\/strong>vivi\u00f3 en la luna ser\u00e1\u00a0<strong>una de las experiencias inmersivas<\/strong>\u00a0que podr\u00e1n disfrutar los asistentes al primer evento sobre\u00a0<strong>Turismo Espacial<\/strong>\u00a0que se va a celebrar el pr\u00f3ximo mes de septiembre en<strong>\u00a0Les Roches \u2013 Marbella<\/strong>.<\/p>\n<p>El\u00a0<strong>23 y 24 de septiembre<\/strong>, coincidiendo con el\u00a0<strong>Equinoccio de Oto\u00f1o<\/strong>,\u00a0<strong>Medina Media Events<\/strong>\u00a0ha organizado la primera edici\u00f3n de\u00a0<strong>SUTUS (Space &amp; Underwater Tourism Universal Summit)<\/strong>\u00a0al que ya han confirmado su asistencia algunas de las\u00a0<strong>compa\u00f1\u00edas que apuestan por ofrecer nuevas experiencias tur\u00edsticas exclusivas<\/strong>\u00a0tanto en el espacio exterior como en los mares.<\/p>\n<p>Adem\u00e1s de las ponencias de este evento \u00fanico en el mundo, los asistentes y estudiantes que visiten esos d\u00edas Les Roches \u2013 Marbella, podr\u00e1n disfrutar de\u00a0<strong>una de las experiencias de Realidad Virtual que m\u00e1s \u00e9xito ha tenido<\/strong>\u00a0en el recientemente celebrado\u00a0<strong>Observatorio de las Nuevas Tecnolog\u00edas de M\u00e1laga<\/strong>.<\/p>\n<p>La empresa\u00a0<strong>2FEEL 3D<\/strong>\u00a0ofrecer\u00e1 una experiencia de Realidad Virtual interactiva de unos 5 a 10 minutos de duraci\u00f3n para conmemorar el\u00a0<strong>50 aniversario de la llegada del hombre a la luna<\/strong>. En ella se recrear\u00e1 el momento en el que el hombre pisa la luna, reviviendo ese mismo instante.<\/p>\n<p>Los asistentes podr\u00e1n<strong>\u00a0vivir en primera persona la experiencia de subir al Apolo 11, despegar y sentir el alunizaje de la nave\u00a0<\/strong>gracias a las gafas de Realidad Virtual\u00a0<strong>Oculus Rift<\/strong>. Un viaje al espacio en el que\u00a0<strong>podr\u00e1s seleccionar la bandera con la que deseas coronar el sat\u00e9lite<\/strong>.<\/p>\n<p><img loading=\"lazy\" decoding=\"async\" class=\"aligncenter wp-image-1381 size-large\" src=\"https:\/\/www.medinamediaevents.com\/web\/wp-content\/uploads\/2019\/07\/afc3a0d4-ceb7-4386-b4ac-b6fa920b7df3-609x1024-609x1024.png\" alt=\"\" width=\"609\" height=\"1024\" srcset=\"https:\/\/www.medinamediaevents.com\/web\/wp-content\/uploads\/2019\/07\/afc3a0d4-ceb7-4386-b4ac-b6fa920b7df3-609x1024.png 609w, https:\/\/www.medinamediaevents.com\/web\/wp-content\/uploads\/2019\/07\/afc3a0d4-ceb7-4386-b4ac-b6fa920b7df3-609x1024-178x300.png 178w\" sizes=\"auto, (max-width: 609px) 100vw, 609px\" \/><\/p>\n<p>Por otro lado, empresas, instituciones y expertos del sector aeroespacial y subac\u00faatico ya han confirmado su participaci\u00f3n en SUTUS.<\/p>\n<p><strong>Tony Gannon<\/strong>, vicepresidente de Investigaci\u00f3n e Innovaci\u00f3n del cl\u00faster aeroespacial norteamericano\u00a0<strong>\u201cSpace Florida\u201d<\/strong>, y\u00a0<strong>Arthur Paolella<\/strong>, Senior Scientifist en la corporaci\u00f3n\u00a0<strong>Harris<\/strong>, formar\u00e1n parte de una misi\u00f3n organizada por Extenda (Agenda Andaluza de Promoci\u00f3n Exterior) presente en SUTUS 2019.<\/p>\n<p>Junto a Gannon y Paolella, otros ponentes como\u00a0<strong>Nancy Vermeulen<\/strong>, fundadora de \u00abSpace Training Academy\u00bb;\u00a0<strong>Ana Bru<\/strong>, propietaria de la agencia de viajes exclusivos\u00a0<strong>BRU&amp;BRU<\/strong>; el astronauta civil\u00a0<strong>Eduardo Lurue\u00f1a<\/strong>; y\u00a0<strong>\u00c1ngel Jan\u00e9<\/strong>, seleccionado para establecer una colonia en Marte dentro del programa\u00a0<strong>\u00abMars One\u00bb<\/strong>, contar\u00e1n sus experiencias en SUTUS 2019.<\/p>\n","protected":false},"excerpt":{"rendered":"<p>Sentir virtualmente el viaje del\u00a0<strong>Apolo 11<\/strong>\u00a0y lo que\u00a0<strong>Armstrong\u00a0<\/strong>vivi\u00f3 en la luna ser\u00e1\u00a0<strong>una de las experiencias inmersivas<\/strong>\u00a0que podr\u00e1n disfrutar los asistentes al primer evento sobre\u00a0<strong>Turismo Espacial<\/strong>\u00a0que se va a celebrar el pr\u00f3ximo mes de septiembre en<strong>\u00a0Les Roches \u2013 Marbella<\/strong>.<\/p>\n<p>El\u00a0<strong>23 y 24 de septiembre<\/strong>, coincidiendo con el\u00a0<strong>Equinoccio de Oto\u00f1o<\/strong>,\u00a0<strong>Medina Media Events<\/strong>\u00a0ha organizado la primera edici\u00f3n de\u00a0<strong>SUTUS (Space &amp; Underwater Tourism Universal Summit)<\/strong>\u00a0al que ya han confirmado su asistencia algunas de las\u00a0<strong>compa\u00f1\u00edas que apuestan por ofrecer nuevas experiencias tur\u00edsticas exclusivas<\/strong>\u00a0tanto en el espacio exterior como en los mares.<\/p>\n<p>Adem\u00e1s de las ponencias de este evento \u00fanico en el mundo, los asistentes y estudiantes que visiten esos d\u00edas Les Roches \u2013 Marbella, podr\u00e1n disfrutar de\u00a0<strong>una de las experiencias de Realidad Virtual que m\u00e1s \u00e9xito ha tenido<\/strong>\u00a0en el recientemente celebrado\u00a0<strong>Observatorio de las Nuevas Tecnolog\u00edas de M\u00e1laga<\/strong>.<\/p>\n<p>La empresa\u00a0<strong>2FEEL 3D<\/strong>\u00a0ofrecer\u00e1 una experiencia de Realidad Virtual interactiva de unos 5 a 10 minutos de duraci\u00f3n para conmemorar el\u00a0<strong>50 aniversario de la llegada del hombre a la luna<\/strong>. En ella se recrear\u00e1 el momento en el que el hombre pisa la luna, reviviendo ese mismo instante.<\/p>\n<p>Los asistentes podr\u00e1n<strong>\u00a0vivir en primera persona la experiencia de subir al Apolo 11, despegar y sentir el alunizaje de la nave\u00a0<\/strong>gracias a las gafas de Realidad Virtual\u00a0<strong>Oculus Rift<\/strong>. Un viaje al espacio en el que\u00a0<strong>podr\u00e1s seleccionar la bandera con la que deseas coronar el sat\u00e9lite<\/strong>.<\/p>\n<p><img loading=\"lazy\" decoding=\"async\" class=\"aligncenter wp-image-1381 size-large\" src=\"https:\/\/www.medinamediaevents.com\/web\/wp-content\/uploads\/2019\/07\/afc3a0d4-ceb7-4386-b4ac-b6fa920b7df3-609x1024-609x1024.png\" alt=\"\" width=\"609\" height=\"1024\" srcset=\"https:\/\/www.medinamediaevents.com\/web\/wp-content\/uploads\/2019\/07\/afc3a0d4-ceb7-4386-b4ac-b6fa920b7df3-609x1024.png 609w, https:\/\/www.medinamediaevents.com\/web\/wp-content\/uploads\/2019\/07\/afc3a0d4-ceb7-4386-b4ac-b6fa920b7df3-609x1024-178x300.png 178w\" sizes=\"auto, (max-width: 609px) 100vw, 609px\" \/><\/p>\n<p>Por otro lado, empresas, instituciones y expertos del sector aeroespacial y subac\u00faatico ya han confirmado su participaci\u00f3n en SUTUS.<\/p>\n<p><strong>Tony Gannon<\/strong>, vicepresidente de Investigaci\u00f3n e Innovaci\u00f3n del cl\u00faster aeroespacial norteamericano\u00a0<strong>\u201cSpace Florida\u201d<\/strong>, y\u00a0<strong>Arthur Paolella<\/strong>, Senior Scientifist en la corporaci\u00f3n\u00a0<strong>Harris<\/strong>, formar\u00e1n parte de una misi\u00f3n organizada por Extenda (Agenda Andaluza de Promoci\u00f3n Exterior) presente en SUTUS 2019.<\/p>\n<p>Junto a Gannon y Paolella, otros ponentes como\u00a0<strong>Nancy Vermeulen<\/strong>, fundadora de \u00abSpace Training Academy\u00bb;\u00a0<strong>Ana Bru<\/strong>, propietaria de la agencia de viajes exclusivos\u00a0<strong>BRU&amp;BRU<\/strong>; el astronauta civil\u00a0<strong>Eduardo Lurue\u00f1a<\/strong>; y\u00a0<strong>\u00c1ngel Jan\u00e9<\/strong>, seleccionado para establecer una colonia en Marte dentro del programa\u00a0<strong>\u00abMars One\u00bb<\/strong>, contar\u00e1n sus experiencias en SUTUS 2019.<\/p>\n","protected":false},"author":2,"featured_media":1383,"comment_status":"open","ping_status":"closed","sticky":false,"template":"","format":"standard","meta":{"_acf_changed":false,"footnotes":""},"categories":[21],"tags":[],"class_list":["post-1380","post","type-post","status-publish","format-standard","has-post-thumbnail","hentry","category-noticias-sutus"],"acf":[],"yoast_head":"<!-- This site is optimized with the Yoast SEO plugin v27.5 - https:\/\/yoast.com\/product\/yoast-seo-wordpress\/ -->\n<title>SUTUS CELEBRAR\u00c1 LA CONMEMORACI\u00d3N DEL 50 ANIVERSARIO DE LA LLEGADA A LA LUNA CON UNA EXPERIENCIA VIRTUAL SOBRE EL APOLO 11 - Medina Media EVENTS<\/title>\n<meta name=\"robots\" content=\"index, follow, max-snippet:-1, max-image-preview:large, max-video-preview:-1\" \/>\n<link rel=\"canonical\" href=\"https:\/\/www.medinamediaevents.com\/es\/sutus-celebrara-la-conmemoracion-del-50-aniversario-de-la-llegada-a-la-luna-con-una-experiencia-virtual-sobre-el-apolo-11\/\" \/>\n<meta property=\"og:locale\" content=\"es_ES\" \/>\n<meta property=\"og:type\" content=\"article\" \/>\n<meta property=\"og:title\" content=\"SUTUS CELEBRAR\u00c1 LA CONMEMORACI\u00d3N DEL 50 ANIVERSARIO DE LA LLEGADA A LA LUNA CON UNA EXPERIENCIA VIRTUAL SOBRE EL APOLO 11 - Medina Media EVENTS\" \/>\n<meta property=\"og:description\" content=\"Sentir virtualmente el viaje del\u00a0Apolo 11\u00a0y lo que\u00a0Armstrong\u00a0vivi\u00f3 en la luna ser\u00e1\u00a0una de las experiencias inmersivas\u00a0que podr\u00e1n disfrutar los asistentes al primer evento sobre\u00a0Turismo Espacial\u00a0que se va a celebrar el pr\u00f3ximo mes de septiembre en\u00a0Les Roches \u2013 Marbella.  El\u00a023 y 24 de septiembre, coincidiendo con el\u00a0Equinoccio de Oto\u00f1o,\u00a0Medina Media Events\u00a0ha organizado la primera edici\u00f3n de\u00a0SUTUS (Space &amp; Underwater Tourism Universal Summit)\u00a0al que ya han confirmado su asistencia algunas de las\u00a0compa\u00f1\u00edas que apuestan por ofrecer nuevas experiencias tur\u00edsticas exclusivas\u00a0tanto en el espacio exterior como en los mares.  Adem\u00e1s de las ponencias de este evento \u00fanico en el mundo, los asistentes y estudiantes que visiten esos d\u00edas Les Roches \u2013 Marbella, podr\u00e1n disfrutar de\u00a0una de las experiencias de Realidad Virtual que m\u00e1s \u00e9xito ha tenido\u00a0en el recientemente celebrado\u00a0Observatorio de las Nuevas Tecnolog\u00edas de M\u00e1laga.  La empresa\u00a02FEEL 3D\u00a0ofrecer\u00e1 una experiencia de Realidad Virtual interactiva de unos 5 a 10 minutos de duraci\u00f3n para conmemorar el\u00a050 aniversario de la llegada del hombre a la luna. En ella se recrear\u00e1 el momento en el que el hombre pisa la luna, reviviendo ese mismo instante.  Los asistentes podr\u00e1n\u00a0vivir en primera persona la experiencia de subir al Apolo 11, despegar y sentir el alunizaje de la nave\u00a0gracias a las gafas de Realidad Virtual\u00a0Oculus Rift. Un viaje al espacio en el que\u00a0podr\u00e1s seleccionar la bandera con la que deseas coronar el sat\u00e9lite.    Por otro lado, empresas, instituciones y expertos del sector aeroespacial y subac\u00faatico ya han confirmado su participaci\u00f3n en SUTUS.  Tony Gannon, vicepresidente de Investigaci\u00f3n e Innovaci\u00f3n del cl\u00faster aeroespacial norteamericano\u00a0\u201cSpace Florida\u201d, y\u00a0Arthur Paolella, Senior Scientifist en la corporaci\u00f3n\u00a0Harris, formar\u00e1n parte de una misi\u00f3n organizada por Extenda (Agenda Andaluza de Promoci\u00f3n Exterior) presente en SUTUS 2019.  Junto a Gannon y Paolella, otros ponentes como\u00a0Nancy Vermeulen, fundadora de \u00abSpace Training Academy\u00bb;\u00a0Ana Bru, propietaria de la agencia de viajes exclusivos\u00a0BRU&amp;BRU; el astronauta civil\u00a0Eduardo Lurue\u00f1a; y\u00a0\u00c1ngel Jan\u00e9, seleccionado para establecer una colonia en Marte dentro del programa\u00a0\u00abMars One\u00bb, contar\u00e1n sus experiencias en SUTUS 2019.\" \/>\n<meta property=\"og:url\" content=\"https:\/\/www.medinamediaevents.com\/es\/sutus-celebrara-la-conmemoracion-del-50-aniversario-de-la-llegada-a-la-luna-con-una-experiencia-virtual-sobre-el-apolo-11\/\" \/>\n<meta property=\"og:site_name\" content=\"Medina Media EVENTS\" \/>\n<meta property=\"article:published_time\" content=\"2019-07-24T10:55:31+00:00\" \/>\n<meta property=\"og:image\" content=\"https:\/\/www.medinamediaevents.com\/web\/wp-content\/uploads\/2019\/07\/luna2-750x350.png\" \/>\n\t<meta property=\"og:image:width\" content=\"750\" \/>\n\t<meta property=\"og:image:height\" content=\"350\" \/>\n\t<meta property=\"og:image:type\" content=\"image\/png\" \/>\n<meta name=\"author\" content=\"MME\" \/>\n<meta name=\"twitter:card\" content=\"summary_large_image\" \/>\n<meta name=\"twitter:label1\" content=\"Escrito por\" \/>\n\t<meta name=\"twitter:data1\" content=\"MME\" \/>\n\t<meta name=\"twitter:label2\" content=\"Tiempo de lectura\" \/>\n\t<meta name=\"twitter:data2\" content=\"2 minutos\" \/>\n<script type=\"application\/ld+json\" class=\"yoast-schema-graph\">{\"@context\":\"https:\\\/\\\/schema.org\",\"@graph\":[{\"@type\":\"Article\",\"@id\":\"https:\\\/\\\/www.medinamediaevents.com\\\/es\\\/sutus-celebrara-la-conmemoracion-del-50-aniversario-de-la-llegada-a-la-luna-con-una-experiencia-virtual-sobre-el-apolo-11\\\/#article\",\"isPartOf\":{\"@id\":\"https:\\\/\\\/www.medinamediaevents.com\\\/es\\\/sutus-celebrara-la-conmemoracion-del-50-aniversario-de-la-llegada-a-la-luna-con-una-experiencia-virtual-sobre-el-apolo-11\\\/\"},\"author\":{\"name\":\"MME\",\"@id\":\"https:\\\/\\\/www.medinamediaevents.com\\\/es\\\/#\\\/schema\\\/person\\\/7d2bf7ca8ea9d145a6e6ec897c79311c\"},\"headline\":\"SUTUS CELEBRAR\u00c1 LA CONMEMORACI\u00d3N DEL 50 ANIVERSARIO DE LA LLEGADA A LA LUNA CON UNA EXPERIENCIA VIRTUAL SOBRE EL APOLO 11\",\"datePublished\":\"2019-07-24T10:55:31+00:00\",\"mainEntityOfPage\":{\"@id\":\"https:\\\/\\\/www.medinamediaevents.com\\\/es\\\/sutus-celebrara-la-conmemoracion-del-50-aniversario-de-la-llegada-a-la-luna-con-una-experiencia-virtual-sobre-el-apolo-11\\\/\"},\"wordCount\":398,\"commentCount\":0,\"publisher\":{\"@id\":\"https:\\\/\\\/www.medinamediaevents.com\\\/es\\\/#organization\"},\"image\":{\"@id\":\"https:\\\/\\\/www.medinamediaevents.com\\\/es\\\/sutus-celebrara-la-conmemoracion-del-50-aniversario-de-la-llegada-a-la-luna-con-una-experiencia-virtual-sobre-el-apolo-11\\\/#primaryimage\"},\"thumbnailUrl\":\"https:\\\/\\\/www.medinamediaevents.com\\\/web\\\/wp-content\\\/uploads\\\/2019\\\/07\\\/luna2-750x350.png\",\"articleSection\":[\"SUTUS\"],\"inLanguage\":\"es\"},{\"@type\":\"WebPage\",\"@id\":\"https:\\\/\\\/www.medinamediaevents.com\\\/es\\\/sutus-celebrara-la-conmemoracion-del-50-aniversario-de-la-llegada-a-la-luna-con-una-experiencia-virtual-sobre-el-apolo-11\\\/\",\"url\":\"https:\\\/\\\/www.medinamediaevents.com\\\/es\\\/sutus-celebrara-la-conmemoracion-del-50-aniversario-de-la-llegada-a-la-luna-con-una-experiencia-virtual-sobre-el-apolo-11\\\/\",\"name\":\"SUTUS CELEBRAR\u00c1 LA CONMEMORACI\u00d3N DEL 50 ANIVERSARIO DE LA LLEGADA A LA LUNA CON UNA EXPERIENCIA VIRTUAL SOBRE EL APOLO 11 - Medina Media EVENTS\",\"isPartOf\":{\"@id\":\"https:\\\/\\\/www.medinamediaevents.com\\\/es\\\/#website\"},\"primaryImageOfPage\":{\"@id\":\"https:\\\/\\\/www.medinamediaevents.com\\\/es\\\/sutus-celebrara-la-conmemoracion-del-50-aniversario-de-la-llegada-a-la-luna-con-una-experiencia-virtual-sobre-el-apolo-11\\\/#primaryimage\"},\"image\":{\"@id\":\"https:\\\/\\\/www.medinamediaevents.com\\\/es\\\/sutus-celebrara-la-conmemoracion-del-50-aniversario-de-la-llegada-a-la-luna-con-una-experiencia-virtual-sobre-el-apolo-11\\\/#primaryimage\"},\"thumbnailUrl\":\"https:\\\/\\\/www.medinamediaevents.com\\\/web\\\/wp-content\\\/uploads\\\/2019\\\/07\\\/luna2-750x350.png\",\"datePublished\":\"2019-07-24T10:55:31+00:00\",\"breadcrumb\":{\"@id\":\"https:\\\/\\\/www.medinamediaevents.com\\\/es\\\/sutus-celebrara-la-conmemoracion-del-50-aniversario-de-la-llegada-a-la-luna-con-una-experiencia-virtual-sobre-el-apolo-11\\\/#breadcrumb\"},\"inLanguage\":\"es\",\"potentialAction\":[{\"@type\":\"ReadAction\",\"target\":[\"https:\\\/\\\/www.medinamediaevents.com\\\/es\\\/sutus-celebrara-la-conmemoracion-del-50-aniversario-de-la-llegada-a-la-luna-con-una-experiencia-virtual-sobre-el-apolo-11\\\/\"]}]},{\"@type\":\"ImageObject\",\"inLanguage\":\"es\",\"@id\":\"https:\\\/\\\/www.medinamediaevents.com\\\/es\\\/sutus-celebrara-la-conmemoracion-del-50-aniversario-de-la-llegada-a-la-luna-con-una-experiencia-virtual-sobre-el-apolo-11\\\/#primaryimage\",\"url\":\"https:\\\/\\\/www.medinamediaevents.com\\\/web\\\/wp-content\\\/uploads\\\/2019\\\/07\\\/luna2-750x350.png\",\"contentUrl\":\"https:\\\/\\\/www.medinamediaevents.com\\\/web\\\/wp-content\\\/uploads\\\/2019\\\/07\\\/luna2-750x350.png\",\"width\":750,\"height\":350},{\"@type\":\"BreadcrumbList\",\"@id\":\"https:\\\/\\\/www.medinamediaevents.com\\\/es\\\/sutus-celebrara-la-conmemoracion-del-50-aniversario-de-la-llegada-a-la-luna-con-una-experiencia-virtual-sobre-el-apolo-11\\\/#breadcrumb\",\"itemListElement\":[{\"@type\":\"ListItem\",\"position\":1,\"name\":\"Home\",\"item\":\"https:\\\/\\\/www.medinamediaevents.com\\\/es\\\/\"},{\"@type\":\"ListItem\",\"position\":2,\"name\":\"SUTUS CELEBRAR\u00c1 LA CONMEMORACI\u00d3N DEL 50 ANIVERSARIO DE LA LLEGADA A LA LUNA CON UNA EXPERIENCIA VIRTUAL SOBRE EL APOLO 11\"}]},{\"@type\":\"WebSite\",\"@id\":\"https:\\\/\\\/www.medinamediaevents.com\\\/es\\\/#website\",\"url\":\"https:\\\/\\\/www.medinamediaevents.com\\\/es\\\/\",\"name\":\"Medina Media EVENTS\",\"description\":\"\",\"publisher\":{\"@id\":\"https:\\\/\\\/www.medinamediaevents.com\\\/es\\\/#organization\"},\"potentialAction\":[{\"@type\":\"SearchAction\",\"target\":{\"@type\":\"EntryPoint\",\"urlTemplate\":\"https:\\\/\\\/www.medinamediaevents.com\\\/es\\\/?s={search_term_string}\"},\"query-input\":{\"@type\":\"PropertyValueSpecification\",\"valueRequired\":true,\"valueName\":\"search_term_string\"}}],\"inLanguage\":\"es\"},{\"@type\":\"Organization\",\"@id\":\"https:\\\/\\\/www.medinamediaevents.com\\\/es\\\/#organization\",\"name\":\"Medina Media Events\",\"url\":\"https:\\\/\\\/www.medinamediaevents.com\\\/es\\\/\",\"logo\":{\"@type\":\"ImageObject\",\"inLanguage\":\"es\",\"@id\":\"https:\\\/\\\/www.medinamediaevents.com\\\/es\\\/#\\\/schema\\\/logo\\\/image\\\/\",\"url\":\"https:\\\/\\\/www.medinamediaevents.com\\\/web\\\/wp-content\\\/uploads\\\/2018\\\/11\\\/mm_events_logo2018.png\",\"contentUrl\":\"https:\\\/\\\/www.medinamediaevents.com\\\/web\\\/wp-content\\\/uploads\\\/2018\\\/11\\\/mm_events_logo2018.png\",\"width\":1200,\"height\":750,\"caption\":\"Medina Media Events\"},\"image\":{\"@id\":\"https:\\\/\\\/www.medinamediaevents.com\\\/es\\\/#\\\/schema\\\/logo\\\/image\\\/\"}},{\"@type\":\"Person\",\"@id\":\"https:\\\/\\\/www.medinamediaevents.com\\\/es\\\/#\\\/schema\\\/person\\\/7d2bf7ca8ea9d145a6e6ec897c79311c\",\"name\":\"MME\"}]}<\/script>\n<!-- \/ Yoast SEO plugin. -->","yoast_head_json":{"title":"SUTUS CELEBRAR\u00c1 LA CONMEMORACI\u00d3N DEL 50 ANIVERSARIO DE LA LLEGADA A LA LUNA CON UNA EXPERIENCIA VIRTUAL SOBRE EL APOLO 11 - Medina Media EVENTS","robots":{"index":"index","follow":"follow","max-snippet":"max-snippet:-1","max-image-preview":"max-image-preview:large","max-video-preview":"max-video-preview:-1"},"canonical":"https:\/\/www.medinamediaevents.com\/es\/sutus-celebrara-la-conmemoracion-del-50-aniversario-de-la-llegada-a-la-luna-con-una-experiencia-virtual-sobre-el-apolo-11\/","og_locale":"es_ES","og_type":"article","og_title":"SUTUS CELEBRAR\u00c1 LA CONMEMORACI\u00d3N DEL 50 ANIVERSARIO DE LA LLEGADA A LA LUNA CON UNA EXPERIENCIA VIRTUAL SOBRE EL APOLO 11 - Medina Media EVENTS","og_description":"Sentir virtualmente el viaje del\u00a0Apolo 11\u00a0y lo que\u00a0Armstrong\u00a0vivi\u00f3 en la luna ser\u00e1\u00a0una de las experiencias inmersivas\u00a0que podr\u00e1n disfrutar los asistentes al primer evento sobre\u00a0Turismo Espacial\u00a0que se va a celebrar el pr\u00f3ximo mes de septiembre en\u00a0Les Roches \u2013 Marbella.  El\u00a023 y 24 de septiembre, coincidiendo con el\u00a0Equinoccio de Oto\u00f1o,\u00a0Medina Media Events\u00a0ha organizado la primera edici\u00f3n de\u00a0SUTUS (Space &amp; Underwater Tourism Universal Summit)\u00a0al que ya han confirmado su asistencia algunas de las\u00a0compa\u00f1\u00edas que apuestan por ofrecer nuevas experiencias tur\u00edsticas exclusivas\u00a0tanto en el espacio exterior como en los mares.  Adem\u00e1s de las ponencias de este evento \u00fanico en el mundo, los asistentes y estudiantes que visiten esos d\u00edas Les Roches \u2013 Marbella, podr\u00e1n disfrutar de\u00a0una de las experiencias de Realidad Virtual que m\u00e1s \u00e9xito ha tenido\u00a0en el recientemente celebrado\u00a0Observatorio de las Nuevas Tecnolog\u00edas de M\u00e1laga.  La empresa\u00a02FEEL 3D\u00a0ofrecer\u00e1 una experiencia de Realidad Virtual interactiva de unos 5 a 10 minutos de duraci\u00f3n para conmemorar el\u00a050 aniversario de la llegada del hombre a la luna. En ella se recrear\u00e1 el momento en el que el hombre pisa la luna, reviviendo ese mismo instante.  Los asistentes podr\u00e1n\u00a0vivir en primera persona la experiencia de subir al Apolo 11, despegar y sentir el alunizaje de la nave\u00a0gracias a las gafas de Realidad Virtual\u00a0Oculus Rift. Un viaje al espacio en el que\u00a0podr\u00e1s seleccionar la bandera con la que deseas coronar el sat\u00e9lite.    Por otro lado, empresas, instituciones y expertos del sector aeroespacial y subac\u00faatico ya han confirmado su participaci\u00f3n en SUTUS.  Tony Gannon, vicepresidente de Investigaci\u00f3n e Innovaci\u00f3n del cl\u00faster aeroespacial norteamericano\u00a0\u201cSpace Florida\u201d, y\u00a0Arthur Paolella, Senior Scientifist en la corporaci\u00f3n\u00a0Harris, formar\u00e1n parte de una misi\u00f3n organizada por Extenda (Agenda Andaluza de Promoci\u00f3n Exterior) presente en SUTUS 2019.  Junto a Gannon y Paolella, otros ponentes como\u00a0Nancy Vermeulen, fundadora de \u00abSpace Training Academy\u00bb;\u00a0Ana Bru, propietaria de la agencia de viajes exclusivos\u00a0BRU&amp;BRU; el astronauta civil\u00a0Eduardo Lurue\u00f1a; y\u00a0\u00c1ngel Jan\u00e9, seleccionado para establecer una colonia en Marte dentro del programa\u00a0\u00abMars One\u00bb, contar\u00e1n sus experiencias en SUTUS 2019.","og_url":"https:\/\/www.medinamediaevents.com\/es\/sutus-celebrara-la-conmemoracion-del-50-aniversario-de-la-llegada-a-la-luna-con-una-experiencia-virtual-sobre-el-apolo-11\/","og_site_name":"Medina Media EVENTS","article_published_time":"2019-07-24T10:55:31+00:00","og_image":[{"width":750,"height":350,"url":"https:\/\/www.medinamediaevents.com\/web\/wp-content\/uploads\/2019\/07\/luna2-750x350.png","type":"image\/png"}],"author":"MME","twitter_card":"summary_large_image","twitter_misc":{"Escrito por":"MME","Tiempo de lectura":"2 minutos"},"schema":{"@context":"https:\/\/schema.org","@graph":[{"@type":"Article","@id":"https:\/\/www.medinamediaevents.com\/es\/sutus-celebrara-la-conmemoracion-del-50-aniversario-de-la-llegada-a-la-luna-con-una-experiencia-virtual-sobre-el-apolo-11\/#article","isPartOf":{"@id":"https:\/\/www.medinamediaevents.com\/es\/sutus-celebrara-la-conmemoracion-del-50-aniversario-de-la-llegada-a-la-luna-con-una-experiencia-virtual-sobre-el-apolo-11\/"},"author":{"name":"MME","@id":"https:\/\/www.medinamediaevents.com\/es\/#\/schema\/person\/7d2bf7ca8ea9d145a6e6ec897c79311c"},"headline":"SUTUS CELEBRAR\u00c1 LA CONMEMORACI\u00d3N DEL 50 ANIVERSARIO DE LA LLEGADA A LA LUNA CON UNA EXPERIENCIA VIRTUAL SOBRE EL APOLO 11","datePublished":"2019-07-24T10:55:31+00:00","mainEntityOfPage":{"@id":"https:\/\/www.medinamediaevents.com\/es\/sutus-celebrara-la-conmemoracion-del-50-aniversario-de-la-llegada-a-la-luna-con-una-experiencia-virtual-sobre-el-apolo-11\/"},"wordCount":398,"commentCount":0,"publisher":{"@id":"https:\/\/www.medinamediaevents.com\/es\/#organization"},"image":{"@id":"https:\/\/www.medinamediaevents.com\/es\/sutus-celebrara-la-conmemoracion-del-50-aniversario-de-la-llegada-a-la-luna-con-una-experiencia-virtual-sobre-el-apolo-11\/#primaryimage"},"thumbnailUrl":"https:\/\/www.medinamediaevents.com\/web\/wp-content\/uploads\/2019\/07\/luna2-750x350.png","articleSection":["SUTUS"],"inLanguage":"es"},{"@type":"WebPage","@id":"https:\/\/www.medinamediaevents.com\/es\/sutus-celebrara-la-conmemoracion-del-50-aniversario-de-la-llegada-a-la-luna-con-una-experiencia-virtual-sobre-el-apolo-11\/","url":"https:\/\/www.medinamediaevents.com\/es\/sutus-celebrara-la-conmemoracion-del-50-aniversario-de-la-llegada-a-la-luna-con-una-experiencia-virtual-sobre-el-apolo-11\/","name":"SUTUS CELEBRAR\u00c1 LA CONMEMORACI\u00d3N DEL 50 ANIVERSARIO DE LA LLEGADA A LA LUNA CON UNA EXPERIENCIA VIRTUAL SOBRE EL APOLO 11 - Medina Media EVENTS","isPartOf":{"@id":"https:\/\/www.medinamediaevents.com\/es\/#website"},"primaryImageOfPage":{"@id":"https:\/\/www.medinamediaevents.com\/es\/sutus-celebrara-la-conmemoracion-del-50-aniversario-de-la-llegada-a-la-luna-con-una-experiencia-virtual-sobre-el-apolo-11\/#primaryimage"},"image":{"@id":"https:\/\/www.medinamediaevents.com\/es\/sutus-celebrara-la-conmemoracion-del-50-aniversario-de-la-llegada-a-la-luna-con-una-experiencia-virtual-sobre-el-apolo-11\/#primaryimage"},"thumbnailUrl":"https:\/\/www.medinamediaevents.com\/web\/wp-content\/uploads\/2019\/07\/luna2-750x350.png","datePublished":"2019-07-24T10:55:31+00:00","breadcrumb":{"@id":"https:\/\/www.medinamediaevents.com\/es\/sutus-celebrara-la-conmemoracion-del-50-aniversario-de-la-llegada-a-la-luna-con-una-experiencia-virtual-sobre-el-apolo-11\/#breadcrumb"},"inLanguage":"es","potentialAction":[{"@type":"ReadAction","target":["https:\/\/www.medinamediaevents.com\/es\/sutus-celebrara-la-conmemoracion-del-50-aniversario-de-la-llegada-a-la-luna-con-una-experiencia-virtual-sobre-el-apolo-11\/"]}]},{"@type":"ImageObject","inLanguage":"es","@id":"https:\/\/www.medinamediaevents.com\/es\/sutus-celebrara-la-conmemoracion-del-50-aniversario-de-la-llegada-a-la-luna-con-una-experiencia-virtual-sobre-el-apolo-11\/#primaryimage","url":"https:\/\/www.medinamediaevents.com\/web\/wp-content\/uploads\/2019\/07\/luna2-750x350.png","contentUrl":"https:\/\/www.medinamediaevents.com\/web\/wp-content\/uploads\/2019\/07\/luna2-750x350.png","width":750,"height":350},{"@type":"BreadcrumbList","@id":"https:\/\/www.medinamediaevents.com\/es\/sutus-celebrara-la-conmemoracion-del-50-aniversario-de-la-llegada-a-la-luna-con-una-experiencia-virtual-sobre-el-apolo-11\/#breadcrumb","itemListElement":[{"@type":"ListItem","position":1,"name":"Home","item":"https:\/\/www.medinamediaevents.com\/es\/"},{"@type":"ListItem","position":2,"name":"SUTUS CELEBRAR\u00c1 LA CONMEMORACI\u00d3N DEL 50 ANIVERSARIO DE LA LLEGADA A LA LUNA CON UNA EXPERIENCIA VIRTUAL SOBRE EL APOLO 11"}]},{"@type":"WebSite","@id":"https:\/\/www.medinamediaevents.com\/es\/#website","url":"https:\/\/www.medinamediaevents.com\/es\/","name":"Medina Media EVENTS","description":"","publisher":{"@id":"https:\/\/www.medinamediaevents.com\/es\/#organization"},"potentialAction":[{"@type":"SearchAction","target":{"@type":"EntryPoint","urlTemplate":"https:\/\/www.medinamediaevents.com\/es\/?s={search_term_string}"},"query-input":{"@type":"PropertyValueSpecification","valueRequired":true,"valueName":"search_term_string"}}],"inLanguage":"es"},{"@type":"Organization","@id":"https:\/\/www.medinamediaevents.com\/es\/#organization","name":"Medina Media Events","url":"https:\/\/www.medinamediaevents.com\/es\/","logo":{"@type":"ImageObject","inLanguage":"es","@id":"https:\/\/www.medinamediaevents.com\/es\/#\/schema\/logo\/image\/","url":"https:\/\/www.medinamediaevents.com\/web\/wp-content\/uploads\/2018\/11\/mm_events_logo2018.png","contentUrl":"https:\/\/www.medinamediaevents.com\/web\/wp-content\/uploads\/2018\/11\/mm_events_logo2018.png","width":1200,"height":750,"caption":"Medina Media Events"},"image":{"@id":"https:\/\/www.medinamediaevents.com\/es\/#\/schema\/logo\/image\/"}},{"@type":"Person","@id":"https:\/\/www.medinamediaevents.com\/es\/#\/schema\/person\/7d2bf7ca8ea9d145a6e6ec897c79311c","name":"MME"}]}},"_links":{"self":[{"href":"https:\/\/www.medinamediaevents.com\/es\/wp-json\/wp\/v2\/posts\/1380","targetHints":{"allow":["GET"]}}],"collection":[{"href":"https:\/\/www.medinamediaevents.com\/es\/wp-json\/wp\/v2\/posts"}],"about":[{"href":"https:\/\/www.medinamediaevents.com\/es\/wp-json\/wp\/v2\/types\/post"}],"author":[{"embeddable":true,"href":"https:\/\/www.medinamediaevents.com\/es\/wp-json\/wp\/v2\/users\/2"}],"replies":[{"embeddable":true,"href":"https:\/\/www.medinamediaevents.com\/es\/wp-json\/wp\/v2\/comments?post=1380"}],"version-history":[{"count":0,"href":"https:\/\/www.medinamediaevents.com\/es\/wp-json\/wp\/v2\/posts\/1380\/revisions"}],"wp:featuredmedia":[{"embeddable":true,"href":"https:\/\/www.medinamediaevents.com\/es\/wp-json\/wp\/v2\/media\/1383"}],"wp:attachment":[{"href":"https:\/\/www.medinamediaevents.com\/es\/wp-json\/wp\/v2\/media?parent=1380"}],"wp:term":[{"taxonomy":"category","embeddable":true,"href":"https:\/\/www.medinamediaevents.com\/es\/wp-json\/wp\/v2\/categories?post=1380"},{"taxonomy":"post_tag","embeddable":true,"href":"https:\/\/www.medinamediaevents.com\/es\/wp-json\/wp\/v2\/tags?post=1380"}],"curies":[{"name":"wp","href":"https:\/\/api.w.org\/{rel}","templated":true}]}}