{"id":1252,"date":"2019-07-22T10:51:44","date_gmt":"2019-07-22T08:51:44","guid":{"rendered":"https:\/\/www.medinamediaevents.com\/?p=1252"},"modified":"2019-07-22T10:51:44","modified_gmt":"2019-07-22T08:51:44","slug":"atresmedia-se-suma-a-las-televisiones-que-presentaran-sus-avances-de-realidad-vr-ar-en-el-observatorio-de-malaga","status":"publish","type":"post","link":"https:\/\/www.medinamediaevents.com\/es\/atresmedia-se-suma-a-las-televisiones-que-presentaran-sus-avances-de-realidad-vr-ar-en-el-observatorio-de-malaga\/","title":{"rendered":"ATRESMEDIA SE SUMA A LAS TELEVISIONES QUE PRESENTAR\u00c1N SUS AVANCES DE REALIDAD VR\/AR EN EL OBSERVATORIO DE M\u00c1LAGA"},"content":{"rendered":"<p>El\u00a0<strong>grupo AtresMedia<\/strong>\u00a0tambi\u00e9n se suma a las televisiones que presentar\u00e1n sus avances de este a\u00f1o en\u00a0<strong>Realidad Virtual y Realidad Aumentada\u00a0<\/strong>en el\u00a0<strong>Observatorio de las Nuevas Tecnolog\u00edas<\/strong>, que tendr\u00e1 lugar el 17 y 18 de julio en el Polo Nacional de Contenidos Digitales de M\u00e1laga.<\/p>\n<p><strong>Jes\u00fas Lozano<\/strong>,<strong>\u00a0jefe de Realizaci\u00f3n de Atresmedia<\/strong>, explicar\u00e1 a los asistentes al Observatorio las experiencias que han puesto en marcha, tanto en los<strong>Informativos de Antena 3 como en los de La Sexta<\/strong>, especialmente durante los \u00faltimos programas electorales.<\/p>\n<p>Adem\u00e1s de\u00a0<strong>AtresMedia<\/strong>, tanto\u00a0<strong>Televisi\u00f3n Espa\u00f1ola TVE<\/strong>\u00a0como\u00a0<strong>TV3 Televisi\u00f3 de Catalunya<\/strong>, tambi\u00e9n estar\u00e1n presentes en la tercera edici\u00f3n del Observatorio de M\u00e1laga, que de esta forma refuerza su prestigio como el\u00a0<strong>principal evento multidisciplinar de referencia en Espa\u00f1a sobre las Nuevas Tecnolog\u00edas<\/strong>.<\/p>\n<p><img loading=\"lazy\" decoding=\"async\" class=\"aligncenter wp-image-1253 size-full\" src=\"https:\/\/www.medinamediaevents.com\/web\/wp-content\/uploads\/2019\/07\/ca2db08e-ed7e-459a-b6a1-e4da427edbd0.png\" alt=\"\" width=\"541\" height=\"545\" srcset=\"https:\/\/www.medinamediaevents.com\/web\/wp-content\/uploads\/2019\/07\/ca2db08e-ed7e-459a-b6a1-e4da427edbd0.png 541w, https:\/\/www.medinamediaevents.com\/web\/wp-content\/uploads\/2019\/07\/ca2db08e-ed7e-459a-b6a1-e4da427edbd0-150x150.png 150w, https:\/\/www.medinamediaevents.com\/web\/wp-content\/uploads\/2019\/07\/ca2db08e-ed7e-459a-b6a1-e4da427edbd0-298x300.png 298w\" sizes=\"auto, (max-width: 541px) 100vw, 541px\" \/><\/p>\n<p>Por parte de\u00a0<strong>TVE<\/strong>\u00a0ser\u00e1\u00a0<strong>V\u00edctor S\u00e1nchez<\/strong>, de la Direcci\u00f3n de Operaciones, quien expondr\u00e1 los avances de 2019, mientras que por\u00a0<strong>TV3<\/strong>\u00a0los ponentes ser\u00e1n el realizador\u00a0<strong>Marc Sansa<\/strong>\u00a0y el responsable de Infograf\u00eda Virtual,\u00a0<strong>Ib\u00e1n Jos\u00e9 P\u00e9rez<\/strong>.<\/p>\n<p>Para completar este bloque tem\u00e1tico sobre VR\/AR en las televisiones,\u00a0<strong>Miguel Churruca<\/strong>, de la empresa\u00a0<strong>Brainstorm<\/strong>, hablar\u00e1 sobre \u201cRealidad Aumentada one2many: televisi\u00f3n y grandes eventos\u201d.<\/p>\n<p><img loading=\"lazy\" decoding=\"async\" class=\"aligncenter wp-image-1255 size-full\" src=\"https:\/\/www.medinamediaevents.com\/web\/wp-content\/uploads\/2019\/07\/2a77fe4b-bbf6-4949-ac70-cb0f7477f480.png\" alt=\"\" width=\"553\" height=\"530\" srcset=\"https:\/\/www.medinamediaevents.com\/web\/wp-content\/uploads\/2019\/07\/2a77fe4b-bbf6-4949-ac70-cb0f7477f480.png 553w, https:\/\/www.medinamediaevents.com\/web\/wp-content\/uploads\/2019\/07\/2a77fe4b-bbf6-4949-ac70-cb0f7477f480-300x288.png 300w\" sizes=\"auto, (max-width: 553px) 100vw, 553px\" \/><\/p>\n<p><strong>Brainstorm<\/strong>, que este a\u00f1o cumple 25 a\u00f1os de \u201ctormenta de ideas\u201d, es la empresa pionera en Realidad Virtual y 3D para televisi\u00f3n en Espa\u00f1a.<\/p>\n<p><em>\u201cLa realidad virtual y aumentada es una excelente herramienta para mejorar la experiencia de usuario en las retransmisiones de programas y eventos. Por un lado permite que la informaci\u00f3n y datos complejos se visualicen de forma m\u00e1s clara y atractiva para la audiencia, y por otro permite generar mayor impacto y espectacularidad en las retransmisiones en directo\u201d<\/em>, avanza\u00a0<strong>Churruca<\/strong>.<\/p>\n","protected":false},"excerpt":{"rendered":"<p>El\u00a0<strong>grupo AtresMedia<\/strong>\u00a0tambi\u00e9n se suma a las televisiones que presentar\u00e1n sus avances de este a\u00f1o en\u00a0<strong>Realidad Virtual y Realidad Aumentada\u00a0<\/strong>en el\u00a0<strong>Observatorio de las Nuevas Tecnolog\u00edas<\/strong>, que tendr\u00e1 lugar el 17 y 18 de julio en el Polo Nacional de Contenidos Digitales de M\u00e1laga.<\/p>\n<p><strong>Jes\u00fas Lozano<\/strong>,<strong>\u00a0jefe de Realizaci\u00f3n de Atresmedia<\/strong>, explicar\u00e1 a los asistentes al Observatorio las experiencias que han puesto en marcha, tanto en los<strong>Informativos de Antena 3 como en los de La Sexta<\/strong>, especialmente durante los \u00faltimos programas electorales.<\/p>\n<p>Adem\u00e1s de\u00a0<strong>AtresMedia<\/strong>, tanto\u00a0<strong>Televisi\u00f3n Espa\u00f1ola TVE<\/strong>\u00a0como\u00a0<strong>TV3 Televisi\u00f3 de Catalunya<\/strong>, tambi\u00e9n estar\u00e1n presentes en la tercera edici\u00f3n del Observatorio de M\u00e1laga, que de esta forma refuerza su prestigio como el\u00a0<strong>principal evento multidisciplinar de referencia en Espa\u00f1a sobre las Nuevas Tecnolog\u00edas<\/strong>.<\/p>\n<p><img loading=\"lazy\" decoding=\"async\" class=\"aligncenter wp-image-1253 size-full\" src=\"https:\/\/www.medinamediaevents.com\/web\/wp-content\/uploads\/2019\/07\/ca2db08e-ed7e-459a-b6a1-e4da427edbd0.png\" alt=\"\" width=\"541\" height=\"545\" srcset=\"https:\/\/www.medinamediaevents.com\/web\/wp-content\/uploads\/2019\/07\/ca2db08e-ed7e-459a-b6a1-e4da427edbd0.png 541w, https:\/\/www.medinamediaevents.com\/web\/wp-content\/uploads\/2019\/07\/ca2db08e-ed7e-459a-b6a1-e4da427edbd0-150x150.png 150w, https:\/\/www.medinamediaevents.com\/web\/wp-content\/uploads\/2019\/07\/ca2db08e-ed7e-459a-b6a1-e4da427edbd0-298x300.png 298w\" sizes=\"auto, (max-width: 541px) 100vw, 541px\" \/><\/p>\n<p>Por parte de\u00a0<strong>TVE<\/strong>\u00a0ser\u00e1\u00a0<strong>V\u00edctor S\u00e1nchez<\/strong>, de la Direcci\u00f3n de Operaciones, quien expondr\u00e1 los avances de 2019, mientras que por\u00a0<strong>TV3<\/strong>\u00a0los ponentes ser\u00e1n el realizador\u00a0<strong>Marc Sansa<\/strong>\u00a0y el responsable de Infograf\u00eda Virtual,\u00a0<strong>Ib\u00e1n Jos\u00e9 P\u00e9rez<\/strong>.<\/p>\n<p>Para completar este bloque tem\u00e1tico sobre VR\/AR en las televisiones,\u00a0<strong>Miguel Churruca<\/strong>, de la empresa\u00a0<strong>Brainstorm<\/strong>, hablar\u00e1 sobre \u201cRealidad Aumentada one2many: televisi\u00f3n y grandes eventos\u201d.<\/p>\n<p><img loading=\"lazy\" decoding=\"async\" class=\"aligncenter wp-image-1255 size-full\" src=\"https:\/\/www.medinamediaevents.com\/web\/wp-content\/uploads\/2019\/07\/2a77fe4b-bbf6-4949-ac70-cb0f7477f480.png\" alt=\"\" width=\"553\" height=\"530\" srcset=\"https:\/\/www.medinamediaevents.com\/web\/wp-content\/uploads\/2019\/07\/2a77fe4b-bbf6-4949-ac70-cb0f7477f480.png 553w, https:\/\/www.medinamediaevents.com\/web\/wp-content\/uploads\/2019\/07\/2a77fe4b-bbf6-4949-ac70-cb0f7477f480-300x288.png 300w\" sizes=\"auto, (max-width: 553px) 100vw, 553px\" \/><\/p>\n<p><strong>Brainstorm<\/strong>, que este a\u00f1o cumple 25 a\u00f1os de \u201ctormenta de ideas\u201d, es la empresa pionera en Realidad Virtual y 3D para televisi\u00f3n en Espa\u00f1a.<\/p>\n<p><em>\u201cLa realidad virtual y aumentada es una excelente herramienta para mejorar la experiencia de usuario en las retransmisiones de programas y eventos. Por un lado permite que la informaci\u00f3n y datos complejos se visualicen de forma m\u00e1s clara y atractiva para la audiencia, y por otro permite generar mayor impacto y espectacularidad en las retransmisiones en directo\u201d<\/em>, avanza\u00a0<strong>Churruca<\/strong>.<\/p>\n","protected":false},"author":2,"featured_media":1257,"comment_status":"open","ping_status":"closed","sticky":false,"template":"","format":"standard","meta":{"_acf_changed":false,"footnotes":""},"categories":[15],"tags":[],"class_list":["post-1252","post","type-post","status-publish","format-standard","has-post-thumbnail","hentry","category-noticias-the-observatory"],"acf":[],"yoast_head":"<!-- This site is optimized with the Yoast SEO plugin v27.5 - https:\/\/yoast.com\/product\/yoast-seo-wordpress\/ -->\n<title>ATRESMEDIA SE SUMA A LAS TELEVISIONES QUE PRESENTAR\u00c1N SUS AVANCES DE REALIDAD VR\/AR EN EL OBSERVATORIO DE M\u00c1LAGA - Medina Media EVENTS<\/title>\n<meta name=\"robots\" content=\"index, follow, max-snippet:-1, max-image-preview:large, max-video-preview:-1\" \/>\n<link rel=\"canonical\" href=\"https:\/\/www.medinamediaevents.com\/es\/atresmedia-se-suma-a-las-televisiones-que-presentaran-sus-avances-de-realidad-vr-ar-en-el-observatorio-de-malaga\/\" \/>\n<meta property=\"og:locale\" content=\"es_ES\" \/>\n<meta property=\"og:type\" content=\"article\" \/>\n<meta property=\"og:title\" content=\"ATRESMEDIA SE SUMA A LAS TELEVISIONES QUE PRESENTAR\u00c1N SUS AVANCES DE REALIDAD VR\/AR EN EL OBSERVATORIO DE M\u00c1LAGA - Medina Media EVENTS\" \/>\n<meta property=\"og:description\" content=\"El\u00a0grupo AtresMedia\u00a0tambi\u00e9n se suma a las televisiones que presentar\u00e1n sus avances de este a\u00f1o en\u00a0Realidad Virtual y Realidad Aumentada\u00a0en el\u00a0Observatorio de las Nuevas Tecnolog\u00edas, que tendr\u00e1 lugar el 17 y 18 de julio en el Polo Nacional de Contenidos Digitales de M\u00e1laga.  Jes\u00fas Lozano,\u00a0jefe de Realizaci\u00f3n de Atresmedia, explicar\u00e1 a los asistentes al Observatorio las experiencias que han puesto en marcha, tanto en losInformativos de Antena 3 como en los de La Sexta, especialmente durante los \u00faltimos programas electorales.  Adem\u00e1s de\u00a0AtresMedia, tanto\u00a0Televisi\u00f3n Espa\u00f1ola TVE\u00a0como\u00a0TV3 Televisi\u00f3 de Catalunya, tambi\u00e9n estar\u00e1n presentes en la tercera edici\u00f3n del Observatorio de M\u00e1laga, que de esta forma refuerza su prestigio como el\u00a0principal evento multidisciplinar de referencia en Espa\u00f1a sobre las Nuevas Tecnolog\u00edas.    Por parte de\u00a0TVE\u00a0ser\u00e1\u00a0V\u00edctor S\u00e1nchez, de la Direcci\u00f3n de Operaciones, quien expondr\u00e1 los avances de 2019, mientras que por\u00a0TV3\u00a0los ponentes ser\u00e1n el realizador\u00a0Marc Sansa\u00a0y el responsable de Infograf\u00eda Virtual,\u00a0Ib\u00e1n Jos\u00e9 P\u00e9rez.  Para completar este bloque tem\u00e1tico sobre VR\/AR en las televisiones,\u00a0Miguel Churruca, de la empresa\u00a0Brainstorm, hablar\u00e1 sobre \u201cRealidad Aumentada one2many: televisi\u00f3n y grandes eventos\u201d.    Brainstorm, que este a\u00f1o cumple 25 a\u00f1os de \u201ctormenta de ideas\u201d, es la empresa pionera en Realidad Virtual y 3D para televisi\u00f3n en Espa\u00f1a.  \u201cLa realidad virtual y aumentada es una excelente herramienta para mejorar la experiencia de usuario en las retransmisiones de programas y eventos. Por un lado permite que la informaci\u00f3n y datos complejos se visualicen de forma m\u00e1s clara y atractiva para la audiencia, y por otro permite generar mayor impacto y espectacularidad en las retransmisiones en directo\u201d, avanza\u00a0Churruca.\" \/>\n<meta property=\"og:url\" content=\"https:\/\/www.medinamediaevents.com\/es\/atresmedia-se-suma-a-las-televisiones-que-presentaran-sus-avances-de-realidad-vr-ar-en-el-observatorio-de-malaga\/\" \/>\n<meta property=\"og:site_name\" content=\"Medina Media EVENTS\" \/>\n<meta property=\"article:published_time\" content=\"2019-07-22T08:51:44+00:00\" \/>\n<meta property=\"og:image\" content=\"https:\/\/www.medinamediaevents.com\/web\/wp-content\/uploads\/2019\/07\/0e3d5b62-cca9-44c9-bd3a-6de735701ebe-768x414.png\" \/>\n\t<meta property=\"og:image:width\" content=\"768\" \/>\n\t<meta property=\"og:image:height\" content=\"414\" \/>\n\t<meta property=\"og:image:type\" content=\"image\/png\" \/>\n<meta name=\"author\" content=\"MME\" \/>\n<meta name=\"twitter:card\" content=\"summary_large_image\" \/>\n<meta name=\"twitter:label1\" content=\"Escrito por\" \/>\n\t<meta name=\"twitter:data1\" content=\"MME\" \/>\n\t<meta name=\"twitter:label2\" content=\"Tiempo de lectura\" \/>\n\t<meta name=\"twitter:data2\" content=\"2 minutos\" \/>\n<script type=\"application\/ld+json\" class=\"yoast-schema-graph\">{\"@context\":\"https:\\\/\\\/schema.org\",\"@graph\":[{\"@type\":\"Article\",\"@id\":\"https:\\\/\\\/www.medinamediaevents.com\\\/es\\\/atresmedia-se-suma-a-las-televisiones-que-presentaran-sus-avances-de-realidad-vr-ar-en-el-observatorio-de-malaga\\\/#article\",\"isPartOf\":{\"@id\":\"https:\\\/\\\/www.medinamediaevents.com\\\/es\\\/atresmedia-se-suma-a-las-televisiones-que-presentaran-sus-avances-de-realidad-vr-ar-en-el-observatorio-de-malaga\\\/\"},\"author\":{\"name\":\"MME\",\"@id\":\"https:\\\/\\\/www.medinamediaevents.com\\\/es\\\/#\\\/schema\\\/person\\\/7d2bf7ca8ea9d145a6e6ec897c79311c\"},\"headline\":\"ATRESMEDIA SE SUMA A LAS TELEVISIONES QUE PRESENTAR\u00c1N SUS AVANCES DE REALIDAD VR\\\/AR EN EL OBSERVATORIO DE M\u00c1LAGA\",\"datePublished\":\"2019-07-22T08:51:44+00:00\",\"mainEntityOfPage\":{\"@id\":\"https:\\\/\\\/www.medinamediaevents.com\\\/es\\\/atresmedia-se-suma-a-las-televisiones-que-presentaran-sus-avances-de-realidad-vr-ar-en-el-observatorio-de-malaga\\\/\"},\"wordCount\":323,\"commentCount\":0,\"publisher\":{\"@id\":\"https:\\\/\\\/www.medinamediaevents.com\\\/es\\\/#organization\"},\"image\":{\"@id\":\"https:\\\/\\\/www.medinamediaevents.com\\\/es\\\/atresmedia-se-suma-a-las-televisiones-que-presentaran-sus-avances-de-realidad-vr-ar-en-el-observatorio-de-malaga\\\/#primaryimage\"},\"thumbnailUrl\":\"https:\\\/\\\/www.medinamediaevents.com\\\/web\\\/wp-content\\\/uploads\\\/2019\\\/07\\\/0e3d5b62-cca9-44c9-bd3a-6de735701ebe-768x414.png\",\"articleSection\":[\"THE OBSERVATORY\"],\"inLanguage\":\"es\"},{\"@type\":\"WebPage\",\"@id\":\"https:\\\/\\\/www.medinamediaevents.com\\\/es\\\/atresmedia-se-suma-a-las-televisiones-que-presentaran-sus-avances-de-realidad-vr-ar-en-el-observatorio-de-malaga\\\/\",\"url\":\"https:\\\/\\\/www.medinamediaevents.com\\\/es\\\/atresmedia-se-suma-a-las-televisiones-que-presentaran-sus-avances-de-realidad-vr-ar-en-el-observatorio-de-malaga\\\/\",\"name\":\"ATRESMEDIA SE SUMA A LAS TELEVISIONES QUE PRESENTAR\u00c1N SUS AVANCES DE REALIDAD VR\\\/AR EN EL OBSERVATORIO DE M\u00c1LAGA - Medina Media EVENTS\",\"isPartOf\":{\"@id\":\"https:\\\/\\\/www.medinamediaevents.com\\\/es\\\/#website\"},\"primaryImageOfPage\":{\"@id\":\"https:\\\/\\\/www.medinamediaevents.com\\\/es\\\/atresmedia-se-suma-a-las-televisiones-que-presentaran-sus-avances-de-realidad-vr-ar-en-el-observatorio-de-malaga\\\/#primaryimage\"},\"image\":{\"@id\":\"https:\\\/\\\/www.medinamediaevents.com\\\/es\\\/atresmedia-se-suma-a-las-televisiones-que-presentaran-sus-avances-de-realidad-vr-ar-en-el-observatorio-de-malaga\\\/#primaryimage\"},\"thumbnailUrl\":\"https:\\\/\\\/www.medinamediaevents.com\\\/web\\\/wp-content\\\/uploads\\\/2019\\\/07\\\/0e3d5b62-cca9-44c9-bd3a-6de735701ebe-768x414.png\",\"datePublished\":\"2019-07-22T08:51:44+00:00\",\"breadcrumb\":{\"@id\":\"https:\\\/\\\/www.medinamediaevents.com\\\/es\\\/atresmedia-se-suma-a-las-televisiones-que-presentaran-sus-avances-de-realidad-vr-ar-en-el-observatorio-de-malaga\\\/#breadcrumb\"},\"inLanguage\":\"es\",\"potentialAction\":[{\"@type\":\"ReadAction\",\"target\":[\"https:\\\/\\\/www.medinamediaevents.com\\\/es\\\/atresmedia-se-suma-a-las-televisiones-que-presentaran-sus-avances-de-realidad-vr-ar-en-el-observatorio-de-malaga\\\/\"]}]},{\"@type\":\"ImageObject\",\"inLanguage\":\"es\",\"@id\":\"https:\\\/\\\/www.medinamediaevents.com\\\/es\\\/atresmedia-se-suma-a-las-televisiones-que-presentaran-sus-avances-de-realidad-vr-ar-en-el-observatorio-de-malaga\\\/#primaryimage\",\"url\":\"https:\\\/\\\/www.medinamediaevents.com\\\/web\\\/wp-content\\\/uploads\\\/2019\\\/07\\\/0e3d5b62-cca9-44c9-bd3a-6de735701ebe-768x414.png\",\"contentUrl\":\"https:\\\/\\\/www.medinamediaevents.com\\\/web\\\/wp-content\\\/uploads\\\/2019\\\/07\\\/0e3d5b62-cca9-44c9-bd3a-6de735701ebe-768x414.png\",\"width\":768,\"height\":414},{\"@type\":\"BreadcrumbList\",\"@id\":\"https:\\\/\\\/www.medinamediaevents.com\\\/es\\\/atresmedia-se-suma-a-las-televisiones-que-presentaran-sus-avances-de-realidad-vr-ar-en-el-observatorio-de-malaga\\\/#breadcrumb\",\"itemListElement\":[{\"@type\":\"ListItem\",\"position\":1,\"name\":\"Home\",\"item\":\"https:\\\/\\\/www.medinamediaevents.com\\\/es\\\/\"},{\"@type\":\"ListItem\",\"position\":2,\"name\":\"ATRESMEDIA SE SUMA A LAS TELEVISIONES QUE PRESENTAR\u00c1N SUS AVANCES DE REALIDAD VR\\\/AR EN EL OBSERVATORIO DE M\u00c1LAGA\"}]},{\"@type\":\"WebSite\",\"@id\":\"https:\\\/\\\/www.medinamediaevents.com\\\/es\\\/#website\",\"url\":\"https:\\\/\\\/www.medinamediaevents.com\\\/es\\\/\",\"name\":\"Medina Media EVENTS\",\"description\":\"\",\"publisher\":{\"@id\":\"https:\\\/\\\/www.medinamediaevents.com\\\/es\\\/#organization\"},\"potentialAction\":[{\"@type\":\"SearchAction\",\"target\":{\"@type\":\"EntryPoint\",\"urlTemplate\":\"https:\\\/\\\/www.medinamediaevents.com\\\/es\\\/?s={search_term_string}\"},\"query-input\":{\"@type\":\"PropertyValueSpecification\",\"valueRequired\":true,\"valueName\":\"search_term_string\"}}],\"inLanguage\":\"es\"},{\"@type\":\"Organization\",\"@id\":\"https:\\\/\\\/www.medinamediaevents.com\\\/es\\\/#organization\",\"name\":\"Medina Media Events\",\"url\":\"https:\\\/\\\/www.medinamediaevents.com\\\/es\\\/\",\"logo\":{\"@type\":\"ImageObject\",\"inLanguage\":\"es\",\"@id\":\"https:\\\/\\\/www.medinamediaevents.com\\\/es\\\/#\\\/schema\\\/logo\\\/image\\\/\",\"url\":\"https:\\\/\\\/www.medinamediaevents.com\\\/web\\\/wp-content\\\/uploads\\\/2018\\\/11\\\/mm_events_logo2018.png\",\"contentUrl\":\"https:\\\/\\\/www.medinamediaevents.com\\\/web\\\/wp-content\\\/uploads\\\/2018\\\/11\\\/mm_events_logo2018.png\",\"width\":1200,\"height\":750,\"caption\":\"Medina Media Events\"},\"image\":{\"@id\":\"https:\\\/\\\/www.medinamediaevents.com\\\/es\\\/#\\\/schema\\\/logo\\\/image\\\/\"}},{\"@type\":\"Person\",\"@id\":\"https:\\\/\\\/www.medinamediaevents.com\\\/es\\\/#\\\/schema\\\/person\\\/7d2bf7ca8ea9d145a6e6ec897c79311c\",\"name\":\"MME\"}]}<\/script>\n<!-- \/ Yoast SEO plugin. -->","yoast_head_json":{"title":"ATRESMEDIA SE SUMA A LAS TELEVISIONES QUE PRESENTAR\u00c1N SUS AVANCES DE REALIDAD VR\/AR EN EL OBSERVATORIO DE M\u00c1LAGA - Medina Media EVENTS","robots":{"index":"index","follow":"follow","max-snippet":"max-snippet:-1","max-image-preview":"max-image-preview:large","max-video-preview":"max-video-preview:-1"},"canonical":"https:\/\/www.medinamediaevents.com\/es\/atresmedia-se-suma-a-las-televisiones-que-presentaran-sus-avances-de-realidad-vr-ar-en-el-observatorio-de-malaga\/","og_locale":"es_ES","og_type":"article","og_title":"ATRESMEDIA SE SUMA A LAS TELEVISIONES QUE PRESENTAR\u00c1N SUS AVANCES DE REALIDAD VR\/AR EN EL OBSERVATORIO DE M\u00c1LAGA - Medina Media EVENTS","og_description":"El\u00a0grupo AtresMedia\u00a0tambi\u00e9n se suma a las televisiones que presentar\u00e1n sus avances de este a\u00f1o en\u00a0Realidad Virtual y Realidad Aumentada\u00a0en el\u00a0Observatorio de las Nuevas Tecnolog\u00edas, que tendr\u00e1 lugar el 17 y 18 de julio en el Polo Nacional de Contenidos Digitales de M\u00e1laga.  Jes\u00fas Lozano,\u00a0jefe de Realizaci\u00f3n de Atresmedia, explicar\u00e1 a los asistentes al Observatorio las experiencias que han puesto en marcha, tanto en losInformativos de Antena 3 como en los de La Sexta, especialmente durante los \u00faltimos programas electorales.  Adem\u00e1s de\u00a0AtresMedia, tanto\u00a0Televisi\u00f3n Espa\u00f1ola TVE\u00a0como\u00a0TV3 Televisi\u00f3 de Catalunya, tambi\u00e9n estar\u00e1n presentes en la tercera edici\u00f3n del Observatorio de M\u00e1laga, que de esta forma refuerza su prestigio como el\u00a0principal evento multidisciplinar de referencia en Espa\u00f1a sobre las Nuevas Tecnolog\u00edas.    Por parte de\u00a0TVE\u00a0ser\u00e1\u00a0V\u00edctor S\u00e1nchez, de la Direcci\u00f3n de Operaciones, quien expondr\u00e1 los avances de 2019, mientras que por\u00a0TV3\u00a0los ponentes ser\u00e1n el realizador\u00a0Marc Sansa\u00a0y el responsable de Infograf\u00eda Virtual,\u00a0Ib\u00e1n Jos\u00e9 P\u00e9rez.  Para completar este bloque tem\u00e1tico sobre VR\/AR en las televisiones,\u00a0Miguel Churruca, de la empresa\u00a0Brainstorm, hablar\u00e1 sobre \u201cRealidad Aumentada one2many: televisi\u00f3n y grandes eventos\u201d.    Brainstorm, que este a\u00f1o cumple 25 a\u00f1os de \u201ctormenta de ideas\u201d, es la empresa pionera en Realidad Virtual y 3D para televisi\u00f3n en Espa\u00f1a.  \u201cLa realidad virtual y aumentada es una excelente herramienta para mejorar la experiencia de usuario en las retransmisiones de programas y eventos. Por un lado permite que la informaci\u00f3n y datos complejos se visualicen de forma m\u00e1s clara y atractiva para la audiencia, y por otro permite generar mayor impacto y espectacularidad en las retransmisiones en directo\u201d, avanza\u00a0Churruca.","og_url":"https:\/\/www.medinamediaevents.com\/es\/atresmedia-se-suma-a-las-televisiones-que-presentaran-sus-avances-de-realidad-vr-ar-en-el-observatorio-de-malaga\/","og_site_name":"Medina Media EVENTS","article_published_time":"2019-07-22T08:51:44+00:00","og_image":[{"width":768,"height":414,"url":"https:\/\/www.medinamediaevents.com\/web\/wp-content\/uploads\/2019\/07\/0e3d5b62-cca9-44c9-bd3a-6de735701ebe-768x414.png","type":"image\/png"}],"author":"MME","twitter_card":"summary_large_image","twitter_misc":{"Escrito por":"MME","Tiempo de lectura":"2 minutos"},"schema":{"@context":"https:\/\/schema.org","@graph":[{"@type":"Article","@id":"https:\/\/www.medinamediaevents.com\/es\/atresmedia-se-suma-a-las-televisiones-que-presentaran-sus-avances-de-realidad-vr-ar-en-el-observatorio-de-malaga\/#article","isPartOf":{"@id":"https:\/\/www.medinamediaevents.com\/es\/atresmedia-se-suma-a-las-televisiones-que-presentaran-sus-avances-de-realidad-vr-ar-en-el-observatorio-de-malaga\/"},"author":{"name":"MME","@id":"https:\/\/www.medinamediaevents.com\/es\/#\/schema\/person\/7d2bf7ca8ea9d145a6e6ec897c79311c"},"headline":"ATRESMEDIA SE SUMA A LAS TELEVISIONES QUE PRESENTAR\u00c1N SUS AVANCES DE REALIDAD VR\/AR EN EL OBSERVATORIO DE M\u00c1LAGA","datePublished":"2019-07-22T08:51:44+00:00","mainEntityOfPage":{"@id":"https:\/\/www.medinamediaevents.com\/es\/atresmedia-se-suma-a-las-televisiones-que-presentaran-sus-avances-de-realidad-vr-ar-en-el-observatorio-de-malaga\/"},"wordCount":323,"commentCount":0,"publisher":{"@id":"https:\/\/www.medinamediaevents.com\/es\/#organization"},"image":{"@id":"https:\/\/www.medinamediaevents.com\/es\/atresmedia-se-suma-a-las-televisiones-que-presentaran-sus-avances-de-realidad-vr-ar-en-el-observatorio-de-malaga\/#primaryimage"},"thumbnailUrl":"https:\/\/www.medinamediaevents.com\/web\/wp-content\/uploads\/2019\/07\/0e3d5b62-cca9-44c9-bd3a-6de735701ebe-768x414.png","articleSection":["THE OBSERVATORY"],"inLanguage":"es"},{"@type":"WebPage","@id":"https:\/\/www.medinamediaevents.com\/es\/atresmedia-se-suma-a-las-televisiones-que-presentaran-sus-avances-de-realidad-vr-ar-en-el-observatorio-de-malaga\/","url":"https:\/\/www.medinamediaevents.com\/es\/atresmedia-se-suma-a-las-televisiones-que-presentaran-sus-avances-de-realidad-vr-ar-en-el-observatorio-de-malaga\/","name":"ATRESMEDIA SE SUMA A LAS TELEVISIONES QUE PRESENTAR\u00c1N SUS AVANCES DE REALIDAD VR\/AR EN EL OBSERVATORIO DE M\u00c1LAGA - Medina Media EVENTS","isPartOf":{"@id":"https:\/\/www.medinamediaevents.com\/es\/#website"},"primaryImageOfPage":{"@id":"https:\/\/www.medinamediaevents.com\/es\/atresmedia-se-suma-a-las-televisiones-que-presentaran-sus-avances-de-realidad-vr-ar-en-el-observatorio-de-malaga\/#primaryimage"},"image":{"@id":"https:\/\/www.medinamediaevents.com\/es\/atresmedia-se-suma-a-las-televisiones-que-presentaran-sus-avances-de-realidad-vr-ar-en-el-observatorio-de-malaga\/#primaryimage"},"thumbnailUrl":"https:\/\/www.medinamediaevents.com\/web\/wp-content\/uploads\/2019\/07\/0e3d5b62-cca9-44c9-bd3a-6de735701ebe-768x414.png","datePublished":"2019-07-22T08:51:44+00:00","breadcrumb":{"@id":"https:\/\/www.medinamediaevents.com\/es\/atresmedia-se-suma-a-las-televisiones-que-presentaran-sus-avances-de-realidad-vr-ar-en-el-observatorio-de-malaga\/#breadcrumb"},"inLanguage":"es","potentialAction":[{"@type":"ReadAction","target":["https:\/\/www.medinamediaevents.com\/es\/atresmedia-se-suma-a-las-televisiones-que-presentaran-sus-avances-de-realidad-vr-ar-en-el-observatorio-de-malaga\/"]}]},{"@type":"ImageObject","inLanguage":"es","@id":"https:\/\/www.medinamediaevents.com\/es\/atresmedia-se-suma-a-las-televisiones-que-presentaran-sus-avances-de-realidad-vr-ar-en-el-observatorio-de-malaga\/#primaryimage","url":"https:\/\/www.medinamediaevents.com\/web\/wp-content\/uploads\/2019\/07\/0e3d5b62-cca9-44c9-bd3a-6de735701ebe-768x414.png","contentUrl":"https:\/\/www.medinamediaevents.com\/web\/wp-content\/uploads\/2019\/07\/0e3d5b62-cca9-44c9-bd3a-6de735701ebe-768x414.png","width":768,"height":414},{"@type":"BreadcrumbList","@id":"https:\/\/www.medinamediaevents.com\/es\/atresmedia-se-suma-a-las-televisiones-que-presentaran-sus-avances-de-realidad-vr-ar-en-el-observatorio-de-malaga\/#breadcrumb","itemListElement":[{"@type":"ListItem","position":1,"name":"Home","item":"https:\/\/www.medinamediaevents.com\/es\/"},{"@type":"ListItem","position":2,"name":"ATRESMEDIA SE SUMA A LAS TELEVISIONES QUE PRESENTAR\u00c1N SUS AVANCES DE REALIDAD VR\/AR EN EL OBSERVATORIO DE M\u00c1LAGA"}]},{"@type":"WebSite","@id":"https:\/\/www.medinamediaevents.com\/es\/#website","url":"https:\/\/www.medinamediaevents.com\/es\/","name":"Medina Media EVENTS","description":"","publisher":{"@id":"https:\/\/www.medinamediaevents.com\/es\/#organization"},"potentialAction":[{"@type":"SearchAction","target":{"@type":"EntryPoint","urlTemplate":"https:\/\/www.medinamediaevents.com\/es\/?s={search_term_string}"},"query-input":{"@type":"PropertyValueSpecification","valueRequired":true,"valueName":"search_term_string"}}],"inLanguage":"es"},{"@type":"Organization","@id":"https:\/\/www.medinamediaevents.com\/es\/#organization","name":"Medina Media Events","url":"https:\/\/www.medinamediaevents.com\/es\/","logo":{"@type":"ImageObject","inLanguage":"es","@id":"https:\/\/www.medinamediaevents.com\/es\/#\/schema\/logo\/image\/","url":"https:\/\/www.medinamediaevents.com\/web\/wp-content\/uploads\/2018\/11\/mm_events_logo2018.png","contentUrl":"https:\/\/www.medinamediaevents.com\/web\/wp-content\/uploads\/2018\/11\/mm_events_logo2018.png","width":1200,"height":750,"caption":"Medina Media Events"},"image":{"@id":"https:\/\/www.medinamediaevents.com\/es\/#\/schema\/logo\/image\/"}},{"@type":"Person","@id":"https:\/\/www.medinamediaevents.com\/es\/#\/schema\/person\/7d2bf7ca8ea9d145a6e6ec897c79311c","name":"MME"}]}},"_links":{"self":[{"href":"https:\/\/www.medinamediaevents.com\/es\/wp-json\/wp\/v2\/posts\/1252","targetHints":{"allow":["GET"]}}],"collection":[{"href":"https:\/\/www.medinamediaevents.com\/es\/wp-json\/wp\/v2\/posts"}],"about":[{"href":"https:\/\/www.medinamediaevents.com\/es\/wp-json\/wp\/v2\/types\/post"}],"author":[{"embeddable":true,"href":"https:\/\/www.medinamediaevents.com\/es\/wp-json\/wp\/v2\/users\/2"}],"replies":[{"embeddable":true,"href":"https:\/\/www.medinamediaevents.com\/es\/wp-json\/wp\/v2\/comments?post=1252"}],"version-history":[{"count":0,"href":"https:\/\/www.medinamediaevents.com\/es\/wp-json\/wp\/v2\/posts\/1252\/revisions"}],"wp:featuredmedia":[{"embeddable":true,"href":"https:\/\/www.medinamediaevents.com\/es\/wp-json\/wp\/v2\/media\/1257"}],"wp:attachment":[{"href":"https:\/\/www.medinamediaevents.com\/es\/wp-json\/wp\/v2\/media?parent=1252"}],"wp:term":[{"taxonomy":"category","embeddable":true,"href":"https:\/\/www.medinamediaevents.com\/es\/wp-json\/wp\/v2\/categories?post=1252"},{"taxonomy":"post_tag","embeddable":true,"href":"https:\/\/www.medinamediaevents.com\/es\/wp-json\/wp\/v2\/tags?post=1252"}],"curies":[{"name":"wp","href":"https:\/\/api.w.org\/{rel}","templated":true}]}}