{"id":1218,"date":"2019-06-26T09:41:56","date_gmt":"2019-06-26T07:41:56","guid":{"rendered":"https:\/\/www.medinamediaevents.com\/?p=1218"},"modified":"2019-06-26T09:41:56","modified_gmt":"2019-06-26T07:41:56","slug":"el-observatorio-de-malaga-da-visibilidad-a-las-nuevas-tecnologias-a-nivel-nacional-en-onda-cero","status":"publish","type":"post","link":"https:\/\/www.medinamediaevents.com\/es\/el-observatorio-de-malaga-da-visibilidad-a-las-nuevas-tecnologias-a-nivel-nacional-en-onda-cero\/","title":{"rendered":"EL OBSERVATORIO DE M\u00c1LAGA DA VISIBILIDAD A LAS NUEVAS TECNOLOG\u00cdAS A NIVEL NACIONAL EN ONDA CERO"},"content":{"rendered":"<p>El\u00a0<strong>Observatorio de M\u00e1laga<\/strong>, que se celebra el pr\u00f3ximo\u00a0<strong>17 y 18 de julio<\/strong>, dio visibilidad nacional a las Nuevas Tecnolog\u00edas y la llegada del 5G en el programa<strong>\u00a0\u201cPor fin no es lunes\u201d<\/strong>, que presenta\u00a0<strong>Jaime Cantizano<\/strong>\u00a0los fines de semana en\u00a0<strong>Onda Cero<\/strong>.<\/p>\n<p>&nbsp;<\/p>\n<p style=\"text-align: center;\"><a href=\"https:\/\/www.ondacero.es\/programas\/por-fin-no-es-lunes\/podcast\/entrevistas\/ricardo-medina-el-5g-no-es-futuro-es-presente_201906235d0f30100cf2fdd8c13db75b.html\" target=\"_blank\" rel=\"noopener noreferrer\">IR A LA ENTREVISTA COMPLETA<\/a><\/p>\n<p>&nbsp;<\/p>\n<p><em>\u201cEl 5G no es futuro: Es presente. Llega para cambiar la vida en m\u00faltiples actividades del ser humano y de las empresas\u201d<\/em>, afirm\u00f3\u00a0<strong>Ricardo Medina, CEO de Medina Media Events, organizadora del Observatorio de las Nuevas Tecnolog\u00edas,<\/strong>\u00a0cuya tercera edici\u00f3n tendr\u00e1 lugar en el\u00a0<strong>Polo de Contenidos Digitales<\/strong>\u00a0de la capital de la Costa del Sol.<\/p>\n<p>El Observatorio de las Nuevas Tecnolog\u00edas est\u00e1 reconocido como el\u00a0<strong>principal encuentro multidisciplinar en Espa\u00f1a<\/strong>\u00a0sobre estas disciplinas.<\/p>\n<p>Durante dos d\u00edas y 25 ponencias, el Observatorio de M\u00e1laga permite a los asistentes tener una\u00a0<strong>visi\u00f3n panor\u00e1mica sobre las \u00faltimas novedades en Nuevas Tecnolog\u00edas<\/strong>\u00a0como la\u00a0<strong>Realidad Aumentada, la Realidad Virtual, la Inteligencia Artificial, los Videojuegos, los eSports<\/strong>, etc.<\/p>\n<p><strong>Jaime Cantizano<\/strong>\u00a0se interes\u00f3 por diferentes aspectos de la implantaci\u00f3n del 5G en Espa\u00f1a y las aplicaciones m\u00e1s pr\u00f3ximas que va a tener en campos como el entretenimiento, las televisiones, la salud, la movilidad y la privacidad de los ciudadanos.<\/p>\n<p><em>\u201cEn 5 a\u00f1os podremos disfrutar masivamente de muchas de las ventajas del 5G en Espa\u00f1a. No somos los l\u00edderes, pero esta vez no estamos en el furg\u00f3n de cola europeo\u201d<\/em>, afirm\u00f3 Medina, que tambi\u00e9n organiza el\u00a0<strong>5GForum de M\u00e1laga<\/strong>, el principal encuentro de profesionales en nuestro pa\u00eds (despu\u00e9s del Mobile World Congress de Barcelona).<\/p>\n<p>Al Observatorio de las Nuevas Tecnolog\u00edas acuden\u00a0<strong>expertos nacionales e internacionales para ofrecer una panor\u00e1mica actualizada cada a\u00f1o sobre las novedades en estas disciplinas<\/strong>, que habitualmente son analizadas verticalmente en otros encuentros de especialistas, pero nunca en su conjunto.<\/p>\n<p>Si quieres acudir al\u00a0<strong>Observatorio de las Nuevas Tecnolog\u00edas de M\u00e1laga\u00a0<\/strong>accede al<a href=\"https:\/\/newtechobservatory.com\/registro\/\" target=\"_blank\" rel=\"noopener noreferrer\">\u00a0registro profesional\u00a0<\/a>y consigue tu pase de 1 o 2 d\u00edas a un precio especial con la tarifa \u201cEarly Bird\u201d.<\/p>\n","protected":false},"excerpt":{"rendered":"<p>El\u00a0<strong>Observatorio de M\u00e1laga<\/strong>, que se celebra el pr\u00f3ximo\u00a0<strong>17 y 18 de julio<\/strong>, dio visibilidad nacional a las Nuevas Tecnolog\u00edas y la llegada del 5G en el programa<strong>\u00a0\u201cPor fin no es lunes\u201d<\/strong>, que presenta\u00a0<strong>Jaime Cantizano<\/strong>\u00a0los fines de semana en\u00a0<strong>Onda Cero<\/strong>.<\/p>\n<p>&nbsp;<\/p>\n<p style=\"text-align: center;\"><a href=\"https:\/\/www.ondacero.es\/programas\/por-fin-no-es-lunes\/podcast\/entrevistas\/ricardo-medina-el-5g-no-es-futuro-es-presente_201906235d0f30100cf2fdd8c13db75b.html\" target=\"_blank\" rel=\"noopener noreferrer\">IR A LA ENTREVISTA COMPLETA<\/a><\/p>\n<p>&nbsp;<\/p>\n<p><em>\u201cEl 5G no es futuro: Es presente. Llega para cambiar la vida en m\u00faltiples actividades del ser humano y de las empresas\u201d<\/em>, afirm\u00f3\u00a0<strong>Ricardo Medina, CEO de Medina Media Events, organizadora del Observatorio de las Nuevas Tecnolog\u00edas,<\/strong>\u00a0cuya tercera edici\u00f3n tendr\u00e1 lugar en el\u00a0<strong>Polo de Contenidos Digitales<\/strong>\u00a0de la capital de la Costa del Sol.<\/p>\n<p>El Observatorio de las Nuevas Tecnolog\u00edas est\u00e1 reconocido como el\u00a0<strong>principal encuentro multidisciplinar en Espa\u00f1a<\/strong>\u00a0sobre estas disciplinas.<\/p>\n<p>Durante dos d\u00edas y 25 ponencias, el Observatorio de M\u00e1laga permite a los asistentes tener una\u00a0<strong>visi\u00f3n panor\u00e1mica sobre las \u00faltimas novedades en Nuevas Tecnolog\u00edas<\/strong>\u00a0como la\u00a0<strong>Realidad Aumentada, la Realidad Virtual, la Inteligencia Artificial, los Videojuegos, los eSports<\/strong>, etc.<\/p>\n<p><strong>Jaime Cantizano<\/strong>\u00a0se interes\u00f3 por diferentes aspectos de la implantaci\u00f3n del 5G en Espa\u00f1a y las aplicaciones m\u00e1s pr\u00f3ximas que va a tener en campos como el entretenimiento, las televisiones, la salud, la movilidad y la privacidad de los ciudadanos.<\/p>\n<p><em>\u201cEn 5 a\u00f1os podremos disfrutar masivamente de muchas de las ventajas del 5G en Espa\u00f1a. No somos los l\u00edderes, pero esta vez no estamos en el furg\u00f3n de cola europeo\u201d<\/em>, afirm\u00f3 Medina, que tambi\u00e9n organiza el\u00a0<strong>5GForum de M\u00e1laga<\/strong>, el principal encuentro de profesionales en nuestro pa\u00eds (despu\u00e9s del Mobile World Congress de Barcelona).<\/p>\n<p>Al Observatorio de las Nuevas Tecnolog\u00edas acuden\u00a0<strong>expertos nacionales e internacionales para ofrecer una panor\u00e1mica actualizada cada a\u00f1o sobre las novedades en estas disciplinas<\/strong>, que habitualmente son analizadas verticalmente en otros encuentros de especialistas, pero nunca en su conjunto.<\/p>\n<p>Si quieres acudir al\u00a0<strong>Observatorio de las Nuevas Tecnolog\u00edas de M\u00e1laga\u00a0<\/strong>accede al<a href=\"https:\/\/newtechobservatory.com\/registro\/\" target=\"_blank\" rel=\"noopener noreferrer\">\u00a0registro profesional\u00a0<\/a>y consigue tu pase de 1 o 2 d\u00edas a un precio especial con la tarifa \u201cEarly Bird\u201d.<\/p>\n","protected":false},"author":2,"featured_media":1219,"comment_status":"open","ping_status":"closed","sticky":false,"template":"","format":"standard","meta":{"_acf_changed":false,"footnotes":""},"categories":[15],"tags":[],"class_list":["post-1218","post","type-post","status-publish","format-standard","has-post-thumbnail","hentry","category-noticias-the-observatory"],"acf":[],"yoast_head":"<!-- This site is optimized with the Yoast SEO plugin v27.5 - https:\/\/yoast.com\/product\/yoast-seo-wordpress\/ -->\n<title>EL OBSERVATORIO DE M\u00c1LAGA DA VISIBILIDAD A LAS NUEVAS TECNOLOG\u00cdAS A NIVEL NACIONAL EN ONDA CERO - Medina Media EVENTS<\/title>\n<meta name=\"robots\" content=\"index, follow, max-snippet:-1, max-image-preview:large, max-video-preview:-1\" \/>\n<link rel=\"canonical\" href=\"https:\/\/www.medinamediaevents.com\/es\/el-observatorio-de-malaga-da-visibilidad-a-las-nuevas-tecnologias-a-nivel-nacional-en-onda-cero\/\" \/>\n<meta property=\"og:locale\" content=\"es_ES\" \/>\n<meta property=\"og:type\" content=\"article\" \/>\n<meta property=\"og:title\" content=\"EL OBSERVATORIO DE M\u00c1LAGA DA VISIBILIDAD A LAS NUEVAS TECNOLOG\u00cdAS A NIVEL NACIONAL EN ONDA CERO - Medina Media EVENTS\" \/>\n<meta property=\"og:description\" content=\"El\u00a0Observatorio de M\u00e1laga, que se celebra el pr\u00f3ximo\u00a017 y 18 de julio, dio visibilidad nacional a las Nuevas Tecnolog\u00edas y la llegada del 5G en el programa\u00a0\u201cPor fin no es lunes\u201d, que presenta\u00a0Jaime Cantizano\u00a0los fines de semana en\u00a0Onda Cero.  &nbsp; IR A LA ENTREVISTA COMPLETA &nbsp;  \u201cEl 5G no es futuro: Es presente. Llega para cambiar la vida en m\u00faltiples actividades del ser humano y de las empresas\u201d, afirm\u00f3\u00a0Ricardo Medina, CEO de Medina Media Events, organizadora del Observatorio de las Nuevas Tecnolog\u00edas,\u00a0cuya tercera edici\u00f3n tendr\u00e1 lugar en el\u00a0Polo de Contenidos Digitales\u00a0de la capital de la Costa del Sol.  El Observatorio de las Nuevas Tecnolog\u00edas est\u00e1 reconocido como el\u00a0principal encuentro multidisciplinar en Espa\u00f1a\u00a0sobre estas disciplinas.  Durante dos d\u00edas y 25 ponencias, el Observatorio de M\u00e1laga permite a los asistentes tener una\u00a0visi\u00f3n panor\u00e1mica sobre las \u00faltimas novedades en Nuevas Tecnolog\u00edas\u00a0como la\u00a0Realidad Aumentada, la Realidad Virtual, la Inteligencia Artificial, los Videojuegos, los eSports, etc.  Jaime Cantizano\u00a0se interes\u00f3 por diferentes aspectos de la implantaci\u00f3n del 5G en Espa\u00f1a y las aplicaciones m\u00e1s pr\u00f3ximas que va a tener en campos como el entretenimiento, las televisiones, la salud, la movilidad y la privacidad de los ciudadanos.  \u201cEn 5 a\u00f1os podremos disfrutar masivamente de muchas de las ventajas del 5G en Espa\u00f1a. No somos los l\u00edderes, pero esta vez no estamos en el furg\u00f3n de cola europeo\u201d, afirm\u00f3 Medina, que tambi\u00e9n organiza el\u00a05GForum de M\u00e1laga, el principal encuentro de profesionales en nuestro pa\u00eds (despu\u00e9s del Mobile World Congress de Barcelona).  Al Observatorio de las Nuevas Tecnolog\u00edas acuden\u00a0expertos nacionales e internacionales para ofrecer una panor\u00e1mica actualizada cada a\u00f1o sobre las novedades en estas disciplinas, que habitualmente son analizadas verticalmente en otros encuentros de especialistas, pero nunca en su conjunto.  Si quieres acudir al\u00a0Observatorio de las Nuevas Tecnolog\u00edas de M\u00e1laga\u00a0accede al\u00a0registro profesional\u00a0y consigue tu pase de 1 o 2 d\u00edas a un precio especial con la tarifa \u201cEarly Bird\u201d.\" \/>\n<meta property=\"og:url\" content=\"https:\/\/www.medinamediaevents.com\/es\/el-observatorio-de-malaga-da-visibilidad-a-las-nuevas-tecnologias-a-nivel-nacional-en-onda-cero\/\" \/>\n<meta property=\"og:site_name\" content=\"Medina Media EVENTS\" \/>\n<meta property=\"article:published_time\" content=\"2019-06-26T07:41:56+00:00\" \/>\n<meta property=\"og:image\" content=\"https:\/\/www.medinamediaevents.com\/web\/wp-content\/uploads\/2019\/06\/WhatsApp-Image-2019-06-24-at-10.58.15.jpeg\" \/>\n\t<meta property=\"og:image:width\" content=\"1600\" \/>\n\t<meta property=\"og:image:height\" content=\"1200\" \/>\n\t<meta property=\"og:image:type\" content=\"image\/jpeg\" \/>\n<meta name=\"author\" content=\"MME\" \/>\n<meta name=\"twitter:card\" content=\"summary_large_image\" \/>\n<meta name=\"twitter:label1\" content=\"Escrito por\" \/>\n\t<meta name=\"twitter:data1\" content=\"MME\" \/>\n\t<meta name=\"twitter:label2\" content=\"Tiempo de lectura\" \/>\n\t<meta name=\"twitter:data2\" content=\"2 minutos\" \/>\n<script type=\"application\/ld+json\" class=\"yoast-schema-graph\">{\"@context\":\"https:\\\/\\\/schema.org\",\"@graph\":[{\"@type\":\"Article\",\"@id\":\"https:\\\/\\\/www.medinamediaevents.com\\\/es\\\/el-observatorio-de-malaga-da-visibilidad-a-las-nuevas-tecnologias-a-nivel-nacional-en-onda-cero\\\/#article\",\"isPartOf\":{\"@id\":\"https:\\\/\\\/www.medinamediaevents.com\\\/es\\\/el-observatorio-de-malaga-da-visibilidad-a-las-nuevas-tecnologias-a-nivel-nacional-en-onda-cero\\\/\"},\"author\":{\"name\":\"MME\",\"@id\":\"https:\\\/\\\/www.medinamediaevents.com\\\/es\\\/#\\\/schema\\\/person\\\/7d2bf7ca8ea9d145a6e6ec897c79311c\"},\"headline\":\"EL OBSERVATORIO DE M\u00c1LAGA DA VISIBILIDAD A LAS NUEVAS TECNOLOG\u00cdAS A NIVEL NACIONAL EN ONDA CERO\",\"datePublished\":\"2019-06-26T07:41:56+00:00\",\"mainEntityOfPage\":{\"@id\":\"https:\\\/\\\/www.medinamediaevents.com\\\/es\\\/el-observatorio-de-malaga-da-visibilidad-a-las-nuevas-tecnologias-a-nivel-nacional-en-onda-cero\\\/\"},\"wordCount\":375,\"commentCount\":0,\"publisher\":{\"@id\":\"https:\\\/\\\/www.medinamediaevents.com\\\/es\\\/#organization\"},\"image\":{\"@id\":\"https:\\\/\\\/www.medinamediaevents.com\\\/es\\\/el-observatorio-de-malaga-da-visibilidad-a-las-nuevas-tecnologias-a-nivel-nacional-en-onda-cero\\\/#primaryimage\"},\"thumbnailUrl\":\"https:\\\/\\\/www.medinamediaevents.com\\\/web\\\/wp-content\\\/uploads\\\/2019\\\/06\\\/WhatsApp-Image-2019-06-24-at-10.58.15.jpeg\",\"articleSection\":[\"THE OBSERVATORY\"],\"inLanguage\":\"es\"},{\"@type\":\"WebPage\",\"@id\":\"https:\\\/\\\/www.medinamediaevents.com\\\/es\\\/el-observatorio-de-malaga-da-visibilidad-a-las-nuevas-tecnologias-a-nivel-nacional-en-onda-cero\\\/\",\"url\":\"https:\\\/\\\/www.medinamediaevents.com\\\/es\\\/el-observatorio-de-malaga-da-visibilidad-a-las-nuevas-tecnologias-a-nivel-nacional-en-onda-cero\\\/\",\"name\":\"EL OBSERVATORIO DE M\u00c1LAGA DA VISIBILIDAD A LAS NUEVAS TECNOLOG\u00cdAS A NIVEL NACIONAL EN ONDA CERO - Medina Media EVENTS\",\"isPartOf\":{\"@id\":\"https:\\\/\\\/www.medinamediaevents.com\\\/es\\\/#website\"},\"primaryImageOfPage\":{\"@id\":\"https:\\\/\\\/www.medinamediaevents.com\\\/es\\\/el-observatorio-de-malaga-da-visibilidad-a-las-nuevas-tecnologias-a-nivel-nacional-en-onda-cero\\\/#primaryimage\"},\"image\":{\"@id\":\"https:\\\/\\\/www.medinamediaevents.com\\\/es\\\/el-observatorio-de-malaga-da-visibilidad-a-las-nuevas-tecnologias-a-nivel-nacional-en-onda-cero\\\/#primaryimage\"},\"thumbnailUrl\":\"https:\\\/\\\/www.medinamediaevents.com\\\/web\\\/wp-content\\\/uploads\\\/2019\\\/06\\\/WhatsApp-Image-2019-06-24-at-10.58.15.jpeg\",\"datePublished\":\"2019-06-26T07:41:56+00:00\",\"breadcrumb\":{\"@id\":\"https:\\\/\\\/www.medinamediaevents.com\\\/es\\\/el-observatorio-de-malaga-da-visibilidad-a-las-nuevas-tecnologias-a-nivel-nacional-en-onda-cero\\\/#breadcrumb\"},\"inLanguage\":\"es\",\"potentialAction\":[{\"@type\":\"ReadAction\",\"target\":[\"https:\\\/\\\/www.medinamediaevents.com\\\/es\\\/el-observatorio-de-malaga-da-visibilidad-a-las-nuevas-tecnologias-a-nivel-nacional-en-onda-cero\\\/\"]}]},{\"@type\":\"ImageObject\",\"inLanguage\":\"es\",\"@id\":\"https:\\\/\\\/www.medinamediaevents.com\\\/es\\\/el-observatorio-de-malaga-da-visibilidad-a-las-nuevas-tecnologias-a-nivel-nacional-en-onda-cero\\\/#primaryimage\",\"url\":\"https:\\\/\\\/www.medinamediaevents.com\\\/web\\\/wp-content\\\/uploads\\\/2019\\\/06\\\/WhatsApp-Image-2019-06-24-at-10.58.15.jpeg\",\"contentUrl\":\"https:\\\/\\\/www.medinamediaevents.com\\\/web\\\/wp-content\\\/uploads\\\/2019\\\/06\\\/WhatsApp-Image-2019-06-24-at-10.58.15.jpeg\",\"width\":1600,\"height\":1200},{\"@type\":\"BreadcrumbList\",\"@id\":\"https:\\\/\\\/www.medinamediaevents.com\\\/es\\\/el-observatorio-de-malaga-da-visibilidad-a-las-nuevas-tecnologias-a-nivel-nacional-en-onda-cero\\\/#breadcrumb\",\"itemListElement\":[{\"@type\":\"ListItem\",\"position\":1,\"name\":\"Home\",\"item\":\"https:\\\/\\\/www.medinamediaevents.com\\\/es\\\/\"},{\"@type\":\"ListItem\",\"position\":2,\"name\":\"EL OBSERVATORIO DE M\u00c1LAGA DA VISIBILIDAD A LAS NUEVAS TECNOLOG\u00cdAS A NIVEL NACIONAL EN ONDA CERO\"}]},{\"@type\":\"WebSite\",\"@id\":\"https:\\\/\\\/www.medinamediaevents.com\\\/es\\\/#website\",\"url\":\"https:\\\/\\\/www.medinamediaevents.com\\\/es\\\/\",\"name\":\"Medina Media EVENTS\",\"description\":\"\",\"publisher\":{\"@id\":\"https:\\\/\\\/www.medinamediaevents.com\\\/es\\\/#organization\"},\"potentialAction\":[{\"@type\":\"SearchAction\",\"target\":{\"@type\":\"EntryPoint\",\"urlTemplate\":\"https:\\\/\\\/www.medinamediaevents.com\\\/es\\\/?s={search_term_string}\"},\"query-input\":{\"@type\":\"PropertyValueSpecification\",\"valueRequired\":true,\"valueName\":\"search_term_string\"}}],\"inLanguage\":\"es\"},{\"@type\":\"Organization\",\"@id\":\"https:\\\/\\\/www.medinamediaevents.com\\\/es\\\/#organization\",\"name\":\"Medina Media Events\",\"url\":\"https:\\\/\\\/www.medinamediaevents.com\\\/es\\\/\",\"logo\":{\"@type\":\"ImageObject\",\"inLanguage\":\"es\",\"@id\":\"https:\\\/\\\/www.medinamediaevents.com\\\/es\\\/#\\\/schema\\\/logo\\\/image\\\/\",\"url\":\"https:\\\/\\\/www.medinamediaevents.com\\\/web\\\/wp-content\\\/uploads\\\/2018\\\/11\\\/mm_events_logo2018.png\",\"contentUrl\":\"https:\\\/\\\/www.medinamediaevents.com\\\/web\\\/wp-content\\\/uploads\\\/2018\\\/11\\\/mm_events_logo2018.png\",\"width\":1200,\"height\":750,\"caption\":\"Medina Media Events\"},\"image\":{\"@id\":\"https:\\\/\\\/www.medinamediaevents.com\\\/es\\\/#\\\/schema\\\/logo\\\/image\\\/\"}},{\"@type\":\"Person\",\"@id\":\"https:\\\/\\\/www.medinamediaevents.com\\\/es\\\/#\\\/schema\\\/person\\\/7d2bf7ca8ea9d145a6e6ec897c79311c\",\"name\":\"MME\"}]}<\/script>\n<!-- \/ Yoast SEO plugin. -->","yoast_head_json":{"title":"EL OBSERVATORIO DE M\u00c1LAGA DA VISIBILIDAD A LAS NUEVAS TECNOLOG\u00cdAS A NIVEL NACIONAL EN ONDA CERO - Medina Media EVENTS","robots":{"index":"index","follow":"follow","max-snippet":"max-snippet:-1","max-image-preview":"max-image-preview:large","max-video-preview":"max-video-preview:-1"},"canonical":"https:\/\/www.medinamediaevents.com\/es\/el-observatorio-de-malaga-da-visibilidad-a-las-nuevas-tecnologias-a-nivel-nacional-en-onda-cero\/","og_locale":"es_ES","og_type":"article","og_title":"EL OBSERVATORIO DE M\u00c1LAGA DA VISIBILIDAD A LAS NUEVAS TECNOLOG\u00cdAS A NIVEL NACIONAL EN ONDA CERO - Medina Media EVENTS","og_description":"El\u00a0Observatorio de M\u00e1laga, que se celebra el pr\u00f3ximo\u00a017 y 18 de julio, dio visibilidad nacional a las Nuevas Tecnolog\u00edas y la llegada del 5G en el programa\u00a0\u201cPor fin no es lunes\u201d, que presenta\u00a0Jaime Cantizano\u00a0los fines de semana en\u00a0Onda Cero.  &nbsp; IR A LA ENTREVISTA COMPLETA &nbsp;  \u201cEl 5G no es futuro: Es presente. Llega para cambiar la vida en m\u00faltiples actividades del ser humano y de las empresas\u201d, afirm\u00f3\u00a0Ricardo Medina, CEO de Medina Media Events, organizadora del Observatorio de las Nuevas Tecnolog\u00edas,\u00a0cuya tercera edici\u00f3n tendr\u00e1 lugar en el\u00a0Polo de Contenidos Digitales\u00a0de la capital de la Costa del Sol.  El Observatorio de las Nuevas Tecnolog\u00edas est\u00e1 reconocido como el\u00a0principal encuentro multidisciplinar en Espa\u00f1a\u00a0sobre estas disciplinas.  Durante dos d\u00edas y 25 ponencias, el Observatorio de M\u00e1laga permite a los asistentes tener una\u00a0visi\u00f3n panor\u00e1mica sobre las \u00faltimas novedades en Nuevas Tecnolog\u00edas\u00a0como la\u00a0Realidad Aumentada, la Realidad Virtual, la Inteligencia Artificial, los Videojuegos, los eSports, etc.  Jaime Cantizano\u00a0se interes\u00f3 por diferentes aspectos de la implantaci\u00f3n del 5G en Espa\u00f1a y las aplicaciones m\u00e1s pr\u00f3ximas que va a tener en campos como el entretenimiento, las televisiones, la salud, la movilidad y la privacidad de los ciudadanos.  \u201cEn 5 a\u00f1os podremos disfrutar masivamente de muchas de las ventajas del 5G en Espa\u00f1a. No somos los l\u00edderes, pero esta vez no estamos en el furg\u00f3n de cola europeo\u201d, afirm\u00f3 Medina, que tambi\u00e9n organiza el\u00a05GForum de M\u00e1laga, el principal encuentro de profesionales en nuestro pa\u00eds (despu\u00e9s del Mobile World Congress de Barcelona).  Al Observatorio de las Nuevas Tecnolog\u00edas acuden\u00a0expertos nacionales e internacionales para ofrecer una panor\u00e1mica actualizada cada a\u00f1o sobre las novedades en estas disciplinas, que habitualmente son analizadas verticalmente en otros encuentros de especialistas, pero nunca en su conjunto.  Si quieres acudir al\u00a0Observatorio de las Nuevas Tecnolog\u00edas de M\u00e1laga\u00a0accede al\u00a0registro profesional\u00a0y consigue tu pase de 1 o 2 d\u00edas a un precio especial con la tarifa \u201cEarly Bird\u201d.","og_url":"https:\/\/www.medinamediaevents.com\/es\/el-observatorio-de-malaga-da-visibilidad-a-las-nuevas-tecnologias-a-nivel-nacional-en-onda-cero\/","og_site_name":"Medina Media EVENTS","article_published_time":"2019-06-26T07:41:56+00:00","og_image":[{"width":1600,"height":1200,"url":"https:\/\/www.medinamediaevents.com\/web\/wp-content\/uploads\/2019\/06\/WhatsApp-Image-2019-06-24-at-10.58.15.jpeg","type":"image\/jpeg"}],"author":"MME","twitter_card":"summary_large_image","twitter_misc":{"Escrito por":"MME","Tiempo de lectura":"2 minutos"},"schema":{"@context":"https:\/\/schema.org","@graph":[{"@type":"Article","@id":"https:\/\/www.medinamediaevents.com\/es\/el-observatorio-de-malaga-da-visibilidad-a-las-nuevas-tecnologias-a-nivel-nacional-en-onda-cero\/#article","isPartOf":{"@id":"https:\/\/www.medinamediaevents.com\/es\/el-observatorio-de-malaga-da-visibilidad-a-las-nuevas-tecnologias-a-nivel-nacional-en-onda-cero\/"},"author":{"name":"MME","@id":"https:\/\/www.medinamediaevents.com\/es\/#\/schema\/person\/7d2bf7ca8ea9d145a6e6ec897c79311c"},"headline":"EL OBSERVATORIO DE M\u00c1LAGA DA VISIBILIDAD A LAS NUEVAS TECNOLOG\u00cdAS A NIVEL NACIONAL EN ONDA CERO","datePublished":"2019-06-26T07:41:56+00:00","mainEntityOfPage":{"@id":"https:\/\/www.medinamediaevents.com\/es\/el-observatorio-de-malaga-da-visibilidad-a-las-nuevas-tecnologias-a-nivel-nacional-en-onda-cero\/"},"wordCount":375,"commentCount":0,"publisher":{"@id":"https:\/\/www.medinamediaevents.com\/es\/#organization"},"image":{"@id":"https:\/\/www.medinamediaevents.com\/es\/el-observatorio-de-malaga-da-visibilidad-a-las-nuevas-tecnologias-a-nivel-nacional-en-onda-cero\/#primaryimage"},"thumbnailUrl":"https:\/\/www.medinamediaevents.com\/web\/wp-content\/uploads\/2019\/06\/WhatsApp-Image-2019-06-24-at-10.58.15.jpeg","articleSection":["THE OBSERVATORY"],"inLanguage":"es"},{"@type":"WebPage","@id":"https:\/\/www.medinamediaevents.com\/es\/el-observatorio-de-malaga-da-visibilidad-a-las-nuevas-tecnologias-a-nivel-nacional-en-onda-cero\/","url":"https:\/\/www.medinamediaevents.com\/es\/el-observatorio-de-malaga-da-visibilidad-a-las-nuevas-tecnologias-a-nivel-nacional-en-onda-cero\/","name":"EL OBSERVATORIO DE M\u00c1LAGA DA VISIBILIDAD A LAS NUEVAS TECNOLOG\u00cdAS A NIVEL NACIONAL EN ONDA CERO - Medina Media EVENTS","isPartOf":{"@id":"https:\/\/www.medinamediaevents.com\/es\/#website"},"primaryImageOfPage":{"@id":"https:\/\/www.medinamediaevents.com\/es\/el-observatorio-de-malaga-da-visibilidad-a-las-nuevas-tecnologias-a-nivel-nacional-en-onda-cero\/#primaryimage"},"image":{"@id":"https:\/\/www.medinamediaevents.com\/es\/el-observatorio-de-malaga-da-visibilidad-a-las-nuevas-tecnologias-a-nivel-nacional-en-onda-cero\/#primaryimage"},"thumbnailUrl":"https:\/\/www.medinamediaevents.com\/web\/wp-content\/uploads\/2019\/06\/WhatsApp-Image-2019-06-24-at-10.58.15.jpeg","datePublished":"2019-06-26T07:41:56+00:00","breadcrumb":{"@id":"https:\/\/www.medinamediaevents.com\/es\/el-observatorio-de-malaga-da-visibilidad-a-las-nuevas-tecnologias-a-nivel-nacional-en-onda-cero\/#breadcrumb"},"inLanguage":"es","potentialAction":[{"@type":"ReadAction","target":["https:\/\/www.medinamediaevents.com\/es\/el-observatorio-de-malaga-da-visibilidad-a-las-nuevas-tecnologias-a-nivel-nacional-en-onda-cero\/"]}]},{"@type":"ImageObject","inLanguage":"es","@id":"https:\/\/www.medinamediaevents.com\/es\/el-observatorio-de-malaga-da-visibilidad-a-las-nuevas-tecnologias-a-nivel-nacional-en-onda-cero\/#primaryimage","url":"https:\/\/www.medinamediaevents.com\/web\/wp-content\/uploads\/2019\/06\/WhatsApp-Image-2019-06-24-at-10.58.15.jpeg","contentUrl":"https:\/\/www.medinamediaevents.com\/web\/wp-content\/uploads\/2019\/06\/WhatsApp-Image-2019-06-24-at-10.58.15.jpeg","width":1600,"height":1200},{"@type":"BreadcrumbList","@id":"https:\/\/www.medinamediaevents.com\/es\/el-observatorio-de-malaga-da-visibilidad-a-las-nuevas-tecnologias-a-nivel-nacional-en-onda-cero\/#breadcrumb","itemListElement":[{"@type":"ListItem","position":1,"name":"Home","item":"https:\/\/www.medinamediaevents.com\/es\/"},{"@type":"ListItem","position":2,"name":"EL OBSERVATORIO DE M\u00c1LAGA DA VISIBILIDAD A LAS NUEVAS TECNOLOG\u00cdAS A NIVEL NACIONAL EN ONDA CERO"}]},{"@type":"WebSite","@id":"https:\/\/www.medinamediaevents.com\/es\/#website","url":"https:\/\/www.medinamediaevents.com\/es\/","name":"Medina Media EVENTS","description":"","publisher":{"@id":"https:\/\/www.medinamediaevents.com\/es\/#organization"},"potentialAction":[{"@type":"SearchAction","target":{"@type":"EntryPoint","urlTemplate":"https:\/\/www.medinamediaevents.com\/es\/?s={search_term_string}"},"query-input":{"@type":"PropertyValueSpecification","valueRequired":true,"valueName":"search_term_string"}}],"inLanguage":"es"},{"@type":"Organization","@id":"https:\/\/www.medinamediaevents.com\/es\/#organization","name":"Medina Media Events","url":"https:\/\/www.medinamediaevents.com\/es\/","logo":{"@type":"ImageObject","inLanguage":"es","@id":"https:\/\/www.medinamediaevents.com\/es\/#\/schema\/logo\/image\/","url":"https:\/\/www.medinamediaevents.com\/web\/wp-content\/uploads\/2018\/11\/mm_events_logo2018.png","contentUrl":"https:\/\/www.medinamediaevents.com\/web\/wp-content\/uploads\/2018\/11\/mm_events_logo2018.png","width":1200,"height":750,"caption":"Medina Media Events"},"image":{"@id":"https:\/\/www.medinamediaevents.com\/es\/#\/schema\/logo\/image\/"}},{"@type":"Person","@id":"https:\/\/www.medinamediaevents.com\/es\/#\/schema\/person\/7d2bf7ca8ea9d145a6e6ec897c79311c","name":"MME"}]}},"_links":{"self":[{"href":"https:\/\/www.medinamediaevents.com\/es\/wp-json\/wp\/v2\/posts\/1218","targetHints":{"allow":["GET"]}}],"collection":[{"href":"https:\/\/www.medinamediaevents.com\/es\/wp-json\/wp\/v2\/posts"}],"about":[{"href":"https:\/\/www.medinamediaevents.com\/es\/wp-json\/wp\/v2\/types\/post"}],"author":[{"embeddable":true,"href":"https:\/\/www.medinamediaevents.com\/es\/wp-json\/wp\/v2\/users\/2"}],"replies":[{"embeddable":true,"href":"https:\/\/www.medinamediaevents.com\/es\/wp-json\/wp\/v2\/comments?post=1218"}],"version-history":[{"count":0,"href":"https:\/\/www.medinamediaevents.com\/es\/wp-json\/wp\/v2\/posts\/1218\/revisions"}],"wp:featuredmedia":[{"embeddable":true,"href":"https:\/\/www.medinamediaevents.com\/es\/wp-json\/wp\/v2\/media\/1219"}],"wp:attachment":[{"href":"https:\/\/www.medinamediaevents.com\/es\/wp-json\/wp\/v2\/media?parent=1218"}],"wp:term":[{"taxonomy":"category","embeddable":true,"href":"https:\/\/www.medinamediaevents.com\/es\/wp-json\/wp\/v2\/categories?post=1218"},{"taxonomy":"post_tag","embeddable":true,"href":"https:\/\/www.medinamediaevents.com\/es\/wp-json\/wp\/v2\/tags?post=1218"}],"curies":[{"name":"wp","href":"https:\/\/api.w.org\/{rel}","templated":true}]}}