{"id":1119,"date":"2019-05-16T11:18:36","date_gmt":"2019-05-16T09:18:36","guid":{"rendered":"https:\/\/www.medinamediaevents.com\/?p=1119"},"modified":"2019-05-16T11:18:36","modified_gmt":"2019-05-16T09:18:36","slug":"el-5gforum-en-la-actualidad-informativa-de-canal-malaga","status":"publish","type":"post","link":"https:\/\/www.medinamediaevents.com\/es\/el-5gforum-en-la-actualidad-informativa-de-canal-malaga\/","title":{"rendered":"EL 5GFORUM EN LA ACTUALIDAD INFORMATIVA DE CANAL M\u00c1LAGA"},"content":{"rendered":"<p><iframe loading=\"lazy\" title=\"5G FORUM - CANAL MALAGA 24-04-2019 SEGUNDA EDICION\" src=\"https:\/\/player.vimeo.com\/video\/334607926?dnt=1&amp;app_id=122963\" width=\"500\" height=\"281\" frameborder=\"0\" allow=\"autoplay; fullscreen; picture-in-picture; clipboard-write\"><\/iframe><\/p>\n<p>M\u00e1laga y el Polo de Contenidos Digitales han sido la sede de una nueva edici\u00f3n del 5GForum, un evento en el que participan m\u00e1s de 300 expertos y empresas de m\u00e1s de 20 pa\u00edses diferentes.<\/p>\n<p>El 5GForum ha batido r\u00e9cords de empresas, asistentes y patrocinadores. A su inauguraci\u00f3n ha asistido el alcalde de M\u00e1laga, Francisco de la Torre, quien ha destacado que el 5GForum \u201ces un paso m\u00e1s en la ciudad de M\u00e1laga como una ciudad innovadora y avanzada\u201d.<\/p>\n<p>\u201cToda esta revoluci\u00f3n tecnol\u00f3gica afecta a empresas de todo el mundo y de todas las especialidades para que realmente llegue a ser algo \u00fatil para el ciudadano\u201d, ha destacado Ricardo Medina, CEO de Medina Media Events, organizadora del evento.<\/p>\n","protected":false},"excerpt":{"rendered":"<p>https:\/\/vimeo.com\/334607926<\/p>\n<p>M\u00e1laga y el Polo de Contenidos Digitales han sido la sede de una nueva edici\u00f3n del 5GForum, un evento en el que participan m\u00e1s de 300 expertos y empresas de m\u00e1s de 20 pa\u00edses diferentes.<\/p>\n<p>El 5GForum ha batido r\u00e9cords de empresas, asistentes y patrocinadores. A su inauguraci\u00f3n ha asistido el alcalde de M\u00e1laga, Francisco de la Torre, quien ha destacado que el 5GForum \u201ces un paso m\u00e1s en la ciudad de M\u00e1laga como una ciudad innovadora y avanzada\u201d.<\/p>\n<p>\u201cToda esta revoluci\u00f3n tecnol\u00f3gica afecta a empresas de todo el mundo y de todas las especialidades para que realmente llegue a ser algo \u00fatil para el ciudadano\u201d, ha destacado Ricardo Medina, CEO de Medina Media Events, organizadora del evento.<\/p>\n","protected":false},"author":2,"featured_media":1121,"comment_status":"open","ping_status":"closed","sticky":false,"template":"","format":"standard","meta":{"_acf_changed":false,"footnotes":""},"categories":[14],"tags":[],"class_list":["post-1119","post","type-post","status-publish","format-standard","has-post-thumbnail","hentry","category-noticias-5g-forum"],"acf":[],"yoast_head":"<!-- This site is optimized with the Yoast SEO plugin v27.5 - https:\/\/yoast.com\/product\/yoast-seo-wordpress\/ -->\n<title>EL 5GFORUM EN LA ACTUALIDAD INFORMATIVA DE CANAL M\u00c1LAGA - Medina Media EVENTS<\/title>\n<meta name=\"robots\" content=\"index, follow, max-snippet:-1, max-image-preview:large, max-video-preview:-1\" \/>\n<link rel=\"canonical\" href=\"https:\/\/www.medinamediaevents.com\/es\/el-5gforum-en-la-actualidad-informativa-de-canal-malaga\/\" \/>\n<meta property=\"og:locale\" content=\"es_ES\" \/>\n<meta property=\"og:type\" content=\"article\" \/>\n<meta property=\"og:title\" content=\"EL 5GFORUM EN LA ACTUALIDAD INFORMATIVA DE CANAL M\u00c1LAGA - Medina Media EVENTS\" \/>\n<meta property=\"og:description\" content=\"https:\/\/vimeo.com\/334607926  M\u00e1laga y el Polo de Contenidos Digitales han sido la sede de una nueva edici\u00f3n del 5GForum, un evento en el que participan m\u00e1s de 300 expertos y empresas de m\u00e1s de 20 pa\u00edses diferentes.  El 5GForum ha batido r\u00e9cords de empresas, asistentes y patrocinadores. A su inauguraci\u00f3n ha asistido el alcalde de M\u00e1laga, Francisco de la Torre, quien ha destacado que el 5GForum \u201ces un paso m\u00e1s en la ciudad de M\u00e1laga como una ciudad innovadora y avanzada\u201d.  \u201cToda esta revoluci\u00f3n tecnol\u00f3gica afecta a empresas de todo el mundo y de todas las especialidades para que realmente llegue a ser algo \u00fatil para el ciudadano\u201d, ha destacado Ricardo Medina, CEO de Medina Media Events, organizadora del evento.\" \/>\n<meta property=\"og:url\" content=\"https:\/\/www.medinamediaevents.com\/es\/el-5gforum-en-la-actualidad-informativa-de-canal-malaga\/\" \/>\n<meta property=\"og:site_name\" content=\"Medina Media EVENTS\" \/>\n<meta property=\"article:published_time\" content=\"2019-05-16T09:18:36+00:00\" \/>\n<meta property=\"og:image\" content=\"https:\/\/www.medinamediaevents.com\/web\/wp-content\/uploads\/2019\/05\/corte-CANAL-MALAGA-NOTICIAS-768x432.jpg\" \/>\n\t<meta property=\"og:image:width\" content=\"768\" \/>\n\t<meta property=\"og:image:height\" content=\"432\" \/>\n\t<meta property=\"og:image:type\" content=\"image\/jpeg\" \/>\n<meta name=\"author\" content=\"MME\" \/>\n<meta name=\"twitter:card\" content=\"summary_large_image\" \/>\n<meta name=\"twitter:label1\" content=\"Escrito por\" \/>\n\t<meta name=\"twitter:data1\" content=\"MME\" \/>\n\t<meta name=\"twitter:label2\" content=\"Tiempo de lectura\" \/>\n\t<meta name=\"twitter:data2\" content=\"1 minuto\" \/>\n<script type=\"application\/ld+json\" class=\"yoast-schema-graph\">{\"@context\":\"https:\\\/\\\/schema.org\",\"@graph\":[{\"@type\":\"Article\",\"@id\":\"https:\\\/\\\/www.medinamediaevents.com\\\/es\\\/el-5gforum-en-la-actualidad-informativa-de-canal-malaga\\\/#article\",\"isPartOf\":{\"@id\":\"https:\\\/\\\/www.medinamediaevents.com\\\/es\\\/el-5gforum-en-la-actualidad-informativa-de-canal-malaga\\\/\"},\"author\":{\"name\":\"MME\",\"@id\":\"https:\\\/\\\/www.medinamediaevents.com\\\/es\\\/#\\\/schema\\\/person\\\/7d2bf7ca8ea9d145a6e6ec897c79311c\"},\"headline\":\"EL 5GFORUM EN LA ACTUALIDAD INFORMATIVA DE CANAL M\u00c1LAGA\",\"datePublished\":\"2019-05-16T09:18:36+00:00\",\"mainEntityOfPage\":{\"@id\":\"https:\\\/\\\/www.medinamediaevents.com\\\/es\\\/el-5gforum-en-la-actualidad-informativa-de-canal-malaga\\\/\"},\"wordCount\":141,\"commentCount\":0,\"publisher\":{\"@id\":\"https:\\\/\\\/www.medinamediaevents.com\\\/es\\\/#organization\"},\"image\":{\"@id\":\"https:\\\/\\\/www.medinamediaevents.com\\\/es\\\/el-5gforum-en-la-actualidad-informativa-de-canal-malaga\\\/#primaryimage\"},\"thumbnailUrl\":\"https:\\\/\\\/www.medinamediaevents.com\\\/web\\\/wp-content\\\/uploads\\\/2019\\\/05\\\/corte-CANAL-MALAGA-NOTICIAS-768x432.jpg\",\"articleSection\":[\"5G FORUM\"],\"inLanguage\":\"es\"},{\"@type\":\"WebPage\",\"@id\":\"https:\\\/\\\/www.medinamediaevents.com\\\/es\\\/el-5gforum-en-la-actualidad-informativa-de-canal-malaga\\\/\",\"url\":\"https:\\\/\\\/www.medinamediaevents.com\\\/es\\\/el-5gforum-en-la-actualidad-informativa-de-canal-malaga\\\/\",\"name\":\"EL 5GFORUM EN LA ACTUALIDAD INFORMATIVA DE CANAL M\u00c1LAGA - Medina Media EVENTS\",\"isPartOf\":{\"@id\":\"https:\\\/\\\/www.medinamediaevents.com\\\/es\\\/#website\"},\"primaryImageOfPage\":{\"@id\":\"https:\\\/\\\/www.medinamediaevents.com\\\/es\\\/el-5gforum-en-la-actualidad-informativa-de-canal-malaga\\\/#primaryimage\"},\"image\":{\"@id\":\"https:\\\/\\\/www.medinamediaevents.com\\\/es\\\/el-5gforum-en-la-actualidad-informativa-de-canal-malaga\\\/#primaryimage\"},\"thumbnailUrl\":\"https:\\\/\\\/www.medinamediaevents.com\\\/web\\\/wp-content\\\/uploads\\\/2019\\\/05\\\/corte-CANAL-MALAGA-NOTICIAS-768x432.jpg\",\"datePublished\":\"2019-05-16T09:18:36+00:00\",\"breadcrumb\":{\"@id\":\"https:\\\/\\\/www.medinamediaevents.com\\\/es\\\/el-5gforum-en-la-actualidad-informativa-de-canal-malaga\\\/#breadcrumb\"},\"inLanguage\":\"es\",\"potentialAction\":[{\"@type\":\"ReadAction\",\"target\":[\"https:\\\/\\\/www.medinamediaevents.com\\\/es\\\/el-5gforum-en-la-actualidad-informativa-de-canal-malaga\\\/\"]}]},{\"@type\":\"ImageObject\",\"inLanguage\":\"es\",\"@id\":\"https:\\\/\\\/www.medinamediaevents.com\\\/es\\\/el-5gforum-en-la-actualidad-informativa-de-canal-malaga\\\/#primaryimage\",\"url\":\"https:\\\/\\\/www.medinamediaevents.com\\\/web\\\/wp-content\\\/uploads\\\/2019\\\/05\\\/corte-CANAL-MALAGA-NOTICIAS-768x432.jpg\",\"contentUrl\":\"https:\\\/\\\/www.medinamediaevents.com\\\/web\\\/wp-content\\\/uploads\\\/2019\\\/05\\\/corte-CANAL-MALAGA-NOTICIAS-768x432.jpg\",\"width\":768,\"height\":432},{\"@type\":\"BreadcrumbList\",\"@id\":\"https:\\\/\\\/www.medinamediaevents.com\\\/es\\\/el-5gforum-en-la-actualidad-informativa-de-canal-malaga\\\/#breadcrumb\",\"itemListElement\":[{\"@type\":\"ListItem\",\"position\":1,\"name\":\"Home\",\"item\":\"https:\\\/\\\/www.medinamediaevents.com\\\/es\\\/\"},{\"@type\":\"ListItem\",\"position\":2,\"name\":\"EL 5GFORUM EN LA ACTUALIDAD INFORMATIVA DE CANAL M\u00c1LAGA\"}]},{\"@type\":\"WebSite\",\"@id\":\"https:\\\/\\\/www.medinamediaevents.com\\\/es\\\/#website\",\"url\":\"https:\\\/\\\/www.medinamediaevents.com\\\/es\\\/\",\"name\":\"Medina Media EVENTS\",\"description\":\"\",\"publisher\":{\"@id\":\"https:\\\/\\\/www.medinamediaevents.com\\\/es\\\/#organization\"},\"potentialAction\":[{\"@type\":\"SearchAction\",\"target\":{\"@type\":\"EntryPoint\",\"urlTemplate\":\"https:\\\/\\\/www.medinamediaevents.com\\\/es\\\/?s={search_term_string}\"},\"query-input\":{\"@type\":\"PropertyValueSpecification\",\"valueRequired\":true,\"valueName\":\"search_term_string\"}}],\"inLanguage\":\"es\"},{\"@type\":\"Organization\",\"@id\":\"https:\\\/\\\/www.medinamediaevents.com\\\/es\\\/#organization\",\"name\":\"Medina Media Events\",\"url\":\"https:\\\/\\\/www.medinamediaevents.com\\\/es\\\/\",\"logo\":{\"@type\":\"ImageObject\",\"inLanguage\":\"es\",\"@id\":\"https:\\\/\\\/www.medinamediaevents.com\\\/es\\\/#\\\/schema\\\/logo\\\/image\\\/\",\"url\":\"https:\\\/\\\/www.medinamediaevents.com\\\/web\\\/wp-content\\\/uploads\\\/2018\\\/11\\\/mm_events_logo2018.png\",\"contentUrl\":\"https:\\\/\\\/www.medinamediaevents.com\\\/web\\\/wp-content\\\/uploads\\\/2018\\\/11\\\/mm_events_logo2018.png\",\"width\":1200,\"height\":750,\"caption\":\"Medina Media Events\"},\"image\":{\"@id\":\"https:\\\/\\\/www.medinamediaevents.com\\\/es\\\/#\\\/schema\\\/logo\\\/image\\\/\"}},{\"@type\":\"Person\",\"@id\":\"https:\\\/\\\/www.medinamediaevents.com\\\/es\\\/#\\\/schema\\\/person\\\/7d2bf7ca8ea9d145a6e6ec897c79311c\",\"name\":\"MME\"}]}<\/script>\n<!-- \/ Yoast SEO plugin. -->","yoast_head_json":{"title":"EL 5GFORUM EN LA ACTUALIDAD INFORMATIVA DE CANAL M\u00c1LAGA - Medina Media EVENTS","robots":{"index":"index","follow":"follow","max-snippet":"max-snippet:-1","max-image-preview":"max-image-preview:large","max-video-preview":"max-video-preview:-1"},"canonical":"https:\/\/www.medinamediaevents.com\/es\/el-5gforum-en-la-actualidad-informativa-de-canal-malaga\/","og_locale":"es_ES","og_type":"article","og_title":"EL 5GFORUM EN LA ACTUALIDAD INFORMATIVA DE CANAL M\u00c1LAGA - Medina Media EVENTS","og_description":"https:\/\/vimeo.com\/334607926  M\u00e1laga y el Polo de Contenidos Digitales han sido la sede de una nueva edici\u00f3n del 5GForum, un evento en el que participan m\u00e1s de 300 expertos y empresas de m\u00e1s de 20 pa\u00edses diferentes.  El 5GForum ha batido r\u00e9cords de empresas, asistentes y patrocinadores. A su inauguraci\u00f3n ha asistido el alcalde de M\u00e1laga, Francisco de la Torre, quien ha destacado que el 5GForum \u201ces un paso m\u00e1s en la ciudad de M\u00e1laga como una ciudad innovadora y avanzada\u201d.  \u201cToda esta revoluci\u00f3n tecnol\u00f3gica afecta a empresas de todo el mundo y de todas las especialidades para que realmente llegue a ser algo \u00fatil para el ciudadano\u201d, ha destacado Ricardo Medina, CEO de Medina Media Events, organizadora del evento.","og_url":"https:\/\/www.medinamediaevents.com\/es\/el-5gforum-en-la-actualidad-informativa-de-canal-malaga\/","og_site_name":"Medina Media EVENTS","article_published_time":"2019-05-16T09:18:36+00:00","og_image":[{"width":768,"height":432,"url":"https:\/\/www.medinamediaevents.com\/web\/wp-content\/uploads\/2019\/05\/corte-CANAL-MALAGA-NOTICIAS-768x432.jpg","type":"image\/jpeg"}],"author":"MME","twitter_card":"summary_large_image","twitter_misc":{"Escrito por":"MME","Tiempo de lectura":"1 minuto"},"schema":{"@context":"https:\/\/schema.org","@graph":[{"@type":"Article","@id":"https:\/\/www.medinamediaevents.com\/es\/el-5gforum-en-la-actualidad-informativa-de-canal-malaga\/#article","isPartOf":{"@id":"https:\/\/www.medinamediaevents.com\/es\/el-5gforum-en-la-actualidad-informativa-de-canal-malaga\/"},"author":{"name":"MME","@id":"https:\/\/www.medinamediaevents.com\/es\/#\/schema\/person\/7d2bf7ca8ea9d145a6e6ec897c79311c"},"headline":"EL 5GFORUM EN LA ACTUALIDAD INFORMATIVA DE CANAL M\u00c1LAGA","datePublished":"2019-05-16T09:18:36+00:00","mainEntityOfPage":{"@id":"https:\/\/www.medinamediaevents.com\/es\/el-5gforum-en-la-actualidad-informativa-de-canal-malaga\/"},"wordCount":141,"commentCount":0,"publisher":{"@id":"https:\/\/www.medinamediaevents.com\/es\/#organization"},"image":{"@id":"https:\/\/www.medinamediaevents.com\/es\/el-5gforum-en-la-actualidad-informativa-de-canal-malaga\/#primaryimage"},"thumbnailUrl":"https:\/\/www.medinamediaevents.com\/web\/wp-content\/uploads\/2019\/05\/corte-CANAL-MALAGA-NOTICIAS-768x432.jpg","articleSection":["5G FORUM"],"inLanguage":"es"},{"@type":"WebPage","@id":"https:\/\/www.medinamediaevents.com\/es\/el-5gforum-en-la-actualidad-informativa-de-canal-malaga\/","url":"https:\/\/www.medinamediaevents.com\/es\/el-5gforum-en-la-actualidad-informativa-de-canal-malaga\/","name":"EL 5GFORUM EN LA ACTUALIDAD INFORMATIVA DE CANAL M\u00c1LAGA - Medina Media EVENTS","isPartOf":{"@id":"https:\/\/www.medinamediaevents.com\/es\/#website"},"primaryImageOfPage":{"@id":"https:\/\/www.medinamediaevents.com\/es\/el-5gforum-en-la-actualidad-informativa-de-canal-malaga\/#primaryimage"},"image":{"@id":"https:\/\/www.medinamediaevents.com\/es\/el-5gforum-en-la-actualidad-informativa-de-canal-malaga\/#primaryimage"},"thumbnailUrl":"https:\/\/www.medinamediaevents.com\/web\/wp-content\/uploads\/2019\/05\/corte-CANAL-MALAGA-NOTICIAS-768x432.jpg","datePublished":"2019-05-16T09:18:36+00:00","breadcrumb":{"@id":"https:\/\/www.medinamediaevents.com\/es\/el-5gforum-en-la-actualidad-informativa-de-canal-malaga\/#breadcrumb"},"inLanguage":"es","potentialAction":[{"@type":"ReadAction","target":["https:\/\/www.medinamediaevents.com\/es\/el-5gforum-en-la-actualidad-informativa-de-canal-malaga\/"]}]},{"@type":"ImageObject","inLanguage":"es","@id":"https:\/\/www.medinamediaevents.com\/es\/el-5gforum-en-la-actualidad-informativa-de-canal-malaga\/#primaryimage","url":"https:\/\/www.medinamediaevents.com\/web\/wp-content\/uploads\/2019\/05\/corte-CANAL-MALAGA-NOTICIAS-768x432.jpg","contentUrl":"https:\/\/www.medinamediaevents.com\/web\/wp-content\/uploads\/2019\/05\/corte-CANAL-MALAGA-NOTICIAS-768x432.jpg","width":768,"height":432},{"@type":"BreadcrumbList","@id":"https:\/\/www.medinamediaevents.com\/es\/el-5gforum-en-la-actualidad-informativa-de-canal-malaga\/#breadcrumb","itemListElement":[{"@type":"ListItem","position":1,"name":"Home","item":"https:\/\/www.medinamediaevents.com\/es\/"},{"@type":"ListItem","position":2,"name":"EL 5GFORUM EN LA ACTUALIDAD INFORMATIVA DE CANAL M\u00c1LAGA"}]},{"@type":"WebSite","@id":"https:\/\/www.medinamediaevents.com\/es\/#website","url":"https:\/\/www.medinamediaevents.com\/es\/","name":"Medina Media EVENTS","description":"","publisher":{"@id":"https:\/\/www.medinamediaevents.com\/es\/#organization"},"potentialAction":[{"@type":"SearchAction","target":{"@type":"EntryPoint","urlTemplate":"https:\/\/www.medinamediaevents.com\/es\/?s={search_term_string}"},"query-input":{"@type":"PropertyValueSpecification","valueRequired":true,"valueName":"search_term_string"}}],"inLanguage":"es"},{"@type":"Organization","@id":"https:\/\/www.medinamediaevents.com\/es\/#organization","name":"Medina Media Events","url":"https:\/\/www.medinamediaevents.com\/es\/","logo":{"@type":"ImageObject","inLanguage":"es","@id":"https:\/\/www.medinamediaevents.com\/es\/#\/schema\/logo\/image\/","url":"https:\/\/www.medinamediaevents.com\/web\/wp-content\/uploads\/2018\/11\/mm_events_logo2018.png","contentUrl":"https:\/\/www.medinamediaevents.com\/web\/wp-content\/uploads\/2018\/11\/mm_events_logo2018.png","width":1200,"height":750,"caption":"Medina Media Events"},"image":{"@id":"https:\/\/www.medinamediaevents.com\/es\/#\/schema\/logo\/image\/"}},{"@type":"Person","@id":"https:\/\/www.medinamediaevents.com\/es\/#\/schema\/person\/7d2bf7ca8ea9d145a6e6ec897c79311c","name":"MME"}]}},"_links":{"self":[{"href":"https:\/\/www.medinamediaevents.com\/es\/wp-json\/wp\/v2\/posts\/1119","targetHints":{"allow":["GET"]}}],"collection":[{"href":"https:\/\/www.medinamediaevents.com\/es\/wp-json\/wp\/v2\/posts"}],"about":[{"href":"https:\/\/www.medinamediaevents.com\/es\/wp-json\/wp\/v2\/types\/post"}],"author":[{"embeddable":true,"href":"https:\/\/www.medinamediaevents.com\/es\/wp-json\/wp\/v2\/users\/2"}],"replies":[{"embeddable":true,"href":"https:\/\/www.medinamediaevents.com\/es\/wp-json\/wp\/v2\/comments?post=1119"}],"version-history":[{"count":0,"href":"https:\/\/www.medinamediaevents.com\/es\/wp-json\/wp\/v2\/posts\/1119\/revisions"}],"wp:featuredmedia":[{"embeddable":true,"href":"https:\/\/www.medinamediaevents.com\/es\/wp-json\/wp\/v2\/media\/1121"}],"wp:attachment":[{"href":"https:\/\/www.medinamediaevents.com\/es\/wp-json\/wp\/v2\/media?parent=1119"}],"wp:term":[{"taxonomy":"category","embeddable":true,"href":"https:\/\/www.medinamediaevents.com\/es\/wp-json\/wp\/v2\/categories?post=1119"},{"taxonomy":"post_tag","embeddable":true,"href":"https:\/\/www.medinamediaevents.com\/es\/wp-json\/wp\/v2\/tags?post=1119"}],"curies":[{"name":"wp","href":"https:\/\/api.w.org\/{rel}","templated":true}]}}