{"id":1105,"date":"2019-05-16T11:12:21","date_gmt":"2019-05-16T09:12:21","guid":{"rendered":"https:\/\/www.medinamediaevents.com\/?p=1105"},"modified":"2019-05-16T11:12:21","modified_gmt":"2019-05-16T09:12:21","slug":"5gforum-en-malaga-aqui-y-ahora","status":"publish","type":"post","link":"https:\/\/www.medinamediaevents.com\/es\/5gforum-en-malaga-aqui-y-ahora\/","title":{"rendered":"5GFORUM, EN M\u00c1LAGA AQU\u00cd Y AHORA"},"content":{"rendered":"<p><iframe loading=\"lazy\" title=\"5G FORUM - MALAGA AQUI Y AHORA 22-04-2019\" src=\"https:\/\/player.vimeo.com\/video\/334607975?dnt=1&amp;app_id=122963\" width=\"500\" height=\"281\" frameborder=\"0\" allow=\"autoplay; fullscreen; picture-in-picture; clipboard-write\"><\/iframe><\/p>\n<p>Ricardo Medina, CEO de Medina Media Events, acudi\u00f3 al programa \u201cM\u00e1laga Aqu\u00ed y Ahora\u201d, de Canal M\u00e1laga, para hablar sobre las novedades y proyectos que se han presentado en la tercera edici\u00f3n del 5GForum de M\u00e1laga.<\/p>\n<p>\u00bfC\u00f3mo ser\u00e1 esta tecnolog\u00eda? \u00bfCu\u00e1ndo cambiar\u00e1 nuestras vidas a nivel usuario? V\u00eddeos con mayor calidad y rapidez de descarga, aplicaciones en Medicina, Entretenimiento, Seguridad, Autom\u00f3viles Conectados, etc. son algunos de los avances que permitir\u00e1 la tecnolog\u00eda 5G y de los que se hablaron en el 5GForum 2019.<\/p>\n","protected":false},"excerpt":{"rendered":"<p>https:\/\/vimeo.com\/334607975<\/p>\n<p>Ricardo Medina, CEO de Medina Media Events, acudi\u00f3 al programa \u201cM\u00e1laga Aqu\u00ed y Ahora\u201d, de Canal M\u00e1laga, para hablar sobre las novedades y proyectos que se han presentado en la tercera edici\u00f3n del 5GForum de M\u00e1laga.<\/p>\n<p>\u00bfC\u00f3mo ser\u00e1 esta tecnolog\u00eda? \u00bfCu\u00e1ndo cambiar\u00e1 nuestras vidas a nivel usuario? V\u00eddeos con mayor calidad y rapidez de descarga, aplicaciones en Medicina, Entretenimiento, Seguridad, Autom\u00f3viles Conectados, etc. son algunos de los avances que permitir\u00e1 la tecnolog\u00eda 5G y de los que se hablaron en el 5GForum 2019.<\/p>\n","protected":false},"author":2,"featured_media":1107,"comment_status":"open","ping_status":"closed","sticky":false,"template":"","format":"standard","meta":{"_acf_changed":false,"footnotes":""},"categories":[14],"tags":[],"class_list":["post-1105","post","type-post","status-publish","format-standard","has-post-thumbnail","hentry","category-noticias-5g-forum"],"acf":[],"yoast_head":"<!-- This site is optimized with the Yoast SEO plugin v27.5 - https:\/\/yoast.com\/product\/yoast-seo-wordpress\/ -->\n<title>5GFORUM, EN M\u00c1LAGA AQU\u00cd Y AHORA - Medina Media EVENTS<\/title>\n<meta name=\"robots\" content=\"index, follow, max-snippet:-1, max-image-preview:large, max-video-preview:-1\" \/>\n<link rel=\"canonical\" href=\"https:\/\/www.medinamediaevents.com\/es\/5gforum-en-malaga-aqui-y-ahora\/\" \/>\n<meta property=\"og:locale\" content=\"es_ES\" \/>\n<meta property=\"og:type\" content=\"article\" \/>\n<meta property=\"og:title\" content=\"5GFORUM, EN M\u00c1LAGA AQU\u00cd Y AHORA - Medina Media EVENTS\" \/>\n<meta property=\"og:description\" content=\"https:\/\/vimeo.com\/334607975  Ricardo Medina, CEO de Medina Media Events, acudi\u00f3 al programa \u201cM\u00e1laga Aqu\u00ed y Ahora\u201d, de Canal M\u00e1laga, para hablar sobre las novedades y proyectos que se han presentado en la tercera edici\u00f3n del 5GForum de M\u00e1laga.  \u00bfC\u00f3mo ser\u00e1 esta tecnolog\u00eda? \u00bfCu\u00e1ndo cambiar\u00e1 nuestras vidas a nivel usuario? V\u00eddeos con mayor calidad y rapidez de descarga, aplicaciones en Medicina, Entretenimiento, Seguridad, Autom\u00f3viles Conectados, etc. son algunos de los avances que permitir\u00e1 la tecnolog\u00eda 5G y de los que se hablaron en el 5GForum 2019.\" \/>\n<meta property=\"og:url\" content=\"https:\/\/www.medinamediaevents.com\/es\/5gforum-en-malaga-aqui-y-ahora\/\" \/>\n<meta property=\"og:site_name\" content=\"Medina Media EVENTS\" \/>\n<meta property=\"article:published_time\" content=\"2019-05-16T09:12:21+00:00\" \/>\n<meta property=\"og:image\" content=\"https:\/\/www.medinamediaevents.com\/web\/wp-content\/uploads\/2019\/05\/corte-CANAL-MALAGA-ENTREVISTA-RICARDO-768x432.jpg\" \/>\n\t<meta property=\"og:image:width\" content=\"768\" \/>\n\t<meta property=\"og:image:height\" content=\"432\" \/>\n\t<meta property=\"og:image:type\" content=\"image\/jpeg\" \/>\n<meta name=\"author\" content=\"MME\" \/>\n<meta name=\"twitter:card\" content=\"summary_large_image\" \/>\n<meta name=\"twitter:label1\" content=\"Escrito por\" \/>\n\t<meta name=\"twitter:data1\" content=\"MME\" \/>\n<script type=\"application\/ld+json\" class=\"yoast-schema-graph\">{\"@context\":\"https:\\\/\\\/schema.org\",\"@graph\":[{\"@type\":\"Article\",\"@id\":\"https:\\\/\\\/www.medinamediaevents.com\\\/es\\\/5gforum-en-malaga-aqui-y-ahora\\\/#article\",\"isPartOf\":{\"@id\":\"https:\\\/\\\/www.medinamediaevents.com\\\/es\\\/5gforum-en-malaga-aqui-y-ahora\\\/\"},\"author\":{\"name\":\"MME\",\"@id\":\"https:\\\/\\\/www.medinamediaevents.com\\\/es\\\/#\\\/schema\\\/person\\\/7d2bf7ca8ea9d145a6e6ec897c79311c\"},\"headline\":\"5GFORUM, EN M\u00c1LAGA AQU\u00cd Y AHORA\",\"datePublished\":\"2019-05-16T09:12:21+00:00\",\"mainEntityOfPage\":{\"@id\":\"https:\\\/\\\/www.medinamediaevents.com\\\/es\\\/5gforum-en-malaga-aqui-y-ahora\\\/\"},\"wordCount\":102,\"commentCount\":0,\"publisher\":{\"@id\":\"https:\\\/\\\/www.medinamediaevents.com\\\/es\\\/#organization\"},\"image\":{\"@id\":\"https:\\\/\\\/www.medinamediaevents.com\\\/es\\\/5gforum-en-malaga-aqui-y-ahora\\\/#primaryimage\"},\"thumbnailUrl\":\"https:\\\/\\\/www.medinamediaevents.com\\\/web\\\/wp-content\\\/uploads\\\/2019\\\/05\\\/corte-CANAL-MALAGA-ENTREVISTA-RICARDO-768x432.jpg\",\"articleSection\":[\"5G FORUM\"],\"inLanguage\":\"es\"},{\"@type\":\"WebPage\",\"@id\":\"https:\\\/\\\/www.medinamediaevents.com\\\/es\\\/5gforum-en-malaga-aqui-y-ahora\\\/\",\"url\":\"https:\\\/\\\/www.medinamediaevents.com\\\/es\\\/5gforum-en-malaga-aqui-y-ahora\\\/\",\"name\":\"5GFORUM, EN M\u00c1LAGA AQU\u00cd Y AHORA - Medina Media EVENTS\",\"isPartOf\":{\"@id\":\"https:\\\/\\\/www.medinamediaevents.com\\\/es\\\/#website\"},\"primaryImageOfPage\":{\"@id\":\"https:\\\/\\\/www.medinamediaevents.com\\\/es\\\/5gforum-en-malaga-aqui-y-ahora\\\/#primaryimage\"},\"image\":{\"@id\":\"https:\\\/\\\/www.medinamediaevents.com\\\/es\\\/5gforum-en-malaga-aqui-y-ahora\\\/#primaryimage\"},\"thumbnailUrl\":\"https:\\\/\\\/www.medinamediaevents.com\\\/web\\\/wp-content\\\/uploads\\\/2019\\\/05\\\/corte-CANAL-MALAGA-ENTREVISTA-RICARDO-768x432.jpg\",\"datePublished\":\"2019-05-16T09:12:21+00:00\",\"breadcrumb\":{\"@id\":\"https:\\\/\\\/www.medinamediaevents.com\\\/es\\\/5gforum-en-malaga-aqui-y-ahora\\\/#breadcrumb\"},\"inLanguage\":\"es\",\"potentialAction\":[{\"@type\":\"ReadAction\",\"target\":[\"https:\\\/\\\/www.medinamediaevents.com\\\/es\\\/5gforum-en-malaga-aqui-y-ahora\\\/\"]}]},{\"@type\":\"ImageObject\",\"inLanguage\":\"es\",\"@id\":\"https:\\\/\\\/www.medinamediaevents.com\\\/es\\\/5gforum-en-malaga-aqui-y-ahora\\\/#primaryimage\",\"url\":\"https:\\\/\\\/www.medinamediaevents.com\\\/web\\\/wp-content\\\/uploads\\\/2019\\\/05\\\/corte-CANAL-MALAGA-ENTREVISTA-RICARDO-768x432.jpg\",\"contentUrl\":\"https:\\\/\\\/www.medinamediaevents.com\\\/web\\\/wp-content\\\/uploads\\\/2019\\\/05\\\/corte-CANAL-MALAGA-ENTREVISTA-RICARDO-768x432.jpg\",\"width\":768,\"height\":432},{\"@type\":\"BreadcrumbList\",\"@id\":\"https:\\\/\\\/www.medinamediaevents.com\\\/es\\\/5gforum-en-malaga-aqui-y-ahora\\\/#breadcrumb\",\"itemListElement\":[{\"@type\":\"ListItem\",\"position\":1,\"name\":\"Home\",\"item\":\"https:\\\/\\\/www.medinamediaevents.com\\\/es\\\/\"},{\"@type\":\"ListItem\",\"position\":2,\"name\":\"5GFORUM, EN M\u00c1LAGA AQU\u00cd Y AHORA\"}]},{\"@type\":\"WebSite\",\"@id\":\"https:\\\/\\\/www.medinamediaevents.com\\\/es\\\/#website\",\"url\":\"https:\\\/\\\/www.medinamediaevents.com\\\/es\\\/\",\"name\":\"Medina Media EVENTS\",\"description\":\"\",\"publisher\":{\"@id\":\"https:\\\/\\\/www.medinamediaevents.com\\\/es\\\/#organization\"},\"potentialAction\":[{\"@type\":\"SearchAction\",\"target\":{\"@type\":\"EntryPoint\",\"urlTemplate\":\"https:\\\/\\\/www.medinamediaevents.com\\\/es\\\/?s={search_term_string}\"},\"query-input\":{\"@type\":\"PropertyValueSpecification\",\"valueRequired\":true,\"valueName\":\"search_term_string\"}}],\"inLanguage\":\"es\"},{\"@type\":\"Organization\",\"@id\":\"https:\\\/\\\/www.medinamediaevents.com\\\/es\\\/#organization\",\"name\":\"Medina Media Events\",\"url\":\"https:\\\/\\\/www.medinamediaevents.com\\\/es\\\/\",\"logo\":{\"@type\":\"ImageObject\",\"inLanguage\":\"es\",\"@id\":\"https:\\\/\\\/www.medinamediaevents.com\\\/es\\\/#\\\/schema\\\/logo\\\/image\\\/\",\"url\":\"https:\\\/\\\/www.medinamediaevents.com\\\/web\\\/wp-content\\\/uploads\\\/2018\\\/11\\\/mm_events_logo2018.png\",\"contentUrl\":\"https:\\\/\\\/www.medinamediaevents.com\\\/web\\\/wp-content\\\/uploads\\\/2018\\\/11\\\/mm_events_logo2018.png\",\"width\":1200,\"height\":750,\"caption\":\"Medina Media Events\"},\"image\":{\"@id\":\"https:\\\/\\\/www.medinamediaevents.com\\\/es\\\/#\\\/schema\\\/logo\\\/image\\\/\"}},{\"@type\":\"Person\",\"@id\":\"https:\\\/\\\/www.medinamediaevents.com\\\/es\\\/#\\\/schema\\\/person\\\/7d2bf7ca8ea9d145a6e6ec897c79311c\",\"name\":\"MME\"}]}<\/script>\n<!-- \/ Yoast SEO plugin. -->","yoast_head_json":{"title":"5GFORUM, EN M\u00c1LAGA AQU\u00cd Y AHORA - Medina Media EVENTS","robots":{"index":"index","follow":"follow","max-snippet":"max-snippet:-1","max-image-preview":"max-image-preview:large","max-video-preview":"max-video-preview:-1"},"canonical":"https:\/\/www.medinamediaevents.com\/es\/5gforum-en-malaga-aqui-y-ahora\/","og_locale":"es_ES","og_type":"article","og_title":"5GFORUM, EN M\u00c1LAGA AQU\u00cd Y AHORA - Medina Media EVENTS","og_description":"https:\/\/vimeo.com\/334607975  Ricardo Medina, CEO de Medina Media Events, acudi\u00f3 al programa \u201cM\u00e1laga Aqu\u00ed y Ahora\u201d, de Canal M\u00e1laga, para hablar sobre las novedades y proyectos que se han presentado en la tercera edici\u00f3n del 5GForum de M\u00e1laga.  \u00bfC\u00f3mo ser\u00e1 esta tecnolog\u00eda? \u00bfCu\u00e1ndo cambiar\u00e1 nuestras vidas a nivel usuario? V\u00eddeos con mayor calidad y rapidez de descarga, aplicaciones en Medicina, Entretenimiento, Seguridad, Autom\u00f3viles Conectados, etc. son algunos de los avances que permitir\u00e1 la tecnolog\u00eda 5G y de los que se hablaron en el 5GForum 2019.","og_url":"https:\/\/www.medinamediaevents.com\/es\/5gforum-en-malaga-aqui-y-ahora\/","og_site_name":"Medina Media EVENTS","article_published_time":"2019-05-16T09:12:21+00:00","og_image":[{"width":768,"height":432,"url":"https:\/\/www.medinamediaevents.com\/web\/wp-content\/uploads\/2019\/05\/corte-CANAL-MALAGA-ENTREVISTA-RICARDO-768x432.jpg","type":"image\/jpeg"}],"author":"MME","twitter_card":"summary_large_image","twitter_misc":{"Escrito por":"MME"},"schema":{"@context":"https:\/\/schema.org","@graph":[{"@type":"Article","@id":"https:\/\/www.medinamediaevents.com\/es\/5gforum-en-malaga-aqui-y-ahora\/#article","isPartOf":{"@id":"https:\/\/www.medinamediaevents.com\/es\/5gforum-en-malaga-aqui-y-ahora\/"},"author":{"name":"MME","@id":"https:\/\/www.medinamediaevents.com\/es\/#\/schema\/person\/7d2bf7ca8ea9d145a6e6ec897c79311c"},"headline":"5GFORUM, EN M\u00c1LAGA AQU\u00cd Y AHORA","datePublished":"2019-05-16T09:12:21+00:00","mainEntityOfPage":{"@id":"https:\/\/www.medinamediaevents.com\/es\/5gforum-en-malaga-aqui-y-ahora\/"},"wordCount":102,"commentCount":0,"publisher":{"@id":"https:\/\/www.medinamediaevents.com\/es\/#organization"},"image":{"@id":"https:\/\/www.medinamediaevents.com\/es\/5gforum-en-malaga-aqui-y-ahora\/#primaryimage"},"thumbnailUrl":"https:\/\/www.medinamediaevents.com\/web\/wp-content\/uploads\/2019\/05\/corte-CANAL-MALAGA-ENTREVISTA-RICARDO-768x432.jpg","articleSection":["5G FORUM"],"inLanguage":"es"},{"@type":"WebPage","@id":"https:\/\/www.medinamediaevents.com\/es\/5gforum-en-malaga-aqui-y-ahora\/","url":"https:\/\/www.medinamediaevents.com\/es\/5gforum-en-malaga-aqui-y-ahora\/","name":"5GFORUM, EN M\u00c1LAGA AQU\u00cd Y AHORA - Medina Media EVENTS","isPartOf":{"@id":"https:\/\/www.medinamediaevents.com\/es\/#website"},"primaryImageOfPage":{"@id":"https:\/\/www.medinamediaevents.com\/es\/5gforum-en-malaga-aqui-y-ahora\/#primaryimage"},"image":{"@id":"https:\/\/www.medinamediaevents.com\/es\/5gforum-en-malaga-aqui-y-ahora\/#primaryimage"},"thumbnailUrl":"https:\/\/www.medinamediaevents.com\/web\/wp-content\/uploads\/2019\/05\/corte-CANAL-MALAGA-ENTREVISTA-RICARDO-768x432.jpg","datePublished":"2019-05-16T09:12:21+00:00","breadcrumb":{"@id":"https:\/\/www.medinamediaevents.com\/es\/5gforum-en-malaga-aqui-y-ahora\/#breadcrumb"},"inLanguage":"es","potentialAction":[{"@type":"ReadAction","target":["https:\/\/www.medinamediaevents.com\/es\/5gforum-en-malaga-aqui-y-ahora\/"]}]},{"@type":"ImageObject","inLanguage":"es","@id":"https:\/\/www.medinamediaevents.com\/es\/5gforum-en-malaga-aqui-y-ahora\/#primaryimage","url":"https:\/\/www.medinamediaevents.com\/web\/wp-content\/uploads\/2019\/05\/corte-CANAL-MALAGA-ENTREVISTA-RICARDO-768x432.jpg","contentUrl":"https:\/\/www.medinamediaevents.com\/web\/wp-content\/uploads\/2019\/05\/corte-CANAL-MALAGA-ENTREVISTA-RICARDO-768x432.jpg","width":768,"height":432},{"@type":"BreadcrumbList","@id":"https:\/\/www.medinamediaevents.com\/es\/5gforum-en-malaga-aqui-y-ahora\/#breadcrumb","itemListElement":[{"@type":"ListItem","position":1,"name":"Home","item":"https:\/\/www.medinamediaevents.com\/es\/"},{"@type":"ListItem","position":2,"name":"5GFORUM, EN M\u00c1LAGA AQU\u00cd Y AHORA"}]},{"@type":"WebSite","@id":"https:\/\/www.medinamediaevents.com\/es\/#website","url":"https:\/\/www.medinamediaevents.com\/es\/","name":"Medina Media EVENTS","description":"","publisher":{"@id":"https:\/\/www.medinamediaevents.com\/es\/#organization"},"potentialAction":[{"@type":"SearchAction","target":{"@type":"EntryPoint","urlTemplate":"https:\/\/www.medinamediaevents.com\/es\/?s={search_term_string}"},"query-input":{"@type":"PropertyValueSpecification","valueRequired":true,"valueName":"search_term_string"}}],"inLanguage":"es"},{"@type":"Organization","@id":"https:\/\/www.medinamediaevents.com\/es\/#organization","name":"Medina Media Events","url":"https:\/\/www.medinamediaevents.com\/es\/","logo":{"@type":"ImageObject","inLanguage":"es","@id":"https:\/\/www.medinamediaevents.com\/es\/#\/schema\/logo\/image\/","url":"https:\/\/www.medinamediaevents.com\/web\/wp-content\/uploads\/2018\/11\/mm_events_logo2018.png","contentUrl":"https:\/\/www.medinamediaevents.com\/web\/wp-content\/uploads\/2018\/11\/mm_events_logo2018.png","width":1200,"height":750,"caption":"Medina Media Events"},"image":{"@id":"https:\/\/www.medinamediaevents.com\/es\/#\/schema\/logo\/image\/"}},{"@type":"Person","@id":"https:\/\/www.medinamediaevents.com\/es\/#\/schema\/person\/7d2bf7ca8ea9d145a6e6ec897c79311c","name":"MME"}]}},"_links":{"self":[{"href":"https:\/\/www.medinamediaevents.com\/es\/wp-json\/wp\/v2\/posts\/1105","targetHints":{"allow":["GET"]}}],"collection":[{"href":"https:\/\/www.medinamediaevents.com\/es\/wp-json\/wp\/v2\/posts"}],"about":[{"href":"https:\/\/www.medinamediaevents.com\/es\/wp-json\/wp\/v2\/types\/post"}],"author":[{"embeddable":true,"href":"https:\/\/www.medinamediaevents.com\/es\/wp-json\/wp\/v2\/users\/2"}],"replies":[{"embeddable":true,"href":"https:\/\/www.medinamediaevents.com\/es\/wp-json\/wp\/v2\/comments?post=1105"}],"version-history":[{"count":0,"href":"https:\/\/www.medinamediaevents.com\/es\/wp-json\/wp\/v2\/posts\/1105\/revisions"}],"wp:featuredmedia":[{"embeddable":true,"href":"https:\/\/www.medinamediaevents.com\/es\/wp-json\/wp\/v2\/media\/1107"}],"wp:attachment":[{"href":"https:\/\/www.medinamediaevents.com\/es\/wp-json\/wp\/v2\/media?parent=1105"}],"wp:term":[{"taxonomy":"category","embeddable":true,"href":"https:\/\/www.medinamediaevents.com\/es\/wp-json\/wp\/v2\/categories?post=1105"},{"taxonomy":"post_tag","embeddable":true,"href":"https:\/\/www.medinamediaevents.com\/es\/wp-json\/wp\/v2\/tags?post=1105"}],"curies":[{"name":"wp","href":"https:\/\/api.w.org\/{rel}","templated":true}]}}