{"id":1074,"date":"2019-05-07T14:28:39","date_gmt":"2019-05-07T12:28:39","guid":{"rendered":"https:\/\/www.medinamediaevents.com\/?p=1074"},"modified":"2019-05-07T14:28:39","modified_gmt":"2019-05-07T12:28:39","slug":"5gforum-habra-tercera-edicion-en-mayo-2020-tras-el-exito-del-evento","status":"publish","type":"post","link":"https:\/\/www.medinamediaevents.com\/es\/5gforum-habra-tercera-edicion-en-mayo-2020-tras-el-exito-del-evento\/","title":{"rendered":"5GFORUM: HABR\u00c1 TERCERA EDICI\u00d3N EN MAYO 2020 TRAS EL \u00c9XITO DEL EVENTO"},"content":{"rendered":"<h4 class=\"null\">TRAS EL \u00c9XITO DE LA SEGUNDA EDICI\u00d3N DEL 5GFORUM DE M\u00c1LAGA, LA ORGANIZACI\u00d3N DEL PRINCIPAL EVENTO ESPECIALIZADO EN 5G DE ESPA\u00d1A, CELEBRAR\u00c1 SU TERCERA EDICI\u00d3N LOS D\u00cdAS 6 Y 7 DE MAYO DE 2020<\/h4>\n<p>La segunda edici\u00f3n del 5GForum culmin\u00f3 ayer en el Polo de Contenidos Digitales de M\u00e1laga tras dos intensas jornadas de debate donde expertos de m\u00e1s de 20 pa\u00edses han compartido sus experiencias en esta nueva tecnolog\u00eda y quedaron emplazados para la tercera edici\u00f3n anunciada para el 6 y 7 de mayo de 2020.<\/p>\n<p>Ricardo Medina, CEO de Medina Media Events, organizadora del evento, anunci\u00f3 en el cierre del 5GForum las fechas para la tercera edici\u00f3n del encuentro (6 y 7 de mayo de 2020), en el que expertos, empresas y multinacionales de todo el mundo del 5G se re\u00fanen \u201cen familia\u201d dos meses despu\u00e9s del MWC de Barcelona.<\/p>\n<p><img loading=\"lazy\" decoding=\"async\" class=\"aligncenter wp-image-1075 size-large\" src=\"https:\/\/www.medinamediaevents.com\/web\/wp-content\/uploads\/2019\/05\/WhatsApp-Image-2019-04-25-at-10.33.31-1024x682-1024x682.jpeg\" alt=\"\" width=\"1024\" height=\"682\" srcset=\"https:\/\/www.medinamediaevents.com\/web\/wp-content\/uploads\/2019\/05\/WhatsApp-Image-2019-04-25-at-10.33.31-1024x682.jpeg 1024w, https:\/\/www.medinamediaevents.com\/web\/wp-content\/uploads\/2019\/05\/WhatsApp-Image-2019-04-25-at-10.33.31-1024x682-300x200.jpeg 300w, https:\/\/www.medinamediaevents.com\/web\/wp-content\/uploads\/2019\/05\/WhatsApp-Image-2019-04-25-at-10.33.31-1024x682-768x512.jpeg 768w\" sizes=\"auto, (max-width: 1024px) 100vw, 1024px\" \/><\/p>\n<p>El momento m\u00e1s impactante de la segunda edici\u00f3n del 5GForum de M\u00e1laga fue la presentaci\u00f3n de Orange y Huawei del nuevo terminal Huawei Mate 20X, que empezar\u00e1 a comercializarse en unas semanas en China.<\/p>\n<p>En la ponencia inaugural de la segunda jornada, Tom\u00e1s Alonso, Head of Product Engineering de Orange, dio la gran sorpresa al presentar el dispositivo, que luego pudo ser probado por los 250 exclusivos asistentes al evento organizado por Medina Media Events.<\/p>\n<p><img loading=\"lazy\" decoding=\"async\" class=\"aligncenter wp-image-1077 size-full\" src=\"https:\/\/www.medinamediaevents.com\/web\/wp-content\/uploads\/2019\/05\/foto-1-1.png\" alt=\"\" width=\"563\" height=\"370\" srcset=\"https:\/\/www.medinamediaevents.com\/web\/wp-content\/uploads\/2019\/05\/foto-1-1.png 563w, https:\/\/www.medinamediaevents.com\/web\/wp-content\/uploads\/2019\/05\/foto-1-1-300x197.png 300w\" sizes=\"auto, (max-width: 563px) 100vw, 563px\" \/><\/p>\n<p>La ma\u00f1ana continu\u00f3 con las ponencias de David C\u00e1ceres, Weu Cloud Solutions Responsible de Huawei; Nacho R\u00edos, Director de Estrategia y Transformaci\u00f3n de lyntia; y Javier Fern\u00e1ndez-Amigo, Head of Admin. Projects de M\u00e1sM\u00f3vil, completando la presencia de las cuatro grandes operadoras espa\u00f1olas en el 5GForum.<\/p>\n<p>Otro de los momentos cumbre del encuentro fue cuando Javier Garc\u00eda, H.O. RAN Optimization de Vodafone, desvel\u00f3 los desarrollos m\u00e1s importantes del proyecto piloto que la multinacional brit\u00e1nica va a desarrollar en M\u00e1laga y Sevilla.<\/p>\n<p>Seg\u00fan el diario econ\u00f3mico Expansi\u00f3n, adem\u00e1s del piloto 5G de Vodafone en Andaluc\u00eda, Telef\u00f3nica desarrollar\u00e1 su gran apuesta piloto por el 5G en Galicia, aunque la confirmaci\u00f3n oficial por parte del Ministerio todav\u00eda no se ha producido.<\/p>\n<p>Javier Guti\u00e9rrez, Director de Estrategia y Desarrollo de Red de Telef\u00f3nica, ya avanz\u00f3 en la primera jornada algunos de los casos que la multinacional espa\u00f1ola va a experimentar con el 5G en Galicia.<\/p>\n<p><img loading=\"lazy\" decoding=\"async\" class=\"aligncenter wp-image-1079 size-large\" src=\"https:\/\/www.medinamediaevents.com\/web\/wp-content\/uploads\/2019\/05\/WhatsApp-Image-2019-04-25-at-13.59.45-1024x682-1024x682.jpeg\" alt=\"\" width=\"1024\" height=\"682\" srcset=\"https:\/\/www.medinamediaevents.com\/web\/wp-content\/uploads\/2019\/05\/WhatsApp-Image-2019-04-25-at-13.59.45-1024x682.jpeg 1024w, https:\/\/www.medinamediaevents.com\/web\/wp-content\/uploads\/2019\/05\/WhatsApp-Image-2019-04-25-at-13.59.45-1024x682-300x200.jpeg 300w, https:\/\/www.medinamediaevents.com\/web\/wp-content\/uploads\/2019\/05\/WhatsApp-Image-2019-04-25-at-13.59.45-1024x682-768x512.jpeg 768w\" sizes=\"auto, (max-width: 1024px) 100vw, 1024px\" \/><\/p>\n<p>La ponencia de Antonio Fern\u00e1ndez-Paniagua, Subdirector General de Planificaci\u00f3n y Gesti\u00f3n del Espectro Radioel\u00e9ctrico del Ministerio de Econom\u00eda y Empresa, fue una de las que mayor expectaci\u00f3n gener\u00f3, debido a la esperada resoluci\u00f3n de los proyectos pilotos del Plan Nacional del 5G.<\/p>\n<p>Fern\u00e1ndez-Paniagua destac\u00f3 que\u00a0<em>\u201cel plan nacional 5G tiene como objetivo situar a Espa\u00f1a entre los pa\u00edses m\u00e1s avanzados a nivel tecnol\u00f3gico\u201d\u00a0<\/em>y que\u00a0<em>\u201cestamos trabajando en estos momentos en la desfragmentaci\u00f3n de la banda, para que todos los operadores puedan aprovechar de forma \u00f3ptima las ventajas del 5G\u201d<\/em>.<\/p>\n<p>Pedro Merino, Director T\u00e9cnico del proyecto paneuropeo 5GENESIS, en el que est\u00e1n implicados 29 socios de 12 pa\u00edses, explic\u00f3 en qu\u00e9 consiste su proyecto, que desplegar\u00e1 5G en el centro y en la Universidad de M\u00e1laga.<\/p>\n<p><img loading=\"lazy\" decoding=\"async\" class=\"aligncenter wp-image-1081 size-full\" src=\"https:\/\/www.medinamediaevents.com\/web\/wp-content\/uploads\/2019\/05\/foto-2-1.png\" alt=\"\" width=\"561\" height=\"568\" srcset=\"https:\/\/www.medinamediaevents.com\/web\/wp-content\/uploads\/2019\/05\/foto-2-1.png 561w, https:\/\/www.medinamediaevents.com\/web\/wp-content\/uploads\/2019\/05\/foto-2-1-296x300.png 296w\" sizes=\"auto, (max-width: 561px) 100vw, 561px\" \/><\/p>\n<p>Tambi\u00e9n a lo largo de la ma\u00f1ana intervinieron Mohamed Aziz Taga, Product Manager for 5G Broadcast de Rohde &amp; Schwarz, Cristina Pe\u00f1as, Gerente de Desarrollo de Nuevos Negocios de Axi\u00f3n, e In\u00e9s Sanz, gerente de Ingenier\u00eda de Clientes de Hispasat.<\/p>\n<p>Taga explic\u00f3 los distintos casos de usos que Rohde &amp; Schwarz\u00a0est\u00e1 desarrollando, especialmente en Alemania, en distintos campos como los veh\u00edculos conectados, el broadcasting services, experiencias virtuales, etc.<\/p>\n<p>Por su parte, In\u00e9s Sanz explic\u00f3 la importancia del sat\u00e9lite para el 5G en aquellos lugares a los que la fibra terrestre no es capaz de llegar, y Cristina Pe\u00f1as comparti\u00f3 el esp\u00edritu de preparaci\u00f3n que todos los agentes involucrados en el 5G est\u00e1n desarrollando.<\/p>\n<p><img loading=\"lazy\" decoding=\"async\" class=\"aligncenter wp-image-1083 size-full\" src=\"https:\/\/www.medinamediaevents.com\/web\/wp-content\/uploads\/2019\/05\/foto-3-2.png\" alt=\"\" width=\"565\" height=\"569\" srcset=\"https:\/\/www.medinamediaevents.com\/web\/wp-content\/uploads\/2019\/05\/foto-3-2.png 565w, https:\/\/www.medinamediaevents.com\/web\/wp-content\/uploads\/2019\/05\/foto-3-2-150x150.png 150w, https:\/\/www.medinamediaevents.com\/web\/wp-content\/uploads\/2019\/05\/foto-3-2-298x300.png 298w\" sizes=\"auto, (max-width: 565px) 100vw, 565px\" \/><\/p>\n<p>La jornada vespertina del segundo d\u00eda del 5GForum comenz\u00f3 tras un \u201cNetworking Lunch\u201d ofrecido por Sabor a M\u00e1laga \u201cEl Sabor que nos une\u201d, con las ponencias de Narc\u00eds Cardona, director iTeam de la Universidad Polit\u00e9cnica de Valencia (UPV); Somaya El Marrakchi, Head of Networks in Iberia de Ericsson; y Esteban Mayoral, Jefe de Unidad de Gesti\u00f3n del Centro de Innovaci\u00f3n de Impulsa Visi\u00f3n de RTVE.<\/p>\n<p><img loading=\"lazy\" decoding=\"async\" class=\"aligncenter wp-image-1085 size-full\" src=\"https:\/\/www.medinamediaevents.com\/web\/wp-content\/uploads\/2019\/05\/foto-4-1.png\" alt=\"\" width=\"560\" height=\"575\" srcset=\"https:\/\/www.medinamediaevents.com\/web\/wp-content\/uploads\/2019\/05\/foto-4-1.png 560w, https:\/\/www.medinamediaevents.com\/web\/wp-content\/uploads\/2019\/05\/foto-4-1-292x300.png 292w\" sizes=\"auto, (max-width: 560px) 100vw, 560px\" \/><\/p>\n<p>El 5GForum de M\u00e1laga finaliz\u00f3 con un bloque de ponencias dedicados a presentar los proyectos vinculados a universidades espa\u00f1olas y europeas con las intervenciones de Raquel Barco, Vicerrectora Smart-Campus de la Universidad de M\u00e1laga (UMA) que habl\u00f3 sobre ONE5G; Jos\u00e9 Manuel Men\u00e9ndez, Catedr\u00e1tico de la Universidad Polit\u00e9cnica de Madrid (UPM), que present\u00f3 el 5GMEDIA; Shuaib Siddiqui, Deputy Project Coordinator de i2Cat, quien habl\u00f3 del proyecto 5GCity; y Almudena D\u00edaz, profesora de la Universidad de M\u00e1laga (UMA), que expuso el proyecto NRG5.<\/p>\n<p>Cerveza VICTORIA de M\u00e1laga fue la encargada de poner el broche final a la segunda edici\u00f3n del 5GForum, con una \u201cHappy Hours\u201d.<\/p>\n","protected":false},"excerpt":{"rendered":"<h4 class=\"null\">TRAS EL \u00c9XITO DE LA SEGUNDA EDICI\u00d3N DEL 5GFORUM DE M\u00c1LAGA, LA ORGANIZACI\u00d3N DEL PRINCIPAL EVENTO ESPECIALIZADO EN 5G DE ESPA\u00d1A, CELEBRAR\u00c1 SU TERCERA EDICI\u00d3N LOS D\u00cdAS 6 Y 7 DE MAYO DE 2020<\/h4>\n<p>La segunda edici\u00f3n del 5GForum culmin\u00f3 ayer en el Polo de Contenidos Digitales de M\u00e1laga tras dos intensas jornadas de debate donde expertos de m\u00e1s de 20 pa\u00edses han compartido sus experiencias en esta nueva tecnolog\u00eda y quedaron emplazados para la tercera edici\u00f3n anunciada para el 6 y 7 de mayo de 2020.<\/p>\n<p>Ricardo Medina, CEO de Medina Media Events, organizadora del evento, anunci\u00f3 en el cierre del 5GForum las fechas para la tercera edici\u00f3n del encuentro (6 y 7 de mayo de 2020), en el que expertos, empresas y multinacionales de todo el mundo del 5G se re\u00fanen \u201cen familia\u201d dos meses despu\u00e9s del MWC de Barcelona.<\/p>\n<p><img loading=\"lazy\" decoding=\"async\" class=\"aligncenter wp-image-1075 size-large\" src=\"https:\/\/www.medinamediaevents.com\/web\/wp-content\/uploads\/2019\/05\/WhatsApp-Image-2019-04-25-at-10.33.31-1024x682-1024x682.jpeg\" alt=\"\" width=\"1024\" height=\"682\" srcset=\"https:\/\/www.medinamediaevents.com\/web\/wp-content\/uploads\/2019\/05\/WhatsApp-Image-2019-04-25-at-10.33.31-1024x682.jpeg 1024w, https:\/\/www.medinamediaevents.com\/web\/wp-content\/uploads\/2019\/05\/WhatsApp-Image-2019-04-25-at-10.33.31-1024x682-300x200.jpeg 300w, https:\/\/www.medinamediaevents.com\/web\/wp-content\/uploads\/2019\/05\/WhatsApp-Image-2019-04-25-at-10.33.31-1024x682-768x512.jpeg 768w\" sizes=\"auto, (max-width: 1024px) 100vw, 1024px\" \/><\/p>\n<p>El momento m\u00e1s impactante de la segunda edici\u00f3n del 5GForum de M\u00e1laga fue la presentaci\u00f3n de Orange y Huawei del nuevo terminal Huawei Mate 20X, que empezar\u00e1 a comercializarse en unas semanas en China.<\/p>\n<p>En la ponencia inaugural de la segunda jornada, Tom\u00e1s Alonso, Head of Product Engineering de Orange, dio la gran sorpresa al presentar el dispositivo, que luego pudo ser probado por los 250 exclusivos asistentes al evento organizado por Medina Media Events.<\/p>\n<p><img loading=\"lazy\" decoding=\"async\" class=\"aligncenter wp-image-1077 size-full\" src=\"https:\/\/www.medinamediaevents.com\/web\/wp-content\/uploads\/2019\/05\/foto-1-1.png\" alt=\"\" width=\"563\" height=\"370\" srcset=\"https:\/\/www.medinamediaevents.com\/web\/wp-content\/uploads\/2019\/05\/foto-1-1.png 563w, https:\/\/www.medinamediaevents.com\/web\/wp-content\/uploads\/2019\/05\/foto-1-1-300x197.png 300w\" sizes=\"auto, (max-width: 563px) 100vw, 563px\" \/><\/p>\n<p>La ma\u00f1ana continu\u00f3 con las ponencias de David C\u00e1ceres, Weu Cloud Solutions Responsible de Huawei; Nacho R\u00edos, Director de Estrategia y Transformaci\u00f3n de lyntia; y Javier Fern\u00e1ndez-Amigo, Head of Admin. Projects de M\u00e1sM\u00f3vil, completando la presencia de las cuatro grandes operadoras espa\u00f1olas en el 5GForum.<\/p>\n<p>Otro de los momentos cumbre del encuentro fue cuando Javier Garc\u00eda, H.O. RAN Optimization de Vodafone, desvel\u00f3 los desarrollos m\u00e1s importantes del proyecto piloto que la multinacional brit\u00e1nica va a desarrollar en M\u00e1laga y Sevilla.<\/p>\n<p>Seg\u00fan el diario econ\u00f3mico Expansi\u00f3n, adem\u00e1s del piloto 5G de Vodafone en Andaluc\u00eda, Telef\u00f3nica desarrollar\u00e1 su gran apuesta piloto por el 5G en Galicia, aunque la confirmaci\u00f3n oficial por parte del Ministerio todav\u00eda no se ha producido.<\/p>\n<p>Javier Guti\u00e9rrez, Director de Estrategia y Desarrollo de Red de Telef\u00f3nica, ya avanz\u00f3 en la primera jornada algunos de los casos que la multinacional espa\u00f1ola va a experimentar con el 5G en Galicia.<\/p>\n<p><img loading=\"lazy\" decoding=\"async\" class=\"aligncenter wp-image-1079 size-large\" src=\"https:\/\/www.medinamediaevents.com\/web\/wp-content\/uploads\/2019\/05\/WhatsApp-Image-2019-04-25-at-13.59.45-1024x682-1024x682.jpeg\" alt=\"\" width=\"1024\" height=\"682\" srcset=\"https:\/\/www.medinamediaevents.com\/web\/wp-content\/uploads\/2019\/05\/WhatsApp-Image-2019-04-25-at-13.59.45-1024x682.jpeg 1024w, https:\/\/www.medinamediaevents.com\/web\/wp-content\/uploads\/2019\/05\/WhatsApp-Image-2019-04-25-at-13.59.45-1024x682-300x200.jpeg 300w, https:\/\/www.medinamediaevents.com\/web\/wp-content\/uploads\/2019\/05\/WhatsApp-Image-2019-04-25-at-13.59.45-1024x682-768x512.jpeg 768w\" sizes=\"auto, (max-width: 1024px) 100vw, 1024px\" \/><\/p>\n<p>La ponencia de Antonio Fern\u00e1ndez-Paniagua, Subdirector General de Planificaci\u00f3n y Gesti\u00f3n del Espectro Radioel\u00e9ctrico del Ministerio de Econom\u00eda y Empresa, fue una de las que mayor expectaci\u00f3n gener\u00f3, debido a la esperada resoluci\u00f3n de los proyectos pilotos del Plan Nacional del 5G.<\/p>\n<p>Fern\u00e1ndez-Paniagua destac\u00f3 que\u00a0<em>\u201cel plan nacional 5G tiene como objetivo situar a Espa\u00f1a entre los pa\u00edses m\u00e1s avanzados a nivel tecnol\u00f3gico\u201d\u00a0<\/em>y que\u00a0<em>\u201cestamos trabajando en estos momentos en la desfragmentaci\u00f3n de la banda, para que todos los operadores puedan aprovechar de forma \u00f3ptima las ventajas del 5G\u201d<\/em>.<\/p>\n<p>Pedro Merino, Director T\u00e9cnico del proyecto paneuropeo 5GENESIS, en el que est\u00e1n implicados 29 socios de 12 pa\u00edses, explic\u00f3 en qu\u00e9 consiste su proyecto, que desplegar\u00e1 5G en el centro y en la Universidad de M\u00e1laga.<\/p>\n<p><img loading=\"lazy\" decoding=\"async\" class=\"aligncenter wp-image-1081 size-full\" src=\"https:\/\/www.medinamediaevents.com\/web\/wp-content\/uploads\/2019\/05\/foto-2-1.png\" alt=\"\" width=\"561\" height=\"568\" srcset=\"https:\/\/www.medinamediaevents.com\/web\/wp-content\/uploads\/2019\/05\/foto-2-1.png 561w, https:\/\/www.medinamediaevents.com\/web\/wp-content\/uploads\/2019\/05\/foto-2-1-296x300.png 296w\" sizes=\"auto, (max-width: 561px) 100vw, 561px\" \/><\/p>\n<p>Tambi\u00e9n a lo largo de la ma\u00f1ana intervinieron Mohamed Aziz Taga, Product Manager for 5G Broadcast de Rohde &amp; Schwarz, Cristina Pe\u00f1as, Gerente de Desarrollo de Nuevos Negocios de Axi\u00f3n, e In\u00e9s Sanz, gerente de Ingenier\u00eda de Clientes de Hispasat.<\/p>\n<p>Taga explic\u00f3 los distintos casos de usos que Rohde &amp; Schwarz\u00a0est\u00e1 desarrollando, especialmente en Alemania, en distintos campos como los veh\u00edculos conectados, el broadcasting services, experiencias virtuales, etc.<\/p>\n<p>Por su parte, In\u00e9s Sanz explic\u00f3 la importancia del sat\u00e9lite para el 5G en aquellos lugares a los que la fibra terrestre no es capaz de llegar, y Cristina Pe\u00f1as comparti\u00f3 el esp\u00edritu de preparaci\u00f3n que todos los agentes involucrados en el 5G est\u00e1n desarrollando.<\/p>\n<p><img loading=\"lazy\" decoding=\"async\" class=\"aligncenter wp-image-1083 size-full\" src=\"https:\/\/www.medinamediaevents.com\/web\/wp-content\/uploads\/2019\/05\/foto-3-2.png\" alt=\"\" width=\"565\" height=\"569\" srcset=\"https:\/\/www.medinamediaevents.com\/web\/wp-content\/uploads\/2019\/05\/foto-3-2.png 565w, https:\/\/www.medinamediaevents.com\/web\/wp-content\/uploads\/2019\/05\/foto-3-2-150x150.png 150w, https:\/\/www.medinamediaevents.com\/web\/wp-content\/uploads\/2019\/05\/foto-3-2-298x300.png 298w\" sizes=\"auto, (max-width: 565px) 100vw, 565px\" \/><\/p>\n<p>La jornada vespertina del segundo d\u00eda del 5GForum comenz\u00f3 tras un \u201cNetworking Lunch\u201d ofrecido por Sabor a M\u00e1laga \u201cEl Sabor que nos une\u201d, con las ponencias de Narc\u00eds Cardona, director iTeam de la Universidad Polit\u00e9cnica de Valencia (UPV); Somaya El Marrakchi, Head of Networks in Iberia de Ericsson; y Esteban Mayoral, Jefe de Unidad de Gesti\u00f3n del Centro de Innovaci\u00f3n de Impulsa Visi\u00f3n de RTVE.<\/p>\n<p><img loading=\"lazy\" decoding=\"async\" class=\"aligncenter wp-image-1085 size-full\" src=\"https:\/\/www.medinamediaevents.com\/web\/wp-content\/uploads\/2019\/05\/foto-4-1.png\" alt=\"\" width=\"560\" height=\"575\" srcset=\"https:\/\/www.medinamediaevents.com\/web\/wp-content\/uploads\/2019\/05\/foto-4-1.png 560w, https:\/\/www.medinamediaevents.com\/web\/wp-content\/uploads\/2019\/05\/foto-4-1-292x300.png 292w\" sizes=\"auto, (max-width: 560px) 100vw, 560px\" \/><\/p>\n<p>El 5GForum de M\u00e1laga finaliz\u00f3 con un bloque de ponencias dedicados a presentar los proyectos vinculados a universidades espa\u00f1olas y europeas con las intervenciones de Raquel Barco, Vicerrectora Smart-Campus de la Universidad de M\u00e1laga (UMA) que habl\u00f3 sobre ONE5G; Jos\u00e9 Manuel Men\u00e9ndez, Catedr\u00e1tico de la Universidad Polit\u00e9cnica de Madrid (UPM), que present\u00f3 el 5GMEDIA; Shuaib Siddiqui, Deputy Project Coordinator de i2Cat, quien habl\u00f3 del proyecto 5GCity; y Almudena D\u00edaz, profesora de la Universidad de M\u00e1laga (UMA), que expuso el proyecto NRG5.<\/p>\n<p>Cerveza VICTORIA de M\u00e1laga fue la encargada de poner el broche final a la segunda edici\u00f3n del 5GForum, con una \u201cHappy Hours\u201d.<\/p>\n","protected":false},"author":2,"featured_media":1087,"comment_status":"open","ping_status":"closed","sticky":false,"template":"","format":"standard","meta":{"_acf_changed":false,"footnotes":""},"categories":[14],"tags":[],"class_list":["post-1074","post","type-post","status-publish","format-standard","has-post-thumbnail","hentry","category-noticias-5g-forum"],"acf":[],"yoast_head":"<!-- This site is optimized with the Yoast SEO plugin v27.5 - https:\/\/yoast.com\/product\/yoast-seo-wordpress\/ -->\n<title>5GFORUM: HABR\u00c1 TERCERA EDICI\u00d3N EN MAYO 2020 TRAS EL \u00c9XITO DEL EVENTO - Medina Media EVENTS<\/title>\n<meta name=\"robots\" content=\"index, follow, max-snippet:-1, max-image-preview:large, max-video-preview:-1\" \/>\n<link rel=\"canonical\" href=\"https:\/\/www.medinamediaevents.com\/es\/5gforum-habra-tercera-edicion-en-mayo-2020-tras-el-exito-del-evento\/\" \/>\n<meta property=\"og:locale\" content=\"es_ES\" \/>\n<meta property=\"og:type\" content=\"article\" \/>\n<meta property=\"og:title\" content=\"5GFORUM: HABR\u00c1 TERCERA EDICI\u00d3N EN MAYO 2020 TRAS EL \u00c9XITO DEL EVENTO - Medina Media EVENTS\" \/>\n<meta property=\"og:description\" content=\"TRAS EL \u00c9XITO DE LA SEGUNDA EDICI\u00d3N DEL 5GFORUM DE M\u00c1LAGA, LA ORGANIZACI\u00d3N DEL PRINCIPAL EVENTO ESPECIALIZADO EN 5G DE ESPA\u00d1A, CELEBRAR\u00c1 SU TERCERA EDICI\u00d3N LOS D\u00cdAS 6 Y 7 DE MAYO DE 2020 La segunda edici\u00f3n del 5GForum culmin\u00f3 ayer en el Polo de Contenidos Digitales de M\u00e1laga tras dos intensas jornadas de debate donde expertos de m\u00e1s de 20 pa\u00edses han compartido sus experiencias en esta nueva tecnolog\u00eda y quedaron emplazados para la tercera edici\u00f3n anunciada para el 6 y 7 de mayo de 2020.  Ricardo Medina, CEO de Medina Media Events, organizadora del evento, anunci\u00f3 en el cierre del 5GForum las fechas para la tercera edici\u00f3n del encuentro (6 y 7 de mayo de 2020), en el que expertos, empresas y multinacionales de todo el mundo del 5G se re\u00fanen \u201cen familia\u201d dos meses despu\u00e9s del MWC de Barcelona.    El momento m\u00e1s impactante de la segunda edici\u00f3n del 5GForum de M\u00e1laga fue la presentaci\u00f3n de Orange y Huawei del nuevo terminal Huawei Mate 20X, que empezar\u00e1 a comercializarse en unas semanas en China.  En la ponencia inaugural de la segunda jornada, Tom\u00e1s Alonso, Head of Product Engineering de Orange, dio la gran sorpresa al presentar el dispositivo, que luego pudo ser probado por los 250 exclusivos asistentes al evento organizado por Medina Media Events.    La ma\u00f1ana continu\u00f3 con las ponencias de David C\u00e1ceres, Weu Cloud Solutions Responsible de Huawei; Nacho R\u00edos, Director de Estrategia y Transformaci\u00f3n de lyntia; y Javier Fern\u00e1ndez-Amigo, Head of Admin. Projects de M\u00e1sM\u00f3vil, completando la presencia de las cuatro grandes operadoras espa\u00f1olas en el 5GForum.  Otro de los momentos cumbre del encuentro fue cuando Javier Garc\u00eda, H.O. RAN Optimization de Vodafone, desvel\u00f3 los desarrollos m\u00e1s importantes del proyecto piloto que la multinacional brit\u00e1nica va a desarrollar en M\u00e1laga y Sevilla.  Seg\u00fan el diario econ\u00f3mico Expansi\u00f3n, adem\u00e1s del piloto 5G de Vodafone en Andaluc\u00eda, Telef\u00f3nica desarrollar\u00e1 su gran apuesta piloto por el 5G en Galicia, aunque la confirmaci\u00f3n oficial por parte del Ministerio todav\u00eda no se ha producido.  Javier Guti\u00e9rrez, Director de Estrategia y Desarrollo de Red de Telef\u00f3nica, ya avanz\u00f3 en la primera jornada algunos de los casos que la multinacional espa\u00f1ola va a experimentar con el 5G en Galicia.    La ponencia de Antonio Fern\u00e1ndez-Paniagua, Subdirector General de Planificaci\u00f3n y Gesti\u00f3n del Espectro Radioel\u00e9ctrico del Ministerio de Econom\u00eda y Empresa, fue una de las que mayor expectaci\u00f3n gener\u00f3, debido a la esperada resoluci\u00f3n de los proyectos pilotos del Plan Nacional del 5G.  Fern\u00e1ndez-Paniagua destac\u00f3 que\u00a0\u201cel plan nacional 5G tiene como objetivo situar a Espa\u00f1a entre los pa\u00edses m\u00e1s avanzados a nivel tecnol\u00f3gico\u201d\u00a0y que\u00a0\u201cestamos trabajando en estos momentos en la desfragmentaci\u00f3n de la banda, para que todos los operadores puedan aprovechar de forma \u00f3ptima las ventajas del 5G\u201d.  Pedro Merino, Director T\u00e9cnico del proyecto paneuropeo 5GENESIS, en el que est\u00e1n implicados 29 socios de 12 pa\u00edses, explic\u00f3 en qu\u00e9 consiste su proyecto, que desplegar\u00e1 5G en el centro y en la Universidad de M\u00e1laga.    Tambi\u00e9n a lo largo de la ma\u00f1ana intervinieron Mohamed Aziz Taga, Product Manager for 5G Broadcast de Rohde &amp; Schwarz, Cristina Pe\u00f1as, Gerente de Desarrollo de Nuevos Negocios de Axi\u00f3n, e In\u00e9s Sanz, gerente de Ingenier\u00eda de Clientes de Hispasat.  Taga explic\u00f3 los distintos casos de usos que Rohde &amp; Schwarz\u00a0est\u00e1 desarrollando, especialmente en Alemania, en distintos campos como los veh\u00edculos conectados, el broadcasting services, experiencias virtuales, etc.  Por su parte, In\u00e9s Sanz explic\u00f3 la importancia del sat\u00e9lite para el 5G en aquellos lugares a los que la fibra terrestre no es capaz de llegar, y Cristina Pe\u00f1as comparti\u00f3 el esp\u00edritu de preparaci\u00f3n que todos los agentes involucrados en el 5G est\u00e1n desarrollando.    La jornada vespertina del segundo d\u00eda del 5GForum comenz\u00f3 tras un \u201cNetworking Lunch\u201d ofrecido por Sabor a M\u00e1laga \u201cEl Sabor que nos une\u201d, con las ponencias de Narc\u00eds Cardona, director iTeam de la Universidad Polit\u00e9cnica de Valencia (UPV); Somaya El Marrakchi, Head of Networks in Iberia de Ericsson; y Esteban Mayoral, Jefe de Unidad de Gesti\u00f3n del Centro de Innovaci\u00f3n de Impulsa Visi\u00f3n de RTVE.    El 5GForum de M\u00e1laga finaliz\u00f3 con un bloque de ponencias dedicados a presentar los proyectos vinculados a universidades espa\u00f1olas y europeas con las intervenciones de Raquel Barco, Vicerrectora Smart-Campus de la Universidad de M\u00e1laga (UMA) que habl\u00f3 sobre ONE5G; Jos\u00e9 Manuel Men\u00e9ndez, Catedr\u00e1tico de la Universidad Polit\u00e9cnica de Madrid (UPM), que present\u00f3 el 5GMEDIA; Shuaib Siddiqui, Deputy Project Coordinator de i2Cat, quien habl\u00f3 del proyecto 5GCity; y Almudena D\u00edaz, profesora de la Universidad de M\u00e1laga (UMA), que expuso el proyecto NRG5.  Cerveza VICTORIA de M\u00e1laga fue la encargada de poner el broche final a la segunda edici\u00f3n del 5GForum, con una \u201cHappy Hours\u201d.\" \/>\n<meta property=\"og:url\" content=\"https:\/\/www.medinamediaevents.com\/es\/5gforum-habra-tercera-edicion-en-mayo-2020-tras-el-exito-del-evento\/\" \/>\n<meta property=\"og:site_name\" content=\"Medina Media EVENTS\" \/>\n<meta property=\"article:published_time\" content=\"2019-05-07T12:28:39+00:00\" \/>\n<meta property=\"og:image\" content=\"https:\/\/www.medinamediaevents.com\/web\/wp-content\/uploads\/2019\/05\/WhatsApp-Image-2019-04-25-at-10.17.35-1.jpeg\" \/>\n\t<meta property=\"og:image:width\" content=\"1600\" \/>\n\t<meta property=\"og:image:height\" content=\"1066\" \/>\n\t<meta property=\"og:image:type\" content=\"image\/jpeg\" \/>\n<meta name=\"author\" content=\"MME\" \/>\n<meta name=\"twitter:card\" content=\"summary_large_image\" \/>\n<meta name=\"twitter:label1\" content=\"Escrito por\" \/>\n\t<meta name=\"twitter:data1\" content=\"MME\" \/>\n\t<meta name=\"twitter:label2\" content=\"Tiempo de lectura\" \/>\n\t<meta name=\"twitter:data2\" content=\"4 minutos\" \/>\n<script type=\"application\/ld+json\" class=\"yoast-schema-graph\">{\"@context\":\"https:\\\/\\\/schema.org\",\"@graph\":[{\"@type\":\"Article\",\"@id\":\"https:\\\/\\\/www.medinamediaevents.com\\\/es\\\/5gforum-habra-tercera-edicion-en-mayo-2020-tras-el-exito-del-evento\\\/#article\",\"isPartOf\":{\"@id\":\"https:\\\/\\\/www.medinamediaevents.com\\\/es\\\/5gforum-habra-tercera-edicion-en-mayo-2020-tras-el-exito-del-evento\\\/\"},\"author\":{\"name\":\"MME\",\"@id\":\"https:\\\/\\\/www.medinamediaevents.com\\\/es\\\/#\\\/schema\\\/person\\\/7d2bf7ca8ea9d145a6e6ec897c79311c\"},\"headline\":\"5GFORUM: HABR\u00c1 TERCERA EDICI\u00d3N EN MAYO 2020 TRAS EL \u00c9XITO DEL EVENTO\",\"datePublished\":\"2019-05-07T12:28:39+00:00\",\"mainEntityOfPage\":{\"@id\":\"https:\\\/\\\/www.medinamediaevents.com\\\/es\\\/5gforum-habra-tercera-edicion-en-mayo-2020-tras-el-exito-del-evento\\\/\"},\"wordCount\":867,\"commentCount\":0,\"publisher\":{\"@id\":\"https:\\\/\\\/www.medinamediaevents.com\\\/es\\\/#organization\"},\"image\":{\"@id\":\"https:\\\/\\\/www.medinamediaevents.com\\\/es\\\/5gforum-habra-tercera-edicion-en-mayo-2020-tras-el-exito-del-evento\\\/#primaryimage\"},\"thumbnailUrl\":\"https:\\\/\\\/www.medinamediaevents.com\\\/web\\\/wp-content\\\/uploads\\\/2019\\\/05\\\/WhatsApp-Image-2019-04-25-at-10.17.35-1.jpeg\",\"articleSection\":[\"5G FORUM\"],\"inLanguage\":\"es\"},{\"@type\":\"WebPage\",\"@id\":\"https:\\\/\\\/www.medinamediaevents.com\\\/es\\\/5gforum-habra-tercera-edicion-en-mayo-2020-tras-el-exito-del-evento\\\/\",\"url\":\"https:\\\/\\\/www.medinamediaevents.com\\\/es\\\/5gforum-habra-tercera-edicion-en-mayo-2020-tras-el-exito-del-evento\\\/\",\"name\":\"5GFORUM: HABR\u00c1 TERCERA EDICI\u00d3N EN MAYO 2020 TRAS EL \u00c9XITO DEL EVENTO - Medina Media EVENTS\",\"isPartOf\":{\"@id\":\"https:\\\/\\\/www.medinamediaevents.com\\\/es\\\/#website\"},\"primaryImageOfPage\":{\"@id\":\"https:\\\/\\\/www.medinamediaevents.com\\\/es\\\/5gforum-habra-tercera-edicion-en-mayo-2020-tras-el-exito-del-evento\\\/#primaryimage\"},\"image\":{\"@id\":\"https:\\\/\\\/www.medinamediaevents.com\\\/es\\\/5gforum-habra-tercera-edicion-en-mayo-2020-tras-el-exito-del-evento\\\/#primaryimage\"},\"thumbnailUrl\":\"https:\\\/\\\/www.medinamediaevents.com\\\/web\\\/wp-content\\\/uploads\\\/2019\\\/05\\\/WhatsApp-Image-2019-04-25-at-10.17.35-1.jpeg\",\"datePublished\":\"2019-05-07T12:28:39+00:00\",\"breadcrumb\":{\"@id\":\"https:\\\/\\\/www.medinamediaevents.com\\\/es\\\/5gforum-habra-tercera-edicion-en-mayo-2020-tras-el-exito-del-evento\\\/#breadcrumb\"},\"inLanguage\":\"es\",\"potentialAction\":[{\"@type\":\"ReadAction\",\"target\":[\"https:\\\/\\\/www.medinamediaevents.com\\\/es\\\/5gforum-habra-tercera-edicion-en-mayo-2020-tras-el-exito-del-evento\\\/\"]}]},{\"@type\":\"ImageObject\",\"inLanguage\":\"es\",\"@id\":\"https:\\\/\\\/www.medinamediaevents.com\\\/es\\\/5gforum-habra-tercera-edicion-en-mayo-2020-tras-el-exito-del-evento\\\/#primaryimage\",\"url\":\"https:\\\/\\\/www.medinamediaevents.com\\\/web\\\/wp-content\\\/uploads\\\/2019\\\/05\\\/WhatsApp-Image-2019-04-25-at-10.17.35-1.jpeg\",\"contentUrl\":\"https:\\\/\\\/www.medinamediaevents.com\\\/web\\\/wp-content\\\/uploads\\\/2019\\\/05\\\/WhatsApp-Image-2019-04-25-at-10.17.35-1.jpeg\",\"width\":1600,\"height\":1066},{\"@type\":\"BreadcrumbList\",\"@id\":\"https:\\\/\\\/www.medinamediaevents.com\\\/es\\\/5gforum-habra-tercera-edicion-en-mayo-2020-tras-el-exito-del-evento\\\/#breadcrumb\",\"itemListElement\":[{\"@type\":\"ListItem\",\"position\":1,\"name\":\"Home\",\"item\":\"https:\\\/\\\/www.medinamediaevents.com\\\/es\\\/\"},{\"@type\":\"ListItem\",\"position\":2,\"name\":\"5GFORUM: HABR\u00c1 TERCERA EDICI\u00d3N EN MAYO 2020 TRAS EL \u00c9XITO DEL EVENTO\"}]},{\"@type\":\"WebSite\",\"@id\":\"https:\\\/\\\/www.medinamediaevents.com\\\/es\\\/#website\",\"url\":\"https:\\\/\\\/www.medinamediaevents.com\\\/es\\\/\",\"name\":\"Medina Media EVENTS\",\"description\":\"\",\"publisher\":{\"@id\":\"https:\\\/\\\/www.medinamediaevents.com\\\/es\\\/#organization\"},\"potentialAction\":[{\"@type\":\"SearchAction\",\"target\":{\"@type\":\"EntryPoint\",\"urlTemplate\":\"https:\\\/\\\/www.medinamediaevents.com\\\/es\\\/?s={search_term_string}\"},\"query-input\":{\"@type\":\"PropertyValueSpecification\",\"valueRequired\":true,\"valueName\":\"search_term_string\"}}],\"inLanguage\":\"es\"},{\"@type\":\"Organization\",\"@id\":\"https:\\\/\\\/www.medinamediaevents.com\\\/es\\\/#organization\",\"name\":\"Medina Media Events\",\"url\":\"https:\\\/\\\/www.medinamediaevents.com\\\/es\\\/\",\"logo\":{\"@type\":\"ImageObject\",\"inLanguage\":\"es\",\"@id\":\"https:\\\/\\\/www.medinamediaevents.com\\\/es\\\/#\\\/schema\\\/logo\\\/image\\\/\",\"url\":\"https:\\\/\\\/www.medinamediaevents.com\\\/web\\\/wp-content\\\/uploads\\\/2018\\\/11\\\/mm_events_logo2018.png\",\"contentUrl\":\"https:\\\/\\\/www.medinamediaevents.com\\\/web\\\/wp-content\\\/uploads\\\/2018\\\/11\\\/mm_events_logo2018.png\",\"width\":1200,\"height\":750,\"caption\":\"Medina Media Events\"},\"image\":{\"@id\":\"https:\\\/\\\/www.medinamediaevents.com\\\/es\\\/#\\\/schema\\\/logo\\\/image\\\/\"}},{\"@type\":\"Person\",\"@id\":\"https:\\\/\\\/www.medinamediaevents.com\\\/es\\\/#\\\/schema\\\/person\\\/7d2bf7ca8ea9d145a6e6ec897c79311c\",\"name\":\"MME\"}]}<\/script>\n<!-- \/ Yoast SEO plugin. -->","yoast_head_json":{"title":"5GFORUM: HABR\u00c1 TERCERA EDICI\u00d3N EN MAYO 2020 TRAS EL \u00c9XITO DEL EVENTO - Medina Media EVENTS","robots":{"index":"index","follow":"follow","max-snippet":"max-snippet:-1","max-image-preview":"max-image-preview:large","max-video-preview":"max-video-preview:-1"},"canonical":"https:\/\/www.medinamediaevents.com\/es\/5gforum-habra-tercera-edicion-en-mayo-2020-tras-el-exito-del-evento\/","og_locale":"es_ES","og_type":"article","og_title":"5GFORUM: HABR\u00c1 TERCERA EDICI\u00d3N EN MAYO 2020 TRAS EL \u00c9XITO DEL EVENTO - Medina Media EVENTS","og_description":"TRAS EL \u00c9XITO DE LA SEGUNDA EDICI\u00d3N DEL 5GFORUM DE M\u00c1LAGA, LA ORGANIZACI\u00d3N DEL PRINCIPAL EVENTO ESPECIALIZADO EN 5G DE ESPA\u00d1A, CELEBRAR\u00c1 SU TERCERA EDICI\u00d3N LOS D\u00cdAS 6 Y 7 DE MAYO DE 2020 La segunda edici\u00f3n del 5GForum culmin\u00f3 ayer en el Polo de Contenidos Digitales de M\u00e1laga tras dos intensas jornadas de debate donde expertos de m\u00e1s de 20 pa\u00edses han compartido sus experiencias en esta nueva tecnolog\u00eda y quedaron emplazados para la tercera edici\u00f3n anunciada para el 6 y 7 de mayo de 2020.  Ricardo Medina, CEO de Medina Media Events, organizadora del evento, anunci\u00f3 en el cierre del 5GForum las fechas para la tercera edici\u00f3n del encuentro (6 y 7 de mayo de 2020), en el que expertos, empresas y multinacionales de todo el mundo del 5G se re\u00fanen \u201cen familia\u201d dos meses despu\u00e9s del MWC de Barcelona.    El momento m\u00e1s impactante de la segunda edici\u00f3n del 5GForum de M\u00e1laga fue la presentaci\u00f3n de Orange y Huawei del nuevo terminal Huawei Mate 20X, que empezar\u00e1 a comercializarse en unas semanas en China.  En la ponencia inaugural de la segunda jornada, Tom\u00e1s Alonso, Head of Product Engineering de Orange, dio la gran sorpresa al presentar el dispositivo, que luego pudo ser probado por los 250 exclusivos asistentes al evento organizado por Medina Media Events.    La ma\u00f1ana continu\u00f3 con las ponencias de David C\u00e1ceres, Weu Cloud Solutions Responsible de Huawei; Nacho R\u00edos, Director de Estrategia y Transformaci\u00f3n de lyntia; y Javier Fern\u00e1ndez-Amigo, Head of Admin. Projects de M\u00e1sM\u00f3vil, completando la presencia de las cuatro grandes operadoras espa\u00f1olas en el 5GForum.  Otro de los momentos cumbre del encuentro fue cuando Javier Garc\u00eda, H.O. RAN Optimization de Vodafone, desvel\u00f3 los desarrollos m\u00e1s importantes del proyecto piloto que la multinacional brit\u00e1nica va a desarrollar en M\u00e1laga y Sevilla.  Seg\u00fan el diario econ\u00f3mico Expansi\u00f3n, adem\u00e1s del piloto 5G de Vodafone en Andaluc\u00eda, Telef\u00f3nica desarrollar\u00e1 su gran apuesta piloto por el 5G en Galicia, aunque la confirmaci\u00f3n oficial por parte del Ministerio todav\u00eda no se ha producido.  Javier Guti\u00e9rrez, Director de Estrategia y Desarrollo de Red de Telef\u00f3nica, ya avanz\u00f3 en la primera jornada algunos de los casos que la multinacional espa\u00f1ola va a experimentar con el 5G en Galicia.    La ponencia de Antonio Fern\u00e1ndez-Paniagua, Subdirector General de Planificaci\u00f3n y Gesti\u00f3n del Espectro Radioel\u00e9ctrico del Ministerio de Econom\u00eda y Empresa, fue una de las que mayor expectaci\u00f3n gener\u00f3, debido a la esperada resoluci\u00f3n de los proyectos pilotos del Plan Nacional del 5G.  Fern\u00e1ndez-Paniagua destac\u00f3 que\u00a0\u201cel plan nacional 5G tiene como objetivo situar a Espa\u00f1a entre los pa\u00edses m\u00e1s avanzados a nivel tecnol\u00f3gico\u201d\u00a0y que\u00a0\u201cestamos trabajando en estos momentos en la desfragmentaci\u00f3n de la banda, para que todos los operadores puedan aprovechar de forma \u00f3ptima las ventajas del 5G\u201d.  Pedro Merino, Director T\u00e9cnico del proyecto paneuropeo 5GENESIS, en el que est\u00e1n implicados 29 socios de 12 pa\u00edses, explic\u00f3 en qu\u00e9 consiste su proyecto, que desplegar\u00e1 5G en el centro y en la Universidad de M\u00e1laga.    Tambi\u00e9n a lo largo de la ma\u00f1ana intervinieron Mohamed Aziz Taga, Product Manager for 5G Broadcast de Rohde &amp; Schwarz, Cristina Pe\u00f1as, Gerente de Desarrollo de Nuevos Negocios de Axi\u00f3n, e In\u00e9s Sanz, gerente de Ingenier\u00eda de Clientes de Hispasat.  Taga explic\u00f3 los distintos casos de usos que Rohde &amp; Schwarz\u00a0est\u00e1 desarrollando, especialmente en Alemania, en distintos campos como los veh\u00edculos conectados, el broadcasting services, experiencias virtuales, etc.  Por su parte, In\u00e9s Sanz explic\u00f3 la importancia del sat\u00e9lite para el 5G en aquellos lugares a los que la fibra terrestre no es capaz de llegar, y Cristina Pe\u00f1as comparti\u00f3 el esp\u00edritu de preparaci\u00f3n que todos los agentes involucrados en el 5G est\u00e1n desarrollando.    La jornada vespertina del segundo d\u00eda del 5GForum comenz\u00f3 tras un \u201cNetworking Lunch\u201d ofrecido por Sabor a M\u00e1laga \u201cEl Sabor que nos une\u201d, con las ponencias de Narc\u00eds Cardona, director iTeam de la Universidad Polit\u00e9cnica de Valencia (UPV); Somaya El Marrakchi, Head of Networks in Iberia de Ericsson; y Esteban Mayoral, Jefe de Unidad de Gesti\u00f3n del Centro de Innovaci\u00f3n de Impulsa Visi\u00f3n de RTVE.    El 5GForum de M\u00e1laga finaliz\u00f3 con un bloque de ponencias dedicados a presentar los proyectos vinculados a universidades espa\u00f1olas y europeas con las intervenciones de Raquel Barco, Vicerrectora Smart-Campus de la Universidad de M\u00e1laga (UMA) que habl\u00f3 sobre ONE5G; Jos\u00e9 Manuel Men\u00e9ndez, Catedr\u00e1tico de la Universidad Polit\u00e9cnica de Madrid (UPM), que present\u00f3 el 5GMEDIA; Shuaib Siddiqui, Deputy Project Coordinator de i2Cat, quien habl\u00f3 del proyecto 5GCity; y Almudena D\u00edaz, profesora de la Universidad de M\u00e1laga (UMA), que expuso el proyecto NRG5.  Cerveza VICTORIA de M\u00e1laga fue la encargada de poner el broche final a la segunda edici\u00f3n del 5GForum, con una \u201cHappy Hours\u201d.","og_url":"https:\/\/www.medinamediaevents.com\/es\/5gforum-habra-tercera-edicion-en-mayo-2020-tras-el-exito-del-evento\/","og_site_name":"Medina Media EVENTS","article_published_time":"2019-05-07T12:28:39+00:00","og_image":[{"width":1600,"height":1066,"url":"https:\/\/www.medinamediaevents.com\/web\/wp-content\/uploads\/2019\/05\/WhatsApp-Image-2019-04-25-at-10.17.35-1.jpeg","type":"image\/jpeg"}],"author":"MME","twitter_card":"summary_large_image","twitter_misc":{"Escrito por":"MME","Tiempo de lectura":"4 minutos"},"schema":{"@context":"https:\/\/schema.org","@graph":[{"@type":"Article","@id":"https:\/\/www.medinamediaevents.com\/es\/5gforum-habra-tercera-edicion-en-mayo-2020-tras-el-exito-del-evento\/#article","isPartOf":{"@id":"https:\/\/www.medinamediaevents.com\/es\/5gforum-habra-tercera-edicion-en-mayo-2020-tras-el-exito-del-evento\/"},"author":{"name":"MME","@id":"https:\/\/www.medinamediaevents.com\/es\/#\/schema\/person\/7d2bf7ca8ea9d145a6e6ec897c79311c"},"headline":"5GFORUM: HABR\u00c1 TERCERA EDICI\u00d3N EN MAYO 2020 TRAS EL \u00c9XITO DEL EVENTO","datePublished":"2019-05-07T12:28:39+00:00","mainEntityOfPage":{"@id":"https:\/\/www.medinamediaevents.com\/es\/5gforum-habra-tercera-edicion-en-mayo-2020-tras-el-exito-del-evento\/"},"wordCount":867,"commentCount":0,"publisher":{"@id":"https:\/\/www.medinamediaevents.com\/es\/#organization"},"image":{"@id":"https:\/\/www.medinamediaevents.com\/es\/5gforum-habra-tercera-edicion-en-mayo-2020-tras-el-exito-del-evento\/#primaryimage"},"thumbnailUrl":"https:\/\/www.medinamediaevents.com\/web\/wp-content\/uploads\/2019\/05\/WhatsApp-Image-2019-04-25-at-10.17.35-1.jpeg","articleSection":["5G FORUM"],"inLanguage":"es"},{"@type":"WebPage","@id":"https:\/\/www.medinamediaevents.com\/es\/5gforum-habra-tercera-edicion-en-mayo-2020-tras-el-exito-del-evento\/","url":"https:\/\/www.medinamediaevents.com\/es\/5gforum-habra-tercera-edicion-en-mayo-2020-tras-el-exito-del-evento\/","name":"5GFORUM: HABR\u00c1 TERCERA EDICI\u00d3N EN MAYO 2020 TRAS EL \u00c9XITO DEL EVENTO - Medina Media EVENTS","isPartOf":{"@id":"https:\/\/www.medinamediaevents.com\/es\/#website"},"primaryImageOfPage":{"@id":"https:\/\/www.medinamediaevents.com\/es\/5gforum-habra-tercera-edicion-en-mayo-2020-tras-el-exito-del-evento\/#primaryimage"},"image":{"@id":"https:\/\/www.medinamediaevents.com\/es\/5gforum-habra-tercera-edicion-en-mayo-2020-tras-el-exito-del-evento\/#primaryimage"},"thumbnailUrl":"https:\/\/www.medinamediaevents.com\/web\/wp-content\/uploads\/2019\/05\/WhatsApp-Image-2019-04-25-at-10.17.35-1.jpeg","datePublished":"2019-05-07T12:28:39+00:00","breadcrumb":{"@id":"https:\/\/www.medinamediaevents.com\/es\/5gforum-habra-tercera-edicion-en-mayo-2020-tras-el-exito-del-evento\/#breadcrumb"},"inLanguage":"es","potentialAction":[{"@type":"ReadAction","target":["https:\/\/www.medinamediaevents.com\/es\/5gforum-habra-tercera-edicion-en-mayo-2020-tras-el-exito-del-evento\/"]}]},{"@type":"ImageObject","inLanguage":"es","@id":"https:\/\/www.medinamediaevents.com\/es\/5gforum-habra-tercera-edicion-en-mayo-2020-tras-el-exito-del-evento\/#primaryimage","url":"https:\/\/www.medinamediaevents.com\/web\/wp-content\/uploads\/2019\/05\/WhatsApp-Image-2019-04-25-at-10.17.35-1.jpeg","contentUrl":"https:\/\/www.medinamediaevents.com\/web\/wp-content\/uploads\/2019\/05\/WhatsApp-Image-2019-04-25-at-10.17.35-1.jpeg","width":1600,"height":1066},{"@type":"BreadcrumbList","@id":"https:\/\/www.medinamediaevents.com\/es\/5gforum-habra-tercera-edicion-en-mayo-2020-tras-el-exito-del-evento\/#breadcrumb","itemListElement":[{"@type":"ListItem","position":1,"name":"Home","item":"https:\/\/www.medinamediaevents.com\/es\/"},{"@type":"ListItem","position":2,"name":"5GFORUM: HABR\u00c1 TERCERA EDICI\u00d3N EN MAYO 2020 TRAS EL \u00c9XITO DEL EVENTO"}]},{"@type":"WebSite","@id":"https:\/\/www.medinamediaevents.com\/es\/#website","url":"https:\/\/www.medinamediaevents.com\/es\/","name":"Medina Media EVENTS","description":"","publisher":{"@id":"https:\/\/www.medinamediaevents.com\/es\/#organization"},"potentialAction":[{"@type":"SearchAction","target":{"@type":"EntryPoint","urlTemplate":"https:\/\/www.medinamediaevents.com\/es\/?s={search_term_string}"},"query-input":{"@type":"PropertyValueSpecification","valueRequired":true,"valueName":"search_term_string"}}],"inLanguage":"es"},{"@type":"Organization","@id":"https:\/\/www.medinamediaevents.com\/es\/#organization","name":"Medina Media Events","url":"https:\/\/www.medinamediaevents.com\/es\/","logo":{"@type":"ImageObject","inLanguage":"es","@id":"https:\/\/www.medinamediaevents.com\/es\/#\/schema\/logo\/image\/","url":"https:\/\/www.medinamediaevents.com\/web\/wp-content\/uploads\/2018\/11\/mm_events_logo2018.png","contentUrl":"https:\/\/www.medinamediaevents.com\/web\/wp-content\/uploads\/2018\/11\/mm_events_logo2018.png","width":1200,"height":750,"caption":"Medina Media Events"},"image":{"@id":"https:\/\/www.medinamediaevents.com\/es\/#\/schema\/logo\/image\/"}},{"@type":"Person","@id":"https:\/\/www.medinamediaevents.com\/es\/#\/schema\/person\/7d2bf7ca8ea9d145a6e6ec897c79311c","name":"MME"}]}},"_links":{"self":[{"href":"https:\/\/www.medinamediaevents.com\/es\/wp-json\/wp\/v2\/posts\/1074","targetHints":{"allow":["GET"]}}],"collection":[{"href":"https:\/\/www.medinamediaevents.com\/es\/wp-json\/wp\/v2\/posts"}],"about":[{"href":"https:\/\/www.medinamediaevents.com\/es\/wp-json\/wp\/v2\/types\/post"}],"author":[{"embeddable":true,"href":"https:\/\/www.medinamediaevents.com\/es\/wp-json\/wp\/v2\/users\/2"}],"replies":[{"embeddable":true,"href":"https:\/\/www.medinamediaevents.com\/es\/wp-json\/wp\/v2\/comments?post=1074"}],"version-history":[{"count":0,"href":"https:\/\/www.medinamediaevents.com\/es\/wp-json\/wp\/v2\/posts\/1074\/revisions"}],"wp:featuredmedia":[{"embeddable":true,"href":"https:\/\/www.medinamediaevents.com\/es\/wp-json\/wp\/v2\/media\/1087"}],"wp:attachment":[{"href":"https:\/\/www.medinamediaevents.com\/es\/wp-json\/wp\/v2\/media?parent=1074"}],"wp:term":[{"taxonomy":"category","embeddable":true,"href":"https:\/\/www.medinamediaevents.com\/es\/wp-json\/wp\/v2\/categories?post=1074"},{"taxonomy":"post_tag","embeddable":true,"href":"https:\/\/www.medinamediaevents.com\/es\/wp-json\/wp\/v2\/tags?post=1074"}],"curies":[{"name":"wp","href":"https:\/\/api.w.org\/{rel}","templated":true}]}}